{"id":21275,"date":"2009-05-14T14:00:17","date_gmt":"2009-05-14T12:00:17","guid":{"rendered":"http:\/\/www.visit-ulcinj.com\/blog\/?p=21275"},"modified":"2009-05-14T10:57:55","modified_gmt":"2009-05-14T08:57:55","slug":"qetsori-bjordi-po-perkedhelet-shume","status":"publish","type":"post","link":"https:\/\/www.visit-ulcinj.com\/blog\/2009\/05\/14\/qetsori-bjordi-po-perkedhelet-shume\/","title":{"rendered":"Qetsori : Bjordi po p\u00ebrk\u00ebdhelet shum\u00eb"},"content":{"rendered":"<p><em><span class=\"newsdate\"><a href=\"http:\/\/www.visit-ulcinj.com\/blog\/wp-content\/uploads\/2009\/05\/per-bjordin-12maj.jpg\"><img loading=\"lazy\" class=\"alignleft size-full wp-image-21276\" title=\"per-bjordin-12maj-big-brother-albania-2\" src=\"http:\/\/www.visit-ulcinj.com\/blog\/wp-content\/uploads\/2009\/05\/per-bjordin-12maj.jpg\" alt=\"per-bjordin-12maj-big-brother-albania-2\" width=\"300\" height=\"205\" \/><\/a>12\/05\/09 03:20<\/span><\/em><\/p>\n<p>Biseda p\u00ebr mentalitetin dhe gjendjen shoq\u00ebrore dhe ekonomike t\u00eb Shqip\u00ebris\u00eb vazhdon gjat\u00eb. Bjordi, me aq sa di mundohet q\u00eb t\u00eb jap\u00eb argumentat e veta, por fakti q\u00eb nuk ka jetuar n\u00eb Shqip\u00ebri e b\u00ebn q\u00eb ai t\u00eb mos dij\u00eb t\u00eb p\u00ebrgjigjet mbi shum\u00eb pyetje dhe ngrihet e largohet. Sori kapet me k\u00ebt\u00eb xhest t\u00eb tij dhe i shpreh k\u00ebto mendime. Ai shton se kur nuk i di, b\u00ebn mir\u00eb q\u00eb t\u00eb rrij\u00eb e t\u00eb d\u00ebgjoj\u00eb e jo t\u00eb largohet sepse k\u00ebshtu e b\u00ebn t\u00eb kluptoj\u00eb se nuk ka m\u00eb argumenta p\u00ebr t\u00eb kund\u00ebrshtuar t\u00eb tjer\u00ebt. Sori mendon se nuk \u00ebsht\u00eb e drejt\u00eb q\u00eb ai t\u00eb largohet nga debati si gjithnj\u00eb dhe nd\u00ebrkoh\u00eb ai t\u00eb mund t\u00eb jet\u00eb fituesi i k\u00ebtij cmimi sepse sipas Sorit, ky lloj formati ka n\u00eb plan t\u00eb par\u00eb diskutimin dhe debatin. Adi mendon se Bjordi e ka t\u00eb v\u00ebshtir\u00eb t\u00eb p\u00ebrballet sespe nuk ka informacion mbi k\u00ebto gj\u00ebra. Edhe Ari mendon se Bjordi vepron gabim sepse kur dikush ia b\u00ebn atij, Bjordi zem\u00ebrohet, nd\u00ebrsa kur i b\u00ebn ai, nuk duhen marr\u00eb p\u00ebr keq. Sipas Arit, Bjordi po p\u00ebrk\u00ebdhelet shum\u00eb. Adi mendon se Bjordi \u00ebsht\u00eb nj\u00eb djal\u00eb me vlera, por Si Sori dhe Ari nuk e v\u00ebn\u00eb n\u00eb diskutim k\u00ebt\u00eb gj\u00eb, por thjesht u duket e pavend veprimi i tij. \u201cN\u00eb kushte t\u00eb tjera ndoshta nuk do kisha biseduar me nj\u00eb nj\u00ebzet vjecar, por k\u00ebtu po\u201d- thot\u00eb Sori.<\/p>\n","protected":false},"excerpt":{"rendered":"<p>12\/05\/09 03:20 Biseda p\u00ebr mentalitetin dhe gjendjen shoq\u00ebrore dhe ekonomike t\u00eb Shqip\u00ebris\u00eb vazhdon gjat\u00eb. Bjordi, me aq sa di mundohet q\u00eb t\u00eb jap\u00eb argumentat e veta, por fakti q\u00eb nuk ka jetuar n\u00eb Shqip\u00ebri e b\u00ebn q\u00eb ai t\u00eb mos dij\u00eb t\u00eb p\u00ebrgjigjet mbi shum\u00eb pyetje dhe ngrihet e largohet. Sori kapet me k\u00ebt\u00eb xhest [&hellip;]<\/p>\n","protected":false},"author":1,"featured_media":0,"comment_status":"open","ping_status":"closed","sticky":false,"template":"","format":"standard","meta":{"spay_email":"","jetpack_publicize_message":"","jetpack_is_tweetstorm":false,"jetpack_publicize_feature_enabled":true},"categories":[6502],"tags":[6529,9121,6522,10340,9751],"jetpack_publicize_connections":[],"yoast_head":"<!-- This site is optimized with the Yoast SEO plugin v19.1 - https:\/\/yoast.com\/wordpress\/plugins\/seo\/ -->\n<title>Qetsori : Bjordi po p\u00c3\u00abrk\u00c3\u00abdhelet shum\u00c3\u00ab | Big Brother Albania 2<\/title>\n<meta name=\"description\" content=\"Big Brother Albania 2 - Biseda p\u00c3\u00abr mentalitetin dhe gjendjen shoq\u00c3\u00abrore dhe ekonomike t\u00c3\u00ab Shqip\u00c3\u00abris\u00c3\u00ab vazhdon gjat\u00c3\u00ab. Bjordi, me aq sa di mundohet q\u00c3\u00ab t\u00c3\u00ab jap\u00c3\u00ab argumentat e veta, por fakti q\u00c3\u00ab nuk ka jetuar n\u00c3\u00ab Shqip\u00c3\u00abri e b\u00c3\u00abn q\u00c3\u00ab ai t\u00c3\u00ab mos dij\u00c3\u00ab t\u00c3\u00ab p\u00c3\u00abrgjigjet mbi shum\u00c3\u00ab pyetje dhe ngrihet e largohet.\" \/>\n<meta name=\"robots\" content=\"index, follow, max-snippet:-1, max-image-preview:large, max-video-preview:-1\" \/>\n<link rel=\"canonical\" href=\"https:\/\/www.visit-ulcinj.com\/blog\/2009\/05\/14\/qetsori-bjordi-po-perkedhelet-shume\/\" \/>\n<meta property=\"og:locale\" content=\"en_US\" \/>\n<meta property=\"og:type\" content=\"article\" \/>\n<meta property=\"og:title\" content=\"Qetsori : Bjordi po p\u00c3\u00abrk\u00c3\u00abdhelet shum\u00c3\u00ab | Big Brother Albania 2\" \/>\n<meta property=\"og:description\" content=\"Big Brother Albania 2 - Biseda p\u00c3\u00abr mentalitetin dhe gjendjen shoq\u00c3\u00abrore dhe ekonomike t\u00c3\u00ab Shqip\u00c3\u00abris\u00c3\u00ab vazhdon gjat\u00c3\u00ab. Bjordi, me aq sa di mundohet q\u00c3\u00ab t\u00c3\u00ab jap\u00c3\u00ab argumentat e veta, por fakti q\u00c3\u00ab nuk ka jetuar n\u00c3\u00ab Shqip\u00c3\u00abri e b\u00c3\u00abn q\u00c3\u00ab ai t\u00c3\u00ab mos dij\u00c3\u00ab t\u00c3\u00ab p\u00c3\u00abrgjigjet mbi shum\u00c3\u00ab pyetje dhe ngrihet e largohet.\" \/>\n<meta property=\"og:url\" content=\"https:\/\/www.visit-ulcinj.com\/blog\/2009\/05\/14\/qetsori-bjordi-po-perkedhelet-shume\/\" \/>\n<meta property=\"og:site_name\" content=\"Lajme nga Ulqini\" \/>\n<meta property=\"article:published_time\" content=\"2009-05-14T12:00:17+00:00\" \/>\n<meta property=\"article:modified_time\" content=\"2009-05-14T08:57:55+00:00\" \/>\n<meta property=\"og:image\" content=\"http:\/\/www.visit-ulcinj.com\/blog\/wp-content\/uploads\/2009\/05\/per-bjordin-12maj.jpg\" \/>\n<meta name=\"twitter:label1\" content=\"Written by\" \/>\n\t<meta name=\"twitter:data1\" content=\"ulqini\" \/>\n\t<meta name=\"twitter:label2\" content=\"Est. reading time\" \/>\n\t<meta name=\"twitter:data2\" content=\"1 minute\" \/>\n<script type=\"application\/ld+json\" class=\"yoast-schema-graph\">{\"@context\":\"https:\/\/schema.org\",\"@graph\":[{\"@type\":\"WebSite\",\"@id\":\"https:\/\/www.visit-ulcinj.com\/blog\/#website\",\"url\":\"https:\/\/www.visit-ulcinj.com\/blog\/\",\"name\":\"Lajme nga Ulqini\",\"description\":\"Lajme,Vijesti,Ulqini,Ulqin,Crna Gora,Mali i Zi\",\"potentialAction\":[{\"@type\":\"SearchAction\",\"target\":{\"@type\":\"EntryPoint\",\"urlTemplate\":\"https:\/\/www.visit-ulcinj.com\/blog\/?s={search_term_string}\"},\"query-input\":\"required name=search_term_string\"}],\"inLanguage\":\"en-US\"},{\"@type\":\"ImageObject\",\"inLanguage\":\"en-US\",\"@id\":\"https:\/\/www.visit-ulcinj.com\/blog\/2009\/05\/14\/qetsori-bjordi-po-perkedhelet-shume\/#primaryimage\",\"url\":\"http:\/\/www.visit-ulcinj.com\/blog\/wp-content\/uploads\/2009\/05\/per-bjordin-12maj.jpg\",\"contentUrl\":\"http:\/\/www.visit-ulcinj.com\/blog\/wp-content\/uploads\/2009\/05\/per-bjordin-12maj.jpg\"},{\"@type\":\"WebPage\",\"@id\":\"https:\/\/www.visit-ulcinj.com\/blog\/2009\/05\/14\/qetsori-bjordi-po-perkedhelet-shume\/#webpage\",\"url\":\"https:\/\/www.visit-ulcinj.com\/blog\/2009\/05\/14\/qetsori-bjordi-po-perkedhelet-shume\/\",\"name\":\"Qetsori : Bjordi po p\u00c3\u00abrk\u00c3\u00abdhelet shum\u00c3\u00ab | Big Brother Albania 2\",\"isPartOf\":{\"@id\":\"https:\/\/www.visit-ulcinj.com\/blog\/#website\"},\"primaryImageOfPage\":{\"@id\":\"https:\/\/www.visit-ulcinj.com\/blog\/2009\/05\/14\/qetsori-bjordi-po-perkedhelet-shume\/#primaryimage\"},\"datePublished\":\"2009-05-14T12:00:17+00:00\",\"dateModified\":\"2009-05-14T08:57:55+00:00\",\"author\":{\"@id\":\"https:\/\/www.visit-ulcinj.com\/blog\/#\/schema\/person\/dcab619c614d3038751c63bc2aadc06d\"},\"description\":\"Big Brother Albania 2 - Biseda p\u00c3\u00abr mentalitetin dhe gjendjen shoq\u00c3\u00abrore dhe ekonomike t\u00c3\u00ab Shqip\u00c3\u00abris\u00c3\u00ab vazhdon gjat\u00c3\u00ab. Bjordi, me aq sa di mundohet q\u00c3\u00ab t\u00c3\u00ab jap\u00c3\u00ab argumentat e veta, por fakti q\u00c3\u00ab nuk ka jetuar n\u00c3\u00ab Shqip\u00c3\u00abri e b\u00c3\u00abn q\u00c3\u00ab ai t\u00c3\u00ab mos dij\u00c3\u00ab t\u00c3\u00ab p\u00c3\u00abrgjigjet mbi shum\u00c3\u00ab pyetje dhe ngrihet e largohet.\",\"breadcrumb\":{\"@id\":\"https:\/\/www.visit-ulcinj.com\/blog\/2009\/05\/14\/qetsori-bjordi-po-perkedhelet-shume\/#breadcrumb\"},\"inLanguage\":\"en-US\",\"potentialAction\":[{\"@type\":\"ReadAction\",\"target\":[\"https:\/\/www.visit-ulcinj.com\/blog\/2009\/05\/14\/qetsori-bjordi-po-perkedhelet-shume\/\"]}]},{\"@type\":\"BreadcrumbList\",\"@id\":\"https:\/\/www.visit-ulcinj.com\/blog\/2009\/05\/14\/qetsori-bjordi-po-perkedhelet-shume\/#breadcrumb\",\"itemListElement\":[{\"@type\":\"ListItem\",\"position\":1,\"name\":\"Qetsori : Bjordi po p\u00ebrk\u00ebdhelet shum\u00eb\"}]},{\"@type\":\"Person\",\"@id\":\"https:\/\/www.visit-ulcinj.com\/blog\/#\/schema\/person\/dcab619c614d3038751c63bc2aadc06d\",\"name\":\"ulqini\",\"sameAs\":[\"http:\/\/www.visit-ulcinj.com\"],\"url\":\"https:\/\/www.visit-ulcinj.com\/blog\/author\/admin\/\"}]}<\/script>\n<!-- \/ Yoast SEO plugin. -->","yoast_head_json":{"title":"Qetsori : Bjordi po p\u00c3\u00abrk\u00c3\u00abdhelet shum\u00c3\u00ab | Big Brother Albania 2","description":"Big Brother Albania 2 - Biseda p\u00c3\u00abr mentalitetin dhe gjendjen shoq\u00c3\u00abrore dhe ekonomike t\u00c3\u00ab Shqip\u00c3\u00abris\u00c3\u00ab vazhdon gjat\u00c3\u00ab. Bjordi, me aq sa di mundohet q\u00c3\u00ab t\u00c3\u00ab jap\u00c3\u00ab argumentat e veta, por fakti q\u00c3\u00ab nuk ka jetuar n\u00c3\u00ab Shqip\u00c3\u00abri e b\u00c3\u00abn q\u00c3\u00ab ai t\u00c3\u00ab mos dij\u00c3\u00ab t\u00c3\u00ab p\u00c3\u00abrgjigjet mbi shum\u00c3\u00ab pyetje dhe ngrihet e largohet.","robots":{"index":"index","follow":"follow","max-snippet":"max-snippet:-1","max-image-preview":"max-image-preview:large","max-video-preview":"max-video-preview:-1"},"canonical":"https:\/\/www.visit-ulcinj.com\/blog\/2009\/05\/14\/qetsori-bjordi-po-perkedhelet-shume\/","og_locale":"en_US","og_type":"article","og_title":"Qetsori : Bjordi po p\u00c3\u00abrk\u00c3\u00abdhelet shum\u00c3\u00ab | Big Brother Albania 2","og_description":"Big Brother Albania 2 - Biseda p\u00c3\u00abr mentalitetin dhe gjendjen shoq\u00c3\u00abrore dhe ekonomike t\u00c3\u00ab Shqip\u00c3\u00abris\u00c3\u00ab vazhdon gjat\u00c3\u00ab. Bjordi, me aq sa di mundohet q\u00c3\u00ab t\u00c3\u00ab jap\u00c3\u00ab argumentat e veta, por fakti q\u00c3\u00ab nuk ka jetuar n\u00c3\u00ab Shqip\u00c3\u00abri e b\u00c3\u00abn q\u00c3\u00ab ai t\u00c3\u00ab mos dij\u00c3\u00ab t\u00c3\u00ab p\u00c3\u00abrgjigjet mbi shum\u00c3\u00ab pyetje dhe ngrihet e largohet.","og_url":"https:\/\/www.visit-ulcinj.com\/blog\/2009\/05\/14\/qetsori-bjordi-po-perkedhelet-shume\/","og_site_name":"Lajme nga Ulqini","article_published_time":"2009-05-14T12:00:17+00:00","article_modified_time":"2009-05-14T08:57:55+00:00","og_image":[{"url":"http:\/\/www.visit-ulcinj.com\/blog\/wp-content\/uploads\/2009\/05\/per-bjordin-12maj.jpg"}],"twitter_misc":{"Written by":"ulqini","Est. reading time":"1 minute"},"schema":{"@context":"https:\/\/schema.org","@graph":[{"@type":"WebSite","@id":"https:\/\/www.visit-ulcinj.com\/blog\/#website","url":"https:\/\/www.visit-ulcinj.com\/blog\/","name":"Lajme nga Ulqini","description":"Lajme,Vijesti,Ulqini,Ulqin,Crna Gora,Mali i Zi","potentialAction":[{"@type":"SearchAction","target":{"@type":"EntryPoint","urlTemplate":"https:\/\/www.visit-ulcinj.com\/blog\/?s={search_term_string}"},"query-input":"required name=search_term_string"}],"inLanguage":"en-US"},{"@type":"ImageObject","inLanguage":"en-US","@id":"https:\/\/www.visit-ulcinj.com\/blog\/2009\/05\/14\/qetsori-bjordi-po-perkedhelet-shume\/#primaryimage","url":"http:\/\/www.visit-ulcinj.com\/blog\/wp-content\/uploads\/2009\/05\/per-bjordin-12maj.jpg","contentUrl":"http:\/\/www.visit-ulcinj.com\/blog\/wp-content\/uploads\/2009\/05\/per-bjordin-12maj.jpg"},{"@type":"WebPage","@id":"https:\/\/www.visit-ulcinj.com\/blog\/2009\/05\/14\/qetsori-bjordi-po-perkedhelet-shume\/#webpage","url":"https:\/\/www.visit-ulcinj.com\/blog\/2009\/05\/14\/qetsori-bjordi-po-perkedhelet-shume\/","name":"Qetsori : Bjordi po p\u00c3\u00abrk\u00c3\u00abdhelet shum\u00c3\u00ab | Big Brother Albania 2","isPartOf":{"@id":"https:\/\/www.visit-ulcinj.com\/blog\/#website"},"primaryImageOfPage":{"@id":"https:\/\/www.visit-ulcinj.com\/blog\/2009\/05\/14\/qetsori-bjordi-po-perkedhelet-shume\/#primaryimage"},"datePublished":"2009-05-14T12:00:17+00:00","dateModified":"2009-05-14T08:57:55+00:00","author":{"@id":"https:\/\/www.visit-ulcinj.com\/blog\/#\/schema\/person\/dcab619c614d3038751c63bc2aadc06d"},"description":"Big Brother Albania 2 - Biseda p\u00c3\u00abr mentalitetin dhe gjendjen shoq\u00c3\u00abrore dhe ekonomike t\u00c3\u00ab Shqip\u00c3\u00abris\u00c3\u00ab vazhdon gjat\u00c3\u00ab. Bjordi, me aq sa di mundohet q\u00c3\u00ab t\u00c3\u00ab jap\u00c3\u00ab argumentat e veta, por fakti q\u00c3\u00ab nuk ka jetuar n\u00c3\u00ab Shqip\u00c3\u00abri e b\u00c3\u00abn q\u00c3\u00ab ai t\u00c3\u00ab mos dij\u00c3\u00ab t\u00c3\u00ab p\u00c3\u00abrgjigjet mbi shum\u00c3\u00ab pyetje dhe ngrihet e largohet.","breadcrumb":{"@id":"https:\/\/www.visit-ulcinj.com\/blog\/2009\/05\/14\/qetsori-bjordi-po-perkedhelet-shume\/#breadcrumb"},"inLanguage":"en-US","potentialAction":[{"@type":"ReadAction","target":["https:\/\/www.visit-ulcinj.com\/blog\/2009\/05\/14\/qetsori-bjordi-po-perkedhelet-shume\/"]}]},{"@type":"BreadcrumbList","@id":"https:\/\/www.visit-ulcinj.com\/blog\/2009\/05\/14\/qetsori-bjordi-po-perkedhelet-shume\/#breadcrumb","itemListElement":[{"@type":"ListItem","position":1,"name":"Qetsori : Bjordi po p\u00ebrk\u00ebdhelet shum\u00eb"}]},{"@type":"Person","@id":"https:\/\/www.visit-ulcinj.com\/blog\/#\/schema\/person\/dcab619c614d3038751c63bc2aadc06d","name":"ulqini","sameAs":["http:\/\/www.visit-ulcinj.com"],"url":"https:\/\/www.visit-ulcinj.com\/blog\/author\/admin\/"}]}},"jetpack_featured_media_url":"","jetpack_sharing_enabled":true,"jetpack_shortlink":"https:\/\/wp.me\/pe6lTn-5x9","_links":{"self":[{"href":"https:\/\/www.visit-ulcinj.com\/blog\/wp-json\/wp\/v2\/posts\/21275"}],"collection":[{"href":"https:\/\/www.visit-ulcinj.com\/blog\/wp-json\/wp\/v2\/posts"}],"about":[{"href":"https:\/\/www.visit-ulcinj.com\/blog\/wp-json\/wp\/v2\/types\/post"}],"author":[{"embeddable":true,"href":"https:\/\/www.visit-ulcinj.com\/blog\/wp-json\/wp\/v2\/users\/1"}],"replies":[{"embeddable":true,"href":"https:\/\/www.visit-ulcinj.com\/blog\/wp-json\/wp\/v2\/comments?post=21275"}],"version-history":[{"count":0,"href":"https:\/\/www.visit-ulcinj.com\/blog\/wp-json\/wp\/v2\/posts\/21275\/revisions"}],"wp:attachment":[{"href":"https:\/\/www.visit-ulcinj.com\/blog\/wp-json\/wp\/v2\/media?parent=21275"}],"wp:term":[{"taxonomy":"category","embeddable":true,"href":"https:\/\/www.visit-ulcinj.com\/blog\/wp-json\/wp\/v2\/categories?post=21275"},{"taxonomy":"post_tag","embeddable":true,"href":"https:\/\/www.visit-ulcinj.com\/blog\/wp-json\/wp\/v2\/tags?post=21275"}],"curies":[{"name":"wp","href":"https:\/\/api.w.org\/{rel}","templated":true}]}}