{"id":21278,"date":"2009-05-14T15:00:32","date_gmt":"2009-05-14T13:00:32","guid":{"rendered":"http:\/\/www.visit-ulcinj.com\/blog\/?p=21278"},"modified":"2009-05-14T10:57:27","modified_gmt":"2009-05-14T08:57:27","slug":"per-finalen","status":"publish","type":"post","link":"https:\/\/www.visit-ulcinj.com\/blog\/2009\/05\/14\/per-finalen\/","title":{"rendered":"P\u00ebr finalen"},"content":{"rendered":"<p><em><span class=\"newsdate\"><a href=\"http:\/\/www.visit-ulcinj.com\/blog\/wp-content\/uploads\/2009\/05\/adi-sori-per-finalen12.jpg\"><img loading=\"lazy\" class=\"alignleft size-full wp-image-21279\" title=\"adi-sori-per-finalen12-big-brother-albania-2\" src=\"http:\/\/www.visit-ulcinj.com\/blog\/wp-content\/uploads\/2009\/05\/adi-sori-per-finalen12.jpg\" alt=\"adi-sori-per-finalen12-big-brother-albania-2\" width=\"300\" height=\"205\" \/><\/a>12\/05\/09 16:27<\/span><\/em><\/p>\n<p>Adi dhe Qetsori marrin rreze dielli dhe diskutojn\u00eb se cfar\u00eb do b\u00ebjn\u00eb kur t\u00eb dalin jasht\u00eb. Adi e pyet:-\u201cKur do mbaroj ky pushimi?\u201d Sipas Qetsorit mbaron t\u00eb shtun\u00ebn me nat\u00ebn finale. Adi mendon q\u00eb pas spetaklit t\u00eb s\u00eb shtun\u00ebs t\u00eb organizohen me t\u00eb gjith\u00eb banor\u00ebt dhe t\u00eb shkojn\u00eb n\u00eb diskotek\u00eb. Ato b\u00ebjn\u00eb shaka duke th\u00ebn\u00eb q\u00eb spetakli final do zgjas\u00eb aq shum\u00eb sa q\u00eb atyre do u duhet t\u00eb vishen q\u00eb n\u00eb m\u00ebngjes, pasi mund t\u00eb filloj\u00eb m\u00eb her\u00ebt se zakonisht.<\/p>\n","protected":false},"excerpt":{"rendered":"<p>12\/05\/09 16:27 Adi dhe Qetsori marrin rreze dielli dhe diskutojn\u00eb se cfar\u00eb do b\u00ebjn\u00eb kur t\u00eb dalin jasht\u00eb. Adi e pyet:-\u201cKur do mbaroj ky pushimi?\u201d Sipas Qetsorit mbaron t\u00eb shtun\u00ebn me nat\u00ebn finale. Adi mendon q\u00eb pas spetaklit t\u00eb s\u00eb shtun\u00ebs t\u00eb organizohen me t\u00eb gjith\u00eb banor\u00ebt dhe t\u00eb shkojn\u00eb n\u00eb diskotek\u00eb. Ato b\u00ebjn\u00eb shaka [&hellip;]<\/p>\n","protected":false},"author":1,"featured_media":0,"comment_status":"open","ping_status":"closed","sticky":false,"template":"","format":"standard","meta":{"spay_email":"","jetpack_publicize_message":"","jetpack_is_tweetstorm":false,"jetpack_publicize_feature_enabled":true},"categories":[6502],"tags":[6520,9121,9790,8276],"jetpack_publicize_connections":[],"yoast_head":"<!-- This site is optimized with the Yoast SEO plugin v19.1 - https:\/\/yoast.com\/wordpress\/plugins\/seo\/ -->\n<title>P\u00c3\u00abr finalen | Big Brother Albania 2<\/title>\n<meta name=\"description\" content=\"Big Brother Albania 2 - Adi dhe Qetsori marrin rreze dielli dhe diskutojn\u00c3\u00ab se cfar\u00c3\u00ab do b\u00c3\u00abjn\u00c3\u00ab kur t\u00c3\u00ab dalin jasht\u00c3\u00ab. Adi e pyet:-\u00e2\u20ac\u0153Kur do mbaroj ky pushimi?\u00e2\u20ac\u009d\" \/>\n<meta name=\"robots\" content=\"index, follow, max-snippet:-1, max-image-preview:large, max-video-preview:-1\" \/>\n<link rel=\"canonical\" href=\"https:\/\/www.visit-ulcinj.com\/blog\/2009\/05\/14\/per-finalen\/\" \/>\n<meta property=\"og:locale\" content=\"en_US\" \/>\n<meta property=\"og:type\" content=\"article\" \/>\n<meta property=\"og:title\" content=\"P\u00c3\u00abr finalen | Big Brother Albania 2\" \/>\n<meta property=\"og:description\" content=\"Big Brother Albania 2 - Adi dhe Qetsori marrin rreze dielli dhe diskutojn\u00c3\u00ab se cfar\u00c3\u00ab do b\u00c3\u00abjn\u00c3\u00ab kur t\u00c3\u00ab dalin jasht\u00c3\u00ab. Adi e pyet:-\u00e2\u20ac\u0153Kur do mbaroj ky pushimi?\u00e2\u20ac\u009d\" \/>\n<meta property=\"og:url\" content=\"https:\/\/www.visit-ulcinj.com\/blog\/2009\/05\/14\/per-finalen\/\" \/>\n<meta property=\"og:site_name\" content=\"Lajme nga Ulqini\" \/>\n<meta property=\"article:published_time\" content=\"2009-05-14T13:00:32+00:00\" \/>\n<meta property=\"article:modified_time\" content=\"2009-05-14T08:57:27+00:00\" \/>\n<meta property=\"og:image\" content=\"http:\/\/www.visit-ulcinj.com\/blog\/wp-content\/uploads\/2009\/05\/adi-sori-per-finalen12.jpg\" \/>\n<meta name=\"twitter:label1\" content=\"Written by\" \/>\n\t<meta name=\"twitter:data1\" content=\"ulqini\" \/>\n<script type=\"application\/ld+json\" class=\"yoast-schema-graph\">{\"@context\":\"https:\/\/schema.org\",\"@graph\":[{\"@type\":\"WebSite\",\"@id\":\"https:\/\/www.visit-ulcinj.com\/blog\/#website\",\"url\":\"https:\/\/www.visit-ulcinj.com\/blog\/\",\"name\":\"Lajme nga Ulqini\",\"description\":\"Lajme,Vijesti,Ulqini,Ulqin,Crna Gora,Mali i Zi\",\"potentialAction\":[{\"@type\":\"SearchAction\",\"target\":{\"@type\":\"EntryPoint\",\"urlTemplate\":\"https:\/\/www.visit-ulcinj.com\/blog\/?s={search_term_string}\"},\"query-input\":\"required name=search_term_string\"}],\"inLanguage\":\"en-US\"},{\"@type\":\"ImageObject\",\"inLanguage\":\"en-US\",\"@id\":\"https:\/\/www.visit-ulcinj.com\/blog\/2009\/05\/14\/per-finalen\/#primaryimage\",\"url\":\"http:\/\/www.visit-ulcinj.com\/blog\/wp-content\/uploads\/2009\/05\/adi-sori-per-finalen12.jpg\",\"contentUrl\":\"http:\/\/www.visit-ulcinj.com\/blog\/wp-content\/uploads\/2009\/05\/adi-sori-per-finalen12.jpg\"},{\"@type\":\"WebPage\",\"@id\":\"https:\/\/www.visit-ulcinj.com\/blog\/2009\/05\/14\/per-finalen\/#webpage\",\"url\":\"https:\/\/www.visit-ulcinj.com\/blog\/2009\/05\/14\/per-finalen\/\",\"name\":\"P\u00c3\u00abr finalen | Big Brother Albania 2\",\"isPartOf\":{\"@id\":\"https:\/\/www.visit-ulcinj.com\/blog\/#website\"},\"primaryImageOfPage\":{\"@id\":\"https:\/\/www.visit-ulcinj.com\/blog\/2009\/05\/14\/per-finalen\/#primaryimage\"},\"datePublished\":\"2009-05-14T13:00:32+00:00\",\"dateModified\":\"2009-05-14T08:57:27+00:00\",\"author\":{\"@id\":\"https:\/\/www.visit-ulcinj.com\/blog\/#\/schema\/person\/dcab619c614d3038751c63bc2aadc06d\"},\"description\":\"Big Brother Albania 2 - Adi dhe Qetsori marrin rreze dielli dhe diskutojn\u00c3\u00ab se cfar\u00c3\u00ab do b\u00c3\u00abjn\u00c3\u00ab kur t\u00c3\u00ab dalin jasht\u00c3\u00ab. Adi e pyet:-\u00e2\u20ac\u0153Kur do mbaroj ky pushimi?\u00e2\u20ac\u009d\",\"breadcrumb\":{\"@id\":\"https:\/\/www.visit-ulcinj.com\/blog\/2009\/05\/14\/per-finalen\/#breadcrumb\"},\"inLanguage\":\"en-US\",\"potentialAction\":[{\"@type\":\"ReadAction\",\"target\":[\"https:\/\/www.visit-ulcinj.com\/blog\/2009\/05\/14\/per-finalen\/\"]}]},{\"@type\":\"BreadcrumbList\",\"@id\":\"https:\/\/www.visit-ulcinj.com\/blog\/2009\/05\/14\/per-finalen\/#breadcrumb\",\"itemListElement\":[{\"@type\":\"ListItem\",\"position\":1,\"name\":\"P\u00ebr finalen\"}]},{\"@type\":\"Person\",\"@id\":\"https:\/\/www.visit-ulcinj.com\/blog\/#\/schema\/person\/dcab619c614d3038751c63bc2aadc06d\",\"name\":\"ulqini\",\"sameAs\":[\"http:\/\/www.visit-ulcinj.com\"],\"url\":\"https:\/\/www.visit-ulcinj.com\/blog\/author\/admin\/\"}]}<\/script>\n<!-- \/ Yoast SEO plugin. -->","yoast_head_json":{"title":"P\u00c3\u00abr finalen | Big Brother Albania 2","description":"Big Brother Albania 2 - Adi dhe Qetsori marrin rreze dielli dhe diskutojn\u00c3\u00ab se cfar\u00c3\u00ab do b\u00c3\u00abjn\u00c3\u00ab kur t\u00c3\u00ab dalin jasht\u00c3\u00ab. Adi e pyet:-\u00e2\u20ac\u0153Kur do mbaroj ky pushimi?\u00e2\u20ac\u009d","robots":{"index":"index","follow":"follow","max-snippet":"max-snippet:-1","max-image-preview":"max-image-preview:large","max-video-preview":"max-video-preview:-1"},"canonical":"https:\/\/www.visit-ulcinj.com\/blog\/2009\/05\/14\/per-finalen\/","og_locale":"en_US","og_type":"article","og_title":"P\u00c3\u00abr finalen | Big Brother Albania 2","og_description":"Big Brother Albania 2 - Adi dhe Qetsori marrin rreze dielli dhe diskutojn\u00c3\u00ab se cfar\u00c3\u00ab do b\u00c3\u00abjn\u00c3\u00ab kur t\u00c3\u00ab dalin jasht\u00c3\u00ab. Adi e pyet:-\u00e2\u20ac\u0153Kur do mbaroj ky pushimi?\u00e2\u20ac\u009d","og_url":"https:\/\/www.visit-ulcinj.com\/blog\/2009\/05\/14\/per-finalen\/","og_site_name":"Lajme nga Ulqini","article_published_time":"2009-05-14T13:00:32+00:00","article_modified_time":"2009-05-14T08:57:27+00:00","og_image":[{"url":"http:\/\/www.visit-ulcinj.com\/blog\/wp-content\/uploads\/2009\/05\/adi-sori-per-finalen12.jpg"}],"twitter_misc":{"Written by":"ulqini"},"schema":{"@context":"https:\/\/schema.org","@graph":[{"@type":"WebSite","@id":"https:\/\/www.visit-ulcinj.com\/blog\/#website","url":"https:\/\/www.visit-ulcinj.com\/blog\/","name":"Lajme nga Ulqini","description":"Lajme,Vijesti,Ulqini,Ulqin,Crna Gora,Mali i Zi","potentialAction":[{"@type":"SearchAction","target":{"@type":"EntryPoint","urlTemplate":"https:\/\/www.visit-ulcinj.com\/blog\/?s={search_term_string}"},"query-input":"required name=search_term_string"}],"inLanguage":"en-US"},{"@type":"ImageObject","inLanguage":"en-US","@id":"https:\/\/www.visit-ulcinj.com\/blog\/2009\/05\/14\/per-finalen\/#primaryimage","url":"http:\/\/www.visit-ulcinj.com\/blog\/wp-content\/uploads\/2009\/05\/adi-sori-per-finalen12.jpg","contentUrl":"http:\/\/www.visit-ulcinj.com\/blog\/wp-content\/uploads\/2009\/05\/adi-sori-per-finalen12.jpg"},{"@type":"WebPage","@id":"https:\/\/www.visit-ulcinj.com\/blog\/2009\/05\/14\/per-finalen\/#webpage","url":"https:\/\/www.visit-ulcinj.com\/blog\/2009\/05\/14\/per-finalen\/","name":"P\u00c3\u00abr finalen | Big Brother Albania 2","isPartOf":{"@id":"https:\/\/www.visit-ulcinj.com\/blog\/#website"},"primaryImageOfPage":{"@id":"https:\/\/www.visit-ulcinj.com\/blog\/2009\/05\/14\/per-finalen\/#primaryimage"},"datePublished":"2009-05-14T13:00:32+00:00","dateModified":"2009-05-14T08:57:27+00:00","author":{"@id":"https:\/\/www.visit-ulcinj.com\/blog\/#\/schema\/person\/dcab619c614d3038751c63bc2aadc06d"},"description":"Big Brother Albania 2 - Adi dhe Qetsori marrin rreze dielli dhe diskutojn\u00c3\u00ab se cfar\u00c3\u00ab do b\u00c3\u00abjn\u00c3\u00ab kur t\u00c3\u00ab dalin jasht\u00c3\u00ab. Adi e pyet:-\u00e2\u20ac\u0153Kur do mbaroj ky pushimi?\u00e2\u20ac\u009d","breadcrumb":{"@id":"https:\/\/www.visit-ulcinj.com\/blog\/2009\/05\/14\/per-finalen\/#breadcrumb"},"inLanguage":"en-US","potentialAction":[{"@type":"ReadAction","target":["https:\/\/www.visit-ulcinj.com\/blog\/2009\/05\/14\/per-finalen\/"]}]},{"@type":"BreadcrumbList","@id":"https:\/\/www.visit-ulcinj.com\/blog\/2009\/05\/14\/per-finalen\/#breadcrumb","itemListElement":[{"@type":"ListItem","position":1,"name":"P\u00ebr finalen"}]},{"@type":"Person","@id":"https:\/\/www.visit-ulcinj.com\/blog\/#\/schema\/person\/dcab619c614d3038751c63bc2aadc06d","name":"ulqini","sameAs":["http:\/\/www.visit-ulcinj.com"],"url":"https:\/\/www.visit-ulcinj.com\/blog\/author\/admin\/"}]}},"jetpack_featured_media_url":"","jetpack_sharing_enabled":true,"jetpack_shortlink":"https:\/\/wp.me\/pe6lTn-5xc","_links":{"self":[{"href":"https:\/\/www.visit-ulcinj.com\/blog\/wp-json\/wp\/v2\/posts\/21278"}],"collection":[{"href":"https:\/\/www.visit-ulcinj.com\/blog\/wp-json\/wp\/v2\/posts"}],"about":[{"href":"https:\/\/www.visit-ulcinj.com\/blog\/wp-json\/wp\/v2\/types\/post"}],"author":[{"embeddable":true,"href":"https:\/\/www.visit-ulcinj.com\/blog\/wp-json\/wp\/v2\/users\/1"}],"replies":[{"embeddable":true,"href":"https:\/\/www.visit-ulcinj.com\/blog\/wp-json\/wp\/v2\/comments?post=21278"}],"version-history":[{"count":0,"href":"https:\/\/www.visit-ulcinj.com\/blog\/wp-json\/wp\/v2\/posts\/21278\/revisions"}],"wp:attachment":[{"href":"https:\/\/www.visit-ulcinj.com\/blog\/wp-json\/wp\/v2\/media?parent=21278"}],"wp:term":[{"taxonomy":"category","embeddable":true,"href":"https:\/\/www.visit-ulcinj.com\/blog\/wp-json\/wp\/v2\/categories?post=21278"},{"taxonomy":"post_tag","embeddable":true,"href":"https:\/\/www.visit-ulcinj.com\/blog\/wp-json\/wp\/v2\/tags?post=21278"}],"curies":[{"name":"wp","href":"https:\/\/api.w.org\/{rel}","templated":true}]}}