{"id":21281,"date":"2009-05-14T15:00:36","date_gmt":"2009-05-14T13:00:36","guid":{"rendered":"http:\/\/www.visit-ulcinj.com\/blog\/?p=21281"},"modified":"2009-05-14T10:57:12","modified_gmt":"2009-05-14T08:57:12","slug":"keshillat-e-antonetes","status":"publish","type":"post","link":"https:\/\/www.visit-ulcinj.com\/blog\/2009\/05\/14\/keshillat-e-antonetes\/","title":{"rendered":"K\u00ebshillat e Antonet\u00ebs"},"content":{"rendered":"<p><em><span class=\"newsdate\"><a href=\"http:\/\/www.visit-ulcinj.com\/blog\/wp-content\/uploads\/2009\/05\/kritika-adeles12.jpg\"><img loading=\"lazy\" class=\"alignleft size-full wp-image-21282\" title=\"kritika-adeles12-big-brother-albania-2\" src=\"http:\/\/www.visit-ulcinj.com\/blog\/wp-content\/uploads\/2009\/05\/kritika-adeles12.jpg\" alt=\"kritika-adeles12-big-brother-albania-2\" width=\"300\" height=\"205\" \/><\/a>12\/05\/09 17:06<\/span><\/em><\/p>\n<p>Antoneta p\u00ebrfiton nga rasti q\u00eb \u00ebsht\u00eb vet\u00ebm me Bjordin p\u00ebr t\u00eb diskutuar p\u00ebr Adelajd\u00ebn. Ajo i thot\u00eb q\u00eb e ka mb\u00ebshtetur Adelajd\u00ebn dhe i ka dh\u00ebn\u00eb nj\u00eb shans p\u00ebr ta njohur m\u00eb mir\u00eb. Sipas saj fakti q\u00eb tregohet pak \u201ce fort\u00eb\u201d me t\u00eb \u00ebsht\u00eb se do q\u00eb ta njoh\u00eb m\u00eb mir\u00eb Adelajd\u00ebn dhe q\u00ebllimet e saj. Ajo i thot\u00eb q\u00eb nuk do nd\u00ebrhyj\u00eb asnj\u00ebher\u00eb n\u00eb lidhjen e tyre dhe shton q\u00eb ka d\u00ebshir\u00eb q\u00eb fjala e saj t\u00eb d\u00ebgjohet. Me to bashkohet dhe Adelajda dhe diskutojn\u00eb p\u00ebr spetaklin e nj\u00eb nate m\u00eb par\u00eb. Bjordi i thot\u00eb Adelajd\u00ebs q\u00eb ajo ka aft\u00ebsi shum\u00eb t\u00eb mira p\u00ebr t\u00eb prezantuar. Antoneta e k\u00ebshillon p\u00ebr tonalitetin e z\u00ebrit t\u00eb saj. Ajo i thot\u00eb q\u00eb duhet t\u00eb p\u00ebrjashtoj\u00eb disa fjal\u00eb nga fjalori i saj dhe ta \u00ebmb\u00eblsoj\u00eb m\u00eb shum\u00eb z\u00ebrin e saj n\u00eb biseda . Adelajda i thot\u00eb q\u00eb gjithmon\u00eb nuk ka dashur t\u00eb ofendoj\u00eb asnj\u00eb , por gjithmon\u00eb ka b\u00ebr\u00eb shaka. Ajo e falenderon p\u00ebr k\u00ebshillat e saj .<\/p>\n","protected":false},"excerpt":{"rendered":"<p>12\/05\/09 17:06 Antoneta p\u00ebrfiton nga rasti q\u00eb \u00ebsht\u00eb vet\u00ebm me Bjordin p\u00ebr t\u00eb diskutuar p\u00ebr Adelajd\u00ebn. Ajo i thot\u00eb q\u00eb e ka mb\u00ebshtetur Adelajd\u00ebn dhe i ka dh\u00ebn\u00eb nj\u00eb shans p\u00ebr ta njohur m\u00eb mir\u00eb. Sipas saj fakti q\u00eb tregohet pak \u201ce fort\u00eb\u201d me t\u00eb \u00ebsht\u00eb se do q\u00eb ta njoh\u00eb m\u00eb mir\u00eb Adelajd\u00ebn dhe [&hellip;]<\/p>\n","protected":false},"author":1,"featured_media":0,"comment_status":"open","ping_status":"closed","sticky":false,"template":"","format":"standard","meta":{"spay_email":"","jetpack_publicize_message":"","jetpack_is_tweetstorm":false,"jetpack_publicize_feature_enabled":true},"categories":[6502],"tags":[6529,9463,9121,6522,9751],"jetpack_publicize_connections":[],"yoast_head":"<!-- This site is optimized with the Yoast SEO plugin v19.1 - https:\/\/yoast.com\/wordpress\/plugins\/seo\/ -->\n<title>K\u00c3\u00abshillat e Antonet\u00c3\u00abs | Big Brother Albania 2<\/title>\n<meta name=\"description\" content=\"Big Brother Albania 2 - Antoneta p\u00c3\u00abrfiton nga rasti q\u00c3\u00ab \u00c3\u00absht\u00c3\u00ab vet\u00c3\u00abm me Bjordin p\u00c3\u00abr t\u00c3\u00ab diskutuar p\u00c3\u00abr Adelajd\u00c3\u00abn. Ajo i thot\u00c3\u00ab q\u00c3\u00ab e ka mb\u00c3\u00abshtetur Adelajd\u00c3\u00abn dhe i ka dh\u00c3\u00abn\u00c3\u00ab nj\u00c3\u00ab shans p\u00c3\u00abr ta njohur m\u00c3\u00ab mir\u00c3\u00ab.\" \/>\n<meta name=\"robots\" content=\"index, follow, max-snippet:-1, max-image-preview:large, max-video-preview:-1\" \/>\n<link rel=\"canonical\" href=\"https:\/\/www.visit-ulcinj.com\/blog\/2009\/05\/14\/keshillat-e-antonetes\/\" \/>\n<meta property=\"og:locale\" content=\"en_US\" \/>\n<meta property=\"og:type\" content=\"article\" \/>\n<meta property=\"og:title\" content=\"K\u00c3\u00abshillat e Antonet\u00c3\u00abs | Big Brother Albania 2\" \/>\n<meta property=\"og:description\" content=\"Big Brother Albania 2 - Antoneta p\u00c3\u00abrfiton nga rasti q\u00c3\u00ab \u00c3\u00absht\u00c3\u00ab vet\u00c3\u00abm me Bjordin p\u00c3\u00abr t\u00c3\u00ab diskutuar p\u00c3\u00abr Adelajd\u00c3\u00abn. Ajo i thot\u00c3\u00ab q\u00c3\u00ab e ka mb\u00c3\u00abshtetur Adelajd\u00c3\u00abn dhe i ka dh\u00c3\u00abn\u00c3\u00ab nj\u00c3\u00ab shans p\u00c3\u00abr ta njohur m\u00c3\u00ab mir\u00c3\u00ab.\" \/>\n<meta property=\"og:url\" content=\"https:\/\/www.visit-ulcinj.com\/blog\/2009\/05\/14\/keshillat-e-antonetes\/\" \/>\n<meta property=\"og:site_name\" content=\"Lajme nga Ulqini\" \/>\n<meta property=\"article:published_time\" content=\"2009-05-14T13:00:36+00:00\" \/>\n<meta property=\"article:modified_time\" content=\"2009-05-14T08:57:12+00:00\" \/>\n<meta property=\"og:image\" content=\"http:\/\/www.visit-ulcinj.com\/blog\/wp-content\/uploads\/2009\/05\/kritika-adeles12.jpg\" \/>\n<meta name=\"twitter:label1\" content=\"Written by\" \/>\n\t<meta name=\"twitter:data1\" content=\"ulqini\" \/>\n\t<meta name=\"twitter:label2\" content=\"Est. reading time\" \/>\n\t<meta name=\"twitter:data2\" content=\"1 minute\" \/>\n<script type=\"application\/ld+json\" class=\"yoast-schema-graph\">{\"@context\":\"https:\/\/schema.org\",\"@graph\":[{\"@type\":\"WebSite\",\"@id\":\"https:\/\/www.visit-ulcinj.com\/blog\/#website\",\"url\":\"https:\/\/www.visit-ulcinj.com\/blog\/\",\"name\":\"Lajme nga Ulqini\",\"description\":\"Lajme,Vijesti,Ulqini,Ulqin,Crna Gora,Mali i Zi\",\"potentialAction\":[{\"@type\":\"SearchAction\",\"target\":{\"@type\":\"EntryPoint\",\"urlTemplate\":\"https:\/\/www.visit-ulcinj.com\/blog\/?s={search_term_string}\"},\"query-input\":\"required name=search_term_string\"}],\"inLanguage\":\"en-US\"},{\"@type\":\"ImageObject\",\"inLanguage\":\"en-US\",\"@id\":\"https:\/\/www.visit-ulcinj.com\/blog\/2009\/05\/14\/keshillat-e-antonetes\/#primaryimage\",\"url\":\"http:\/\/www.visit-ulcinj.com\/blog\/wp-content\/uploads\/2009\/05\/kritika-adeles12.jpg\",\"contentUrl\":\"http:\/\/www.visit-ulcinj.com\/blog\/wp-content\/uploads\/2009\/05\/kritika-adeles12.jpg\"},{\"@type\":\"WebPage\",\"@id\":\"https:\/\/www.visit-ulcinj.com\/blog\/2009\/05\/14\/keshillat-e-antonetes\/#webpage\",\"url\":\"https:\/\/www.visit-ulcinj.com\/blog\/2009\/05\/14\/keshillat-e-antonetes\/\",\"name\":\"K\u00c3\u00abshillat e Antonet\u00c3\u00abs | Big Brother Albania 2\",\"isPartOf\":{\"@id\":\"https:\/\/www.visit-ulcinj.com\/blog\/#website\"},\"primaryImageOfPage\":{\"@id\":\"https:\/\/www.visit-ulcinj.com\/blog\/2009\/05\/14\/keshillat-e-antonetes\/#primaryimage\"},\"datePublished\":\"2009-05-14T13:00:36+00:00\",\"dateModified\":\"2009-05-14T08:57:12+00:00\",\"author\":{\"@id\":\"https:\/\/www.visit-ulcinj.com\/blog\/#\/schema\/person\/dcab619c614d3038751c63bc2aadc06d\"},\"description\":\"Big Brother Albania 2 - Antoneta p\u00c3\u00abrfiton nga rasti q\u00c3\u00ab \u00c3\u00absht\u00c3\u00ab vet\u00c3\u00abm me Bjordin p\u00c3\u00abr t\u00c3\u00ab diskutuar p\u00c3\u00abr Adelajd\u00c3\u00abn. Ajo i thot\u00c3\u00ab q\u00c3\u00ab e ka mb\u00c3\u00abshtetur Adelajd\u00c3\u00abn dhe i ka dh\u00c3\u00abn\u00c3\u00ab nj\u00c3\u00ab shans p\u00c3\u00abr ta njohur m\u00c3\u00ab mir\u00c3\u00ab.\",\"breadcrumb\":{\"@id\":\"https:\/\/www.visit-ulcinj.com\/blog\/2009\/05\/14\/keshillat-e-antonetes\/#breadcrumb\"},\"inLanguage\":\"en-US\",\"potentialAction\":[{\"@type\":\"ReadAction\",\"target\":[\"https:\/\/www.visit-ulcinj.com\/blog\/2009\/05\/14\/keshillat-e-antonetes\/\"]}]},{\"@type\":\"BreadcrumbList\",\"@id\":\"https:\/\/www.visit-ulcinj.com\/blog\/2009\/05\/14\/keshillat-e-antonetes\/#breadcrumb\",\"itemListElement\":[{\"@type\":\"ListItem\",\"position\":1,\"name\":\"K\u00ebshillat e Antonet\u00ebs\"}]},{\"@type\":\"Person\",\"@id\":\"https:\/\/www.visit-ulcinj.com\/blog\/#\/schema\/person\/dcab619c614d3038751c63bc2aadc06d\",\"name\":\"ulqini\",\"sameAs\":[\"http:\/\/www.visit-ulcinj.com\"],\"url\":\"https:\/\/www.visit-ulcinj.com\/blog\/author\/admin\/\"}]}<\/script>\n<!-- \/ Yoast SEO plugin. -->","yoast_head_json":{"title":"K\u00c3\u00abshillat e Antonet\u00c3\u00abs | Big Brother Albania 2","description":"Big Brother Albania 2 - Antoneta p\u00c3\u00abrfiton nga rasti q\u00c3\u00ab \u00c3\u00absht\u00c3\u00ab vet\u00c3\u00abm me Bjordin p\u00c3\u00abr t\u00c3\u00ab diskutuar p\u00c3\u00abr Adelajd\u00c3\u00abn. Ajo i thot\u00c3\u00ab q\u00c3\u00ab e ka mb\u00c3\u00abshtetur Adelajd\u00c3\u00abn dhe i ka dh\u00c3\u00abn\u00c3\u00ab nj\u00c3\u00ab shans p\u00c3\u00abr ta njohur m\u00c3\u00ab mir\u00c3\u00ab.","robots":{"index":"index","follow":"follow","max-snippet":"max-snippet:-1","max-image-preview":"max-image-preview:large","max-video-preview":"max-video-preview:-1"},"canonical":"https:\/\/www.visit-ulcinj.com\/blog\/2009\/05\/14\/keshillat-e-antonetes\/","og_locale":"en_US","og_type":"article","og_title":"K\u00c3\u00abshillat e Antonet\u00c3\u00abs | Big Brother Albania 2","og_description":"Big Brother Albania 2 - Antoneta p\u00c3\u00abrfiton nga rasti q\u00c3\u00ab \u00c3\u00absht\u00c3\u00ab vet\u00c3\u00abm me Bjordin p\u00c3\u00abr t\u00c3\u00ab diskutuar p\u00c3\u00abr Adelajd\u00c3\u00abn. Ajo i thot\u00c3\u00ab q\u00c3\u00ab e ka mb\u00c3\u00abshtetur Adelajd\u00c3\u00abn dhe i ka dh\u00c3\u00abn\u00c3\u00ab nj\u00c3\u00ab shans p\u00c3\u00abr ta njohur m\u00c3\u00ab mir\u00c3\u00ab.","og_url":"https:\/\/www.visit-ulcinj.com\/blog\/2009\/05\/14\/keshillat-e-antonetes\/","og_site_name":"Lajme nga Ulqini","article_published_time":"2009-05-14T13:00:36+00:00","article_modified_time":"2009-05-14T08:57:12+00:00","og_image":[{"url":"http:\/\/www.visit-ulcinj.com\/blog\/wp-content\/uploads\/2009\/05\/kritika-adeles12.jpg"}],"twitter_misc":{"Written by":"ulqini","Est. reading time":"1 minute"},"schema":{"@context":"https:\/\/schema.org","@graph":[{"@type":"WebSite","@id":"https:\/\/www.visit-ulcinj.com\/blog\/#website","url":"https:\/\/www.visit-ulcinj.com\/blog\/","name":"Lajme nga Ulqini","description":"Lajme,Vijesti,Ulqini,Ulqin,Crna Gora,Mali i Zi","potentialAction":[{"@type":"SearchAction","target":{"@type":"EntryPoint","urlTemplate":"https:\/\/www.visit-ulcinj.com\/blog\/?s={search_term_string}"},"query-input":"required name=search_term_string"}],"inLanguage":"en-US"},{"@type":"ImageObject","inLanguage":"en-US","@id":"https:\/\/www.visit-ulcinj.com\/blog\/2009\/05\/14\/keshillat-e-antonetes\/#primaryimage","url":"http:\/\/www.visit-ulcinj.com\/blog\/wp-content\/uploads\/2009\/05\/kritika-adeles12.jpg","contentUrl":"http:\/\/www.visit-ulcinj.com\/blog\/wp-content\/uploads\/2009\/05\/kritika-adeles12.jpg"},{"@type":"WebPage","@id":"https:\/\/www.visit-ulcinj.com\/blog\/2009\/05\/14\/keshillat-e-antonetes\/#webpage","url":"https:\/\/www.visit-ulcinj.com\/blog\/2009\/05\/14\/keshillat-e-antonetes\/","name":"K\u00c3\u00abshillat e Antonet\u00c3\u00abs | Big Brother Albania 2","isPartOf":{"@id":"https:\/\/www.visit-ulcinj.com\/blog\/#website"},"primaryImageOfPage":{"@id":"https:\/\/www.visit-ulcinj.com\/blog\/2009\/05\/14\/keshillat-e-antonetes\/#primaryimage"},"datePublished":"2009-05-14T13:00:36+00:00","dateModified":"2009-05-14T08:57:12+00:00","author":{"@id":"https:\/\/www.visit-ulcinj.com\/blog\/#\/schema\/person\/dcab619c614d3038751c63bc2aadc06d"},"description":"Big Brother Albania 2 - Antoneta p\u00c3\u00abrfiton nga rasti q\u00c3\u00ab \u00c3\u00absht\u00c3\u00ab vet\u00c3\u00abm me Bjordin p\u00c3\u00abr t\u00c3\u00ab diskutuar p\u00c3\u00abr Adelajd\u00c3\u00abn. Ajo i thot\u00c3\u00ab q\u00c3\u00ab e ka mb\u00c3\u00abshtetur Adelajd\u00c3\u00abn dhe i ka dh\u00c3\u00abn\u00c3\u00ab nj\u00c3\u00ab shans p\u00c3\u00abr ta njohur m\u00c3\u00ab mir\u00c3\u00ab.","breadcrumb":{"@id":"https:\/\/www.visit-ulcinj.com\/blog\/2009\/05\/14\/keshillat-e-antonetes\/#breadcrumb"},"inLanguage":"en-US","potentialAction":[{"@type":"ReadAction","target":["https:\/\/www.visit-ulcinj.com\/blog\/2009\/05\/14\/keshillat-e-antonetes\/"]}]},{"@type":"BreadcrumbList","@id":"https:\/\/www.visit-ulcinj.com\/blog\/2009\/05\/14\/keshillat-e-antonetes\/#breadcrumb","itemListElement":[{"@type":"ListItem","position":1,"name":"K\u00ebshillat e Antonet\u00ebs"}]},{"@type":"Person","@id":"https:\/\/www.visit-ulcinj.com\/blog\/#\/schema\/person\/dcab619c614d3038751c63bc2aadc06d","name":"ulqini","sameAs":["http:\/\/www.visit-ulcinj.com"],"url":"https:\/\/www.visit-ulcinj.com\/blog\/author\/admin\/"}]}},"jetpack_featured_media_url":"","jetpack_sharing_enabled":true,"jetpack_shortlink":"https:\/\/wp.me\/pe6lTn-5xf","_links":{"self":[{"href":"https:\/\/www.visit-ulcinj.com\/blog\/wp-json\/wp\/v2\/posts\/21281"}],"collection":[{"href":"https:\/\/www.visit-ulcinj.com\/blog\/wp-json\/wp\/v2\/posts"}],"about":[{"href":"https:\/\/www.visit-ulcinj.com\/blog\/wp-json\/wp\/v2\/types\/post"}],"author":[{"embeddable":true,"href":"https:\/\/www.visit-ulcinj.com\/blog\/wp-json\/wp\/v2\/users\/1"}],"replies":[{"embeddable":true,"href":"https:\/\/www.visit-ulcinj.com\/blog\/wp-json\/wp\/v2\/comments?post=21281"}],"version-history":[{"count":0,"href":"https:\/\/www.visit-ulcinj.com\/blog\/wp-json\/wp\/v2\/posts\/21281\/revisions"}],"wp:attachment":[{"href":"https:\/\/www.visit-ulcinj.com\/blog\/wp-json\/wp\/v2\/media?parent=21281"}],"wp:term":[{"taxonomy":"category","embeddable":true,"href":"https:\/\/www.visit-ulcinj.com\/blog\/wp-json\/wp\/v2\/categories?post=21281"},{"taxonomy":"post_tag","embeddable":true,"href":"https:\/\/www.visit-ulcinj.com\/blog\/wp-json\/wp\/v2\/tags?post=21281"}],"curies":[{"name":"wp","href":"https:\/\/api.w.org\/{rel}","templated":true}]}}