{"id":21284,"date":"2009-05-14T15:06:20","date_gmt":"2009-05-14T13:06:20","guid":{"rendered":"http:\/\/www.visit-ulcinj.com\/blog\/?p=21284"},"modified":"2009-05-14T13:28:18","modified_gmt":"2009-05-14T11:28:18","slug":"adela-me-bjordin-per-lidhjen","status":"publish","type":"post","link":"https:\/\/www.visit-ulcinj.com\/blog\/2009\/05\/14\/adela-me-bjordin-per-lidhjen\/","title":{"rendered":"Adela me Bjordin p\u00ebr lidhjen"},"content":{"rendered":"<p><em><span class=\"newsdate\">1<a href=\"http:\/\/www.visit-ulcinj.com\/blog\/wp-content\/uploads\/2009\/05\/adela-bjordi-per-lidhjen12.jpg\"><img loading=\"lazy\" class=\"alignleft size-full wp-image-21285\" title=\"adela-bjordi-per-lidhjen12\" src=\"http:\/\/www.visit-ulcinj.com\/blog\/wp-content\/uploads\/2009\/05\/adela-bjordi-per-lidhjen12.jpg\" alt=\"adela-bjordi-per-lidhjen12\" width=\"300\" height=\"205\" \/><\/a>2\/05\/09 19:45<\/span><\/em><\/p>\n<p>Bjordi duket i m\u00ebrzitur me Adel\u00ebn n\u00eb lidhje me marr\u00ebdh\u00ebnien e tyre. Ai i thot\u00eb se Adela nuk \u00ebsht\u00eb duke e ndihmuar fare, nd\u00ebrsa ajo i thot\u00eb q\u00eb ai duhet ta mesoj\u00eb se si ta b\u00ebj\u00eb. Bjordi duket i demoralizuar, sepse Adel\u00ebs i vjen natyrsh\u00ebm, por ajo i jep kurajo duke i th\u00ebn\u00eb se gj\u00ebrat duan koh\u00eb p\u00ebr tu konsoliduar e p\u00ebrmir\u00ebsuar. Ai nuk do q\u00eb Adela ti b\u00ebj\u00eb gj\u00ebrat si t\u00eb thot\u00eb ai. \u2013 \u201cK\u00ebto vog\u00eblsira edhe mund t\u00eb evitohen\u201d \u2013 shton Adela \u2013 \u201c nuk dua q\u00eb ti t\u00eb m\u00ebrzitesh, aq m\u00eb tep\u00ebr prej meje\u201d. Por Bjordi i thot\u00eb se jan\u00eb detajet q\u00eb b\u00ebjn\u00eb diferenc\u00ebn. Bjordi i thot\u00eb se ato nuk jan\u00eb nj\u00eb cift i zakonsh\u00ebm p\u00ebr vet\u00eb kushtet ku ndodhen dhe p\u00ebr sa koh\u00eb q\u00eb jan\u00eb br\u00ebnda, ai nuk d\u00ebshiron q\u00eb mosmarr\u00ebveshjet e vogla t\u00eb ndodhin, por t\u00eb evitohen.<\/p>\n","protected":false},"excerpt":{"rendered":"<p>12\/05\/09 19:45 Bjordi duket i m\u00ebrzitur me Adel\u00ebn n\u00eb lidhje me marr\u00ebdh\u00ebnien e tyre. Ai i thot\u00eb se Adela nuk \u00ebsht\u00eb duke e ndihmuar fare, nd\u00ebrsa ajo i thot\u00eb q\u00eb ai duhet ta mesoj\u00eb se si ta b\u00ebj\u00eb. Bjordi duket i demoralizuar, sepse Adel\u00ebs i vjen natyrsh\u00ebm, por ajo i jep kurajo duke i th\u00ebn\u00eb [&hellip;]<\/p>\n","protected":false},"author":1,"featured_media":0,"comment_status":"open","ping_status":"closed","sticky":false,"template":"","format":"standard","meta":{"spay_email":"","jetpack_publicize_message":"","jetpack_is_tweetstorm":false,"jetpack_publicize_feature_enabled":true},"categories":[6502],"tags":[6529,9121,6522,10341],"jetpack_publicize_connections":[],"yoast_head":"<!-- This site is optimized with the Yoast SEO plugin v19.1 - https:\/\/yoast.com\/wordpress\/plugins\/seo\/ -->\n<title>Adela me Bjordin p\u00c3\u00abr lidhjen | Big Brother Albania 2<\/title>\n<meta name=\"description\" content=\"Big Brother Albania 2 - Bjordi duket i m\u00c3\u00abrzitur me Adel\u00c3\u00abn n\u00c3\u00ab lidhje me marr\u00c3\u00abdh\u00c3\u00abnien e tyre. Ai i thot\u00c3\u00ab se Adela nuk \u00c3\u00absht\u00c3\u00ab duke e ndihmuar fare, nd\u00c3\u00abrsa ajo i thot\u00c3\u00ab q\u00c3\u00ab ai duhet ta mesoj\u00c3\u00ab se si ta b\u00c3\u00abj\u00c3\u00ab\" \/>\n<meta name=\"robots\" content=\"index, follow, max-snippet:-1, max-image-preview:large, max-video-preview:-1\" \/>\n<link rel=\"canonical\" href=\"https:\/\/www.visit-ulcinj.com\/blog\/2009\/05\/14\/adela-me-bjordin-per-lidhjen\/\" \/>\n<meta property=\"og:locale\" content=\"en_US\" \/>\n<meta property=\"og:type\" content=\"article\" \/>\n<meta property=\"og:title\" content=\"Adela me Bjordin p\u00c3\u00abr lidhjen | Big Brother Albania 2\" \/>\n<meta property=\"og:description\" content=\"Big Brother Albania 2 - Bjordi duket i m\u00c3\u00abrzitur me Adel\u00c3\u00abn n\u00c3\u00ab lidhje me marr\u00c3\u00abdh\u00c3\u00abnien e tyre. Ai i thot\u00c3\u00ab se Adela nuk \u00c3\u00absht\u00c3\u00ab duke e ndihmuar fare, nd\u00c3\u00abrsa ajo i thot\u00c3\u00ab q\u00c3\u00ab ai duhet ta mesoj\u00c3\u00ab se si ta b\u00c3\u00abj\u00c3\u00ab\" \/>\n<meta property=\"og:url\" content=\"https:\/\/www.visit-ulcinj.com\/blog\/2009\/05\/14\/adela-me-bjordin-per-lidhjen\/\" \/>\n<meta property=\"og:site_name\" content=\"Lajme nga Ulqini\" \/>\n<meta property=\"article:published_time\" content=\"2009-05-14T13:06:20+00:00\" \/>\n<meta property=\"article:modified_time\" content=\"2009-05-14T11:28:18+00:00\" \/>\n<meta property=\"og:image\" content=\"http:\/\/www.visit-ulcinj.com\/blog\/wp-content\/uploads\/2009\/05\/adela-bjordi-per-lidhjen12.jpg\" \/>\n<meta name=\"twitter:label1\" content=\"Written by\" \/>\n\t<meta name=\"twitter:data1\" content=\"ulqini\" \/>\n\t<meta name=\"twitter:label2\" content=\"Est. reading time\" \/>\n\t<meta name=\"twitter:data2\" content=\"1 minute\" \/>\n<script type=\"application\/ld+json\" class=\"yoast-schema-graph\">{\"@context\":\"https:\/\/schema.org\",\"@graph\":[{\"@type\":\"WebSite\",\"@id\":\"https:\/\/www.visit-ulcinj.com\/blog\/#website\",\"url\":\"https:\/\/www.visit-ulcinj.com\/blog\/\",\"name\":\"Lajme nga Ulqini\",\"description\":\"Lajme,Vijesti,Ulqini,Ulqin,Crna Gora,Mali i Zi\",\"potentialAction\":[{\"@type\":\"SearchAction\",\"target\":{\"@type\":\"EntryPoint\",\"urlTemplate\":\"https:\/\/www.visit-ulcinj.com\/blog\/?s={search_term_string}\"},\"query-input\":\"required name=search_term_string\"}],\"inLanguage\":\"en-US\"},{\"@type\":\"ImageObject\",\"inLanguage\":\"en-US\",\"@id\":\"https:\/\/www.visit-ulcinj.com\/blog\/2009\/05\/14\/adela-me-bjordin-per-lidhjen\/#primaryimage\",\"url\":\"http:\/\/www.visit-ulcinj.com\/blog\/wp-content\/uploads\/2009\/05\/adela-bjordi-per-lidhjen12.jpg\",\"contentUrl\":\"http:\/\/www.visit-ulcinj.com\/blog\/wp-content\/uploads\/2009\/05\/adela-bjordi-per-lidhjen12.jpg\"},{\"@type\":\"WebPage\",\"@id\":\"https:\/\/www.visit-ulcinj.com\/blog\/2009\/05\/14\/adela-me-bjordin-per-lidhjen\/#webpage\",\"url\":\"https:\/\/www.visit-ulcinj.com\/blog\/2009\/05\/14\/adela-me-bjordin-per-lidhjen\/\",\"name\":\"Adela me Bjordin p\u00c3\u00abr lidhjen | Big Brother Albania 2\",\"isPartOf\":{\"@id\":\"https:\/\/www.visit-ulcinj.com\/blog\/#website\"},\"primaryImageOfPage\":{\"@id\":\"https:\/\/www.visit-ulcinj.com\/blog\/2009\/05\/14\/adela-me-bjordin-per-lidhjen\/#primaryimage\"},\"datePublished\":\"2009-05-14T13:06:20+00:00\",\"dateModified\":\"2009-05-14T11:28:18+00:00\",\"author\":{\"@id\":\"https:\/\/www.visit-ulcinj.com\/blog\/#\/schema\/person\/dcab619c614d3038751c63bc2aadc06d\"},\"description\":\"Big Brother Albania 2 - Bjordi duket i m\u00c3\u00abrzitur me Adel\u00c3\u00abn n\u00c3\u00ab lidhje me marr\u00c3\u00abdh\u00c3\u00abnien e tyre. Ai i thot\u00c3\u00ab se Adela nuk \u00c3\u00absht\u00c3\u00ab duke e ndihmuar fare, nd\u00c3\u00abrsa ajo i thot\u00c3\u00ab q\u00c3\u00ab ai duhet ta mesoj\u00c3\u00ab se si ta b\u00c3\u00abj\u00c3\u00ab\",\"breadcrumb\":{\"@id\":\"https:\/\/www.visit-ulcinj.com\/blog\/2009\/05\/14\/adela-me-bjordin-per-lidhjen\/#breadcrumb\"},\"inLanguage\":\"en-US\",\"potentialAction\":[{\"@type\":\"ReadAction\",\"target\":[\"https:\/\/www.visit-ulcinj.com\/blog\/2009\/05\/14\/adela-me-bjordin-per-lidhjen\/\"]}]},{\"@type\":\"BreadcrumbList\",\"@id\":\"https:\/\/www.visit-ulcinj.com\/blog\/2009\/05\/14\/adela-me-bjordin-per-lidhjen\/#breadcrumb\",\"itemListElement\":[{\"@type\":\"ListItem\",\"position\":1,\"name\":\"Adela me Bjordin p\u00ebr lidhjen\"}]},{\"@type\":\"Person\",\"@id\":\"https:\/\/www.visit-ulcinj.com\/blog\/#\/schema\/person\/dcab619c614d3038751c63bc2aadc06d\",\"name\":\"ulqini\",\"sameAs\":[\"http:\/\/www.visit-ulcinj.com\"],\"url\":\"https:\/\/www.visit-ulcinj.com\/blog\/author\/admin\/\"}]}<\/script>\n<!-- \/ Yoast SEO plugin. -->","yoast_head_json":{"title":"Adela me Bjordin p\u00c3\u00abr lidhjen | Big Brother Albania 2","description":"Big Brother Albania 2 - Bjordi duket i m\u00c3\u00abrzitur me Adel\u00c3\u00abn n\u00c3\u00ab lidhje me marr\u00c3\u00abdh\u00c3\u00abnien e tyre. Ai i thot\u00c3\u00ab se Adela nuk \u00c3\u00absht\u00c3\u00ab duke e ndihmuar fare, nd\u00c3\u00abrsa ajo i thot\u00c3\u00ab q\u00c3\u00ab ai duhet ta mesoj\u00c3\u00ab se si ta b\u00c3\u00abj\u00c3\u00ab","robots":{"index":"index","follow":"follow","max-snippet":"max-snippet:-1","max-image-preview":"max-image-preview:large","max-video-preview":"max-video-preview:-1"},"canonical":"https:\/\/www.visit-ulcinj.com\/blog\/2009\/05\/14\/adela-me-bjordin-per-lidhjen\/","og_locale":"en_US","og_type":"article","og_title":"Adela me Bjordin p\u00c3\u00abr lidhjen | Big Brother Albania 2","og_description":"Big Brother Albania 2 - Bjordi duket i m\u00c3\u00abrzitur me Adel\u00c3\u00abn n\u00c3\u00ab lidhje me marr\u00c3\u00abdh\u00c3\u00abnien e tyre. Ai i thot\u00c3\u00ab se Adela nuk \u00c3\u00absht\u00c3\u00ab duke e ndihmuar fare, nd\u00c3\u00abrsa ajo i thot\u00c3\u00ab q\u00c3\u00ab ai duhet ta mesoj\u00c3\u00ab se si ta b\u00c3\u00abj\u00c3\u00ab","og_url":"https:\/\/www.visit-ulcinj.com\/blog\/2009\/05\/14\/adela-me-bjordin-per-lidhjen\/","og_site_name":"Lajme nga Ulqini","article_published_time":"2009-05-14T13:06:20+00:00","article_modified_time":"2009-05-14T11:28:18+00:00","og_image":[{"url":"http:\/\/www.visit-ulcinj.com\/blog\/wp-content\/uploads\/2009\/05\/adela-bjordi-per-lidhjen12.jpg"}],"twitter_misc":{"Written by":"ulqini","Est. reading time":"1 minute"},"schema":{"@context":"https:\/\/schema.org","@graph":[{"@type":"WebSite","@id":"https:\/\/www.visit-ulcinj.com\/blog\/#website","url":"https:\/\/www.visit-ulcinj.com\/blog\/","name":"Lajme nga Ulqini","description":"Lajme,Vijesti,Ulqini,Ulqin,Crna Gora,Mali i Zi","potentialAction":[{"@type":"SearchAction","target":{"@type":"EntryPoint","urlTemplate":"https:\/\/www.visit-ulcinj.com\/blog\/?s={search_term_string}"},"query-input":"required name=search_term_string"}],"inLanguage":"en-US"},{"@type":"ImageObject","inLanguage":"en-US","@id":"https:\/\/www.visit-ulcinj.com\/blog\/2009\/05\/14\/adela-me-bjordin-per-lidhjen\/#primaryimage","url":"http:\/\/www.visit-ulcinj.com\/blog\/wp-content\/uploads\/2009\/05\/adela-bjordi-per-lidhjen12.jpg","contentUrl":"http:\/\/www.visit-ulcinj.com\/blog\/wp-content\/uploads\/2009\/05\/adela-bjordi-per-lidhjen12.jpg"},{"@type":"WebPage","@id":"https:\/\/www.visit-ulcinj.com\/blog\/2009\/05\/14\/adela-me-bjordin-per-lidhjen\/#webpage","url":"https:\/\/www.visit-ulcinj.com\/blog\/2009\/05\/14\/adela-me-bjordin-per-lidhjen\/","name":"Adela me Bjordin p\u00c3\u00abr lidhjen | Big Brother Albania 2","isPartOf":{"@id":"https:\/\/www.visit-ulcinj.com\/blog\/#website"},"primaryImageOfPage":{"@id":"https:\/\/www.visit-ulcinj.com\/blog\/2009\/05\/14\/adela-me-bjordin-per-lidhjen\/#primaryimage"},"datePublished":"2009-05-14T13:06:20+00:00","dateModified":"2009-05-14T11:28:18+00:00","author":{"@id":"https:\/\/www.visit-ulcinj.com\/blog\/#\/schema\/person\/dcab619c614d3038751c63bc2aadc06d"},"description":"Big Brother Albania 2 - Bjordi duket i m\u00c3\u00abrzitur me Adel\u00c3\u00abn n\u00c3\u00ab lidhje me marr\u00c3\u00abdh\u00c3\u00abnien e tyre. Ai i thot\u00c3\u00ab se Adela nuk \u00c3\u00absht\u00c3\u00ab duke e ndihmuar fare, nd\u00c3\u00abrsa ajo i thot\u00c3\u00ab q\u00c3\u00ab ai duhet ta mesoj\u00c3\u00ab se si ta b\u00c3\u00abj\u00c3\u00ab","breadcrumb":{"@id":"https:\/\/www.visit-ulcinj.com\/blog\/2009\/05\/14\/adela-me-bjordin-per-lidhjen\/#breadcrumb"},"inLanguage":"en-US","potentialAction":[{"@type":"ReadAction","target":["https:\/\/www.visit-ulcinj.com\/blog\/2009\/05\/14\/adela-me-bjordin-per-lidhjen\/"]}]},{"@type":"BreadcrumbList","@id":"https:\/\/www.visit-ulcinj.com\/blog\/2009\/05\/14\/adela-me-bjordin-per-lidhjen\/#breadcrumb","itemListElement":[{"@type":"ListItem","position":1,"name":"Adela me Bjordin p\u00ebr lidhjen"}]},{"@type":"Person","@id":"https:\/\/www.visit-ulcinj.com\/blog\/#\/schema\/person\/dcab619c614d3038751c63bc2aadc06d","name":"ulqini","sameAs":["http:\/\/www.visit-ulcinj.com"],"url":"https:\/\/www.visit-ulcinj.com\/blog\/author\/admin\/"}]}},"jetpack_featured_media_url":"","jetpack_sharing_enabled":true,"jetpack_shortlink":"https:\/\/wp.me\/pe6lTn-5xi","_links":{"self":[{"href":"https:\/\/www.visit-ulcinj.com\/blog\/wp-json\/wp\/v2\/posts\/21284"}],"collection":[{"href":"https:\/\/www.visit-ulcinj.com\/blog\/wp-json\/wp\/v2\/posts"}],"about":[{"href":"https:\/\/www.visit-ulcinj.com\/blog\/wp-json\/wp\/v2\/types\/post"}],"author":[{"embeddable":true,"href":"https:\/\/www.visit-ulcinj.com\/blog\/wp-json\/wp\/v2\/users\/1"}],"replies":[{"embeddable":true,"href":"https:\/\/www.visit-ulcinj.com\/blog\/wp-json\/wp\/v2\/comments?post=21284"}],"version-history":[{"count":0,"href":"https:\/\/www.visit-ulcinj.com\/blog\/wp-json\/wp\/v2\/posts\/21284\/revisions"}],"wp:attachment":[{"href":"https:\/\/www.visit-ulcinj.com\/blog\/wp-json\/wp\/v2\/media?parent=21284"}],"wp:term":[{"taxonomy":"category","embeddable":true,"href":"https:\/\/www.visit-ulcinj.com\/blog\/wp-json\/wp\/v2\/categories?post=21284"},{"taxonomy":"post_tag","embeddable":true,"href":"https:\/\/www.visit-ulcinj.com\/blog\/wp-json\/wp\/v2\/tags?post=21284"}],"curies":[{"name":"wp","href":"https:\/\/api.w.org\/{rel}","templated":true}]}}