{"id":21290,"date":"2009-05-14T11:50:52","date_gmt":"2009-05-14T09:50:52","guid":{"rendered":"http:\/\/www.visit-ulcinj.com\/blog\/?p=21290"},"modified":"2023-04-01T13:45:02","modified_gmt":"2023-04-01T12:45:02","slug":"ah-odmor-u-ulcinj-crna-gora-letovanje-od-6e","status":"publish","type":"post","link":"https:\/\/www.visit-ulcinj.com\/blog\/2009\/05\/14\/ah-odmor-u-ulcinj-crna-gora-letovanje-od-6e\/","title":{"rendered":"Ah odmor u Ulcinj, Crna Gora: Letovanje od 7\u20ac"},"content":{"rendered":"<p><strong><a href=\"http:\/\/www.visit-ulcinj.com\/blog\/wp-content\/uploads\/2009\/05\/ulcinj-crna-gora_letovanjeleto-2009-od-5e151.jpg\"><img loading=\"lazy\" class=\"alignleft size-full wp-image-21327\" title=\"ulcinj-crna-gora_letovanjeleto-2009-od-5e151,Apatin, (more), ?a?ak, ?ajni?e, ?apljina, ?eli?, ?elinac, ?itluk, \u0160abac, \u0160id, \u0160ipovo, \u0160iroki Brijeg, \u0160tip, \u017dep?e, \u017divinice, Banja Luka, Banovi?i, Bar, Becici, beograd, Berkovi?i, Berovo, Biha?, Bijeljina, Bile?a, Bitola, bjelasica, Blagaj, Bogdanci, boka, Bosanska Dubica, Bosanska Gradi\u0161ka, Bosanska Kostajnica, Bosanska Krupa, Bosanski \u0160amac, Bosanski Brod, Bosanski Novi, Bosanski Petrovac, Bosansko Grahovo, Bratunac, Br?ko, Breza, Bu\u017eim, Budva, Bugojno, Busova?a, Cazin, crna, Debar, Del?evo, Demir Hisar, Demir Kapija, Derventa, Doboj, Dobreti?i, Dobrodo\u0161li u Crnu Goru!, Dobrodo\u0161li u Ulcinj!, Domaljevac, Donji Vakuf, Drvar, durmitor, Fo?a, Fojnica, Gevgelija, Glamo?, GORA, Gora\u017ede, Gornji Vakuf, gostivar, Gra?anica, Grada?ac, Grude, herceg, igalo, In?ija, Irig, Jablanica, Jajce, Kakanj, Kalesija, Kalinovik, Kavadarci, Ki?evo, Kiseljak, Kladanj, Klju?, Ko?ani, kolasin, Konjic, Kostolac, Kotor, Kotor Varo\u0161, kotorska, Kragujevac, Kraljevo, Kratovo, Kre\u0161evo, Kriva Palanka, Kru\u0161evac, Kru\u0161evo, Kumanovo, Kupres, Leskovac, leto 2009 od 5\u20ac za krevet, letovanje, Livno, Ljubinje, Ljubu\u0161ki, Lopare, Loznica, Lukavac, Maglaj, Makedonska Kamenica, Makedonski Brod, Mili?i, Milocer, Modri?a, Montenegro, mostar, Mrkonji? Grad, Negotino, Neum, Nevesinje, Ni\u0161, Nova Pazova, novi, Novi Pazar, Novi Sad, Novi Travnik, Od\u017eak, odmor, ohrid, Olovo, Ora\u0161je, Pale, Pan?evo, Peh?evo, Po\u017earevac, Posu\u0161je, Pra?a, presevo, Prijedor, Prilep, Probi\u0161tip, Prokuplje, Prozor, Radovi\u0161, Resen, Risan, Rogatica, Rudo, Ruma, Sanski Most, Sapna, Sarajevo, Skender Vakuf, skopje, Smederevo, Sokolac, Srbac, Srbobran, Srebrenica, Srebrenik, Sremska Mitrovica, stefan, Stolac, Struga, Strumica, Subotica, sveti, Sveti Nikole, Tara, Te\u0161anj, Teo?ak, Tesli?, tetovo, tivat, Tomislavgrad, Travnik, Trebinje, turizam, tuzla, ulcinj, Usora, Ustipra?a, Valandovo, Valjevo, Vare\u0161, Veles, Velika Kladu\u0161a, Vi\u0161egrad, Vinica, Visoko, Vitez, Vogo\u0161?a, Vranje, Vr\u0161ac, zabljak, Zaje?ar, Zavidovi?i, Zenica, zimovanje, Zrenjanin, Zvornik  \" src=\"http:\/\/www.visit-ulcinj.com\/blog\/wp-content\/uploads\/2009\/05\/ulcinj-crna-gora_letovanjeleto-2009-od-5e151.jpg\" alt=\"ulcinj-crna-gora_letovanjeleto-2009-od-5e151\" width=\"580\" height=\"400\" \/><\/a><\/strong><strong>Mobil: Viber + Whatsapp: +382 69 335 534\u00a0 : +382 69 335 512<\/strong><\/p>\n<p><strong><br \/>\nLetovanje jeftinije u Ulcinju od 7 eura na dan po osobi<\/strong><\/p>\n<p><a href=\"http:\/\/www.visit-ulcinj.com\/sr\/apartmani-ulcinj-crna-gora\/privatni-smestaj-holiday-house-ulcinj-crna-gora\/\" target=\"_blank\" rel=\"noopener\">Najjuzniji grad na Crnogorskoj obali. Ulcinj je svojim prirodnim potencijalima preodredjen za turizam. Najduza pjescana plaza na Jadranskom moru &#8211; Velika plaza duga 13km, Ada Bojana &#8211; jedinstveno rijecno ostrvo sa predivnim pjescanim plazama, Valdanos &#8211; jedinstvena uvala sa zaledjem prepunim starih drveca masline, obnovljeni stari grad u Ulcinju &#8211; prepun interesantnih restorana, kafica, galerija i hotela &#8230; i jos mnogo drugih atraktivnih mjesta cine Ulcinj jedinstvenim i privlacnim za mnoge turiste. Ulcinj je grad, koji svakako morate upoznati.<\/a><\/p>\n<p><a href=\"http:\/\/www.visit-ulcinj.com\/sr\/apartmani-ulcinj-crna-gora\/privatni-smestaj-holiday-house-ulcinj-crna-gora\/\" target=\"_blank\" rel=\"noopener\">Ulcinj ima raznovrsnu i kvalitetnu ponudu za porodice, individualce, mlade parove, biznismene, one koji vole aktivan odmor u prirodi, ali i one druge koji u\u017eivaju na suncu i pla\u017eama, tako?e i one koje odmor posvete obilasku kulturno-istorijskih spomenika i posetama umetni?kih izlo\u017ebi i predstava. Nacionalni i internacionalni restorani, kafeterije, pla\u017eni barovi, diskoteke i no?ni klubovi u svakom mestu u Ulcinju ponudi?e razli?ite mogu?nosti za opu\u0161tanje i zabavu. Tradicionalne, autenti?ne manifestacije, kulturno-zabavni doga?aji od karnevalskih sve?anosti, teatara na otvorenom, muzi?kih festivala, umetni?kih izlo\u017ebi do presti\u017enih koncerata svetski poznatih muzi?ara i sportskih takmi?enja su ponuda koju Ulcinj- Crna Gora ima tokom cele godine.<\/a><\/p>\n<p><a href=\"http:\/\/www.visit-ulcinj.com\/sr\/apartmani-ulcinj-crna-gora\/privatni-smestaj-holiday-house-ulcinj-crna-gora\/\" target=\"_blank\" rel=\"noopener\">Ku?a se nalaze u neposrednoj blizini hotela \u201cGaleb\u201d i \u201cMediteran\u201d, sa pogledom na stari grad, malu plazu i borovu \u0161umu.Ku?a Cobi\u00a0 je udaljena od administrativnog centra grada 25 minuta hoda, do zelene pijace 20 minuta hoda, do prve prodavnice 5 minuta hoda, do po\u0161te 10 minuta hoda. Udaljenost do plaza: &#8211; \u201cGalebova\u201d plaza &#8211; 5 minuta hoda &#8211; \u201cJadranova\u201d plaza &#8211; 5 minuta hoda &#8211; \u201cBori\u00e6i\u201d 5 minuta hoda &#8211; \u201czenska plaza\u201d \u2013 10 minuta hoda &#8211; \u201cAlbatrosova\u201d plaza \u2013 15 minuta hoda &#8211; \u201cMala plaza\u201d \u2013 10 minuta hoda.<\/a><\/p>\n<p><a href=\"http:\/\/www.visit-ulcinj.com\/sr\/apartmani-ulcinj-crna-gora\/privatni-smestaj-holiday-house-ulcinj-crna-gora\/\" target=\"_blank\" rel=\"noopener\">Ispred ku?e gosti mogu da koriste veliki i bezbjedan parking.<\/a><\/p>\n<p><a href=\"http:\/\/www.visit-ulcinj.com\/sr\/apartmani-ulcinj-crna-gora\/privatni-smestaj-holiday-house-ulcinj-crna-gora\/\" target=\"_blank\" rel=\"noopener\">Cijena po lezaju u zavisnosti od kategorije smje\u0161taja i perioda rezervacije.<\/a><\/p>\n\n\t\t<style type=\"text\/css\">\n\t\t\t#gallery-1 {\n\t\t\t\tmargin: auto;\n\t\t\t}\n\t\t\t#gallery-1 .gallery-item {\n\t\t\t\tfloat: left;\n\t\t\t\tmargin-top: 10px;\n\t\t\t\ttext-align: center;\n\t\t\t\twidth: 33%;\n\t\t\t}\n\t\t\t#gallery-1 img {\n\t\t\t\tborder: 2px solid #cfcfcf;\n\t\t\t}\n\t\t\t#gallery-1 .gallery-caption {\n\t\t\t\tmargin-left: 0;\n\t\t\t}\n\t\t\t\/* see gallery_shortcode() in wp-includes\/media.php *\/\n\t\t<\/style>\n\t\t<div id='gallery-1' class='gallery galleryid-21290 gallery-columns-3 gallery-size-thumbnail'><dl class='gallery-item'>\n\t\t\t<dt class='gallery-icon landscape'>\n\t\t\t\t<a href='https:\/\/www.visit-ulcinj.com\/blog\/2009\/05\/14\/ah-odmor-u-ulcinj-crna-gora-letovanje-od-6e\/ulcinj-crna-gora_letovanjeleto-2009-od-5e14\/'><img width=\"150\" height=\"150\" src=\"https:\/\/www.visit-ulcinj.com\/blog\/wp-content\/uploads\/2009\/05\/ulcinj-crna-gora_letovanjeleto-2009-od-5e14-150x150.jpg\" class=\"attachment-thumbnail size-thumbnail\" alt=\"\" loading=\"lazy\" \/><\/a>\n\t\t\t<\/dt><\/dl><dl class='gallery-item'>\n\t\t\t<dt class='gallery-icon landscape'>\n\t\t\t\t<a href='https:\/\/www.visit-ulcinj.com\/blog\/2009\/05\/14\/ah-odmor-u-ulcinj-crna-gora-letovanje-od-6e\/ulcinj-crna-gora_letovanjeleto-2009-od-5e\/'><img width=\"150\" height=\"150\" src=\"https:\/\/www.visit-ulcinj.com\/blog\/wp-content\/uploads\/2009\/05\/ulcinj-crna-gora_letovanjeleto-2009-od-5e-150x150.jpg\" class=\"attachment-thumbnail size-thumbnail\" alt=\"\" loading=\"lazy\" \/><\/a>\n\t\t\t<\/dt><\/dl><dl class='gallery-item'>\n\t\t\t<dt class='gallery-icon landscape'>\n\t\t\t\t<a href='https:\/\/www.visit-ulcinj.com\/blog\/2009\/05\/14\/ah-odmor-u-ulcinj-crna-gora-letovanje-od-6e\/ulcinj-crna-gora_letovanjeleto-2009-od-5e12\/'><img width=\"150\" height=\"150\" src=\"https:\/\/www.visit-ulcinj.com\/blog\/wp-content\/uploads\/2009\/05\/ulcinj-crna-gora_letovanjeleto-2009-od-5e12-150x150.jpg\" class=\"attachment-thumbnail size-thumbnail\" alt=\"\" loading=\"lazy\" \/><\/a>\n\t\t\t<\/dt><\/dl><br style=\"clear: both\" \/><dl class='gallery-item'>\n\t\t\t<dt class='gallery-icon portrait'>\n\t\t\t\t<a href='https:\/\/www.visit-ulcinj.com\/blog\/2009\/05\/14\/ah-odmor-u-ulcinj-crna-gora-letovanje-od-6e\/ulcinj-crna-gora_letovanjeleto-2009-od-5e13\/'><img width=\"150\" height=\"150\" src=\"https:\/\/www.visit-ulcinj.com\/blog\/wp-content\/uploads\/2009\/05\/ulcinj-crna-gora_letovanjeleto-2009-od-5e13-150x150.jpg\" class=\"attachment-thumbnail size-thumbnail\" alt=\"\" loading=\"lazy\" \/><\/a>\n\t\t\t<\/dt><\/dl><dl class='gallery-item'>\n\t\t\t<dt class='gallery-icon landscape'>\n\t\t\t\t<a href='https:\/\/www.visit-ulcinj.com\/blog\/2009\/05\/14\/ah-odmor-u-ulcinj-crna-gora-letovanje-od-6e\/ulcinj-crna-gora_letovanjeleto-2009-od-5e1\/'><img width=\"150\" height=\"150\" src=\"https:\/\/www.visit-ulcinj.com\/blog\/wp-content\/uploads\/2009\/05\/ulcinj-crna-gora_letovanjeleto-2009-od-5e1-150x150.jpg\" class=\"attachment-thumbnail size-thumbnail\" alt=\"\" loading=\"lazy\" \/><\/a>\n\t\t\t<\/dt><\/dl><dl class='gallery-item'>\n\t\t\t<dt class='gallery-icon landscape'>\n\t\t\t\t<a href='https:\/\/www.visit-ulcinj.com\/blog\/2009\/05\/14\/ah-odmor-u-ulcinj-crna-gora-letovanje-od-6e\/ulcinj-crna-gora_letovanjeleto-2009-od-5e2\/'><img width=\"150\" height=\"150\" src=\"https:\/\/www.visit-ulcinj.com\/blog\/wp-content\/uploads\/2009\/05\/ulcinj-crna-gora_letovanjeleto-2009-od-5e2-150x150.jpg\" class=\"attachment-thumbnail size-thumbnail\" alt=\"\" loading=\"lazy\" \/><\/a>\n\t\t\t<\/dt><\/dl><br style=\"clear: both\" \/><dl class='gallery-item'>\n\t\t\t<dt class='gallery-icon landscape'>\n\t\t\t\t<a href='https:\/\/www.visit-ulcinj.com\/blog\/2009\/05\/14\/ah-odmor-u-ulcinj-crna-gora-letovanje-od-6e\/ulcinj-crna-gora_letovanjeleto-2009-od-5e3\/'><img width=\"150\" height=\"150\" src=\"https:\/\/www.visit-ulcinj.com\/blog\/wp-content\/uploads\/2009\/05\/ulcinj-crna-gora_letovanjeleto-2009-od-5e3-150x150.jpg\" class=\"attachment-thumbnail size-thumbnail\" alt=\"\" loading=\"lazy\" \/><\/a>\n\t\t\t<\/dt><\/dl><dl class='gallery-item'>\n\t\t\t<dt class='gallery-icon landscape'>\n\t\t\t\t<a href='https:\/\/www.visit-ulcinj.com\/blog\/2009\/05\/14\/ah-odmor-u-ulcinj-crna-gora-letovanje-od-6e\/ulcinj-crna-gora_letovanjeleto-2009-od-5e4\/'><img width=\"150\" height=\"150\" src=\"https:\/\/www.visit-ulcinj.com\/blog\/wp-content\/uploads\/2009\/05\/ulcinj-crna-gora_letovanjeleto-2009-od-5e4-150x150.jpg\" class=\"attachment-thumbnail size-thumbnail\" alt=\"\" loading=\"lazy\" \/><\/a>\n\t\t\t<\/dt><\/dl><dl class='gallery-item'>\n\t\t\t<dt class='gallery-icon landscape'>\n\t\t\t\t<a href='https:\/\/www.visit-ulcinj.com\/blog\/2009\/05\/14\/ah-odmor-u-ulcinj-crna-gora-letovanje-od-6e\/ulcinj-crna-gora_letovanjeleto-2009-od-5e5\/'><img width=\"150\" height=\"150\" src=\"https:\/\/www.visit-ulcinj.com\/blog\/wp-content\/uploads\/2009\/05\/ulcinj-crna-gora_letovanjeleto-2009-od-5e5-150x150.jpg\" class=\"attachment-thumbnail size-thumbnail\" alt=\"\" loading=\"lazy\" \/><\/a>\n\t\t\t<\/dt><\/dl><br style=\"clear: both\" \/><dl class='gallery-item'>\n\t\t\t<dt class='gallery-icon landscape'>\n\t\t\t\t<a href='https:\/\/www.visit-ulcinj.com\/blog\/2009\/05\/14\/ah-odmor-u-ulcinj-crna-gora-letovanje-od-6e\/ulcinj-crna-gora_letovanjeleto-2009-od-5e6\/'><img width=\"150\" height=\"150\" src=\"https:\/\/www.visit-ulcinj.com\/blog\/wp-content\/uploads\/2009\/05\/ulcinj-crna-gora_letovanjeleto-2009-od-5e6-150x150.jpg\" class=\"attachment-thumbnail size-thumbnail\" alt=\"\" loading=\"lazy\" \/><\/a>\n\t\t\t<\/dt><\/dl><dl class='gallery-item'>\n\t\t\t<dt class='gallery-icon landscape'>\n\t\t\t\t<a href='https:\/\/www.visit-ulcinj.com\/blog\/2009\/05\/14\/ah-odmor-u-ulcinj-crna-gora-letovanje-od-6e\/ulcinj-crna-gora_letovanjeleto-2009-od-5e7\/'><img width=\"150\" height=\"150\" src=\"https:\/\/www.visit-ulcinj.com\/blog\/wp-content\/uploads\/2009\/05\/ulcinj-crna-gora_letovanjeleto-2009-od-5e7-150x150.jpg\" class=\"attachment-thumbnail size-thumbnail\" alt=\"\" loading=\"lazy\" \/><\/a>\n\t\t\t<\/dt><\/dl><dl class='gallery-item'>\n\t\t\t<dt class='gallery-icon landscape'>\n\t\t\t\t<a href='https:\/\/www.visit-ulcinj.com\/blog\/2009\/05\/14\/ah-odmor-u-ulcinj-crna-gora-letovanje-od-6e\/ulcinj-crna-gora_letovanjeleto-2009-od-5e8\/'><img width=\"150\" height=\"150\" src=\"https:\/\/www.visit-ulcinj.com\/blog\/wp-content\/uploads\/2009\/05\/ulcinj-crna-gora_letovanjeleto-2009-od-5e8-150x150.jpg\" class=\"attachment-thumbnail size-thumbnail\" alt=\"\" loading=\"lazy\" \/><\/a>\n\t\t\t<\/dt><\/dl><br style=\"clear: both\" \/><dl class='gallery-item'>\n\t\t\t<dt class='gallery-icon landscape'>\n\t\t\t\t<a href='https:\/\/www.visit-ulcinj.com\/blog\/2009\/05\/14\/ah-odmor-u-ulcinj-crna-gora-letovanje-od-6e\/ulcinj-crna-gora_letovanjeleto-2009-od-5e9\/'><img width=\"150\" height=\"150\" src=\"https:\/\/www.visit-ulcinj.com\/blog\/wp-content\/uploads\/2009\/05\/ulcinj-crna-gora_letovanjeleto-2009-od-5e9-150x150.jpg\" class=\"attachment-thumbnail size-thumbnail\" alt=\"\" loading=\"lazy\" \/><\/a>\n\t\t\t<\/dt><\/dl><dl class='gallery-item'>\n\t\t\t<dt class='gallery-icon landscape'>\n\t\t\t\t<a href='https:\/\/www.visit-ulcinj.com\/blog\/2009\/05\/14\/ah-odmor-u-ulcinj-crna-gora-letovanje-od-6e\/ulcinj-crna-gora_letovanjeleto-2009-od-5e10\/'><img width=\"150\" height=\"150\" src=\"https:\/\/www.visit-ulcinj.com\/blog\/wp-content\/uploads\/2009\/05\/ulcinj-crna-gora_letovanjeleto-2009-od-5e10-150x150.jpg\" class=\"attachment-thumbnail size-thumbnail\" alt=\"\" loading=\"lazy\" \/><\/a>\n\t\t\t<\/dt><\/dl><dl class='gallery-item'>\n\t\t\t<dt class='gallery-icon landscape'>\n\t\t\t\t<a href='https:\/\/www.visit-ulcinj.com\/blog\/2009\/05\/14\/ah-odmor-u-ulcinj-crna-gora-letovanje-od-6e\/ulcinj-crna-gora_letovanjeleto-2009-od-5e151\/'><img width=\"150\" height=\"150\" src=\"https:\/\/www.visit-ulcinj.com\/blog\/wp-content\/uploads\/2009\/05\/ulcinj-crna-gora_letovanjeleto-2009-od-5e151-150x150.jpg\" class=\"attachment-thumbnail size-thumbnail\" alt=\"\" loading=\"lazy\" \/><\/a>\n\t\t\t<\/dt><\/dl><br style=\"clear: both\" \/>\n\t\t<\/div>\n\n<!--YouTube Error: bad URL entered-->\n","protected":false},"excerpt":{"rendered":"<p>Mobil: Viber + Whatsapp: +382 69 335 534\u00a0 : +382 69 335 512 Letovanje jeftinije u Ulcinju od 7 eura na dan po osobi Najjuzniji grad na Crnogorskoj obali. Ulcinj je svojim prirodnim potencijalima preodredjen za turizam. Najduza pjescana plaza na Jadranskom moru &#8211; Velika plaza duga 13km, Ada Bojana &#8211; jedinstveno rijecno ostrvo sa [&hellip;]<\/p>\n","protected":false},"author":1,"featured_media":0,"comment_status":"open","ping_status":"closed","sticky":false,"template":"","format":"standard","meta":{"spay_email":"","jetpack_publicize_message":"","jetpack_is_tweetstorm":false,"jetpack_publicize_feature_enabled":true},"categories":[7679],"tags":[3368,4032,10368,3541,10369,10370,3542,5358,2227,2228,748,3520,2862,10364,10394,2229,2230,2231,10395,10353,10365,10396,10349,2232,2233,2234,2235,2236,2237,10366,2240,2241,2243,2242,10367,21,2244,2245,3539,3540,10342,10397,10398,10400,10399,2246,2247,10371,10355,10356,10372,2248,2249,1789,3543,2250,10401,2252,3967,2253,3544,1499,2255,2254,2256,10351,10348,3363,10389,2260,2261,2262,10373,2263,10402,10403,2264,2265,3548,10404,1924,2267,10390,2440,2268,10350,3324,3330,10405,10374,10406,3331,10407,10408,2270,3327,10354,10343,3550,3551,3552,10375,3350,3553,2271,10410,10409,10376,3523,2272,79,1716,2273,10411,2277,2278,3323,10391,10352,3334,3353,2279,10345,3554,3602,10377,3555,3556,3356,10412,10378,3335,10379,1542,3557,10413,10414,3341,3558,10415,10416,3527,10380,10381,3361,2280,10382,2281,2282,1503,3328,3559,2284,10392,2285,2286,3359,10347,3560,2351,10418,3354,10346,10419,9581,10383,3563,1502,10384,1334,10385,3564,3565,3696,3316,19,10386,10387,10420,3329,10388,10421,3566,10422,3567,3569,3568,3570,3333,3360,1923,3337,2274,2275,10344,3355,2276,3326,10393,3561,3562,10417,3572,3571],"jetpack_publicize_connections":[],"yoast_head":"<!-- This site is optimized with the Yoast SEO plugin v19.1 - https:\/\/yoast.com\/wordpress\/plugins\/seo\/ -->\n<title>Ah odmor u Ulcinj, Crna Gora: Letovanje od 7\u20ac - Lajme nga Ulqini<\/title>\n<meta name=\"description\" content=\"Mobil: Viber + Whatsapp: +382 69 335 534\u00a0 : +382 69 335 512 Letovanje jeftinije u Ulcinju od 7 eura na dan po osobi Najjuzniji grad na Crnogorskoj obali.\" \/>\n<meta name=\"robots\" content=\"index, follow, max-snippet:-1, max-image-preview:large, max-video-preview:-1\" \/>\n<link rel=\"canonical\" href=\"https:\/\/www.visit-ulcinj.com\/blog\/2009\/05\/14\/ah-odmor-u-ulcinj-crna-gora-letovanje-od-6e\/\" \/>\n<meta property=\"og:locale\" content=\"en_US\" \/>\n<meta property=\"og:type\" content=\"article\" \/>\n<meta property=\"og:title\" content=\"Ah odmor u Ulcinj, Crna Gora: Letovanje od 7\u20ac - Lajme nga Ulqini\" \/>\n<meta property=\"og:description\" content=\"Mobil: Viber + Whatsapp: +382 69 335 534\u00a0 : +382 69 335 512 Letovanje jeftinije u Ulcinju od 7 eura na dan po osobi Najjuzniji grad na Crnogorskoj obali.\" \/>\n<meta property=\"og:url\" content=\"https:\/\/www.visit-ulcinj.com\/blog\/2009\/05\/14\/ah-odmor-u-ulcinj-crna-gora-letovanje-od-6e\/\" \/>\n<meta property=\"og:site_name\" content=\"Lajme nga Ulqini\" \/>\n<meta property=\"article:published_time\" content=\"2009-05-14T09:50:52+00:00\" \/>\n<meta property=\"article:modified_time\" content=\"2023-04-01T12:45:02+00:00\" \/>\n<meta property=\"og:image\" content=\"http:\/\/www.visit-ulcinj.com\/blog\/wp-content\/uploads\/2009\/05\/ulcinj-crna-gora_letovanjeleto-2009-od-5e14-150x150.jpg\" \/>\n<meta name=\"twitter:label1\" content=\"Written by\" \/>\n\t<meta name=\"twitter:data1\" content=\"ulqini\" \/>\n\t<meta name=\"twitter:label2\" content=\"Est. reading time\" \/>\n\t<meta name=\"twitter:data2\" content=\"2 minutes\" \/>\n<script type=\"application\/ld+json\" class=\"yoast-schema-graph\">{\"@context\":\"https:\/\/schema.org\",\"@graph\":[{\"@type\":\"WebSite\",\"@id\":\"https:\/\/www.visit-ulcinj.com\/blog\/#website\",\"url\":\"https:\/\/www.visit-ulcinj.com\/blog\/\",\"name\":\"Lajme nga Ulqini\",\"description\":\"Lajme,Vijesti,Ulqini,Ulqin,Crna Gora,Mali i Zi\",\"potentialAction\":[{\"@type\":\"SearchAction\",\"target\":{\"@type\":\"EntryPoint\",\"urlTemplate\":\"https:\/\/www.visit-ulcinj.com\/blog\/?s={search_term_string}\"},\"query-input\":\"required name=search_term_string\"}],\"inLanguage\":\"en-US\"},{\"@type\":\"ImageObject\",\"inLanguage\":\"en-US\",\"@id\":\"https:\/\/www.visit-ulcinj.com\/blog\/2009\/05\/14\/ah-odmor-u-ulcinj-crna-gora-letovanje-od-6e\/#primaryimage\",\"url\":\"https:\/\/www.visit-ulcinj.com\/blog\/wp-content\/uploads\/2009\/05\/ulcinj-crna-gora_letovanjeleto-2009-od-5e151.jpg\",\"contentUrl\":\"https:\/\/www.visit-ulcinj.com\/blog\/wp-content\/uploads\/2009\/05\/ulcinj-crna-gora_letovanjeleto-2009-od-5e151.jpg\",\"width\":\"800\",\"height\":\"600\"},{\"@type\":\"WebPage\",\"@id\":\"https:\/\/www.visit-ulcinj.com\/blog\/2009\/05\/14\/ah-odmor-u-ulcinj-crna-gora-letovanje-od-6e\/#webpage\",\"url\":\"https:\/\/www.visit-ulcinj.com\/blog\/2009\/05\/14\/ah-odmor-u-ulcinj-crna-gora-letovanje-od-6e\/\",\"name\":\"Ah odmor u Ulcinj, Crna Gora: Letovanje od 7\u20ac - Lajme nga Ulqini\",\"isPartOf\":{\"@id\":\"https:\/\/www.visit-ulcinj.com\/blog\/#website\"},\"primaryImageOfPage\":{\"@id\":\"https:\/\/www.visit-ulcinj.com\/blog\/2009\/05\/14\/ah-odmor-u-ulcinj-crna-gora-letovanje-od-6e\/#primaryimage\"},\"datePublished\":\"2009-05-14T09:50:52+00:00\",\"dateModified\":\"2023-04-01T12:45:02+00:00\",\"author\":{\"@id\":\"https:\/\/www.visit-ulcinj.com\/blog\/#\/schema\/person\/dcab619c614d3038751c63bc2aadc06d\"},\"description\":\"Mobil: Viber + Whatsapp: +382 69 335 534\u00a0 : +382 69 335 512 Letovanje jeftinije u Ulcinju od 7 eura na dan po osobi Najjuzniji grad na Crnogorskoj obali.\",\"breadcrumb\":{\"@id\":\"https:\/\/www.visit-ulcinj.com\/blog\/2009\/05\/14\/ah-odmor-u-ulcinj-crna-gora-letovanje-od-6e\/#breadcrumb\"},\"inLanguage\":\"en-US\",\"potentialAction\":[{\"@type\":\"ReadAction\",\"target\":[\"https:\/\/www.visit-ulcinj.com\/blog\/2009\/05\/14\/ah-odmor-u-ulcinj-crna-gora-letovanje-od-6e\/\"]}]},{\"@type\":\"BreadcrumbList\",\"@id\":\"https:\/\/www.visit-ulcinj.com\/blog\/2009\/05\/14\/ah-odmor-u-ulcinj-crna-gora-letovanje-od-6e\/#breadcrumb\",\"itemListElement\":[{\"@type\":\"ListItem\",\"position\":1,\"name\":\"Ah odmor u Ulcinj, Crna Gora: Letovanje od 7\u20ac\"}]},{\"@type\":\"Person\",\"@id\":\"https:\/\/www.visit-ulcinj.com\/blog\/#\/schema\/person\/dcab619c614d3038751c63bc2aadc06d\",\"name\":\"ulqini\",\"sameAs\":[\"http:\/\/www.visit-ulcinj.com\"],\"url\":\"https:\/\/www.visit-ulcinj.com\/blog\/author\/admin\/\"}]}<\/script>\n<!-- \/ Yoast SEO plugin. -->","yoast_head_json":{"title":"Ah odmor u Ulcinj, Crna Gora: Letovanje od 7\u20ac - Lajme nga Ulqini","description":"Mobil: Viber + Whatsapp: +382 69 335 534\u00a0 : +382 69 335 512 Letovanje jeftinije u Ulcinju od 7 eura na dan po osobi Najjuzniji grad na Crnogorskoj obali.","robots":{"index":"index","follow":"follow","max-snippet":"max-snippet:-1","max-image-preview":"max-image-preview:large","max-video-preview":"max-video-preview:-1"},"canonical":"https:\/\/www.visit-ulcinj.com\/blog\/2009\/05\/14\/ah-odmor-u-ulcinj-crna-gora-letovanje-od-6e\/","og_locale":"en_US","og_type":"article","og_title":"Ah odmor u Ulcinj, Crna Gora: Letovanje od 7\u20ac - Lajme nga Ulqini","og_description":"Mobil: Viber + Whatsapp: +382 69 335 534\u00a0 : +382 69 335 512 Letovanje jeftinije u Ulcinju od 7 eura na dan po osobi Najjuzniji grad na Crnogorskoj obali.","og_url":"https:\/\/www.visit-ulcinj.com\/blog\/2009\/05\/14\/ah-odmor-u-ulcinj-crna-gora-letovanje-od-6e\/","og_site_name":"Lajme nga Ulqini","article_published_time":"2009-05-14T09:50:52+00:00","article_modified_time":"2023-04-01T12:45:02+00:00","og_image":[{"url":"http:\/\/www.visit-ulcinj.com\/blog\/wp-content\/uploads\/2009\/05\/ulcinj-crna-gora_letovanjeleto-2009-od-5e14-150x150.jpg"}],"twitter_misc":{"Written by":"ulqini","Est. reading time":"2 minutes"},"schema":{"@context":"https:\/\/schema.org","@graph":[{"@type":"WebSite","@id":"https:\/\/www.visit-ulcinj.com\/blog\/#website","url":"https:\/\/www.visit-ulcinj.com\/blog\/","name":"Lajme nga Ulqini","description":"Lajme,Vijesti,Ulqini,Ulqin,Crna Gora,Mali i Zi","potentialAction":[{"@type":"SearchAction","target":{"@type":"EntryPoint","urlTemplate":"https:\/\/www.visit-ulcinj.com\/blog\/?s={search_term_string}"},"query-input":"required name=search_term_string"}],"inLanguage":"en-US"},{"@type":"ImageObject","inLanguage":"en-US","@id":"https:\/\/www.visit-ulcinj.com\/blog\/2009\/05\/14\/ah-odmor-u-ulcinj-crna-gora-letovanje-od-6e\/#primaryimage","url":"https:\/\/www.visit-ulcinj.com\/blog\/wp-content\/uploads\/2009\/05\/ulcinj-crna-gora_letovanjeleto-2009-od-5e151.jpg","contentUrl":"https:\/\/www.visit-ulcinj.com\/blog\/wp-content\/uploads\/2009\/05\/ulcinj-crna-gora_letovanjeleto-2009-od-5e151.jpg","width":"800","height":"600"},{"@type":"WebPage","@id":"https:\/\/www.visit-ulcinj.com\/blog\/2009\/05\/14\/ah-odmor-u-ulcinj-crna-gora-letovanje-od-6e\/#webpage","url":"https:\/\/www.visit-ulcinj.com\/blog\/2009\/05\/14\/ah-odmor-u-ulcinj-crna-gora-letovanje-od-6e\/","name":"Ah odmor u Ulcinj, Crna Gora: Letovanje od 7\u20ac - Lajme nga Ulqini","isPartOf":{"@id":"https:\/\/www.visit-ulcinj.com\/blog\/#website"},"primaryImageOfPage":{"@id":"https:\/\/www.visit-ulcinj.com\/blog\/2009\/05\/14\/ah-odmor-u-ulcinj-crna-gora-letovanje-od-6e\/#primaryimage"},"datePublished":"2009-05-14T09:50:52+00:00","dateModified":"2023-04-01T12:45:02+00:00","author":{"@id":"https:\/\/www.visit-ulcinj.com\/blog\/#\/schema\/person\/dcab619c614d3038751c63bc2aadc06d"},"description":"Mobil: Viber + Whatsapp: +382 69 335 534\u00a0 : +382 69 335 512 Letovanje jeftinije u Ulcinju od 7 eura na dan po osobi Najjuzniji grad na Crnogorskoj obali.","breadcrumb":{"@id":"https:\/\/www.visit-ulcinj.com\/blog\/2009\/05\/14\/ah-odmor-u-ulcinj-crna-gora-letovanje-od-6e\/#breadcrumb"},"inLanguage":"en-US","potentialAction":[{"@type":"ReadAction","target":["https:\/\/www.visit-ulcinj.com\/blog\/2009\/05\/14\/ah-odmor-u-ulcinj-crna-gora-letovanje-od-6e\/"]}]},{"@type":"BreadcrumbList","@id":"https:\/\/www.visit-ulcinj.com\/blog\/2009\/05\/14\/ah-odmor-u-ulcinj-crna-gora-letovanje-od-6e\/#breadcrumb","itemListElement":[{"@type":"ListItem","position":1,"name":"Ah odmor u Ulcinj, Crna Gora: Letovanje od 7\u20ac"}]},{"@type":"Person","@id":"https:\/\/www.visit-ulcinj.com\/blog\/#\/schema\/person\/dcab619c614d3038751c63bc2aadc06d","name":"ulqini","sameAs":["http:\/\/www.visit-ulcinj.com"],"url":"https:\/\/www.visit-ulcinj.com\/blog\/author\/admin\/"}]}},"jetpack_featured_media_url":"","jetpack_sharing_enabled":true,"jetpack_shortlink":"https:\/\/wp.me\/pe6lTn-5xo","_links":{"self":[{"href":"https:\/\/www.visit-ulcinj.com\/blog\/wp-json\/wp\/v2\/posts\/21290"}],"collection":[{"href":"https:\/\/www.visit-ulcinj.com\/blog\/wp-json\/wp\/v2\/posts"}],"about":[{"href":"https:\/\/www.visit-ulcinj.com\/blog\/wp-json\/wp\/v2\/types\/post"}],"author":[{"embeddable":true,"href":"https:\/\/www.visit-ulcinj.com\/blog\/wp-json\/wp\/v2\/users\/1"}],"replies":[{"embeddable":true,"href":"https:\/\/www.visit-ulcinj.com\/blog\/wp-json\/wp\/v2\/comments?post=21290"}],"version-history":[{"count":8,"href":"https:\/\/www.visit-ulcinj.com\/blog\/wp-json\/wp\/v2\/posts\/21290\/revisions"}],"predecessor-version":[{"id":106920,"href":"https:\/\/www.visit-ulcinj.com\/blog\/wp-json\/wp\/v2\/posts\/21290\/revisions\/106920"}],"wp:attachment":[{"href":"https:\/\/www.visit-ulcinj.com\/blog\/wp-json\/wp\/v2\/media?parent=21290"}],"wp:term":[{"taxonomy":"category","embeddable":true,"href":"https:\/\/www.visit-ulcinj.com\/blog\/wp-json\/wp\/v2\/categories?post=21290"},{"taxonomy":"post_tag","embeddable":true,"href":"https:\/\/www.visit-ulcinj.com\/blog\/wp-json\/wp\/v2\/tags?post=21290"}],"curies":[{"name":"wp","href":"https:\/\/api.w.org\/{rel}","templated":true}]}}