{"id":2136,"date":"2008-07-01T11:34:01","date_gmt":"2008-07-01T16:34:01","guid":{"rendered":"http:\/\/www.visit-ulcinj.com\/blog\/?p=2136"},"modified":"2008-07-01T11:38:38","modified_gmt":"2008-07-01T16:38:38","slug":"menaxhimi-i-vlerave-kulturore","status":"publish","type":"post","link":"https:\/\/www.visit-ulcinj.com\/blog\/2008\/07\/01\/menaxhimi-i-vlerave-kulturore\/","title":{"rendered":"Menaxhimi i vlerave kulturore"},"content":{"rendered":"<p><a title=\"Ulcinj-ulqini-ulqin,montenegro\" href=\"http:\/\/www.visit-ulcinj.com\/gallery\/main.php?g2_view=core.DownloadItem&amp;g2_itemId=6682&amp;g2_serialNumber=4\" target=\"_blank\"><img loading=\"lazy\" class=\"alignleft\" style=\"float: left;\" src=\"http:\/\/farm1.static.flickr.com\/70\/198743174_a352edec0a.jpg\" alt=\"Kalaja e ulqinit\" width=\"335\" height=\"224\" \/><\/a><strong>Kultura dhe Turizmi (1)<\/strong><br \/>\n\u00c7\u00ebshtje t\u00eb ve\u00e7ant\u00eb paraqesin monumentet kulturo-historike dhe sa jan\u00eb menaxhuar vlerat e tyre kulturore, duke marr\u00eb parasysh se ato tregojn\u00eb n\u00eb m\u00ebnyr\u00eb transparente t\u00eb kaluar\u00ebn e k\u00ebtij mjedisi. N\u00eb k\u00ebt\u00eb aspekt p\u00ebrgjegj\u00ebsia kryesore bie mbi pushtetin vendor por edhe t\u00eb republik\u00ebs, sepse nuk jan\u00eb angazhuar seriozisht q\u00eb vlerat ekzistuese t\u2019i prezentohen opinionit t\u00eb gjer\u00eb, e sidomos klientel\u00ebs turistike. N\u00ebse turist\u00ebt e shumt\u00eb t\u00eb cil\u00ebt vizitojn\u00eb Ulqinin gjat\u00eb ver\u00ebs p\u00ebr Qytetin e Vjet\u00ebr-Kalan\u00eb kan\u00eb njohuri elementare, p\u00ebr monumentet e tjera kulturo-historike jan\u00eb t\u00eb painformuar pothuaj t\u00ebr\u00ebsisht.<a title=\"kalaja e ulqinit\" href=\"http:\/\/www.visit-ulcinj.com\/gallery\/main.php?g2_view=core.DownloadItem&amp;g2_itemId=2979&amp;g2_serialNumber=3\" target=\"_blank\"><img loading=\"lazy\" class=\"alignright\" style=\"float: right;\" src=\"http:\/\/www.visit-ulcinj.com\/gallery\/main.php?g2_view=core.DownloadItem&amp;g2_itemId=2979&amp;g2_serialNumber=3\" alt=\"Kalaja e ulqinit\" width=\"205\" height=\"140\" \/><\/a><br \/>\nN\u00eb bot\u00ebn bashk\u00ebkohore ku turizmi \u00ebsht\u00eb veprimtari par\u00ebsore ekonomike subjektet p\u00ebrkat\u00ebse n\u00eb agjenden vjetore t\u00eb organizimit kujdes t\u00eb ve\u00e7ant\u00eb i kushtojn\u00eb kultur\u00ebs duke ndar\u00eb mjete t\u00eb konsiderueshme, sepse \u00ebsht\u00eb pik\u00ebrisht kultura e cila ofron vlera p\u00ebr klientelen turistike. Andaj n\u00eb k\u00ebt\u00eb gam\u00eb angazhohen individ\u00eb t\u00eb specializuar t\u00eb cil\u00ebt si fokus t\u00eb veprimtaris\u00eb s\u00eb tyre kan\u00eb menaxhimin e vlerave kulturore t\u00eb cilat paraqesin ofert\u00eb t\u00eb ve\u00e7ant\u00eb t\u00eb \u00e7do mjedisi turistik. Pik\u00ebrisht nga nj\u00eb veprimtari e till\u00eb ka lindur edhe termi turizmi kulturor i cili ne dekadat e fundit \u00ebsht\u00eb b\u00ebr\u00eb sinonim i turizmit bashk\u00ebkohor q\u00eb paraqet atraksion t\u00eb ve\u00e7ant\u00eb p\u00ebr t\u00eb gjitha mjediset turistike.<br \/>\n<a title=\"kalaja e ulqinit\" href=\"http:\/\/www.visit-ulcinj.com\/gallery\/main.php?g2_view=core.DownloadItem&amp;g2_itemId=2980&amp;g2_serialNumber=3\" target=\"_blank\"><img loading=\"lazy\" class=\"alignleft\" style=\"float: left;\" src=\"http:\/\/www.visit-ulcinj.com\/gallery\/main.php?g2_view=core.DownloadItem&amp;g2_itemId=2980&amp;g2_serialNumber=3\" alt=\"Kalaja e ulqinit\" width=\"271\" height=\"180\" \/><\/a><strong>1. Vlerat kulturore dhe klientela turistike<\/strong><br \/>\n\u00cbsht\u00eb e njohur se turizmi si veprimtari shoq\u00ebrore \u00ebsht\u00eb shum\u00eb komplekse dhe kjo \u00e7\u00ebshtje \u00ebsht\u00eb trajtuar nga shum\u00eb aspekte nga studiues t\u00eb profileve t\u00eb ndryshme. N\u00eb k\u00ebt\u00eb aspekt vazhdimisht jan\u00eb trajtuar nd\u00ebrlidhjet e turizmit me kultur\u00ebn, duke theksuar se vlerat kulturore jan\u00eb nj\u00eb destinacion i ve\u00e7ant\u00eb p\u00ebr klientel\u00ebn turistike.<br \/>\nDihet se disa mjedise t\u00eb ndryshme kan\u00eb rritur imazhin e tyre turistik n\u00eb saje t\u00eb monument\u00ebve kulturore-historike. Nuk ka dilem\u00eb se n\u00eb qytetet e ndryshme n\u00eb k\u00ebt\u00eb aspekt p\u00ebrpar\u00ebsi kan\u00eb qytetet e vjetra, q\u00eb paraqesin atraksion t\u00eb ve\u00e7ant\u00eb kulturor dhe turistik.<br \/>\nNj\u00eb dukuri e till\u00eb \u00ebsht\u00eb e pranishme kudo n\u00eb bot\u00ebn bashk\u00ebkohore, sepse klientel\u00ebs turistike p\u00ebrve\u00e7 plazheve, ujit t\u00eb detit, natyr\u00ebs i intereson t\u00eb d\u00ebfrehet, duke shijuar edhe motivet antropogjene turistike te mjedisit p\u00ebrkat\u00ebs. N\u00eb k\u00ebt\u00eb aspekt nuk b\u00ebn p\u00ebrjashtim as qyteti i Ulqinit. Por, pyetja \u00ebsht\u00eb se sa i afrohen klientel\u00ebs turistike n\u00eb m\u00ebnyr\u00eb cil\u00ebsore vlerat ekzistuese kulturore t\u00eb k\u00ebtij mjedisi dhe sa \u00ebsht\u00eb i angazhuar ne k\u00ebt\u00eb drejtim pushteti vendor dhe subjektet e tjera q\u00eb merren me turiz\u00ebm.<br \/>\n<strong>2.Menaxhimi i vlerave kulturor<\/strong><img loading=\"lazy\" class=\"alignright\" style=\"float: right;\" src=\"http:\/\/www.visit-ulcinj.com\/gallery\/main.php?g2_itemId=6782\" alt=\"skena verore ulqin\" width=\"1\" height=\"1\" \/><br \/>\n<a title=\"Ulcinj-ulqini-ulqin,montenegro\" href=\"http:\/\/www.visit-ulcinj.com\/gallery\/main.php?g2_view=core.DownloadItem&amp;g2_itemId=6783&amp;g2_serialNumber=4\" target=\"_blank\"><img loading=\"lazy\" class=\"alignright\" style=\"float: right;\" src=\"http:\/\/www.visit-ulcinj.com\/gallery\/main.php?g2_view=core.DownloadItem&amp;g2_itemId=6783&amp;g2_serialNumber=4\" alt=\"ULCINJ,ULQINI,ULQIN,MONTENEGRO\" width=\"310\" height=\"231\" \/><\/a>\u00c7\u00ebshtje t\u00eb ve\u00e7ant\u00eb paraqesin monumentet kulturo-historike dhe sa jan\u00eb menaxhuar vlerat e tyre kulturore, duke marr\u00eb parasysh se ato tregojn\u00eb n\u00eb m\u00ebnyr\u00eb transparente t\u00eb kaluar\u00ebn e k\u00ebtij mjedisi. N\u00eb k\u00ebt\u00eb aspekt p\u00ebrgjegj\u00ebsia kryesore bie mbi pushtetin vendor, por edhe republikan, sepse nuk jan\u00eb angazhuar seriozisht q\u00eb vlerat ekzistuese ti prezentohen opinionit t\u00eb gjer\u00eb, e sidomos klientel\u00ebs turistike. N\u00ebse turist\u00ebt e shumt\u00eb q\u00eb vizitojn\u00eb Ulqinin gjat\u00eb ver\u00ebs p\u00ebr Qytetin e Vjet\u00ebr-Kalan\u00eb kan\u00eb njohuri elementare, p\u00ebr monumentet e tjera kulturo-historike jan\u00eb t\u00eb painformuar pothuaj t\u00ebr\u00ebsisht. Andaj ne ket\u00eb aspekt nevoitet nj\u00eb angazhim konkret kryesisht nga pushteti vendor q\u00eb duhet t\u00eb obligoj\u00eb p\u00ebrfaq\u00ebsuesit e agjensive t\u00eb ndryshme turistike q\u00eb n\u00eb programet e tyre turistike t\u00eb jen\u00eb edhe Kalaja dhe monumentet e tjera e jo ato t\u00eb anashkalohen si deri m\u00eb tash. Nuk mund t\u00eb arsyetohet qendrimi anashkalues apo idiferent i agjensive turistike ndaj qytetit t\u00eb Ulqinit n\u00eb p\u00ebrgjith\u00ebsi, kur dihet se k\u00ebtu q\u00ebndrojn\u00eb kalimthi apo shum\u00eb pak duke mos i ofruar klientel\u00ebs vlerat e mir\u00ebfillta kulturore dhe historike t\u00eb k\u00ebtij qyteti. Pse veprohet k\u00ebshtu mund vet\u00ebm t\u00eb paragjykojm\u00eb, por kemi informata se t\u00eb nj\u00ebjt\u00ebt n\u00eb qytetet tjera qendrojn\u00eb m\u00eb or\u00eb t\u00eb t\u00ebra, e dh\u00ebn\u00eb kjo e mjaftueshme p\u00ebr t\u00eb kuptuar edhe prapavin\u00eb e k\u00ebtij veprimi.<strong><br \/>\nAutor \/ Nail Draga<br \/>\nBurimi \/ Koha Javore<\/strong><\/p>\n<p><strong><br \/>\n<\/strong><!-- vimeo error: not a vimeo video --><br \/>\n<a class=\"aligncenter\" title=\"Apatin,  Aran?elovac,  ?uprija,  ?a?ak,  ?apljina,  ?itluk,  \u0160abac,  \u0160ipovo,  \u0160iroki Brijeg,  \u017dep?e,  \u017divinice,  Ba?ka Palanka,  Banja Luka,  Banovi?i,  Be?ej,  beograd,  Biha?,  Bijeljina,  Bor,  Bor?a,  Bosanska Gradi\u0161ka,  Bosanska Krupa,  Bosanski \u0160amac,  Bosanski Brod,  Bosanski Novi,  Br?ko,  Bu\u017eim,  Bugojno,  Cazin,  Crna Gora,  Derventa,  Doboj,  Donji Vakuf,  Drvar,  Dubrovnik,  Fo?a,  Fojnica,  Glamo?,  Gora\u017ede,  Gornji Milanovac,  Gornji Vakuf,  gostivar,  Gra?anica,  Grada?ac,  Gradiska,  Grahovo,  Had\u017ei?i,  Ilid\u017ea,  In?ija,  Jablanica,  Jagodina,  Jajce,  Kakanj,  Kalu?erica,  Kikinda,  Klju?,  Konjic,Vacation Apartments Room in Ulcinj,Unterkunft in Ulcinj Montenegro,Vacations in Ulcinj,your holiday discount price ulcinj,Ulcinj Apartments Holiday,holiday vacation apartment ulcinj,Real Estate Property Vacation ulcinj,Holiday accommodation ulcinj,ulcinj Holiday Villas and Apartments ,Hotels and Resorts - Ulcinj, Kotor Varo\u0161,  Kragujevac,  Kraljevo,  Kru\u0161evac,  Kula,  Kupres,  Lakta\u0161i,  Lazarevac,  Leskovac,  Livno,  Ljubinje,  ljublana,  Ljubu\u0161ki,  Loznica,  Lukavac,  Maglaj,  Mladenovac,  Modri?a,  montenegro erlajnz,  mostar,  Mrkonji? Grad,  Neum,  Ni\u0161,  Novi Pazar,  Novi Sad,  Novi Travnik,  Obrenovac,  Od\u017eak,  ohrid,  Ora\u0161je,  Pale,  Pan?evo,  Para?in,  Pirot,  Po\u017earevac,  Podgorica,  Priboj,  Prijedor,  Prokuplje,  Prozor,  pula,  rijeka,  Ruma,  Sanski Most,  Sarajevo,  Senta,  serbija,  sibenik,  skopje,  Smederevo,  Smederevska Palanka,  Sokolac,  Sombor,  split,  Srebrenica,  Srebrenik,  Sremska Mitrovica,  Stolac,  Struga,  Subotica,  Temerin,  Tesli?,  tetovo,  Travnik,  Trebinje,  tuzla,  U\u017eice,  ulcinj,  Valjevo,  Velika Kladu\u0161a,  Vi\u0161egrad,  Visoko,  Vitez,  Vogo\u0161?a,  vojvodina,  Vranje,  Vr\u0161ac,  Vrbas,  zadar,  Zagreb,  Zaje?ar,  Zavidovi?i,  Zenica,  Zrenjanin,  Zvornik,copacabana ulcinj,  h\u00f4tels,  hotel ulqin,  Kosova,  Mali i Zi,  Maqedonija,  Montenegro,  montenegro tourisme plage,  montenegro ulcinj,  Shpallje Falas,  Shpallje Falas per shitjen e shtepis se juaj,  Shpallje Falas per villat e juaj,  Shpallje Falas Real Estate,  Shpallje Falas turistike,  shqiperija,  tourisme,  Ulci?,  ulcinj,  ulqin,  ulqin hotel,  ulqini,  ulqini 2007,Ada Bojana,  Alba?czyk,  Cita di Dolcino,  Copacabana,  Czarnog\u00f3ra,  Czarnog\u00f3rzec,  Don Kichota,  Ma?a Pla?a,  Mandra,  MIGUEL DE SERVANTES,  p\u00f3?wyspy Marjan,  Pla?a Valdanos,  Rzeka Bojana,  Shas \/ \u0160as \/ Sva?,  Ulci?,  Ulcinjsk? Riwier?,  Wielka Pla?a,  Wyspa Bojana,WELCOME ,BIENVENUE , WILLKOMMEN ,- BENVENUTO ,- MIR\u00cb SE VINI ,- DOBRO DO\u0160LI TO ULCINJ \/ ULQIN ,\u2013 MONTENEGRO ,????? ?????????? ,- VITAJTE, - BRUCHIM HABAYIM ,-V\u00cdTEJTE, - WITAJCIE, - KHOSH \u00c2MAD\u00ceD ,- BITAEMO ,- CHAIRE, - ZAPRASHAJEM ,- V\u00c4LKOMMEN,  - VELKOMMEN ,- DOBRE DOSHLE, - PARI YEGAK ,- SW\u00c2GATAM, - ISTEN HOZTA, - ZAYT VILKUM, - HO?GELDINIZ ,- BIENVENIDOS ,- SUSHRI AKAL, - HUSH KILDEGEZ, - BUN VENIT, - PE KHER RAGLE, - BEM-VINDO, - HUAN YIN ,- BIEN ATI VENI ,- \u00c2SANTU ,- SELAMAT DATANG, - W\u00cbLLKOMM ,- XUSH AMD\u00ceD, - SVEIKI, - HUN BI XER HATIN, - KIRINIZ ,- ENNA ,VISHAYAM ,- MERHABA ,- F\u00c1ILTE, - VELKOMINN ,- VAELKOMIN, - TERE TULEMAST ,- M\u00c4RSHA W\u00daGH\u00cdL ,- MISHTO AVILAN , WELKOM ,- TERVETULOA ,- ONGI ETORRI ,-, REKHIM ITEGEZ ,- XOSH G\u00c4LM\u00ceS\u00c4N, - WILICOM ,- CROESO ,- SHAGATOM, - IRASHAIMASU ,- KEBLAR, - AHUP YAN, - IRKHT ERGANAVIDN, - LUID, - SOHM SW\u00c2KOHM, - URAKAZA ,- KARIBU, - SELAM, - VIDZA ,KORAM -, YEYACHI -, KUSHE - ,BIENVENIDA -, ESIET SVEICINATI ,- FAILT ,- ,KRUPAY\u00c2 \u00c2TUY\u00c2, - MAIEM ,- BENVEGN\u00dcU ,- TAVTAI ,MORIL, - TAMA ,- BENVINUTU ,- SILAMO, - WILUJENG SUMPING ,- MABUHAY ,- GAZHACA \u00cbTISKOM, - DOBRO POZHALOVAT' ,- TISTIK ,- ISIBINGELELO, - BALLE, - INDE TORN LAP ,- SOO DHA WOOW ,- PILIGANIMU, - MALIU MAI, - PASAYKAMOY, - HAERE MAI, - BOYEI BOLAMU ,- BARKA D\u00c1 ZUW\u00c1 ,- W\u00c2CHIY\u00c2 , KOPIVOSIAN ,- SANSOF\u00c9 ,- KALOS ORISATE, - W\u00c4LJKIIMEN ,- ILO LA, - WILKEMEN, - A JARAAMA ,- TUAJ LOS ,- DUMANON CAYO, - ADANAVE ,\u2013 VITAMEVAS , MALI I ZI,CRNA GORA,??????????,???????,??????????, ?ern\u00e1 Hora,TO ULCINJ \/ ULQIN \u2013 MONTENEGRO, Czarnog\u00f3ra, Muntenegru, ????? ????, Montenegr\u00f3,,Holiday ,Beach,Vacation,WELCOME ,BIENVENUE , WILLKOMMEN ,- BENVENUTO ,- MIR\u00cb SE VINI ,- DOBRO DO\u0160LI TO ULCINJ \/ ULQIN ,\u2013 MONTENEGRO ,????? ?????????? ,- VITAJTE, - BRUCHIM HABAYIM ,-V\u00cdTEJTE, - WITAJCIE, - KHOSH \u00c2MAD\u00ceD ,- BITAEMO ,- CHAIRE, - ZAPRASHAJEM ,- V\u00c4LKOMMEN,  - VELKOMMEN ,- DOBRE DOSHLE, - PARI YEGAK ,- SW\u00c2GATAM, - ISTEN HOZTA, - ZAYT VILKUM, - HO?GELDINIZ ,- BIENVENIDOS ,- SUSHRI AKAL, - HUSH KILDEGEZ, - BUN VENIT, - PE KHER RAGLE, - BEM-VINDO, - HUAN YIN ,- BIEN ATI VENI ,- \u00c2SANTU ,- SELAMAT DATANG, - W\u00cbLLKOMM ,- XUSH AMD\u00ceD, - SVEIKI, - HUN BI XER HATIN, - KIRINIZ ,- ENNA ,VISHAYAM ,- MERHABA ,- F\u00c1ILTE, - VELKOMINN ,- VAELKOMIN, - TERE TULEMAST ,- M\u00c4RSHA W\u00daGH\u00cdL ,- MISHTO AVILAN , WELKOM ,- TERVETULOA ,- ONGI ETORRI ,-, REKHIM ITEGEZ ,- XOSH G\u00c4LM\u00ceS\u00c4N, - WILICOM ,- CROESO ,- SHAGATOM, - IRASHAIMASU ,- KEBLAR, - AHUP YAN, - IRKHT ERGANAVIDN, - LUID, - SOHM SW\u00c2KOHM, - URAKAZA ,- KARIBU, - SELAM, - VIDZA ,KORAM -, YEYACHI -, KUSHE - ,BIENVENIDA -, ESIET SVEICINATI ,- FAILT ,- ,KRUPAY\u00c2 \u00c2TUY\u00c2, - MAIEM ,- BENVEGN\u00dcU ,- TAVTAI ,MORIL, - TAMA ,- BENVINUTU ,- SILAMO, - WILUJENG SUMPING ,- MABUHAY ,- GAZHACA \u00cbTISKOM, - DOBRO POZHALOVAT ,- TISTIK ,- ISIBINGELELO, - BALLE, - INDE TORN LAP ,- SOO DHA WOOW ,- PILIGANIMU, - MALIU MAI, - PASAYKAMOY, - HAERE MAI, - BOYEI BOLAMU ,- BARKA D\u00c1 ZUW\u00c1 ,- W\u00c2CHIY\u00c2 , KOPIVOSIAN ,- SANSOF\u00c9 ,- KALOS ORISATE, - W\u00c4LJKIIMEN ,- ILO LA, - WILKEMEN, - A JARAAMA ,- TUAJ LOS ,- DUMANON CAYO, - ADANAVE ,\u2013 VITAMEVAS , MALI I ZI,CRNA GORA,??????????,???????,??????????, ?ern\u00e1 Hora,TO ULCINJ \/ ULQIN,MONTENEGRO, Czarnog\u00f3ra, Muntenegru, ????? ????, Montenegr\u00f3,Adelina Isamajli,  Albaniku,  Artana,  Bujanoci,  Burimi,  Dardana,  Dardan\u00eb,  De\u00e7an,  Dibra,  Drenas,  Drenasi,  Ferizaj,  Ferizaji,  Fush\u00eb Kosova,  Fush\u00eb Kosov\u00eb,  Gjakova,  Gjakov\u00eb,  Gjilan,  Gjilani,  Gostivari,  Istog,  Istog\u00b7,  Ka\u00e7anik,  Ka\u00e7aniku,  Kastrioti,  K\u00ebr\u00e7ova,  Klina,  Klin\u00eb,  Kumanova,  Leposaviq,  Leskovci,  Likova,  Lipjan,  Lipjani,  Malisheva,  Malishev\u00eb,  Manastiri,  Medvegja,  Mitrovica,  Mitrovic\u00eb,  Novob\u00ebrd\u00eb,  Obiliq\u00b7 Rahovec,  Ohri,  Peja,  Pej\u00eb,  Podujeva,  Podujev\u00eb,  Presheva,  Prishtina,  Prishtin\u00eb,  Prizren,  Prizreni,  Rahoveci,  Sharri,  Sharri (Kosov\u00eb),  Shkupi,  Sht\u00ebrpca,  Sht\u00ebrpc\u00eb,  Shtime,  Sk\u00ebnderaj,  Struga,  Tetova,  Theranda,  Therand\u00eb,  Triumf Riza,  Veleshta,  Viti,  Vitia,  Vushtrri,  Vushtrria,  Zubin Potok,  Zubin Potoku,  Zve\u00e7an,  Zve\u00e7ani,villa \u00e0 louer \u00e0 ulcinj, location de vacance, location saisonni\u00e8res, louer villa,location de vacance, Locations vacance, h\u00e9bergements vacances, locations villa, logements de vacances, location maison avec piscine, Location vacance, locations de vacance, h\u00e9bergements de vacances, location villa, locations entre particulier, logements vacance, vacances \u00e0 Mont\u00e9n\u00e9gro - location \u00e0 Ulcinj ,location  de bigorre.\" href=\"http:\/\/www.visit-ulcinj.com\/tourism\/\" target=\"_blank\"><img loading=\"lazy\" style=\"float: right;\" src=\"http:\/\/www.visit-ulcinj.com\/blog\/wp-content\/uploads\/2008\/06\/holiday-rental-ulcinj-ulqini_ulqin_logo.gif\" alt=\"Apatin,  Aran?elovac,  ?uprija,  ?a?ak,  ?apljina,  ?itluk,  \u0160abac,  \u0160ipovo,  \u0160iroki Brijeg,  \u017dep?e,  \u017divinice,  Ba?ka Palanka,  Banja Luka,  Banovi?i,  Be?ej,  beograd,  Biha?,  Bijeljina,  Bor,  Bor?a,  Bosanska Gradi\u0161ka,  Bosanska Krupa,  Bosanski \u0160amac,  Bosanski Brod,  Bosanski Novi,  Br?ko,  Bu\u017eim,  Bugojno,  Cazin,  Crna Gora,  Derventa,  Doboj,  Donji Vakuf,  Drvar,  Dubrovnik,  Fo?a,  Fojnica,  Glamo?,  Gora\u017ede,  Gornji Milanovac,  Gornji Vakuf,  gostivar,  Gra?anica,  Grada?ac,  Gradiska,  Grahovo,  Had\u017ei?i,  Ilid\u017ea,  In?ija,  Jablanica,  Jagodina,  Jajce,  Kakanj,  Kalu?erica,  Kikinda,  Klju?,  Konjic,  Kotor Varo\u0161,  Kragujevac,  Kraljevo,  Kru\u0161evac,  Kula,  Kupres,  Lakta\u0161i,  Lazarevac,  Leskovac,  Livno,  Ljubinje,  ljublana,  Ljubu\u0161ki,  Loznica,  Lukavac,  Maglaj,  Mladenovac,  Modri?a,  montenegro erlajnz,  mostar,  Mrkonji? Grad,  Neum,  Ni\u0161,  Novi Pazar,  Novi Sad,  Novi Travnik,  Obrenovac,  Od\u017eak,  ohrid,  Ora\u0161je,  Pale,  Pan?evo,  Para?in,  Pirot,  Po\u017earevac,  Podgorica,  Priboj,  Prijedor,  Prokuplje,  Prozor,  pula,  rijeka,  Ruma,  Sanski Most,  Sarajevo,  Senta,  serbija,  sibenik,  skopje,  Smederevo,  Smederevska Palanka,  Sokolac,  Sombor,  split,  Srebrenica,  Srebrenik,  Sremska Mitrovica,  Stolac,  Struga,  Subotica,  Temerin,  Tesli?,  tetovo,  Travnik,  Trebinje,  tuzla,  U\u017eice,  ulcinj,  Valjevo,  Velika Kladu\u0161a,  Vi\u0161egrad,  Visoko,  Vitez,  Vogo\u0161?a,  vojvodina,  Vranje,  Vr\u0161ac,  Vrbas,  zadar,  Zagreb,  Zaje?ar,  Zavidovi?i,  Zenica,  Zrenjanin,  Zvornik,copacabana ulcinj,  h\u00f4tels,  hotel ulqin,  Kosova,  Mali i Zi,  Maqedonija,  Montenegro,  montenegro tourisme plage,  montenegro ulcinj,  Shpallje Falas,  Shpallje Falas per shitjen e shtepis se juaj,  Shpallje Falas per villat e juaj,  Shpallje Falas Real Estate,  Shpallje Falas turistike,  shqiperija,  tourisme,  Ulci?,  ulcinj,  ulqin,  ulqin hotel,  ulqini,  ulqini 2007,Ada Bojana,  Alba?czyk,  Cita di Dolcino,  Copacabana,  Czarnog\u00f3ra,  Czarnog\u00f3rzec,  Don Kichota,  Ma?a Pla?a,  Mandra,  MIGUEL DE SERVANTES,  p\u00f3?wyspy Marjan,  Pla?a Valdanos,  Rzeka Bojana,  Shas \/ \u0160as \/ Sva?,  Ulci?,  Ulcinjsk? Riwier?,  Wielka Pla?a,  Wyspa Bojana,GORA,??????????,???????,??????????, ?ern\u00e1 Hora,TO ULCINJ \/ ULQIN,MONTENEGRO, Czarnog\u00f3ra, Muntenegru, ????? ????, Montenegr\u00f3,villa \u00e0 louer \u00e0 ulcinj, location de vacance, location saisonni\u00e8res, louer villa,location de vacance, Locations vacance, h\u00e9bergements vacances, locations villa, logements de vacances, location maison avec piscine, Location vacance, locations de vacance, h\u00e9bergements de vacances, location villa, locations entre particulier, logements vacance, vacances \u00e0 Mont\u00e9n\u00e9gro - location \u00e0 Ulcinj ,location  de bigorre.\" width=\"510\" height=\"145\" \/><\/a><\/p>\n","protected":false},"excerpt":{"rendered":"<p><img loading=\"lazy\" class=\"alignleft\" style=\"float: left;\" src=\"http:\/\/farm1.static.flickr.com\/70\/198743174_a352edec0a.jpg\" alt=\"Kalaja e ulqinit\" width=\"140\" height=\"140\" \/><\/p>\n","protected":false},"author":1,"featured_media":0,"comment_status":"open","ping_status":"closed","sticky":false,"template":"","format":"standard","meta":{"spay_email":"","jetpack_publicize_message":"","jetpack_is_tweetstorm":false,"jetpack_publicize_feature_enabled":true},"categories":[11,12,15],"tags":[95,18],"jetpack_publicize_connections":[],"yoast_head":"<!-- This site is optimized with the Yoast SEO plugin v19.1 - https:\/\/yoast.com\/wordpress\/plugins\/seo\/ -->\n<title>Menaxhimi i vlerave kulturore - Lajme nga Ulqini<\/title>\n<meta name=\"robots\" content=\"index, follow, max-snippet:-1, max-image-preview:large, max-video-preview:-1\" \/>\n<link rel=\"canonical\" href=\"https:\/\/www.visit-ulcinj.com\/blog\/2008\/07\/01\/menaxhimi-i-vlerave-kulturore\/\" \/>\n<meta property=\"og:locale\" content=\"en_US\" \/>\n<meta property=\"og:type\" content=\"article\" \/>\n<meta property=\"og:title\" content=\"Menaxhimi i vlerave kulturore - Lajme nga Ulqini\" \/>\n<meta property=\"og:url\" content=\"https:\/\/www.visit-ulcinj.com\/blog\/2008\/07\/01\/menaxhimi-i-vlerave-kulturore\/\" \/>\n<meta property=\"og:site_name\" content=\"Lajme nga Ulqini\" \/>\n<meta property=\"article:published_time\" content=\"2008-07-01T16:34:01+00:00\" \/>\n<meta property=\"article:modified_time\" content=\"2008-07-01T16:38:38+00:00\" \/>\n<meta property=\"og:image\" content=\"http:\/\/farm1.static.flickr.com\/70\/198743174_a352edec0a.jpg\" \/>\n<meta name=\"twitter:label1\" content=\"Written by\" \/>\n\t<meta name=\"twitter:data1\" content=\"ulqini\" \/>\n\t<meta name=\"twitter:label2\" content=\"Est. reading time\" \/>\n\t<meta name=\"twitter:data2\" content=\"3 minutes\" \/>\n<script type=\"application\/ld+json\" class=\"yoast-schema-graph\">{\"@context\":\"https:\/\/schema.org\",\"@graph\":[{\"@type\":\"WebSite\",\"@id\":\"https:\/\/www.visit-ulcinj.com\/blog\/#website\",\"url\":\"https:\/\/www.visit-ulcinj.com\/blog\/\",\"name\":\"Lajme nga Ulqini\",\"description\":\"Lajme,Vijesti,Ulqini,Ulqin,Crna Gora,Mali i Zi\",\"potentialAction\":[{\"@type\":\"SearchAction\",\"target\":{\"@type\":\"EntryPoint\",\"urlTemplate\":\"https:\/\/www.visit-ulcinj.com\/blog\/?s={search_term_string}\"},\"query-input\":\"required name=search_term_string\"}],\"inLanguage\":\"en-US\"},{\"@type\":\"ImageObject\",\"inLanguage\":\"en-US\",\"@id\":\"https:\/\/www.visit-ulcinj.com\/blog\/2008\/07\/01\/menaxhimi-i-vlerave-kulturore\/#primaryimage\",\"url\":\"http:\/\/farm1.static.flickr.com\/70\/198743174_a352edec0a.jpg\",\"contentUrl\":\"http:\/\/farm1.static.flickr.com\/70\/198743174_a352edec0a.jpg\"},{\"@type\":\"WebPage\",\"@id\":\"https:\/\/www.visit-ulcinj.com\/blog\/2008\/07\/01\/menaxhimi-i-vlerave-kulturore\/#webpage\",\"url\":\"https:\/\/www.visit-ulcinj.com\/blog\/2008\/07\/01\/menaxhimi-i-vlerave-kulturore\/\",\"name\":\"Menaxhimi i vlerave kulturore - Lajme nga Ulqini\",\"isPartOf\":{\"@id\":\"https:\/\/www.visit-ulcinj.com\/blog\/#website\"},\"primaryImageOfPage\":{\"@id\":\"https:\/\/www.visit-ulcinj.com\/blog\/2008\/07\/01\/menaxhimi-i-vlerave-kulturore\/#primaryimage\"},\"datePublished\":\"2008-07-01T16:34:01+00:00\",\"dateModified\":\"2008-07-01T16:38:38+00:00\",\"author\":{\"@id\":\"https:\/\/www.visit-ulcinj.com\/blog\/#\/schema\/person\/dcab619c614d3038751c63bc2aadc06d\"},\"breadcrumb\":{\"@id\":\"https:\/\/www.visit-ulcinj.com\/blog\/2008\/07\/01\/menaxhimi-i-vlerave-kulturore\/#breadcrumb\"},\"inLanguage\":\"en-US\",\"potentialAction\":[{\"@type\":\"ReadAction\",\"target\":[\"https:\/\/www.visit-ulcinj.com\/blog\/2008\/07\/01\/menaxhimi-i-vlerave-kulturore\/\"]}]},{\"@type\":\"BreadcrumbList\",\"@id\":\"https:\/\/www.visit-ulcinj.com\/blog\/2008\/07\/01\/menaxhimi-i-vlerave-kulturore\/#breadcrumb\",\"itemListElement\":[{\"@type\":\"ListItem\",\"position\":1,\"name\":\"Menaxhimi i vlerave kulturore\"}]},{\"@type\":\"Person\",\"@id\":\"https:\/\/www.visit-ulcinj.com\/blog\/#\/schema\/person\/dcab619c614d3038751c63bc2aadc06d\",\"name\":\"ulqini\",\"sameAs\":[\"http:\/\/www.visit-ulcinj.com\"],\"url\":\"https:\/\/www.visit-ulcinj.com\/blog\/author\/admin\/\"}]}<\/script>\n<!-- \/ Yoast SEO plugin. -->","yoast_head_json":{"title":"Menaxhimi i vlerave kulturore - Lajme nga Ulqini","robots":{"index":"index","follow":"follow","max-snippet":"max-snippet:-1","max-image-preview":"max-image-preview:large","max-video-preview":"max-video-preview:-1"},"canonical":"https:\/\/www.visit-ulcinj.com\/blog\/2008\/07\/01\/menaxhimi-i-vlerave-kulturore\/","og_locale":"en_US","og_type":"article","og_title":"Menaxhimi i vlerave kulturore - Lajme nga Ulqini","og_url":"https:\/\/www.visit-ulcinj.com\/blog\/2008\/07\/01\/menaxhimi-i-vlerave-kulturore\/","og_site_name":"Lajme nga Ulqini","article_published_time":"2008-07-01T16:34:01+00:00","article_modified_time":"2008-07-01T16:38:38+00:00","og_image":[{"url":"http:\/\/farm1.static.flickr.com\/70\/198743174_a352edec0a.jpg"}],"twitter_misc":{"Written by":"ulqini","Est. reading time":"3 minutes"},"schema":{"@context":"https:\/\/schema.org","@graph":[{"@type":"WebSite","@id":"https:\/\/www.visit-ulcinj.com\/blog\/#website","url":"https:\/\/www.visit-ulcinj.com\/blog\/","name":"Lajme nga Ulqini","description":"Lajme,Vijesti,Ulqini,Ulqin,Crna Gora,Mali i Zi","potentialAction":[{"@type":"SearchAction","target":{"@type":"EntryPoint","urlTemplate":"https:\/\/www.visit-ulcinj.com\/blog\/?s={search_term_string}"},"query-input":"required name=search_term_string"}],"inLanguage":"en-US"},{"@type":"ImageObject","inLanguage":"en-US","@id":"https:\/\/www.visit-ulcinj.com\/blog\/2008\/07\/01\/menaxhimi-i-vlerave-kulturore\/#primaryimage","url":"http:\/\/farm1.static.flickr.com\/70\/198743174_a352edec0a.jpg","contentUrl":"http:\/\/farm1.static.flickr.com\/70\/198743174_a352edec0a.jpg"},{"@type":"WebPage","@id":"https:\/\/www.visit-ulcinj.com\/blog\/2008\/07\/01\/menaxhimi-i-vlerave-kulturore\/#webpage","url":"https:\/\/www.visit-ulcinj.com\/blog\/2008\/07\/01\/menaxhimi-i-vlerave-kulturore\/","name":"Menaxhimi i vlerave kulturore - Lajme nga Ulqini","isPartOf":{"@id":"https:\/\/www.visit-ulcinj.com\/blog\/#website"},"primaryImageOfPage":{"@id":"https:\/\/www.visit-ulcinj.com\/blog\/2008\/07\/01\/menaxhimi-i-vlerave-kulturore\/#primaryimage"},"datePublished":"2008-07-01T16:34:01+00:00","dateModified":"2008-07-01T16:38:38+00:00","author":{"@id":"https:\/\/www.visit-ulcinj.com\/blog\/#\/schema\/person\/dcab619c614d3038751c63bc2aadc06d"},"breadcrumb":{"@id":"https:\/\/www.visit-ulcinj.com\/blog\/2008\/07\/01\/menaxhimi-i-vlerave-kulturore\/#breadcrumb"},"inLanguage":"en-US","potentialAction":[{"@type":"ReadAction","target":["https:\/\/www.visit-ulcinj.com\/blog\/2008\/07\/01\/menaxhimi-i-vlerave-kulturore\/"]}]},{"@type":"BreadcrumbList","@id":"https:\/\/www.visit-ulcinj.com\/blog\/2008\/07\/01\/menaxhimi-i-vlerave-kulturore\/#breadcrumb","itemListElement":[{"@type":"ListItem","position":1,"name":"Menaxhimi i vlerave kulturore"}]},{"@type":"Person","@id":"https:\/\/www.visit-ulcinj.com\/blog\/#\/schema\/person\/dcab619c614d3038751c63bc2aadc06d","name":"ulqini","sameAs":["http:\/\/www.visit-ulcinj.com"],"url":"https:\/\/www.visit-ulcinj.com\/blog\/author\/admin\/"}]}},"jetpack_featured_media_url":"","jetpack_sharing_enabled":true,"jetpack_shortlink":"https:\/\/wp.me\/pe6lTn-ys","_links":{"self":[{"href":"https:\/\/www.visit-ulcinj.com\/blog\/wp-json\/wp\/v2\/posts\/2136"}],"collection":[{"href":"https:\/\/www.visit-ulcinj.com\/blog\/wp-json\/wp\/v2\/posts"}],"about":[{"href":"https:\/\/www.visit-ulcinj.com\/blog\/wp-json\/wp\/v2\/types\/post"}],"author":[{"embeddable":true,"href":"https:\/\/www.visit-ulcinj.com\/blog\/wp-json\/wp\/v2\/users\/1"}],"replies":[{"embeddable":true,"href":"https:\/\/www.visit-ulcinj.com\/blog\/wp-json\/wp\/v2\/comments?post=2136"}],"version-history":[{"count":0,"href":"https:\/\/www.visit-ulcinj.com\/blog\/wp-json\/wp\/v2\/posts\/2136\/revisions"}],"wp:attachment":[{"href":"https:\/\/www.visit-ulcinj.com\/blog\/wp-json\/wp\/v2\/media?parent=2136"}],"wp:term":[{"taxonomy":"category","embeddable":true,"href":"https:\/\/www.visit-ulcinj.com\/blog\/wp-json\/wp\/v2\/categories?post=2136"},{"taxonomy":"post_tag","embeddable":true,"href":"https:\/\/www.visit-ulcinj.com\/blog\/wp-json\/wp\/v2\/tags?post=2136"}],"curies":[{"name":"wp","href":"https:\/\/api.w.org\/{rel}","templated":true}]}}