{"id":21369,"date":"2009-05-14T19:01:52","date_gmt":"2009-05-14T17:01:52","guid":{"rendered":"http:\/\/www.visit-ulcinj.com\/blog\/?p=21369"},"modified":"2009-05-14T19:01:52","modified_gmt":"2009-05-14T17:01:52","slug":"leonora-jakupi-%e2%80%98ky-eshte-fundi%e2%80%99-nje-teme-e-dashurise","status":"publish","type":"post","link":"https:\/\/www.visit-ulcinj.com\/blog\/2009\/05\/14\/leonora-jakupi-%e2%80%98ky-eshte-fundi%e2%80%99-nje-teme-e-dashurise\/","title":{"rendered":"Leonora Jakupi: \u2018Ky \u00ebsht\u00eb fundi\u2019, nj\u00eb tem\u00eb e dashuris\u00eb"},"content":{"rendered":"<p><strong><a href=\"http:\/\/www.visit-ulcinj.com\/blog\/wp-content\/uploads\/2009\/05\/leonora-jakupi.jpg\"><img loading=\"lazy\" class=\"alignleft size-full wp-image-21370\" title=\"leonora-jakupi\" src=\"http:\/\/www.visit-ulcinj.com\/blog\/wp-content\/uploads\/2009\/05\/leonora-jakupi.jpg\" alt=\"leonora-jakupi\" width=\"350\" height=\"550\" \/><\/a>K\u00ebnga dhe videoklipi \u201cKy \u00ebsht\u00eb fundi\u201d trajton tem\u00ebn e dashuris\u00eb, por jo t\u00eb Leonora Jakupit, e cila thot\u00eb se i p\u00eblqeu teksti, por shton se ai nuk ka t\u00eb b\u00ebj\u00eb me jet\u00ebn e saj private.<\/strong><br \/>\nJemi m\u00ebsuar q\u00eb k\u00ebng\u00ebtaren Leonora Jakupi ta shohim gjithnj\u00eb me paraqitje t\u00eb reja, me k\u00ebng\u00eb dhe videoklipe t\u00eb ndryshme. Ajo sapo ka lansuar n\u00eb treg sing\u00ebllin m\u00eb t\u00eb ri t\u00eb quajtur \u201cKy \u00ebsht\u00eb fundi\u201d. K\u00ebng\u00ebs Leonora ia ka realizuar edhe videoklipin, i cili po vazhdon t\u00eb shfaqet n\u00eb ekranet tona televizive. P\u00ebr m\u00eb shum\u00eb rreth k\u00ebtij projekti, p\u00ebr lexuesit e gazet\u00ebs \u201cKosova Sot\u201d, flet Leonora Jakupi.<\/p>\n<p><strong>\u201cKosova Sot\u201d: <\/strong>Sapo keni nxjerr\u00eb n\u00eb treg k\u00ebng\u00ebn dhe videoklipin m\u00eb t\u00eb ri, si e komentoni?<br \/>\n<strong>Leonora Jakupi: <\/strong>Jam munduar t\u00eb punoj n\u00eb m\u00ebnyr\u00eb q\u00eb adhuruesve t\u00eb mi t\u00eb kem \u00e7ka t\u2019u sjell\u00eb. Besoj se ia ka vlejtur.<\/p>\n<p><strong>\u201cKosova Sot\u201d: <\/strong>Sa jeni e k\u00ebnaqur me pun\u00ebn n\u00eb k\u00ebng\u00eb dhe videoklip? A \u00ebsht\u00eb b\u00ebr\u00eb realizimi ashtu si\u00e7 e keni paramenduar?<br \/>\n<strong>Leonora Jakupi: <\/strong>Jam shum\u00eb e k\u00ebnaqur me realizimin. D\u00ebshmi p\u00ebr k\u00ebt\u00eb \u00ebsht\u00eb edhe fakti se q\u00eb n\u00eb start videoklipi dhe k\u00ebnga po p\u00eblqehen n\u00eb publik. N\u00eb realitet, deri m\u00eb tani p\u00ebr k\u00ebto pak dit\u00eb q\u00eb ka dal\u00eb n\u00eb treg k\u00ebnga dhe spoti kam marr\u00eb shum\u00eb kritika t\u00eb mira. Andaj, nga kjo kam v\u00ebrejtur se ky projekt imi po p\u00eblqehet n\u00eb opinion.<br \/>\n<strong><br \/>\n\u201cKosova Sot\u201d:<\/strong> Sa koh\u00eb \u00ebsht\u00eb punuar n\u00eb k\u00ebng\u00eb dhe videoklip?<br \/>\n<strong>Leonora Jakupi: <\/strong>T\u2019ju them t\u00eb drejt\u00ebn, kam punuar shum\u00eb n\u00eb t\u00eb dyja, si n\u00eb k\u00ebng\u00eb ashtu edhe n\u00eb spot.<\/p>\n<p>M\u00eb \u00ebsht\u00eb dashur rreth kat\u00ebr muaj koh\u00eb p\u00ebr t\u2019i p\u00ebrgatitur. Natyrisht se kjo ka qen\u00eb d\u00ebshir\u00eb imja t\u00eb punoj n\u00eb nj\u00eb periudh\u00eb pak m\u00eb t\u00eb gjat\u00eb, n\u00eb m\u00ebnyr\u00eb q\u00eb projekti t\u00eb punohet sa m\u00eb mir\u00eb dhe t\u00eb arrij\u00eb rezultate t\u00eb duhura. Pra, me k\u00ebt\u00eb koh\u00eb t\u00eb gjat\u00eb pune k\u00ebnga dhe klipi kan\u00eb dal\u00eb mir\u00eb.<\/p>\n<p><strong>\u201cKosova Sot\u201d: <\/strong>K\u00ebnga ka nj\u00eb tematik\u00eb dashurie, ishte k\u00ebrkes\u00eb juaja nj\u00eb tekst i till\u00eb apo?<br \/>\n<strong>Leonora Jakupi: <\/strong>K\u00ebnga trajton tem\u00ebn e dashuris\u00eb. K\u00ebt\u00eb tekst ma ofroi Avniu dhe m\u00eb p\u00eblqeu. Kjo ka qen\u00eb edhe d\u00ebshir\u00eb imja. Po ju them se kjo nuk ka t\u00eb b\u00ebj\u00eb me jet\u00ebn time private. Thjesht, m\u00eb p\u00eblqeu ky tekst i k\u00ebng\u00ebs nga Avniu.<br \/>\nKomponimin dhe orkestrimin e k\u00ebng\u00ebs e ka realizuar Ocko.<\/p>\n<p><strong>\u201cKosova Sot\u201d: <\/strong>Ku \u00ebsht\u00eb\u00a0 realizuar videoklipi i k\u00ebng\u00ebs?<br \/>\n<strong>Leonora Jakupi: <\/strong>Videoklipi i k\u00ebng\u00ebs \u00ebsht\u00eb p\u00ebrgatitur n\u00eb Shkup, p\u00ebrkat\u00ebsisht n\u00eb produksionin \u201cFabrika\u201d.<br \/>\n<strong><br \/>\n\u201cKosova Sot\u201d: <\/strong>Kush ju ndihmoi p\u00ebr dukjen tuaj n\u00eb spot?<br \/>\n<strong>Leonora Jakupi:<\/strong> P\u00ebr veshjen time n\u00eb klip \u00ebsht\u00eb p\u00ebrkujdesur disenjatori i njohur Valdrin Sahiti, grimin ma ka b\u00ebr\u00eb \u201cStudio Sellma\u201d, nd\u00ebrsa p\u00ebr flok\u00eb \u00ebsht\u00eb kujdesur Armendi nga \u201cHair Wouge\u201d. I fal\u00ebnderoj t\u00eb gjith\u00eb q\u00eb m\u00eb ndihmuan n\u00eb paraqitjen time n\u00eb k\u00ebt\u00eb spot.<br \/>\n<strong><br \/>\n\u201cKosova Sot\u201d:<\/strong> Keni pasur sponsor n\u00eb k\u00ebt\u00eb videoklip?<br \/>\n<strong>Leonora Jakupi:<\/strong> Jo, sponsor nuk kam pasur, vet\u00eb me mjetet e mia e kam financuar t\u00ebr\u00eb k\u00ebt\u00eb projekt muzikor.<\/p>\n<p><strong>\u201cKosova Sot\u201d:<\/strong> Cila \u00ebsht\u00eb surpriza e radh\u00ebs q\u00eb do t\u2019ua sillni adhuruesve?<br \/>\n<strong>Leonora Jakupi: <\/strong>Shum\u00eb shpejt do t\u00eb nis p\u00ebrgatitjet edhe p\u00ebr nj\u00eb k\u00ebng\u00eb dhe videoklip t\u00eb ri, t\u00eb cilin do ta lansoj gjat\u00eb k\u00ebtij sezoni veror.<br \/>\nNuk preferoj t\u00eb flas m\u00eb shum\u00eb rreth k\u00ebtij projekti, le t\u00eb jet\u00eb nj\u00eb befasi p\u00ebr adhuruesit e mi.<\/p>\n<p><strong>Kastriote BAJRAMI<br \/>\nKosova Sot<\/strong><\/p>\n\n<!--YouTube Error: bad URL entered-->\n","protected":false},"excerpt":{"rendered":"<p>K\u00ebnga dhe videoklipi \u201cKy \u00ebsht\u00eb fundi\u201d trajton tem\u00ebn e dashuris\u00eb, por jo t\u00eb Leonora Jakupit, e cila thot\u00eb se i p\u00eblqeu teksti, por shton se ai nuk ka t\u00eb b\u00ebj\u00eb me jet\u00ebn e saj private. Jemi m\u00ebsuar q\u00eb k\u00ebng\u00ebtaren Leonora Jakupi ta shohim gjithnj\u00eb me paraqitje t\u00eb reja, me k\u00ebng\u00eb dhe videoklipe t\u00eb ndryshme. Ajo [&hellip;]<\/p>\n","protected":false},"author":1,"featured_media":0,"comment_status":"open","ping_status":"closed","sticky":false,"template":"","format":"standard","meta":{"spay_email":"","jetpack_publicize_message":"","jetpack_is_tweetstorm":false,"jetpack_publicize_feature_enabled":true},"categories":[1],"tags":[10430,5051,10431],"jetpack_publicize_connections":[],"yoast_head":"<!-- This site is optimized with the Yoast SEO plugin v19.1 - https:\/\/yoast.com\/wordpress\/plugins\/seo\/ -->\n<title>Leonora Jakupi: \u2018Ky \u00ebsht\u00eb fundi\u2019, nj\u00eb tem\u00eb e dashuris\u00eb - Lajme nga Ulqini<\/title>\n<meta name=\"description\" content=\"K\u00ebnga dhe videoklipi \u201cKy \u00ebsht\u00eb fundi\u201d trajton tem\u00ebn e dashuris\u00eb, por jo t\u00eb Leonora Jakupit, e cila thot\u00eb se i p\u00eblqeu teksti, por shton se ai nuk ka t\u00eb\" \/>\n<meta name=\"robots\" content=\"index, follow, max-snippet:-1, max-image-preview:large, max-video-preview:-1\" \/>\n<link rel=\"canonical\" href=\"https:\/\/www.visit-ulcinj.com\/blog\/2009\/05\/14\/leonora-jakupi-\u2018ky-eshte-fundi\u2019-nje-teme-e-dashurise\/\" \/>\n<meta property=\"og:locale\" content=\"en_US\" \/>\n<meta property=\"og:type\" content=\"article\" \/>\n<meta property=\"og:title\" content=\"Leonora Jakupi: \u2018Ky \u00ebsht\u00eb fundi\u2019, nj\u00eb tem\u00eb e dashuris\u00eb - Lajme nga Ulqini\" \/>\n<meta property=\"og:description\" content=\"K\u00ebnga dhe videoklipi \u201cKy \u00ebsht\u00eb fundi\u201d trajton tem\u00ebn e dashuris\u00eb, por jo t\u00eb Leonora Jakupit, e cila thot\u00eb se i p\u00eblqeu teksti, por shton se ai nuk ka t\u00eb\" \/>\n<meta property=\"og:url\" content=\"https:\/\/www.visit-ulcinj.com\/blog\/2009\/05\/14\/leonora-jakupi-\u2018ky-eshte-fundi\u2019-nje-teme-e-dashurise\/\" \/>\n<meta property=\"og:site_name\" content=\"Lajme nga Ulqini\" \/>\n<meta property=\"article:published_time\" content=\"2009-05-14T17:01:52+00:00\" \/>\n<meta property=\"og:image\" content=\"https:\/\/www.visit-ulcinj.com\/blog\/wp-content\/uploads\/2009\/05\/leonora-jakupi-150x150.jpg\" \/>\n<meta name=\"twitter:label1\" content=\"Written by\" \/>\n\t<meta name=\"twitter:data1\" content=\"ulqini\" \/>\n\t<meta name=\"twitter:label2\" content=\"Est. reading time\" \/>\n\t<meta name=\"twitter:data2\" content=\"3 minutes\" \/>\n<script type=\"application\/ld+json\" class=\"yoast-schema-graph\">{\"@context\":\"https:\/\/schema.org\",\"@graph\":[{\"@type\":\"WebSite\",\"@id\":\"https:\/\/www.visit-ulcinj.com\/blog\/#website\",\"url\":\"https:\/\/www.visit-ulcinj.com\/blog\/\",\"name\":\"Lajme nga Ulqini\",\"description\":\"Lajme,Vijesti,Ulqini,Ulqin,Crna Gora,Mali i Zi\",\"potentialAction\":[{\"@type\":\"SearchAction\",\"target\":{\"@type\":\"EntryPoint\",\"urlTemplate\":\"https:\/\/www.visit-ulcinj.com\/blog\/?s={search_term_string}\"},\"query-input\":\"required name=search_term_string\"}],\"inLanguage\":\"en-US\"},{\"@type\":\"ImageObject\",\"inLanguage\":\"en-US\",\"@id\":\"https:\/\/www.visit-ulcinj.com\/blog\/2009\/05\/14\/leonora-jakupi-%e2%80%98ky-eshte-fundi%e2%80%99-nje-teme-e-dashurise\/#primaryimage\",\"url\":\"http:\/\/www.visit-ulcinj.com\/blog\/wp-content\/uploads\/2009\/05\/leonora-jakupi.jpg\",\"contentUrl\":\"http:\/\/www.visit-ulcinj.com\/blog\/wp-content\/uploads\/2009\/05\/leonora-jakupi.jpg\"},{\"@type\":\"WebPage\",\"@id\":\"https:\/\/www.visit-ulcinj.com\/blog\/2009\/05\/14\/leonora-jakupi-%e2%80%98ky-eshte-fundi%e2%80%99-nje-teme-e-dashurise\/#webpage\",\"url\":\"https:\/\/www.visit-ulcinj.com\/blog\/2009\/05\/14\/leonora-jakupi-%e2%80%98ky-eshte-fundi%e2%80%99-nje-teme-e-dashurise\/\",\"name\":\"Leonora Jakupi: \u2018Ky \u00ebsht\u00eb fundi\u2019, nj\u00eb tem\u00eb e dashuris\u00eb - Lajme nga Ulqini\",\"isPartOf\":{\"@id\":\"https:\/\/www.visit-ulcinj.com\/blog\/#website\"},\"primaryImageOfPage\":{\"@id\":\"https:\/\/www.visit-ulcinj.com\/blog\/2009\/05\/14\/leonora-jakupi-%e2%80%98ky-eshte-fundi%e2%80%99-nje-teme-e-dashurise\/#primaryimage\"},\"datePublished\":\"2009-05-14T17:01:52+00:00\",\"dateModified\":\"2009-05-14T17:01:52+00:00\",\"author\":{\"@id\":\"https:\/\/www.visit-ulcinj.com\/blog\/#\/schema\/person\/dcab619c614d3038751c63bc2aadc06d\"},\"description\":\"K\u00ebnga dhe videoklipi \u201cKy \u00ebsht\u00eb fundi\u201d trajton tem\u00ebn e dashuris\u00eb, por jo t\u00eb Leonora Jakupit, e cila thot\u00eb se i p\u00eblqeu teksti, por shton se ai nuk ka t\u00eb\",\"breadcrumb\":{\"@id\":\"https:\/\/www.visit-ulcinj.com\/blog\/2009\/05\/14\/leonora-jakupi-%e2%80%98ky-eshte-fundi%e2%80%99-nje-teme-e-dashurise\/#breadcrumb\"},\"inLanguage\":\"en-US\",\"potentialAction\":[{\"@type\":\"ReadAction\",\"target\":[\"https:\/\/www.visit-ulcinj.com\/blog\/2009\/05\/14\/leonora-jakupi-%e2%80%98ky-eshte-fundi%e2%80%99-nje-teme-e-dashurise\/\"]}]},{\"@type\":\"BreadcrumbList\",\"@id\":\"https:\/\/www.visit-ulcinj.com\/blog\/2009\/05\/14\/leonora-jakupi-%e2%80%98ky-eshte-fundi%e2%80%99-nje-teme-e-dashurise\/#breadcrumb\",\"itemListElement\":[{\"@type\":\"ListItem\",\"position\":1,\"name\":\"Leonora Jakupi: \u2018Ky \u00ebsht\u00eb fundi\u2019, nj\u00eb tem\u00eb e dashuris\u00eb\"}]},{\"@type\":\"Person\",\"@id\":\"https:\/\/www.visit-ulcinj.com\/blog\/#\/schema\/person\/dcab619c614d3038751c63bc2aadc06d\",\"name\":\"ulqini\",\"sameAs\":[\"http:\/\/www.visit-ulcinj.com\"],\"url\":\"https:\/\/www.visit-ulcinj.com\/blog\/author\/admin\/\"}]}<\/script>\n<!-- \/ Yoast SEO plugin. -->","yoast_head_json":{"title":"Leonora Jakupi: \u2018Ky \u00ebsht\u00eb fundi\u2019, nj\u00eb tem\u00eb e dashuris\u00eb - Lajme nga Ulqini","description":"K\u00ebnga dhe videoklipi \u201cKy \u00ebsht\u00eb fundi\u201d trajton tem\u00ebn e dashuris\u00eb, por jo t\u00eb Leonora Jakupit, e cila thot\u00eb se i p\u00eblqeu teksti, por shton se ai nuk ka t\u00eb","robots":{"index":"index","follow":"follow","max-snippet":"max-snippet:-1","max-image-preview":"max-image-preview:large","max-video-preview":"max-video-preview:-1"},"canonical":"https:\/\/www.visit-ulcinj.com\/blog\/2009\/05\/14\/leonora-jakupi-\u2018ky-eshte-fundi\u2019-nje-teme-e-dashurise\/","og_locale":"en_US","og_type":"article","og_title":"Leonora Jakupi: \u2018Ky \u00ebsht\u00eb fundi\u2019, nj\u00eb tem\u00eb e dashuris\u00eb - Lajme nga Ulqini","og_description":"K\u00ebnga dhe videoklipi \u201cKy \u00ebsht\u00eb fundi\u201d trajton tem\u00ebn e dashuris\u00eb, por jo t\u00eb Leonora Jakupit, e cila thot\u00eb se i p\u00eblqeu teksti, por shton se ai nuk ka t\u00eb","og_url":"https:\/\/www.visit-ulcinj.com\/blog\/2009\/05\/14\/leonora-jakupi-\u2018ky-eshte-fundi\u2019-nje-teme-e-dashurise\/","og_site_name":"Lajme nga Ulqini","article_published_time":"2009-05-14T17:01:52+00:00","og_image":[{"url":"https:\/\/www.visit-ulcinj.com\/blog\/wp-content\/uploads\/2009\/05\/leonora-jakupi-150x150.jpg"}],"twitter_misc":{"Written by":"ulqini","Est. reading time":"3 minutes"},"schema":{"@context":"https:\/\/schema.org","@graph":[{"@type":"WebSite","@id":"https:\/\/www.visit-ulcinj.com\/blog\/#website","url":"https:\/\/www.visit-ulcinj.com\/blog\/","name":"Lajme nga Ulqini","description":"Lajme,Vijesti,Ulqini,Ulqin,Crna Gora,Mali i Zi","potentialAction":[{"@type":"SearchAction","target":{"@type":"EntryPoint","urlTemplate":"https:\/\/www.visit-ulcinj.com\/blog\/?s={search_term_string}"},"query-input":"required name=search_term_string"}],"inLanguage":"en-US"},{"@type":"ImageObject","inLanguage":"en-US","@id":"https:\/\/www.visit-ulcinj.com\/blog\/2009\/05\/14\/leonora-jakupi-%e2%80%98ky-eshte-fundi%e2%80%99-nje-teme-e-dashurise\/#primaryimage","url":"http:\/\/www.visit-ulcinj.com\/blog\/wp-content\/uploads\/2009\/05\/leonora-jakupi.jpg","contentUrl":"http:\/\/www.visit-ulcinj.com\/blog\/wp-content\/uploads\/2009\/05\/leonora-jakupi.jpg"},{"@type":"WebPage","@id":"https:\/\/www.visit-ulcinj.com\/blog\/2009\/05\/14\/leonora-jakupi-%e2%80%98ky-eshte-fundi%e2%80%99-nje-teme-e-dashurise\/#webpage","url":"https:\/\/www.visit-ulcinj.com\/blog\/2009\/05\/14\/leonora-jakupi-%e2%80%98ky-eshte-fundi%e2%80%99-nje-teme-e-dashurise\/","name":"Leonora Jakupi: \u2018Ky \u00ebsht\u00eb fundi\u2019, nj\u00eb tem\u00eb e dashuris\u00eb - Lajme nga Ulqini","isPartOf":{"@id":"https:\/\/www.visit-ulcinj.com\/blog\/#website"},"primaryImageOfPage":{"@id":"https:\/\/www.visit-ulcinj.com\/blog\/2009\/05\/14\/leonora-jakupi-%e2%80%98ky-eshte-fundi%e2%80%99-nje-teme-e-dashurise\/#primaryimage"},"datePublished":"2009-05-14T17:01:52+00:00","dateModified":"2009-05-14T17:01:52+00:00","author":{"@id":"https:\/\/www.visit-ulcinj.com\/blog\/#\/schema\/person\/dcab619c614d3038751c63bc2aadc06d"},"description":"K\u00ebnga dhe videoklipi \u201cKy \u00ebsht\u00eb fundi\u201d trajton tem\u00ebn e dashuris\u00eb, por jo t\u00eb Leonora Jakupit, e cila thot\u00eb se i p\u00eblqeu teksti, por shton se ai nuk ka t\u00eb","breadcrumb":{"@id":"https:\/\/www.visit-ulcinj.com\/blog\/2009\/05\/14\/leonora-jakupi-%e2%80%98ky-eshte-fundi%e2%80%99-nje-teme-e-dashurise\/#breadcrumb"},"inLanguage":"en-US","potentialAction":[{"@type":"ReadAction","target":["https:\/\/www.visit-ulcinj.com\/blog\/2009\/05\/14\/leonora-jakupi-%e2%80%98ky-eshte-fundi%e2%80%99-nje-teme-e-dashurise\/"]}]},{"@type":"BreadcrumbList","@id":"https:\/\/www.visit-ulcinj.com\/blog\/2009\/05\/14\/leonora-jakupi-%e2%80%98ky-eshte-fundi%e2%80%99-nje-teme-e-dashurise\/#breadcrumb","itemListElement":[{"@type":"ListItem","position":1,"name":"Leonora Jakupi: \u2018Ky \u00ebsht\u00eb fundi\u2019, nj\u00eb tem\u00eb e dashuris\u00eb"}]},{"@type":"Person","@id":"https:\/\/www.visit-ulcinj.com\/blog\/#\/schema\/person\/dcab619c614d3038751c63bc2aadc06d","name":"ulqini","sameAs":["http:\/\/www.visit-ulcinj.com"],"url":"https:\/\/www.visit-ulcinj.com\/blog\/author\/admin\/"}]}},"jetpack_featured_media_url":"","jetpack_sharing_enabled":true,"jetpack_shortlink":"https:\/\/wp.me\/pe6lTn-5yF","_links":{"self":[{"href":"https:\/\/www.visit-ulcinj.com\/blog\/wp-json\/wp\/v2\/posts\/21369"}],"collection":[{"href":"https:\/\/www.visit-ulcinj.com\/blog\/wp-json\/wp\/v2\/posts"}],"about":[{"href":"https:\/\/www.visit-ulcinj.com\/blog\/wp-json\/wp\/v2\/types\/post"}],"author":[{"embeddable":true,"href":"https:\/\/www.visit-ulcinj.com\/blog\/wp-json\/wp\/v2\/users\/1"}],"replies":[{"embeddable":true,"href":"https:\/\/www.visit-ulcinj.com\/blog\/wp-json\/wp\/v2\/comments?post=21369"}],"version-history":[{"count":0,"href":"https:\/\/www.visit-ulcinj.com\/blog\/wp-json\/wp\/v2\/posts\/21369\/revisions"}],"wp:attachment":[{"href":"https:\/\/www.visit-ulcinj.com\/blog\/wp-json\/wp\/v2\/media?parent=21369"}],"wp:term":[{"taxonomy":"category","embeddable":true,"href":"https:\/\/www.visit-ulcinj.com\/blog\/wp-json\/wp\/v2\/categories?post=21369"},{"taxonomy":"post_tag","embeddable":true,"href":"https:\/\/www.visit-ulcinj.com\/blog\/wp-json\/wp\/v2\/tags?post=21369"}],"curies":[{"name":"wp","href":"https:\/\/api.w.org\/{rel}","templated":true}]}}