{"id":21376,"date":"2009-05-14T19:32:13","date_gmt":"2009-05-14T17:32:13","guid":{"rendered":"http:\/\/www.visit-ulcinj.com\/blog\/?p=21376"},"modified":"2009-05-14T19:32:13","modified_gmt":"2009-05-14T17:32:13","slug":"loreta-kacka-lori-keto-dite-ne-shba","status":"publish","type":"post","link":"https:\/\/www.visit-ulcinj.com\/blog\/2009\/05\/14\/loreta-kacka-lori-keto-dite-ne-shba\/","title":{"rendered":"Loreta Kacka &#8211; Lori k\u00ebto dit\u00eb n\u00eb SHBA"},"content":{"rendered":"<p><a href=\"http:\/\/www.visit-ulcinj.com\/blog\/wp-content\/uploads\/2009\/05\/loreta-kacka-lori.jpg\"><img loading=\"lazy\" class=\"alignleft size-full wp-image-21377\" title=\"loreta-kacka-lori\" src=\"http:\/\/www.visit-ulcinj.com\/blog\/wp-content\/uploads\/2009\/05\/loreta-kacka-lori.jpg\" alt=\"loreta-kacka-lori\" width=\"350\" height=\"467\" \/><\/a>Lori, si zakonisht frym\u00ebzuese me pamje dhe shikimin e thell\u00eb dhe dep\u00ebrtues vazhdimisht t\u00ebrheq v\u00ebmendjen e publikut. K\u00ebshtu ndodhi edhe gjat\u00eb koh\u00ebs kur po zhvillonim k\u00ebt\u00eb intervist\u00eb n\u00eb \u2018Grand\u2019, me \u00e7\u2019rast nj\u00eb klient i rastit madje i k\u00ebndonte z\u00ebsh\u00ebm k\u00ebng\u00ebt e Lorit. Lori, natyrisht se p\u00ebr nj\u00eb moment doli nga modestia dhe syt\u00eb e saj u shnd\u00ebrruan n\u00eb nj\u00eb oqean t\u00eb kthjell\u00ebt. Si p\u00ebr koincidenc\u00eb, Lori k\u00ebto dit\u00eb do t\u00eb p\u00ebrshkoj\u00eb Oqeanin Atlantik p\u00ebr t\u00eb arritur n\u00eb SHBA, ku do t\u00eb q\u00ebndroj\u00eb nj\u00eb koh\u00eb&#8230;<br \/>\nLori, jeni mysafire e shpesht\u00eb e diaspor\u00ebs son\u00eb n\u00eb per\u00ebndim. A keni p\u00ebrfitime t\u00eb m\u00ebdha nga k\u00ebto udh\u00ebtime?<\/p>\n<p><strong>Lori:<\/strong> Me th\u00ebn\u00eb t\u00eb drejt\u00ebn, ka p\u00ebrfitime p\u00ebrderisa udh\u00ebtoj, mir\u00ebpo shpenzimet nganj\u00ebher\u00eb jan\u00eb m\u00eb t\u00eb m\u00ebdha se p\u00ebrfitimet, duke llogaritur gard\u00ebrob\u00ebn, paraqitjen, realizimin e k\u00ebng\u00ebve dhe videoklipeve\u2026<br \/>\n<strong><br \/>\nNjiheni si k\u00ebng\u00ebtare e lazdruar, n\u00eb sken\u00eb. Madje, mund t\u00eb thuhet se jeni paksa edhe provokative n\u00eb sken\u00eb?<\/strong><\/p>\n<p><strong>Lori:<\/strong> Nuk e di, a jam v\u00ebrtet\u00eb\u2026Jo, se jam e lazdruar, por se \u00ebsht\u00eb stili im. Mundohem t\u00eb jem sa m\u00eb origjinale dhe sa m\u00eb af\u00ebr publikut. Nd\u00ebrsa, p\u00ebr provokative\u2026ndoshta dukem.<\/p>\n<p><strong>Syt\u00eb e tu t\u00eb kalt\u00ebr joshin shum\u00eb fansa. I besoni dashuris\u00eb n\u00eb shikim t\u00eb par\u00eb?<\/strong><\/p>\n<p><strong>Lori: <\/strong>Varet, nuk e di, nuk m\u00eb ka ndodhur ndryshe.<\/p>\n<p><strong>Edhe veshjen e keni shum\u00eb ekstravagante. Madje, ka patur raste kur keni dalur n\u00eb sken\u00eb e veshur me shallvare, t\u00eb cilat t\u00eb rrinin shum\u00eb bukur?<\/strong><\/p>\n<p><strong>Lori:<\/strong> Asnj\u00ebher\u00eb nuk mendoj se jam e tepruar dhe veshka ime varet nga vendi se ku k\u00ebndoj. Pik\u00ebrisht, shallvaret i kam veshur n\u00eb programin festiv t\u00eb Vitit t\u00eb Ri, ku jan\u00eb p\u00ebrshtatur me k\u00ebng\u00ebn, sepse q\u00ebllimi im \u00ebsht\u00eb q\u00eb veshja t\u00eb p\u00ebrshtatet ne at\u00eb q\u00eb k\u00ebndoj. Nj\u00ebkoh\u00ebsisht, ju fal\u00ebnderoj p\u00ebr komplimentin.<\/p>\n<p><strong>E keni gjetur njeriun e zemr\u00ebs, apo prisni q\u00eb tjet\u00ebrkush t\u2019ju gjej juve?<\/strong><\/p>\n<p><strong>Lori:<\/strong> Normalisht q\u00eb pres, q\u00eb dikush t\u00eb m\u00eb gjej mua\u2026<br \/>\n<strong><br \/>\nLori, \u00ebsht\u00eb shkurtes\u00eb e emrit tuaj, nj\u00eb shkurtes\u00eb e gjetur, e goditur?<\/strong><\/p>\n<p><strong>Lori: <\/strong>Besoj q\u00eb po\u2026<\/p>\n<p><strong>E keni goditur ju profesionin, apo keni \u00ebnd\u00ebrruar ndonj\u00eb profesion tjet\u00ebr?<\/strong><\/p>\n<p><strong>Lori: <\/strong>Un\u00eb gjat\u00eb gjith\u00eb jet\u00ebs sime kam preferuar k\u00ebt\u00eb profesion q\u00eb e kam dhe mendoj q\u00eb \u00ebsht\u00eb zgjidhja e duhur. Gjithashtu, dua t\u00eb fal\u00ebnderoj t\u00eb gjith\u00eb publikun, diaspor\u00ebn, fansat e mi t\u00eb cil\u00ebt m\u00eb ndjekin kudo q\u00eb k\u00ebndoj.<\/p>\n<p><strong>N\u00eb nj\u00eb intervist\u00eb keni theksuar se, djali juaj (i \u00ebndrr\u00ebs) duhet t\u00eb vuaj\u00eb shum\u00eb p\u00ebr ju?<\/strong><\/p>\n<p><strong>Lori: <\/strong>fakt, nuk e di se kush e ka th\u00ebn\u00eb k\u00ebt\u00eb, sepse na ndodh q\u00eb shpesh n\u00eb intervista lexojm\u00eb fjal\u00ebt q\u00eb nuk i kemi th\u00ebn\u00eb kurr\u00eb. Mbaj mend q\u00eb kam th\u00ebn\u00eb n\u00eb nj\u00eb intervist\u00eb me humor, q\u00eb djali im do t\u00eb \u00e7mendet pas meje, duhet \u00ebt m\u00eb doj\u00eb \u00e7mendurisht, gjithnj\u00eb me humor\u2026<\/p>\n<p><strong>Pse jeni kaq e \u2018pam\u00ebshirshme\u2019?<\/strong><\/p>\n<p><strong>Lori: <\/strong>Nuk jam e \u2018pam\u00ebshirshme\u2019, madje jam shum\u00eb m\u00eb e mir\u00eb se sa q\u00eb duhet.<\/p>\n<p><strong>Si e kuptoni xhelozin\u00eb, si s\u00ebmurja apo dashuri?<\/strong><\/p>\n<p><strong>Lori:<\/strong> Un\u00eb mendoj q\u00eb ka xhelozi t\u00eb s\u00ebmur\u00eb dhe xhelozi q\u00eb duhet t\u00eb jet\u00eb e patepruar. Sepse pa xhelozi, s\u2019ka as dashuri.<\/p>\n<p><strong>A jeni b\u00ebr\u00eb ndonj\u00ebher\u00eb xheloze?<\/strong><br \/>\n<strong>Lori:<\/strong> Patjet\u00ebr, por pa e tepruar.<br \/>\n<strong><br \/>\nDometh\u00ebn\u00eb, nuk keni dashuruar ende (marr\u00ebzisht)?<\/strong><\/p>\n<p><strong>Lori:<\/strong> Mendoj se jo.<\/p>\n<p><strong>Kur do ta nxirrni albumin e radh\u00ebs?<\/strong><\/p>\n<p><strong>Lori: <\/strong>Albumi ka dal\u00eb n\u00eb fillim t\u00eb vitit, n\u00eb diaspor\u00eb ka dal\u00eb n\u00eb mars, titullohet \u201cDua\u201d. K\u00ebto dit\u00eb jan\u00eb lansuar edhe dy videoklipe t\u00eb mia, \u201cK\u00ebnga n\u00eb mesnat\u00eb\u201d dhe k\u00ebnga popullore \u201cKeq\u201d.<\/p>\n<p><strong>Sigurisht q\u00eb k\u00ebng\u00ebt jan\u00eb lirike?<\/strong><\/p>\n<p><strong>Lori:<\/strong> Albumi \u00ebsht\u00eb p\u00ebrmbledhje e k\u00ebng\u00ebve t\u00eb mia m\u00eb t\u00eb mira. Ka edhe pes\u00eb k\u00ebng\u00eb t\u00eb reja q\u00eb jan\u00eb t\u00eb zhanreve t\u00eb ndryshme.<\/p>\n<p><strong>Intervistoi: Gazmend Kajtazi<\/strong><\/p>\n<p><strong>Telegrafi<\/strong><\/p>\n<p><strong><\/p>\n<p><\/strong><\/p>\n<p><!--YouTube Error: bad URL entered--><strong><br \/>\n<\/strong><\/p>\n<p><strong><br \/>\n<\/strong><\/p>\n","protected":false},"excerpt":{"rendered":"<p>Lori, si zakonisht frym\u00ebzuese me pamje dhe shikimin e thell\u00eb dhe dep\u00ebrtues vazhdimisht t\u00ebrheq v\u00ebmendjen e publikut. K\u00ebshtu ndodhi edhe gjat\u00eb koh\u00ebs kur po zhvillonim k\u00ebt\u00eb intervist\u00eb n\u00eb \u2018Grand\u2019, me \u00e7\u2019rast nj\u00eb klient i rastit madje i k\u00ebndonte z\u00ebsh\u00ebm k\u00ebng\u00ebt e Lorit. Lori, natyrisht se p\u00ebr nj\u00eb moment doli nga modestia dhe syt\u00eb e saj [&hellip;]<\/p>\n","protected":false},"author":1,"featured_media":0,"comment_status":"open","ping_status":"closed","sticky":false,"template":"","format":"standard","meta":{"spay_email":"","jetpack_publicize_message":"","jetpack_is_tweetstorm":false,"jetpack_publicize_feature_enabled":true},"categories":[1],"tags":[5102,6963],"jetpack_publicize_connections":[],"yoast_head":"<!-- This site is optimized with the Yoast SEO plugin v19.1 - https:\/\/yoast.com\/wordpress\/plugins\/seo\/ -->\n<title>Loreta Kacka - Lori k\u00ebto dit\u00eb n\u00eb SHBA - Lajme nga Ulqini<\/title>\n<meta name=\"description\" content=\"Lori, si zakonisht frym\u00ebzuese me pamje dhe shikimin e thell\u00eb dhe dep\u00ebrtues vazhdimisht t\u00ebrheq v\u00ebmendjen e publikut. K\u00ebshtu ndodhi edhe gjat\u00eb koh\u00ebs kur po\" \/>\n<meta name=\"robots\" content=\"index, follow, max-snippet:-1, max-image-preview:large, max-video-preview:-1\" \/>\n<link rel=\"canonical\" href=\"https:\/\/www.visit-ulcinj.com\/blog\/2009\/05\/14\/loreta-kacka-lori-keto-dite-ne-shba\/\" \/>\n<meta property=\"og:locale\" content=\"en_US\" \/>\n<meta property=\"og:type\" content=\"article\" \/>\n<meta property=\"og:title\" content=\"Loreta Kacka - Lori k\u00ebto dit\u00eb n\u00eb SHBA - Lajme nga Ulqini\" \/>\n<meta property=\"og:description\" content=\"Lori, si zakonisht frym\u00ebzuese me pamje dhe shikimin e thell\u00eb dhe dep\u00ebrtues vazhdimisht t\u00ebrheq v\u00ebmendjen e publikut. K\u00ebshtu ndodhi edhe gjat\u00eb koh\u00ebs kur po\" \/>\n<meta property=\"og:url\" content=\"https:\/\/www.visit-ulcinj.com\/blog\/2009\/05\/14\/loreta-kacka-lori-keto-dite-ne-shba\/\" \/>\n<meta property=\"og:site_name\" content=\"Lajme nga Ulqini\" \/>\n<meta property=\"article:published_time\" content=\"2009-05-14T17:32:13+00:00\" \/>\n<meta property=\"og:image\" content=\"https:\/\/www.visit-ulcinj.com\/blog\/wp-content\/uploads\/2009\/05\/loreta-kacka-lori-150x150.jpg\" \/>\n<meta name=\"twitter:label1\" content=\"Written by\" \/>\n\t<meta name=\"twitter:data1\" content=\"ulqini\" \/>\n\t<meta name=\"twitter:label2\" content=\"Est. reading time\" \/>\n\t<meta name=\"twitter:data2\" content=\"3 minutes\" \/>\n<script type=\"application\/ld+json\" class=\"yoast-schema-graph\">{\"@context\":\"https:\/\/schema.org\",\"@graph\":[{\"@type\":\"WebSite\",\"@id\":\"https:\/\/www.visit-ulcinj.com\/blog\/#website\",\"url\":\"https:\/\/www.visit-ulcinj.com\/blog\/\",\"name\":\"Lajme nga Ulqini\",\"description\":\"Lajme,Vijesti,Ulqini,Ulqin,Crna Gora,Mali i Zi\",\"potentialAction\":[{\"@type\":\"SearchAction\",\"target\":{\"@type\":\"EntryPoint\",\"urlTemplate\":\"https:\/\/www.visit-ulcinj.com\/blog\/?s={search_term_string}\"},\"query-input\":\"required name=search_term_string\"}],\"inLanguage\":\"en-US\"},{\"@type\":\"ImageObject\",\"inLanguage\":\"en-US\",\"@id\":\"https:\/\/www.visit-ulcinj.com\/blog\/2009\/05\/14\/loreta-kacka-lori-keto-dite-ne-shba\/#primaryimage\",\"url\":\"http:\/\/www.visit-ulcinj.com\/blog\/wp-content\/uploads\/2009\/05\/loreta-kacka-lori.jpg\",\"contentUrl\":\"http:\/\/www.visit-ulcinj.com\/blog\/wp-content\/uploads\/2009\/05\/loreta-kacka-lori.jpg\"},{\"@type\":\"WebPage\",\"@id\":\"https:\/\/www.visit-ulcinj.com\/blog\/2009\/05\/14\/loreta-kacka-lori-keto-dite-ne-shba\/#webpage\",\"url\":\"https:\/\/www.visit-ulcinj.com\/blog\/2009\/05\/14\/loreta-kacka-lori-keto-dite-ne-shba\/\",\"name\":\"Loreta Kacka - Lori k\u00ebto dit\u00eb n\u00eb SHBA - Lajme nga Ulqini\",\"isPartOf\":{\"@id\":\"https:\/\/www.visit-ulcinj.com\/blog\/#website\"},\"primaryImageOfPage\":{\"@id\":\"https:\/\/www.visit-ulcinj.com\/blog\/2009\/05\/14\/loreta-kacka-lori-keto-dite-ne-shba\/#primaryimage\"},\"datePublished\":\"2009-05-14T17:32:13+00:00\",\"dateModified\":\"2009-05-14T17:32:13+00:00\",\"author\":{\"@id\":\"https:\/\/www.visit-ulcinj.com\/blog\/#\/schema\/person\/dcab619c614d3038751c63bc2aadc06d\"},\"description\":\"Lori, si zakonisht frym\u00ebzuese me pamje dhe shikimin e thell\u00eb dhe dep\u00ebrtues vazhdimisht t\u00ebrheq v\u00ebmendjen e publikut. K\u00ebshtu ndodhi edhe gjat\u00eb koh\u00ebs kur po\",\"breadcrumb\":{\"@id\":\"https:\/\/www.visit-ulcinj.com\/blog\/2009\/05\/14\/loreta-kacka-lori-keto-dite-ne-shba\/#breadcrumb\"},\"inLanguage\":\"en-US\",\"potentialAction\":[{\"@type\":\"ReadAction\",\"target\":[\"https:\/\/www.visit-ulcinj.com\/blog\/2009\/05\/14\/loreta-kacka-lori-keto-dite-ne-shba\/\"]}]},{\"@type\":\"BreadcrumbList\",\"@id\":\"https:\/\/www.visit-ulcinj.com\/blog\/2009\/05\/14\/loreta-kacka-lori-keto-dite-ne-shba\/#breadcrumb\",\"itemListElement\":[{\"@type\":\"ListItem\",\"position\":1,\"name\":\"Loreta Kacka &#8211; Lori k\u00ebto dit\u00eb n\u00eb SHBA\"}]},{\"@type\":\"Person\",\"@id\":\"https:\/\/www.visit-ulcinj.com\/blog\/#\/schema\/person\/dcab619c614d3038751c63bc2aadc06d\",\"name\":\"ulqini\",\"sameAs\":[\"http:\/\/www.visit-ulcinj.com\"],\"url\":\"https:\/\/www.visit-ulcinj.com\/blog\/author\/admin\/\"}]}<\/script>\n<!-- \/ Yoast SEO plugin. -->","yoast_head_json":{"title":"Loreta Kacka - Lori k\u00ebto dit\u00eb n\u00eb SHBA - Lajme nga Ulqini","description":"Lori, si zakonisht frym\u00ebzuese me pamje dhe shikimin e thell\u00eb dhe dep\u00ebrtues vazhdimisht t\u00ebrheq v\u00ebmendjen e publikut. K\u00ebshtu ndodhi edhe gjat\u00eb koh\u00ebs kur po","robots":{"index":"index","follow":"follow","max-snippet":"max-snippet:-1","max-image-preview":"max-image-preview:large","max-video-preview":"max-video-preview:-1"},"canonical":"https:\/\/www.visit-ulcinj.com\/blog\/2009\/05\/14\/loreta-kacka-lori-keto-dite-ne-shba\/","og_locale":"en_US","og_type":"article","og_title":"Loreta Kacka - Lori k\u00ebto dit\u00eb n\u00eb SHBA - Lajme nga Ulqini","og_description":"Lori, si zakonisht frym\u00ebzuese me pamje dhe shikimin e thell\u00eb dhe dep\u00ebrtues vazhdimisht t\u00ebrheq v\u00ebmendjen e publikut. K\u00ebshtu ndodhi edhe gjat\u00eb koh\u00ebs kur po","og_url":"https:\/\/www.visit-ulcinj.com\/blog\/2009\/05\/14\/loreta-kacka-lori-keto-dite-ne-shba\/","og_site_name":"Lajme nga Ulqini","article_published_time":"2009-05-14T17:32:13+00:00","og_image":[{"url":"https:\/\/www.visit-ulcinj.com\/blog\/wp-content\/uploads\/2009\/05\/loreta-kacka-lori-150x150.jpg"}],"twitter_misc":{"Written by":"ulqini","Est. reading time":"3 minutes"},"schema":{"@context":"https:\/\/schema.org","@graph":[{"@type":"WebSite","@id":"https:\/\/www.visit-ulcinj.com\/blog\/#website","url":"https:\/\/www.visit-ulcinj.com\/blog\/","name":"Lajme nga Ulqini","description":"Lajme,Vijesti,Ulqini,Ulqin,Crna Gora,Mali i Zi","potentialAction":[{"@type":"SearchAction","target":{"@type":"EntryPoint","urlTemplate":"https:\/\/www.visit-ulcinj.com\/blog\/?s={search_term_string}"},"query-input":"required name=search_term_string"}],"inLanguage":"en-US"},{"@type":"ImageObject","inLanguage":"en-US","@id":"https:\/\/www.visit-ulcinj.com\/blog\/2009\/05\/14\/loreta-kacka-lori-keto-dite-ne-shba\/#primaryimage","url":"http:\/\/www.visit-ulcinj.com\/blog\/wp-content\/uploads\/2009\/05\/loreta-kacka-lori.jpg","contentUrl":"http:\/\/www.visit-ulcinj.com\/blog\/wp-content\/uploads\/2009\/05\/loreta-kacka-lori.jpg"},{"@type":"WebPage","@id":"https:\/\/www.visit-ulcinj.com\/blog\/2009\/05\/14\/loreta-kacka-lori-keto-dite-ne-shba\/#webpage","url":"https:\/\/www.visit-ulcinj.com\/blog\/2009\/05\/14\/loreta-kacka-lori-keto-dite-ne-shba\/","name":"Loreta Kacka - Lori k\u00ebto dit\u00eb n\u00eb SHBA - Lajme nga Ulqini","isPartOf":{"@id":"https:\/\/www.visit-ulcinj.com\/blog\/#website"},"primaryImageOfPage":{"@id":"https:\/\/www.visit-ulcinj.com\/blog\/2009\/05\/14\/loreta-kacka-lori-keto-dite-ne-shba\/#primaryimage"},"datePublished":"2009-05-14T17:32:13+00:00","dateModified":"2009-05-14T17:32:13+00:00","author":{"@id":"https:\/\/www.visit-ulcinj.com\/blog\/#\/schema\/person\/dcab619c614d3038751c63bc2aadc06d"},"description":"Lori, si zakonisht frym\u00ebzuese me pamje dhe shikimin e thell\u00eb dhe dep\u00ebrtues vazhdimisht t\u00ebrheq v\u00ebmendjen e publikut. K\u00ebshtu ndodhi edhe gjat\u00eb koh\u00ebs kur po","breadcrumb":{"@id":"https:\/\/www.visit-ulcinj.com\/blog\/2009\/05\/14\/loreta-kacka-lori-keto-dite-ne-shba\/#breadcrumb"},"inLanguage":"en-US","potentialAction":[{"@type":"ReadAction","target":["https:\/\/www.visit-ulcinj.com\/blog\/2009\/05\/14\/loreta-kacka-lori-keto-dite-ne-shba\/"]}]},{"@type":"BreadcrumbList","@id":"https:\/\/www.visit-ulcinj.com\/blog\/2009\/05\/14\/loreta-kacka-lori-keto-dite-ne-shba\/#breadcrumb","itemListElement":[{"@type":"ListItem","position":1,"name":"Loreta Kacka &#8211; Lori k\u00ebto dit\u00eb n\u00eb SHBA"}]},{"@type":"Person","@id":"https:\/\/www.visit-ulcinj.com\/blog\/#\/schema\/person\/dcab619c614d3038751c63bc2aadc06d","name":"ulqini","sameAs":["http:\/\/www.visit-ulcinj.com"],"url":"https:\/\/www.visit-ulcinj.com\/blog\/author\/admin\/"}]}},"jetpack_featured_media_url":"","jetpack_sharing_enabled":true,"jetpack_shortlink":"https:\/\/wp.me\/pe6lTn-5yM","_links":{"self":[{"href":"https:\/\/www.visit-ulcinj.com\/blog\/wp-json\/wp\/v2\/posts\/21376"}],"collection":[{"href":"https:\/\/www.visit-ulcinj.com\/blog\/wp-json\/wp\/v2\/posts"}],"about":[{"href":"https:\/\/www.visit-ulcinj.com\/blog\/wp-json\/wp\/v2\/types\/post"}],"author":[{"embeddable":true,"href":"https:\/\/www.visit-ulcinj.com\/blog\/wp-json\/wp\/v2\/users\/1"}],"replies":[{"embeddable":true,"href":"https:\/\/www.visit-ulcinj.com\/blog\/wp-json\/wp\/v2\/comments?post=21376"}],"version-history":[{"count":0,"href":"https:\/\/www.visit-ulcinj.com\/blog\/wp-json\/wp\/v2\/posts\/21376\/revisions"}],"wp:attachment":[{"href":"https:\/\/www.visit-ulcinj.com\/blog\/wp-json\/wp\/v2\/media?parent=21376"}],"wp:term":[{"taxonomy":"category","embeddable":true,"href":"https:\/\/www.visit-ulcinj.com\/blog\/wp-json\/wp\/v2\/categories?post=21376"},{"taxonomy":"post_tag","embeddable":true,"href":"https:\/\/www.visit-ulcinj.com\/blog\/wp-json\/wp\/v2\/tags?post=21376"}],"curies":[{"name":"wp","href":"https:\/\/api.w.org\/{rel}","templated":true}]}}