{"id":21394,"date":"2009-05-14T22:44:10","date_gmt":"2009-05-14T20:44:10","guid":{"rendered":"http:\/\/www.visit-ulcinj.com\/blog\/?p=21394"},"modified":"2009-05-14T22:44:10","modified_gmt":"2009-05-14T20:44:10","slug":"adi-me-sorin-i-vune-ne-veshtiresi-mamate","status":"publish","type":"post","link":"https:\/\/www.visit-ulcinj.com\/blog\/2009\/05\/14\/adi-me-sorin-i-vune-ne-veshtiresi-mamate\/","title":{"rendered":"Adi me Sorin : I vun\u00eb n\u00eb v\u00ebshtir\u00ebsi mamat\u00eb"},"content":{"rendered":"<p><em><span class=\"newsdate\"><a href=\"http:\/\/www.visit-ulcinj.com\/blog\/wp-content\/uploads\/2009\/05\/adisori-13maj-2.jpg\"><img loading=\"lazy\" class=\"alignleft size-full wp-image-21396\" title=\"adisori-13maj-2-big-brother-albania-2\" src=\"http:\/\/www.visit-ulcinj.com\/blog\/wp-content\/uploads\/2009\/05\/adisori-13maj-2.jpg\" alt=\"adisori-13maj-2-big-brother-albania-2\" width=\"300\" height=\"205\" \/><\/a>13\/05\/09 00:38<\/span><\/em><\/p>\n<p>Adi diskuton edhe me Sorin p\u00ebr k\u00ebt\u00eb mbr\u00ebmje surpriz\u00eb. Adi shprehet se duke mos ditur se cfar\u00eb e priste, n\u00eb nj\u00eb moment mendoi t\u00eb mos e vriste m\u00eb mendjen dhe le t\u00eb shkonte si t\u00eb shkonte votimi i fundit. P\u00ebr Sorin, nuk ka m\u00eb asgj\u00eb p\u00ebr t\u00eb vrar\u00eb mendjen tashm\u00eb sepse ato q\u00eb kishin p\u00ebr t\u00eb ndodhur, ndodh\u00ebn. Ai mendon se t\u00eb pakt\u00ebn k\u00ebt\u00eb radh\u00eb e kishin m\u00eb t\u00eb thjesht\u00eb sepse nuk pat\u00ebn stresin se cilin t\u00eb nominonin, por ishin thuajse t\u00eb gjith\u00eb t\u00eb nominuar. Adi shprehet se do preferonte q\u00eb t\u00eb ishin t\u00eb gjith\u00eb n\u00eb nominim ose m\u00eb mir\u00eb ata vet\u00eb t\u00eb b\u00ebnin nj\u00eb nominim t\u00eb fundit sesa t\u00eb vinin mamat\u00eb e tyre n\u00eb v\u00ebshtir\u00ebsi. Adi dhe Sori kujtojn\u00eb edhe Arin dhe imagjinojn\u00eb se ku mund t\u00eb jet\u00eb ai n\u00eb k\u00ebto momente. Adi thot\u00eb me shaka se mund t\u00eb jet\u00eb duke u marr\u00eb me Tonin. Sori tregon se Ari i p\u00eblqente n\u00ebp\u00ebr biseda sepse i argumentonte mir\u00eb ato, por nuk t\u00eb linte radh\u00eb t\u00eb flisje. \u201cIshte personazh\u201d- thot\u00eb ai. Sori shprehet se arrit\u00ebn q\u00eb t\u2019i eleminonin t\u00eb gjith\u00eb banor\u00ebt e rinj dhe n\u00eb fund t\u00eb mbeteshin ata.<\/p>\n","protected":false},"excerpt":{"rendered":"<p>13\/05\/09 00:38 Adi diskuton edhe me Sorin p\u00ebr k\u00ebt\u00eb mbr\u00ebmje surpriz\u00eb. Adi shprehet se duke mos ditur se cfar\u00eb e priste, n\u00eb nj\u00eb moment mendoi t\u00eb mos e vriste m\u00eb mendjen dhe le t\u00eb shkonte si t\u00eb shkonte votimi i fundit. P\u00ebr Sorin, nuk ka m\u00eb asgj\u00eb p\u00ebr t\u00eb vrar\u00eb mendjen tashm\u00eb sepse ato q\u00eb [&hellip;]<\/p>\n","protected":false},"author":1,"featured_media":0,"comment_status":"open","ping_status":"closed","sticky":false,"template":"","format":"standard","meta":{"spay_email":"","jetpack_publicize_message":"","jetpack_is_tweetstorm":false,"jetpack_publicize_feature_enabled":true},"categories":[6502],"tags":[6520,9121,8276,9751],"jetpack_publicize_connections":[],"yoast_head":"<!-- This site is optimized with the Yoast SEO plugin v19.1 - https:\/\/yoast.com\/wordpress\/plugins\/seo\/ -->\n<title>Adi me Sorin : I vun\u00c3\u00ab n\u00c3\u00ab v\u00c3\u00abshtir\u00c3\u00absi mamat\u00c3\u00ab | Big Brother Albania 2<\/title>\n<meta name=\"description\" content=\"Big Brother Albania 2 - Adi diskuton edhe me Sorin p\u00c3\u00abr k\u00c3\u00abt\u00c3\u00ab mbr\u00c3\u00abmje surpriz\u00c3\u00ab. Adi shprehet se duke mos ditur se cfar\u00c3\u00ab e priste, n\u00c3\u00ab nj\u00c3\u00ab moment mendoi t\u00c3\u00ab mos e vriste m\u00c3\u00ab mendjen dhe le t\u00c3\u00ab shkonte si t\u00c3\u00ab shkonte votimi i fundit.\" \/>\n<meta name=\"robots\" content=\"index, follow, max-snippet:-1, max-image-preview:large, max-video-preview:-1\" \/>\n<link rel=\"canonical\" href=\"https:\/\/www.visit-ulcinj.com\/blog\/2009\/05\/14\/adi-me-sorin-i-vune-ne-veshtiresi-mamate\/\" \/>\n<meta property=\"og:locale\" content=\"en_US\" \/>\n<meta property=\"og:type\" content=\"article\" \/>\n<meta property=\"og:title\" content=\"Adi me Sorin : I vun\u00c3\u00ab n\u00c3\u00ab v\u00c3\u00abshtir\u00c3\u00absi mamat\u00c3\u00ab | Big Brother Albania 2\" \/>\n<meta property=\"og:description\" content=\"Big Brother Albania 2 - Adi diskuton edhe me Sorin p\u00c3\u00abr k\u00c3\u00abt\u00c3\u00ab mbr\u00c3\u00abmje surpriz\u00c3\u00ab. Adi shprehet se duke mos ditur se cfar\u00c3\u00ab e priste, n\u00c3\u00ab nj\u00c3\u00ab moment mendoi t\u00c3\u00ab mos e vriste m\u00c3\u00ab mendjen dhe le t\u00c3\u00ab shkonte si t\u00c3\u00ab shkonte votimi i fundit.\" \/>\n<meta property=\"og:url\" content=\"https:\/\/www.visit-ulcinj.com\/blog\/2009\/05\/14\/adi-me-sorin-i-vune-ne-veshtiresi-mamate\/\" \/>\n<meta property=\"og:site_name\" content=\"Lajme nga Ulqini\" \/>\n<meta property=\"article:published_time\" content=\"2009-05-14T20:44:10+00:00\" \/>\n<meta property=\"og:image\" content=\"http:\/\/www.visit-ulcinj.com\/blog\/wp-content\/uploads\/2009\/05\/adisori-13maj-2.jpg\" \/>\n<meta name=\"twitter:label1\" content=\"Written by\" \/>\n\t<meta name=\"twitter:data1\" content=\"ulqini\" \/>\n\t<meta name=\"twitter:label2\" content=\"Est. reading time\" \/>\n\t<meta name=\"twitter:data2\" content=\"1 minute\" \/>\n<script type=\"application\/ld+json\" class=\"yoast-schema-graph\">{\"@context\":\"https:\/\/schema.org\",\"@graph\":[{\"@type\":\"WebSite\",\"@id\":\"https:\/\/www.visit-ulcinj.com\/blog\/#website\",\"url\":\"https:\/\/www.visit-ulcinj.com\/blog\/\",\"name\":\"Lajme nga Ulqini\",\"description\":\"Lajme,Vijesti,Ulqini,Ulqin,Crna Gora,Mali i Zi\",\"potentialAction\":[{\"@type\":\"SearchAction\",\"target\":{\"@type\":\"EntryPoint\",\"urlTemplate\":\"https:\/\/www.visit-ulcinj.com\/blog\/?s={search_term_string}\"},\"query-input\":\"required name=search_term_string\"}],\"inLanguage\":\"en-US\"},{\"@type\":\"ImageObject\",\"inLanguage\":\"en-US\",\"@id\":\"https:\/\/www.visit-ulcinj.com\/blog\/2009\/05\/14\/adi-me-sorin-i-vune-ne-veshtiresi-mamate\/#primaryimage\",\"url\":\"http:\/\/www.visit-ulcinj.com\/blog\/wp-content\/uploads\/2009\/05\/adisori-13maj-2.jpg\",\"contentUrl\":\"http:\/\/www.visit-ulcinj.com\/blog\/wp-content\/uploads\/2009\/05\/adisori-13maj-2.jpg\"},{\"@type\":\"WebPage\",\"@id\":\"https:\/\/www.visit-ulcinj.com\/blog\/2009\/05\/14\/adi-me-sorin-i-vune-ne-veshtiresi-mamate\/#webpage\",\"url\":\"https:\/\/www.visit-ulcinj.com\/blog\/2009\/05\/14\/adi-me-sorin-i-vune-ne-veshtiresi-mamate\/\",\"name\":\"Adi me Sorin : I vun\u00c3\u00ab n\u00c3\u00ab v\u00c3\u00abshtir\u00c3\u00absi mamat\u00c3\u00ab | Big Brother Albania 2\",\"isPartOf\":{\"@id\":\"https:\/\/www.visit-ulcinj.com\/blog\/#website\"},\"primaryImageOfPage\":{\"@id\":\"https:\/\/www.visit-ulcinj.com\/blog\/2009\/05\/14\/adi-me-sorin-i-vune-ne-veshtiresi-mamate\/#primaryimage\"},\"datePublished\":\"2009-05-14T20:44:10+00:00\",\"dateModified\":\"2009-05-14T20:44:10+00:00\",\"author\":{\"@id\":\"https:\/\/www.visit-ulcinj.com\/blog\/#\/schema\/person\/dcab619c614d3038751c63bc2aadc06d\"},\"description\":\"Big Brother Albania 2 - Adi diskuton edhe me Sorin p\u00c3\u00abr k\u00c3\u00abt\u00c3\u00ab mbr\u00c3\u00abmje surpriz\u00c3\u00ab. Adi shprehet se duke mos ditur se cfar\u00c3\u00ab e priste, n\u00c3\u00ab nj\u00c3\u00ab moment mendoi t\u00c3\u00ab mos e vriste m\u00c3\u00ab mendjen dhe le t\u00c3\u00ab shkonte si t\u00c3\u00ab shkonte votimi i fundit.\",\"breadcrumb\":{\"@id\":\"https:\/\/www.visit-ulcinj.com\/blog\/2009\/05\/14\/adi-me-sorin-i-vune-ne-veshtiresi-mamate\/#breadcrumb\"},\"inLanguage\":\"en-US\",\"potentialAction\":[{\"@type\":\"ReadAction\",\"target\":[\"https:\/\/www.visit-ulcinj.com\/blog\/2009\/05\/14\/adi-me-sorin-i-vune-ne-veshtiresi-mamate\/\"]}]},{\"@type\":\"BreadcrumbList\",\"@id\":\"https:\/\/www.visit-ulcinj.com\/blog\/2009\/05\/14\/adi-me-sorin-i-vune-ne-veshtiresi-mamate\/#breadcrumb\",\"itemListElement\":[{\"@type\":\"ListItem\",\"position\":1,\"name\":\"Adi me Sorin : I vun\u00eb n\u00eb v\u00ebshtir\u00ebsi mamat\u00eb\"}]},{\"@type\":\"Person\",\"@id\":\"https:\/\/www.visit-ulcinj.com\/blog\/#\/schema\/person\/dcab619c614d3038751c63bc2aadc06d\",\"name\":\"ulqini\",\"sameAs\":[\"http:\/\/www.visit-ulcinj.com\"],\"url\":\"https:\/\/www.visit-ulcinj.com\/blog\/author\/admin\/\"}]}<\/script>\n<!-- \/ Yoast SEO plugin. -->","yoast_head_json":{"title":"Adi me Sorin : I vun\u00c3\u00ab n\u00c3\u00ab v\u00c3\u00abshtir\u00c3\u00absi mamat\u00c3\u00ab | Big Brother Albania 2","description":"Big Brother Albania 2 - Adi diskuton edhe me Sorin p\u00c3\u00abr k\u00c3\u00abt\u00c3\u00ab mbr\u00c3\u00abmje surpriz\u00c3\u00ab. Adi shprehet se duke mos ditur se cfar\u00c3\u00ab e priste, n\u00c3\u00ab nj\u00c3\u00ab moment mendoi t\u00c3\u00ab mos e vriste m\u00c3\u00ab mendjen dhe le t\u00c3\u00ab shkonte si t\u00c3\u00ab shkonte votimi i fundit.","robots":{"index":"index","follow":"follow","max-snippet":"max-snippet:-1","max-image-preview":"max-image-preview:large","max-video-preview":"max-video-preview:-1"},"canonical":"https:\/\/www.visit-ulcinj.com\/blog\/2009\/05\/14\/adi-me-sorin-i-vune-ne-veshtiresi-mamate\/","og_locale":"en_US","og_type":"article","og_title":"Adi me Sorin : I vun\u00c3\u00ab n\u00c3\u00ab v\u00c3\u00abshtir\u00c3\u00absi mamat\u00c3\u00ab | Big Brother Albania 2","og_description":"Big Brother Albania 2 - Adi diskuton edhe me Sorin p\u00c3\u00abr k\u00c3\u00abt\u00c3\u00ab mbr\u00c3\u00abmje surpriz\u00c3\u00ab. Adi shprehet se duke mos ditur se cfar\u00c3\u00ab e priste, n\u00c3\u00ab nj\u00c3\u00ab moment mendoi t\u00c3\u00ab mos e vriste m\u00c3\u00ab mendjen dhe le t\u00c3\u00ab shkonte si t\u00c3\u00ab shkonte votimi i fundit.","og_url":"https:\/\/www.visit-ulcinj.com\/blog\/2009\/05\/14\/adi-me-sorin-i-vune-ne-veshtiresi-mamate\/","og_site_name":"Lajme nga Ulqini","article_published_time":"2009-05-14T20:44:10+00:00","og_image":[{"url":"http:\/\/www.visit-ulcinj.com\/blog\/wp-content\/uploads\/2009\/05\/adisori-13maj-2.jpg"}],"twitter_misc":{"Written by":"ulqini","Est. reading time":"1 minute"},"schema":{"@context":"https:\/\/schema.org","@graph":[{"@type":"WebSite","@id":"https:\/\/www.visit-ulcinj.com\/blog\/#website","url":"https:\/\/www.visit-ulcinj.com\/blog\/","name":"Lajme nga Ulqini","description":"Lajme,Vijesti,Ulqini,Ulqin,Crna Gora,Mali i Zi","potentialAction":[{"@type":"SearchAction","target":{"@type":"EntryPoint","urlTemplate":"https:\/\/www.visit-ulcinj.com\/blog\/?s={search_term_string}"},"query-input":"required name=search_term_string"}],"inLanguage":"en-US"},{"@type":"ImageObject","inLanguage":"en-US","@id":"https:\/\/www.visit-ulcinj.com\/blog\/2009\/05\/14\/adi-me-sorin-i-vune-ne-veshtiresi-mamate\/#primaryimage","url":"http:\/\/www.visit-ulcinj.com\/blog\/wp-content\/uploads\/2009\/05\/adisori-13maj-2.jpg","contentUrl":"http:\/\/www.visit-ulcinj.com\/blog\/wp-content\/uploads\/2009\/05\/adisori-13maj-2.jpg"},{"@type":"WebPage","@id":"https:\/\/www.visit-ulcinj.com\/blog\/2009\/05\/14\/adi-me-sorin-i-vune-ne-veshtiresi-mamate\/#webpage","url":"https:\/\/www.visit-ulcinj.com\/blog\/2009\/05\/14\/adi-me-sorin-i-vune-ne-veshtiresi-mamate\/","name":"Adi me Sorin : I vun\u00c3\u00ab n\u00c3\u00ab v\u00c3\u00abshtir\u00c3\u00absi mamat\u00c3\u00ab | Big Brother Albania 2","isPartOf":{"@id":"https:\/\/www.visit-ulcinj.com\/blog\/#website"},"primaryImageOfPage":{"@id":"https:\/\/www.visit-ulcinj.com\/blog\/2009\/05\/14\/adi-me-sorin-i-vune-ne-veshtiresi-mamate\/#primaryimage"},"datePublished":"2009-05-14T20:44:10+00:00","dateModified":"2009-05-14T20:44:10+00:00","author":{"@id":"https:\/\/www.visit-ulcinj.com\/blog\/#\/schema\/person\/dcab619c614d3038751c63bc2aadc06d"},"description":"Big Brother Albania 2 - Adi diskuton edhe me Sorin p\u00c3\u00abr k\u00c3\u00abt\u00c3\u00ab mbr\u00c3\u00abmje surpriz\u00c3\u00ab. Adi shprehet se duke mos ditur se cfar\u00c3\u00ab e priste, n\u00c3\u00ab nj\u00c3\u00ab moment mendoi t\u00c3\u00ab mos e vriste m\u00c3\u00ab mendjen dhe le t\u00c3\u00ab shkonte si t\u00c3\u00ab shkonte votimi i fundit.","breadcrumb":{"@id":"https:\/\/www.visit-ulcinj.com\/blog\/2009\/05\/14\/adi-me-sorin-i-vune-ne-veshtiresi-mamate\/#breadcrumb"},"inLanguage":"en-US","potentialAction":[{"@type":"ReadAction","target":["https:\/\/www.visit-ulcinj.com\/blog\/2009\/05\/14\/adi-me-sorin-i-vune-ne-veshtiresi-mamate\/"]}]},{"@type":"BreadcrumbList","@id":"https:\/\/www.visit-ulcinj.com\/blog\/2009\/05\/14\/adi-me-sorin-i-vune-ne-veshtiresi-mamate\/#breadcrumb","itemListElement":[{"@type":"ListItem","position":1,"name":"Adi me Sorin : I vun\u00eb n\u00eb v\u00ebshtir\u00ebsi mamat\u00eb"}]},{"@type":"Person","@id":"https:\/\/www.visit-ulcinj.com\/blog\/#\/schema\/person\/dcab619c614d3038751c63bc2aadc06d","name":"ulqini","sameAs":["http:\/\/www.visit-ulcinj.com"],"url":"https:\/\/www.visit-ulcinj.com\/blog\/author\/admin\/"}]}},"jetpack_featured_media_url":"","jetpack_sharing_enabled":true,"jetpack_shortlink":"https:\/\/wp.me\/pe6lTn-5z4","_links":{"self":[{"href":"https:\/\/www.visit-ulcinj.com\/blog\/wp-json\/wp\/v2\/posts\/21394"}],"collection":[{"href":"https:\/\/www.visit-ulcinj.com\/blog\/wp-json\/wp\/v2\/posts"}],"about":[{"href":"https:\/\/www.visit-ulcinj.com\/blog\/wp-json\/wp\/v2\/types\/post"}],"author":[{"embeddable":true,"href":"https:\/\/www.visit-ulcinj.com\/blog\/wp-json\/wp\/v2\/users\/1"}],"replies":[{"embeddable":true,"href":"https:\/\/www.visit-ulcinj.com\/blog\/wp-json\/wp\/v2\/comments?post=21394"}],"version-history":[{"count":0,"href":"https:\/\/www.visit-ulcinj.com\/blog\/wp-json\/wp\/v2\/posts\/21394\/revisions"}],"wp:attachment":[{"href":"https:\/\/www.visit-ulcinj.com\/blog\/wp-json\/wp\/v2\/media?parent=21394"}],"wp:term":[{"taxonomy":"category","embeddable":true,"href":"https:\/\/www.visit-ulcinj.com\/blog\/wp-json\/wp\/v2\/categories?post=21394"},{"taxonomy":"post_tag","embeddable":true,"href":"https:\/\/www.visit-ulcinj.com\/blog\/wp-json\/wp\/v2\/tags?post=21394"}],"curies":[{"name":"wp","href":"https:\/\/api.w.org\/{rel}","templated":true}]}}