{"id":21399,"date":"2009-05-14T22:51:36","date_gmt":"2009-05-14T20:51:36","guid":{"rendered":"http:\/\/www.visit-ulcinj.com\/blog\/?p=21399"},"modified":"2009-05-14T22:51:36","modified_gmt":"2009-05-14T20:51:36","slug":"adi-e-sulmonin-por-nuk-argumentonin","status":"publish","type":"post","link":"https:\/\/www.visit-ulcinj.com\/blog\/2009\/05\/14\/adi-e-sulmonin-por-nuk-argumentonin\/","title":{"rendered":"Adi : E sulmonin, por nuk argumentonin"},"content":{"rendered":"<p><em><span class=\"newsdate\"><a href=\"http:\/\/www.visit-ulcinj.com\/blog\/wp-content\/uploads\/2009\/05\/adisori-13maj-3.jpg\"><img loading=\"lazy\" class=\"alignleft size-full wp-image-21400\" title=\"adisori-13maj-3-big-brother-albania-2\" src=\"http:\/\/www.visit-ulcinj.com\/blog\/wp-content\/uploads\/2009\/05\/adisori-13maj-3.jpg\" alt=\"adisori-13maj-3-big-brother-albania-2\" width=\"300\" height=\"205\" \/><\/a>13\/05\/09 00:43<\/span><\/em><\/p>\n<p>Adi shprehet se i b\u00ebri p\u00ebrshtypje tek Adela se publiku i dhuroi edhe duartrokitje, edhe thirrje q\u00eb nuk tregonin p\u00ebrkrahje. Edhe Sori shprehet se e vuri re ket\u00eb gj\u00eb, por shton se ajo ka vuajtur shum\u00eb. Ata vazhdojn\u00eb t\u00eb flasin p\u00ebr Adel\u00ebn dhe Adi thot\u00eb se i erdhi keq p\u00ebr t\u00eb dhe n\u00ebn\u00ebn e saj, sidomos kur e shikonte q\u00eb rrinte n\u00eb dhom\u00eb dhe nuk dilte e fliste si n\u00ebnat e tjera. P\u00ebr Adel\u00ebn, Sori mendon se ajo ka vuajtur v\u00ebrtet\u00eb: n\u00eb disa raste p\u00ebr faj t\u00eb mendjes s\u00eb vet e n\u00eb disa t\u00eb tjera p\u00ebr faj t\u00eb grupit. Ai kujton se Juna iu qep keq Adel\u00ebs. Edhe Adi e mendon k\u00ebshtu dhe shprehet se n\u00ebse ajo kishte arsye, duhej t\u2019ia thoshte n\u00eb sy ato. Ai thot\u00eb se asnj\u00ebher\u00eb nuk e pa Adel\u00ebn n\u00eb siklet prej vajzave q\u00eb ato t\u00eb p\u00ebrballeshin realisht me t\u00eb. Adi kujton edhe Aid\u00ebn e cila shprehej hapur se nuk e p\u00eblqente, por gjithnj\u00eb kapej me t\u00eb p\u00ebr gj\u00ebra t\u00eb vogla, t\u00eb par\u00ebnd\u00ebsishme. Ai i thot\u00eb Sorit se t\u00eb dy e din\u00eb se cili \u00ebsht\u00eb defekti i Adel\u00ebs q\u00eb t\u00eb gjith\u00eb p\u00ebrpiqen t\u00eb kapen. Sipas tij, t\u00eb gjith\u00eb mendojn\u00eb se kjo \u00ebsht\u00eb loj\u00eb, por asnj\u00eb nuk i ka sjell\u00eb argumenta p\u00ebr k\u00ebt\u00eb gj\u00eb asaj. Sori mendon se n\u00eb cdo lidhje q\u00eb ka patur n\u00eb sht\u00ebpi, n\u00ebse nj\u00eb banor tjet\u00ebr nuk v\u00ebrteton dot se nj\u00ebri nga ata po mashtron, at\u00ebher\u00eb eleminon veten, ashtu sikurse ndodhi me disa nga banor\u00ebt. Adi p\u00ebr lidhjen e Anjez\u00ebs me Arjonin mendon se vet\u00ebm Anjeza kishte ndjenja t\u00eb v\u00ebrteta, nd\u00ebrsa Arjoni ishte djal\u00eb simpatik q\u00eb k\u00ebrkonte t\u00eb \u201cpushtonte\u201d. Ai thot\u00eb se e kupton mir\u00eb Arjonin, duke u nisur dhe nga vetja kur ka q\u00ebn\u00eb n\u00eb nj\u00eb mosh\u00eb me t\u00eb. \u201cNuk e di se si do u ken\u00eb shkuar gj\u00ebrat jasht\u00eb\u201d- thot\u00eb Sori p\u00ebr ta.<\/p>\n","protected":false},"excerpt":{"rendered":"<p>13\/05\/09 00:43 Adi shprehet se i b\u00ebri p\u00ebrshtypje tek Adela se publiku i dhuroi edhe duartrokitje, edhe thirrje q\u00eb nuk tregonin p\u00ebrkrahje. Edhe Sori shprehet se e vuri re ket\u00eb gj\u00eb, por shton se ajo ka vuajtur shum\u00eb. Ata vazhdojn\u00eb t\u00eb flasin p\u00ebr Adel\u00ebn dhe Adi thot\u00eb se i erdhi keq p\u00ebr t\u00eb dhe n\u00ebn\u00ebn [&hellip;]<\/p>\n","protected":false},"author":1,"featured_media":0,"comment_status":"open","ping_status":"closed","sticky":false,"template":"","format":"standard","meta":{"spay_email":"","jetpack_publicize_message":"","jetpack_is_tweetstorm":false,"jetpack_publicize_feature_enabled":true},"categories":[6502],"tags":[6529,6520,9121,8276,9751],"jetpack_publicize_connections":[],"yoast_head":"<!-- This site is optimized with the Yoast SEO plugin v19.1 - https:\/\/yoast.com\/wordpress\/plugins\/seo\/ -->\n<title>Adi : E sulmonin, por nuk argumentonin | Big Brother Albania 2<\/title>\n<meta name=\"description\" content=\"Big Brother Albania 2 - Adi shprehet se i b\u00c3\u00abri p\u00c3\u00abrshtypje tek Adela se publiku i dhuroi edhe duartrokitje, edhe thirrje q\u00c3\u00ab nuk tregonin p\u00c3\u00abrkrahje.\" \/>\n<meta name=\"robots\" content=\"index, follow, max-snippet:-1, max-image-preview:large, max-video-preview:-1\" \/>\n<link rel=\"canonical\" href=\"https:\/\/www.visit-ulcinj.com\/blog\/2009\/05\/14\/adi-e-sulmonin-por-nuk-argumentonin\/\" \/>\n<meta property=\"og:locale\" content=\"en_US\" \/>\n<meta property=\"og:type\" content=\"article\" \/>\n<meta property=\"og:title\" content=\"Adi : E sulmonin, por nuk argumentonin | Big Brother Albania 2\" \/>\n<meta property=\"og:description\" content=\"Big Brother Albania 2 - Adi shprehet se i b\u00c3\u00abri p\u00c3\u00abrshtypje tek Adela se publiku i dhuroi edhe duartrokitje, edhe thirrje q\u00c3\u00ab nuk tregonin p\u00c3\u00abrkrahje.\" \/>\n<meta property=\"og:url\" content=\"https:\/\/www.visit-ulcinj.com\/blog\/2009\/05\/14\/adi-e-sulmonin-por-nuk-argumentonin\/\" \/>\n<meta property=\"og:site_name\" content=\"Lajme nga Ulqini\" \/>\n<meta property=\"article:published_time\" content=\"2009-05-14T20:51:36+00:00\" \/>\n<meta property=\"og:image\" content=\"http:\/\/www.visit-ulcinj.com\/blog\/wp-content\/uploads\/2009\/05\/adisori-13maj-3.jpg\" \/>\n<meta name=\"twitter:label1\" content=\"Written by\" \/>\n\t<meta name=\"twitter:data1\" content=\"ulqini\" \/>\n\t<meta name=\"twitter:label2\" content=\"Est. reading time\" \/>\n\t<meta name=\"twitter:data2\" content=\"2 minutes\" \/>\n<script type=\"application\/ld+json\" class=\"yoast-schema-graph\">{\"@context\":\"https:\/\/schema.org\",\"@graph\":[{\"@type\":\"WebSite\",\"@id\":\"https:\/\/www.visit-ulcinj.com\/blog\/#website\",\"url\":\"https:\/\/www.visit-ulcinj.com\/blog\/\",\"name\":\"Lajme nga Ulqini\",\"description\":\"Lajme,Vijesti,Ulqini,Ulqin,Crna Gora,Mali i Zi\",\"potentialAction\":[{\"@type\":\"SearchAction\",\"target\":{\"@type\":\"EntryPoint\",\"urlTemplate\":\"https:\/\/www.visit-ulcinj.com\/blog\/?s={search_term_string}\"},\"query-input\":\"required name=search_term_string\"}],\"inLanguage\":\"en-US\"},{\"@type\":\"ImageObject\",\"inLanguage\":\"en-US\",\"@id\":\"https:\/\/www.visit-ulcinj.com\/blog\/2009\/05\/14\/adi-e-sulmonin-por-nuk-argumentonin\/#primaryimage\",\"url\":\"http:\/\/www.visit-ulcinj.com\/blog\/wp-content\/uploads\/2009\/05\/adisori-13maj-3.jpg\",\"contentUrl\":\"http:\/\/www.visit-ulcinj.com\/blog\/wp-content\/uploads\/2009\/05\/adisori-13maj-3.jpg\"},{\"@type\":\"WebPage\",\"@id\":\"https:\/\/www.visit-ulcinj.com\/blog\/2009\/05\/14\/adi-e-sulmonin-por-nuk-argumentonin\/#webpage\",\"url\":\"https:\/\/www.visit-ulcinj.com\/blog\/2009\/05\/14\/adi-e-sulmonin-por-nuk-argumentonin\/\",\"name\":\"Adi : E sulmonin, por nuk argumentonin | Big Brother Albania 2\",\"isPartOf\":{\"@id\":\"https:\/\/www.visit-ulcinj.com\/blog\/#website\"},\"primaryImageOfPage\":{\"@id\":\"https:\/\/www.visit-ulcinj.com\/blog\/2009\/05\/14\/adi-e-sulmonin-por-nuk-argumentonin\/#primaryimage\"},\"datePublished\":\"2009-05-14T20:51:36+00:00\",\"dateModified\":\"2009-05-14T20:51:36+00:00\",\"author\":{\"@id\":\"https:\/\/www.visit-ulcinj.com\/blog\/#\/schema\/person\/dcab619c614d3038751c63bc2aadc06d\"},\"description\":\"Big Brother Albania 2 - Adi shprehet se i b\u00c3\u00abri p\u00c3\u00abrshtypje tek Adela se publiku i dhuroi edhe duartrokitje, edhe thirrje q\u00c3\u00ab nuk tregonin p\u00c3\u00abrkrahje.\",\"breadcrumb\":{\"@id\":\"https:\/\/www.visit-ulcinj.com\/blog\/2009\/05\/14\/adi-e-sulmonin-por-nuk-argumentonin\/#breadcrumb\"},\"inLanguage\":\"en-US\",\"potentialAction\":[{\"@type\":\"ReadAction\",\"target\":[\"https:\/\/www.visit-ulcinj.com\/blog\/2009\/05\/14\/adi-e-sulmonin-por-nuk-argumentonin\/\"]}]},{\"@type\":\"BreadcrumbList\",\"@id\":\"https:\/\/www.visit-ulcinj.com\/blog\/2009\/05\/14\/adi-e-sulmonin-por-nuk-argumentonin\/#breadcrumb\",\"itemListElement\":[{\"@type\":\"ListItem\",\"position\":1,\"name\":\"Adi : E sulmonin, por nuk argumentonin\"}]},{\"@type\":\"Person\",\"@id\":\"https:\/\/www.visit-ulcinj.com\/blog\/#\/schema\/person\/dcab619c614d3038751c63bc2aadc06d\",\"name\":\"ulqini\",\"sameAs\":[\"http:\/\/www.visit-ulcinj.com\"],\"url\":\"https:\/\/www.visit-ulcinj.com\/blog\/author\/admin\/\"}]}<\/script>\n<!-- \/ Yoast SEO plugin. -->","yoast_head_json":{"title":"Adi : E sulmonin, por nuk argumentonin | Big Brother Albania 2","description":"Big Brother Albania 2 - Adi shprehet se i b\u00c3\u00abri p\u00c3\u00abrshtypje tek Adela se publiku i dhuroi edhe duartrokitje, edhe thirrje q\u00c3\u00ab nuk tregonin p\u00c3\u00abrkrahje.","robots":{"index":"index","follow":"follow","max-snippet":"max-snippet:-1","max-image-preview":"max-image-preview:large","max-video-preview":"max-video-preview:-1"},"canonical":"https:\/\/www.visit-ulcinj.com\/blog\/2009\/05\/14\/adi-e-sulmonin-por-nuk-argumentonin\/","og_locale":"en_US","og_type":"article","og_title":"Adi : E sulmonin, por nuk argumentonin | Big Brother Albania 2","og_description":"Big Brother Albania 2 - Adi shprehet se i b\u00c3\u00abri p\u00c3\u00abrshtypje tek Adela se publiku i dhuroi edhe duartrokitje, edhe thirrje q\u00c3\u00ab nuk tregonin p\u00c3\u00abrkrahje.","og_url":"https:\/\/www.visit-ulcinj.com\/blog\/2009\/05\/14\/adi-e-sulmonin-por-nuk-argumentonin\/","og_site_name":"Lajme nga Ulqini","article_published_time":"2009-05-14T20:51:36+00:00","og_image":[{"url":"http:\/\/www.visit-ulcinj.com\/blog\/wp-content\/uploads\/2009\/05\/adisori-13maj-3.jpg"}],"twitter_misc":{"Written by":"ulqini","Est. reading time":"2 minutes"},"schema":{"@context":"https:\/\/schema.org","@graph":[{"@type":"WebSite","@id":"https:\/\/www.visit-ulcinj.com\/blog\/#website","url":"https:\/\/www.visit-ulcinj.com\/blog\/","name":"Lajme nga Ulqini","description":"Lajme,Vijesti,Ulqini,Ulqin,Crna Gora,Mali i Zi","potentialAction":[{"@type":"SearchAction","target":{"@type":"EntryPoint","urlTemplate":"https:\/\/www.visit-ulcinj.com\/blog\/?s={search_term_string}"},"query-input":"required name=search_term_string"}],"inLanguage":"en-US"},{"@type":"ImageObject","inLanguage":"en-US","@id":"https:\/\/www.visit-ulcinj.com\/blog\/2009\/05\/14\/adi-e-sulmonin-por-nuk-argumentonin\/#primaryimage","url":"http:\/\/www.visit-ulcinj.com\/blog\/wp-content\/uploads\/2009\/05\/adisori-13maj-3.jpg","contentUrl":"http:\/\/www.visit-ulcinj.com\/blog\/wp-content\/uploads\/2009\/05\/adisori-13maj-3.jpg"},{"@type":"WebPage","@id":"https:\/\/www.visit-ulcinj.com\/blog\/2009\/05\/14\/adi-e-sulmonin-por-nuk-argumentonin\/#webpage","url":"https:\/\/www.visit-ulcinj.com\/blog\/2009\/05\/14\/adi-e-sulmonin-por-nuk-argumentonin\/","name":"Adi : E sulmonin, por nuk argumentonin | Big Brother Albania 2","isPartOf":{"@id":"https:\/\/www.visit-ulcinj.com\/blog\/#website"},"primaryImageOfPage":{"@id":"https:\/\/www.visit-ulcinj.com\/blog\/2009\/05\/14\/adi-e-sulmonin-por-nuk-argumentonin\/#primaryimage"},"datePublished":"2009-05-14T20:51:36+00:00","dateModified":"2009-05-14T20:51:36+00:00","author":{"@id":"https:\/\/www.visit-ulcinj.com\/blog\/#\/schema\/person\/dcab619c614d3038751c63bc2aadc06d"},"description":"Big Brother Albania 2 - Adi shprehet se i b\u00c3\u00abri p\u00c3\u00abrshtypje tek Adela se publiku i dhuroi edhe duartrokitje, edhe thirrje q\u00c3\u00ab nuk tregonin p\u00c3\u00abrkrahje.","breadcrumb":{"@id":"https:\/\/www.visit-ulcinj.com\/blog\/2009\/05\/14\/adi-e-sulmonin-por-nuk-argumentonin\/#breadcrumb"},"inLanguage":"en-US","potentialAction":[{"@type":"ReadAction","target":["https:\/\/www.visit-ulcinj.com\/blog\/2009\/05\/14\/adi-e-sulmonin-por-nuk-argumentonin\/"]}]},{"@type":"BreadcrumbList","@id":"https:\/\/www.visit-ulcinj.com\/blog\/2009\/05\/14\/adi-e-sulmonin-por-nuk-argumentonin\/#breadcrumb","itemListElement":[{"@type":"ListItem","position":1,"name":"Adi : E sulmonin, por nuk argumentonin"}]},{"@type":"Person","@id":"https:\/\/www.visit-ulcinj.com\/blog\/#\/schema\/person\/dcab619c614d3038751c63bc2aadc06d","name":"ulqini","sameAs":["http:\/\/www.visit-ulcinj.com"],"url":"https:\/\/www.visit-ulcinj.com\/blog\/author\/admin\/"}]}},"jetpack_featured_media_url":"","jetpack_sharing_enabled":true,"jetpack_shortlink":"https:\/\/wp.me\/pe6lTn-5z9","_links":{"self":[{"href":"https:\/\/www.visit-ulcinj.com\/blog\/wp-json\/wp\/v2\/posts\/21399"}],"collection":[{"href":"https:\/\/www.visit-ulcinj.com\/blog\/wp-json\/wp\/v2\/posts"}],"about":[{"href":"https:\/\/www.visit-ulcinj.com\/blog\/wp-json\/wp\/v2\/types\/post"}],"author":[{"embeddable":true,"href":"https:\/\/www.visit-ulcinj.com\/blog\/wp-json\/wp\/v2\/users\/1"}],"replies":[{"embeddable":true,"href":"https:\/\/www.visit-ulcinj.com\/blog\/wp-json\/wp\/v2\/comments?post=21399"}],"version-history":[{"count":0,"href":"https:\/\/www.visit-ulcinj.com\/blog\/wp-json\/wp\/v2\/posts\/21399\/revisions"}],"wp:attachment":[{"href":"https:\/\/www.visit-ulcinj.com\/blog\/wp-json\/wp\/v2\/media?parent=21399"}],"wp:term":[{"taxonomy":"category","embeddable":true,"href":"https:\/\/www.visit-ulcinj.com\/blog\/wp-json\/wp\/v2\/categories?post=21399"},{"taxonomy":"post_tag","embeddable":true,"href":"https:\/\/www.visit-ulcinj.com\/blog\/wp-json\/wp\/v2\/tags?post=21399"}],"curies":[{"name":"wp","href":"https:\/\/api.w.org\/{rel}","templated":true}]}}