{"id":21402,"date":"2009-05-14T22:54:02","date_gmt":"2009-05-14T20:54:02","guid":{"rendered":"http:\/\/www.visit-ulcinj.com\/blog\/?p=21402"},"modified":"2009-05-14T22:54:02","modified_gmt":"2009-05-14T20:54:02","slug":"sori-luftarak-adi-humanist","status":"publish","type":"post","link":"https:\/\/www.visit-ulcinj.com\/blog\/2009\/05\/14\/sori-luftarak-adi-humanist\/","title":{"rendered":"Sori luftarak, Adi humanist"},"content":{"rendered":"<p><em><span class=\"newsdate\"><a href=\"http:\/\/www.visit-ulcinj.com\/blog\/wp-content\/uploads\/2009\/05\/djemte-finaliste.jpg\"><img loading=\"lazy\" class=\"alignleft size-full wp-image-21403\" title=\"djemte-finaliste-big-brother-albania-2\" src=\"http:\/\/www.visit-ulcinj.com\/blog\/wp-content\/uploads\/2009\/05\/djemte-finaliste.jpg\" alt=\"djemte-finaliste-big-brother-albania-2\" width=\"300\" height=\"205\" \/><\/a>13\/05\/09 00:52<\/span><\/em><\/p>\n<p>Me ta bashkohet edhe Bjordi dhe biseda vazhdon tek eleminimi i Arit dhe dyshja e fundit q\u00eb mbeti. Adi e shpreh s\u00ebrish se nuk donte t\u00eb ishte me t\u00eb n\u00eb dyshe, por Bjordi thot\u00eb p\u00ebrs\u00ebri se as Adi dhe as Sori nuk mund t\u00eb dilnin kat\u00ebr dit\u00eb para finales. Ai, duke u nisur nga nj\u00eb shaka q\u00eb mamat\u00eb e tyre u kan\u00eb th\u00ebn\u00eb, mendon se t\u00eb premten mund t\u00eb ket\u00eb nj\u00eb tjet\u00ebr eleminim. Adi ia kthen se Arbana e tha me z\u00eb t\u00eb lart\u00eb q\u00eb ishin finalist\u00eb dhe ndaj nuk mund t\u00eb ket\u00eb tjet\u00ebr eleminim. Ai shprehet se p\u00ebr t\u00eb, nj\u00eb dyzet\u00eb vjecar me shum\u00eb probleme n\u00eb jet\u00eb, \u00ebsht\u00eb arritje q\u00eb \u00ebsht\u00eb n\u00eb finale. Adi mendon se edhe cmimi i duhet sepse ato para do t\u2019i b\u00ebnin shum\u00eb pun\u00eb, por e r\u00ebnd\u00ebsishme \u00ebsht\u00eb q\u00eb arriti deri aty dhe gjithcka tjet\u00ebr do t\u00eb ishte nj\u00eb plus p\u00ebr t\u00eb. Sori citon fjal\u00ebt e Arban\u00ebs e cila tha se ata t\u00eb kat\u00ebrt jan\u00eb fitues. Edhe Bjordi mendon se finalist\u00ebt, sidoqoft\u00eb g\u00ebzojn\u00eb m\u00eb shum\u00eb fam\u00eb se t\u00eb tjer\u00ebt, por p\u00ebr Adin dhe Sorin kjo gj\u00eb nuk ka shum\u00eb r\u00ebnd\u00ebsi. Bjordi thot\u00eb se ata kaq kishin n\u00eb dor\u00eb, q\u00eb t\u00eb vinin deri n\u00eb finale sepse tani e ka publiku t\u00eb drejt\u00ebn e zgjedhjes. \u201cP\u00ebr kat\u00ebr dit\u00eb, t\u00eb jemi realist\u00eb, nuk mund t\u00eb japim ndonj\u00eb gj\u00eb m\u00eb shum\u00eb nga sa kemi dh\u00ebn\u00eb\u201d- shprehet ai. Edhe Adi thot\u00eb se nuk do lodhet m\u00eb q\u00eb t\u2019i mbush\u00eb mendjen publikut se brenda tij ka nj\u00eb tjet\u00ebr njeri. Ai shprehet se ata jan\u00eb p\u00ebrkufizuar si imazhe: Sori si luftarak, ai vet\u00eb si humanist.<\/p>\n","protected":false},"excerpt":{"rendered":"<p>13\/05\/09 00:52 Me ta bashkohet edhe Bjordi dhe biseda vazhdon tek eleminimi i Arit dhe dyshja e fundit q\u00eb mbeti. Adi e shpreh s\u00ebrish se nuk donte t\u00eb ishte me t\u00eb n\u00eb dyshe, por Bjordi thot\u00eb p\u00ebrs\u00ebri se as Adi dhe as Sori nuk mund t\u00eb dilnin kat\u00ebr dit\u00eb para finales. Ai, duke u nisur [&hellip;]<\/p>\n","protected":false},"author":1,"featured_media":0,"comment_status":"open","ping_status":"closed","sticky":false,"template":"","format":"standard","meta":{"spay_email":"","jetpack_publicize_message":"","jetpack_is_tweetstorm":false,"jetpack_publicize_feature_enabled":true},"categories":[6502],"tags":[6520,9121,6522,10432,10433,8276,9751],"jetpack_publicize_connections":[],"yoast_head":"<!-- This site is optimized with the Yoast SEO plugin v19.1 - https:\/\/yoast.com\/wordpress\/plugins\/seo\/ -->\n<title>Sori luftarak, Adi humanist | Big Brother Albania 2<\/title>\n<meta name=\"description\" content=\"Big Brother Albania 2 - Me ta bashkohet edhe Bjordi dhe biseda vazhdon tek eleminimi i Arit dhe dyshja e fundit q\u00c3\u00ab mbeti. Adi e shpreh s\u00c3\u00abrish se nuk donte t\u00c3\u00ab ishte me t\u00c3\u00ab n\u00c3\u00ab dyshe, por Bjordi thot\u00c3\u00ab p\u00c3\u00abrs\u00c3\u00abri se as Adi dhe as Sori nuk mund t\u00c3\u00ab dilnin kat\u00c3\u00abr dit\u00c3\u00ab para finales\" \/>\n<meta name=\"robots\" content=\"index, follow, max-snippet:-1, max-image-preview:large, max-video-preview:-1\" \/>\n<link rel=\"canonical\" href=\"https:\/\/www.visit-ulcinj.com\/blog\/2009\/05\/14\/sori-luftarak-adi-humanist\/\" \/>\n<meta property=\"og:locale\" content=\"en_US\" \/>\n<meta property=\"og:type\" content=\"article\" \/>\n<meta property=\"og:title\" content=\"Sori luftarak, Adi humanist | Big Brother Albania 2\" \/>\n<meta property=\"og:description\" content=\"Big Brother Albania 2 - Me ta bashkohet edhe Bjordi dhe biseda vazhdon tek eleminimi i Arit dhe dyshja e fundit q\u00c3\u00ab mbeti. Adi e shpreh s\u00c3\u00abrish se nuk donte t\u00c3\u00ab ishte me t\u00c3\u00ab n\u00c3\u00ab dyshe, por Bjordi thot\u00c3\u00ab p\u00c3\u00abrs\u00c3\u00abri se as Adi dhe as Sori nuk mund t\u00c3\u00ab dilnin kat\u00c3\u00abr dit\u00c3\u00ab para finales\" \/>\n<meta property=\"og:url\" content=\"https:\/\/www.visit-ulcinj.com\/blog\/2009\/05\/14\/sori-luftarak-adi-humanist\/\" \/>\n<meta property=\"og:site_name\" content=\"Lajme nga Ulqini\" \/>\n<meta property=\"article:published_time\" content=\"2009-05-14T20:54:02+00:00\" \/>\n<meta property=\"og:image\" content=\"http:\/\/www.visit-ulcinj.com\/blog\/wp-content\/uploads\/2009\/05\/djemte-finaliste.jpg\" \/>\n<meta name=\"twitter:label1\" content=\"Written by\" \/>\n\t<meta name=\"twitter:data1\" content=\"ulqini\" \/>\n\t<meta name=\"twitter:label2\" content=\"Est. reading time\" \/>\n\t<meta name=\"twitter:data2\" content=\"1 minute\" \/>\n<script type=\"application\/ld+json\" class=\"yoast-schema-graph\">{\"@context\":\"https:\/\/schema.org\",\"@graph\":[{\"@type\":\"WebSite\",\"@id\":\"https:\/\/www.visit-ulcinj.com\/blog\/#website\",\"url\":\"https:\/\/www.visit-ulcinj.com\/blog\/\",\"name\":\"Lajme nga Ulqini\",\"description\":\"Lajme,Vijesti,Ulqini,Ulqin,Crna Gora,Mali i Zi\",\"potentialAction\":[{\"@type\":\"SearchAction\",\"target\":{\"@type\":\"EntryPoint\",\"urlTemplate\":\"https:\/\/www.visit-ulcinj.com\/blog\/?s={search_term_string}\"},\"query-input\":\"required name=search_term_string\"}],\"inLanguage\":\"en-US\"},{\"@type\":\"ImageObject\",\"inLanguage\":\"en-US\",\"@id\":\"https:\/\/www.visit-ulcinj.com\/blog\/2009\/05\/14\/sori-luftarak-adi-humanist\/#primaryimage\",\"url\":\"http:\/\/www.visit-ulcinj.com\/blog\/wp-content\/uploads\/2009\/05\/djemte-finaliste.jpg\",\"contentUrl\":\"http:\/\/www.visit-ulcinj.com\/blog\/wp-content\/uploads\/2009\/05\/djemte-finaliste.jpg\"},{\"@type\":\"WebPage\",\"@id\":\"https:\/\/www.visit-ulcinj.com\/blog\/2009\/05\/14\/sori-luftarak-adi-humanist\/#webpage\",\"url\":\"https:\/\/www.visit-ulcinj.com\/blog\/2009\/05\/14\/sori-luftarak-adi-humanist\/\",\"name\":\"Sori luftarak, Adi humanist | Big Brother Albania 2\",\"isPartOf\":{\"@id\":\"https:\/\/www.visit-ulcinj.com\/blog\/#website\"},\"primaryImageOfPage\":{\"@id\":\"https:\/\/www.visit-ulcinj.com\/blog\/2009\/05\/14\/sori-luftarak-adi-humanist\/#primaryimage\"},\"datePublished\":\"2009-05-14T20:54:02+00:00\",\"dateModified\":\"2009-05-14T20:54:02+00:00\",\"author\":{\"@id\":\"https:\/\/www.visit-ulcinj.com\/blog\/#\/schema\/person\/dcab619c614d3038751c63bc2aadc06d\"},\"description\":\"Big Brother Albania 2 - Me ta bashkohet edhe Bjordi dhe biseda vazhdon tek eleminimi i Arit dhe dyshja e fundit q\u00c3\u00ab mbeti. Adi e shpreh s\u00c3\u00abrish se nuk donte t\u00c3\u00ab ishte me t\u00c3\u00ab n\u00c3\u00ab dyshe, por Bjordi thot\u00c3\u00ab p\u00c3\u00abrs\u00c3\u00abri se as Adi dhe as Sori nuk mund t\u00c3\u00ab dilnin kat\u00c3\u00abr dit\u00c3\u00ab para finales\",\"breadcrumb\":{\"@id\":\"https:\/\/www.visit-ulcinj.com\/blog\/2009\/05\/14\/sori-luftarak-adi-humanist\/#breadcrumb\"},\"inLanguage\":\"en-US\",\"potentialAction\":[{\"@type\":\"ReadAction\",\"target\":[\"https:\/\/www.visit-ulcinj.com\/blog\/2009\/05\/14\/sori-luftarak-adi-humanist\/\"]}]},{\"@type\":\"BreadcrumbList\",\"@id\":\"https:\/\/www.visit-ulcinj.com\/blog\/2009\/05\/14\/sori-luftarak-adi-humanist\/#breadcrumb\",\"itemListElement\":[{\"@type\":\"ListItem\",\"position\":1,\"name\":\"Sori luftarak, Adi humanist\"}]},{\"@type\":\"Person\",\"@id\":\"https:\/\/www.visit-ulcinj.com\/blog\/#\/schema\/person\/dcab619c614d3038751c63bc2aadc06d\",\"name\":\"ulqini\",\"sameAs\":[\"http:\/\/www.visit-ulcinj.com\"],\"url\":\"https:\/\/www.visit-ulcinj.com\/blog\/author\/admin\/\"}]}<\/script>\n<!-- \/ Yoast SEO plugin. -->","yoast_head_json":{"title":"Sori luftarak, Adi humanist | Big Brother Albania 2","description":"Big Brother Albania 2 - Me ta bashkohet edhe Bjordi dhe biseda vazhdon tek eleminimi i Arit dhe dyshja e fundit q\u00c3\u00ab mbeti. Adi e shpreh s\u00c3\u00abrish se nuk donte t\u00c3\u00ab ishte me t\u00c3\u00ab n\u00c3\u00ab dyshe, por Bjordi thot\u00c3\u00ab p\u00c3\u00abrs\u00c3\u00abri se as Adi dhe as Sori nuk mund t\u00c3\u00ab dilnin kat\u00c3\u00abr dit\u00c3\u00ab para finales","robots":{"index":"index","follow":"follow","max-snippet":"max-snippet:-1","max-image-preview":"max-image-preview:large","max-video-preview":"max-video-preview:-1"},"canonical":"https:\/\/www.visit-ulcinj.com\/blog\/2009\/05\/14\/sori-luftarak-adi-humanist\/","og_locale":"en_US","og_type":"article","og_title":"Sori luftarak, Adi humanist | Big Brother Albania 2","og_description":"Big Brother Albania 2 - Me ta bashkohet edhe Bjordi dhe biseda vazhdon tek eleminimi i Arit dhe dyshja e fundit q\u00c3\u00ab mbeti. Adi e shpreh s\u00c3\u00abrish se nuk donte t\u00c3\u00ab ishte me t\u00c3\u00ab n\u00c3\u00ab dyshe, por Bjordi thot\u00c3\u00ab p\u00c3\u00abrs\u00c3\u00abri se as Adi dhe as Sori nuk mund t\u00c3\u00ab dilnin kat\u00c3\u00abr dit\u00c3\u00ab para finales","og_url":"https:\/\/www.visit-ulcinj.com\/blog\/2009\/05\/14\/sori-luftarak-adi-humanist\/","og_site_name":"Lajme nga Ulqini","article_published_time":"2009-05-14T20:54:02+00:00","og_image":[{"url":"http:\/\/www.visit-ulcinj.com\/blog\/wp-content\/uploads\/2009\/05\/djemte-finaliste.jpg"}],"twitter_misc":{"Written by":"ulqini","Est. reading time":"1 minute"},"schema":{"@context":"https:\/\/schema.org","@graph":[{"@type":"WebSite","@id":"https:\/\/www.visit-ulcinj.com\/blog\/#website","url":"https:\/\/www.visit-ulcinj.com\/blog\/","name":"Lajme nga Ulqini","description":"Lajme,Vijesti,Ulqini,Ulqin,Crna Gora,Mali i Zi","potentialAction":[{"@type":"SearchAction","target":{"@type":"EntryPoint","urlTemplate":"https:\/\/www.visit-ulcinj.com\/blog\/?s={search_term_string}"},"query-input":"required name=search_term_string"}],"inLanguage":"en-US"},{"@type":"ImageObject","inLanguage":"en-US","@id":"https:\/\/www.visit-ulcinj.com\/blog\/2009\/05\/14\/sori-luftarak-adi-humanist\/#primaryimage","url":"http:\/\/www.visit-ulcinj.com\/blog\/wp-content\/uploads\/2009\/05\/djemte-finaliste.jpg","contentUrl":"http:\/\/www.visit-ulcinj.com\/blog\/wp-content\/uploads\/2009\/05\/djemte-finaliste.jpg"},{"@type":"WebPage","@id":"https:\/\/www.visit-ulcinj.com\/blog\/2009\/05\/14\/sori-luftarak-adi-humanist\/#webpage","url":"https:\/\/www.visit-ulcinj.com\/blog\/2009\/05\/14\/sori-luftarak-adi-humanist\/","name":"Sori luftarak, Adi humanist | Big Brother Albania 2","isPartOf":{"@id":"https:\/\/www.visit-ulcinj.com\/blog\/#website"},"primaryImageOfPage":{"@id":"https:\/\/www.visit-ulcinj.com\/blog\/2009\/05\/14\/sori-luftarak-adi-humanist\/#primaryimage"},"datePublished":"2009-05-14T20:54:02+00:00","dateModified":"2009-05-14T20:54:02+00:00","author":{"@id":"https:\/\/www.visit-ulcinj.com\/blog\/#\/schema\/person\/dcab619c614d3038751c63bc2aadc06d"},"description":"Big Brother Albania 2 - Me ta bashkohet edhe Bjordi dhe biseda vazhdon tek eleminimi i Arit dhe dyshja e fundit q\u00c3\u00ab mbeti. Adi e shpreh s\u00c3\u00abrish se nuk donte t\u00c3\u00ab ishte me t\u00c3\u00ab n\u00c3\u00ab dyshe, por Bjordi thot\u00c3\u00ab p\u00c3\u00abrs\u00c3\u00abri se as Adi dhe as Sori nuk mund t\u00c3\u00ab dilnin kat\u00c3\u00abr dit\u00c3\u00ab para finales","breadcrumb":{"@id":"https:\/\/www.visit-ulcinj.com\/blog\/2009\/05\/14\/sori-luftarak-adi-humanist\/#breadcrumb"},"inLanguage":"en-US","potentialAction":[{"@type":"ReadAction","target":["https:\/\/www.visit-ulcinj.com\/blog\/2009\/05\/14\/sori-luftarak-adi-humanist\/"]}]},{"@type":"BreadcrumbList","@id":"https:\/\/www.visit-ulcinj.com\/blog\/2009\/05\/14\/sori-luftarak-adi-humanist\/#breadcrumb","itemListElement":[{"@type":"ListItem","position":1,"name":"Sori luftarak, Adi humanist"}]},{"@type":"Person","@id":"https:\/\/www.visit-ulcinj.com\/blog\/#\/schema\/person\/dcab619c614d3038751c63bc2aadc06d","name":"ulqini","sameAs":["http:\/\/www.visit-ulcinj.com"],"url":"https:\/\/www.visit-ulcinj.com\/blog\/author\/admin\/"}]}},"jetpack_featured_media_url":"","jetpack_sharing_enabled":true,"jetpack_shortlink":"https:\/\/wp.me\/pe6lTn-5zc","_links":{"self":[{"href":"https:\/\/www.visit-ulcinj.com\/blog\/wp-json\/wp\/v2\/posts\/21402"}],"collection":[{"href":"https:\/\/www.visit-ulcinj.com\/blog\/wp-json\/wp\/v2\/posts"}],"about":[{"href":"https:\/\/www.visit-ulcinj.com\/blog\/wp-json\/wp\/v2\/types\/post"}],"author":[{"embeddable":true,"href":"https:\/\/www.visit-ulcinj.com\/blog\/wp-json\/wp\/v2\/users\/1"}],"replies":[{"embeddable":true,"href":"https:\/\/www.visit-ulcinj.com\/blog\/wp-json\/wp\/v2\/comments?post=21402"}],"version-history":[{"count":0,"href":"https:\/\/www.visit-ulcinj.com\/blog\/wp-json\/wp\/v2\/posts\/21402\/revisions"}],"wp:attachment":[{"href":"https:\/\/www.visit-ulcinj.com\/blog\/wp-json\/wp\/v2\/media?parent=21402"}],"wp:term":[{"taxonomy":"category","embeddable":true,"href":"https:\/\/www.visit-ulcinj.com\/blog\/wp-json\/wp\/v2\/categories?post=21402"},{"taxonomy":"post_tag","embeddable":true,"href":"https:\/\/www.visit-ulcinj.com\/blog\/wp-json\/wp\/v2\/tags?post=21402"}],"curies":[{"name":"wp","href":"https:\/\/api.w.org\/{rel}","templated":true}]}}