{"id":21405,"date":"2009-05-14T22:57:17","date_gmt":"2009-05-14T20:57:17","guid":{"rendered":"http:\/\/www.visit-ulcinj.com\/blog\/?p=21405"},"modified":"2009-05-14T22:57:17","modified_gmt":"2009-05-14T20:57:17","slug":"adelajda-mami-as-qe-e-imagjinonte","status":"publish","type":"post","link":"https:\/\/www.visit-ulcinj.com\/blog\/2009\/05\/14\/adelajda-mami-as-qe-e-imagjinonte\/","title":{"rendered":"Adelajda : Mami as q\u00eb e imagjinonte"},"content":{"rendered":"<p><em><span class=\"newsdate\"><a href=\"http:\/\/www.visit-ulcinj.com\/blog\/wp-content\/uploads\/2009\/05\/adelabjordi-13maj-2.jpg\"><img loading=\"lazy\" class=\"alignleft size-full wp-image-21406\" title=\"adelabjordi-13maj-2-big-brother-albania-2\" src=\"http:\/\/www.visit-ulcinj.com\/blog\/wp-content\/uploads\/2009\/05\/adelabjordi-13maj-2.jpg\" alt=\"adelabjordi-13maj-2-big-brother-albania-2\" width=\"300\" height=\"205\" \/><\/a>13\/05\/09 12:00<\/span><\/em><\/p>\n<p>Adela kujton me mall mamat\u00eb e tyre q\u00eb vet\u00ebm nj\u00eb dit\u00eb m\u00eb par\u00eb ishin ulur me ta n\u00eb kop\u00ebsht. Ajo flet p\u00ebr t\u00eb \u00ebm\u00ebn dhe thot\u00eb se ajo duhet t\u00eb jet\u00eb k\u00ebnaqur me q\u00ebndrimin e saj n\u00eb sht\u00ebpin\u00eb e Big Brother, edhe pse ndjehej pak n\u00eb siklet. Adela shprehet se mamaja e saj nuk mund ta kishte imagjinuar kurr\u00eb q\u00eb t\u00eb ishte n\u00eb nj\u00eb ambient t\u00eb till\u00eb, t\u00eb dilte n\u00eb televizor e t\u00eb b\u00ebhej e njohur. Ajo thot\u00eb se edhe vet\u00eb ajo nuk e kishte menduar q\u00eb do b\u00ebhej pjes\u00eb e k\u00ebtij spektakli.<\/p>\n","protected":false},"excerpt":{"rendered":"<p>13\/05\/09 12:00 Adela kujton me mall mamat\u00eb e tyre q\u00eb vet\u00ebm nj\u00eb dit\u00eb m\u00eb par\u00eb ishin ulur me ta n\u00eb kop\u00ebsht. Ajo flet p\u00ebr t\u00eb \u00ebm\u00ebn dhe thot\u00eb se ajo duhet t\u00eb jet\u00eb k\u00ebnaqur me q\u00ebndrimin e saj n\u00eb sht\u00ebpin\u00eb e Big Brother, edhe pse ndjehej pak n\u00eb siklet. Adela shprehet se mamaja e saj [&hellip;]<\/p>\n","protected":false},"author":1,"featured_media":0,"comment_status":"open","ping_status":"closed","sticky":false,"template":"","format":"standard","meta":{"spay_email":"","jetpack_publicize_message":"","jetpack_is_tweetstorm":false,"jetpack_publicize_feature_enabled":true},"categories":[6502],"tags":[6529,9121,6522,7468,9751],"jetpack_publicize_connections":[],"yoast_head":"<!-- This site is optimized with the Yoast SEO plugin v19.1 - https:\/\/yoast.com\/wordpress\/plugins\/seo\/ -->\n<title>Adelajda : Mami as q\u00c3\u00ab e imagjinonte | Big Brother Albania 2<\/title>\n<meta name=\"description\" content=\"Big Brother Albania 2 - Adela kujton me mall mamat\u00c3\u00ab e tyre q\u00c3\u00ab vet\u00c3\u00abm nj\u00c3\u00ab dit\u00c3\u00ab m\u00c3\u00ab par\u00c3\u00ab ishin ulur me ta n\u00c3\u00ab kop\u00c3\u00absht. Ajo flet p\u00c3\u00abr t\u00c3\u00ab \u00c3\u00abm\u00c3\u00abn dhe thot\u00c3\u00ab se ajo duhet t\u00c3\u00ab jet\u00c3\u00ab k\u00c3\u00abnaqur me q\u00c3\u00abndrimin e saj n\u00c3\u00ab sht\u00c3\u00abpin\u00c3\u00ab e Big Brother\" \/>\n<meta name=\"robots\" content=\"index, follow, max-snippet:-1, max-image-preview:large, max-video-preview:-1\" \/>\n<link rel=\"canonical\" href=\"https:\/\/www.visit-ulcinj.com\/blog\/2009\/05\/14\/adelajda-mami-as-qe-e-imagjinonte\/\" \/>\n<meta property=\"og:locale\" content=\"en_US\" \/>\n<meta property=\"og:type\" content=\"article\" \/>\n<meta property=\"og:title\" content=\"Adelajda : Mami as q\u00c3\u00ab e imagjinonte | Big Brother Albania 2\" \/>\n<meta property=\"og:description\" content=\"Big Brother Albania 2 - Adela kujton me mall mamat\u00c3\u00ab e tyre q\u00c3\u00ab vet\u00c3\u00abm nj\u00c3\u00ab dit\u00c3\u00ab m\u00c3\u00ab par\u00c3\u00ab ishin ulur me ta n\u00c3\u00ab kop\u00c3\u00absht. Ajo flet p\u00c3\u00abr t\u00c3\u00ab \u00c3\u00abm\u00c3\u00abn dhe thot\u00c3\u00ab se ajo duhet t\u00c3\u00ab jet\u00c3\u00ab k\u00c3\u00abnaqur me q\u00c3\u00abndrimin e saj n\u00c3\u00ab sht\u00c3\u00abpin\u00c3\u00ab e Big Brother\" \/>\n<meta property=\"og:url\" content=\"https:\/\/www.visit-ulcinj.com\/blog\/2009\/05\/14\/adelajda-mami-as-qe-e-imagjinonte\/\" \/>\n<meta property=\"og:site_name\" content=\"Lajme nga Ulqini\" \/>\n<meta property=\"article:published_time\" content=\"2009-05-14T20:57:17+00:00\" \/>\n<meta property=\"og:image\" content=\"http:\/\/www.visit-ulcinj.com\/blog\/wp-content\/uploads\/2009\/05\/adelabjordi-13maj-2.jpg\" \/>\n<meta name=\"twitter:label1\" content=\"Written by\" \/>\n\t<meta name=\"twitter:data1\" content=\"ulqini\" \/>\n\t<meta name=\"twitter:label2\" content=\"Est. reading time\" \/>\n\t<meta name=\"twitter:data2\" content=\"1 minute\" \/>\n<script type=\"application\/ld+json\" class=\"yoast-schema-graph\">{\"@context\":\"https:\/\/schema.org\",\"@graph\":[{\"@type\":\"WebSite\",\"@id\":\"https:\/\/www.visit-ulcinj.com\/blog\/#website\",\"url\":\"https:\/\/www.visit-ulcinj.com\/blog\/\",\"name\":\"Lajme nga Ulqini\",\"description\":\"Lajme,Vijesti,Ulqini,Ulqin,Crna Gora,Mali i Zi\",\"potentialAction\":[{\"@type\":\"SearchAction\",\"target\":{\"@type\":\"EntryPoint\",\"urlTemplate\":\"https:\/\/www.visit-ulcinj.com\/blog\/?s={search_term_string}\"},\"query-input\":\"required name=search_term_string\"}],\"inLanguage\":\"en-US\"},{\"@type\":\"ImageObject\",\"inLanguage\":\"en-US\",\"@id\":\"https:\/\/www.visit-ulcinj.com\/blog\/2009\/05\/14\/adelajda-mami-as-qe-e-imagjinonte\/#primaryimage\",\"url\":\"http:\/\/www.visit-ulcinj.com\/blog\/wp-content\/uploads\/2009\/05\/adelabjordi-13maj-2.jpg\",\"contentUrl\":\"http:\/\/www.visit-ulcinj.com\/blog\/wp-content\/uploads\/2009\/05\/adelabjordi-13maj-2.jpg\"},{\"@type\":\"WebPage\",\"@id\":\"https:\/\/www.visit-ulcinj.com\/blog\/2009\/05\/14\/adelajda-mami-as-qe-e-imagjinonte\/#webpage\",\"url\":\"https:\/\/www.visit-ulcinj.com\/blog\/2009\/05\/14\/adelajda-mami-as-qe-e-imagjinonte\/\",\"name\":\"Adelajda : Mami as q\u00c3\u00ab e imagjinonte | Big Brother Albania 2\",\"isPartOf\":{\"@id\":\"https:\/\/www.visit-ulcinj.com\/blog\/#website\"},\"primaryImageOfPage\":{\"@id\":\"https:\/\/www.visit-ulcinj.com\/blog\/2009\/05\/14\/adelajda-mami-as-qe-e-imagjinonte\/#primaryimage\"},\"datePublished\":\"2009-05-14T20:57:17+00:00\",\"dateModified\":\"2009-05-14T20:57:17+00:00\",\"author\":{\"@id\":\"https:\/\/www.visit-ulcinj.com\/blog\/#\/schema\/person\/dcab619c614d3038751c63bc2aadc06d\"},\"description\":\"Big Brother Albania 2 - Adela kujton me mall mamat\u00c3\u00ab e tyre q\u00c3\u00ab vet\u00c3\u00abm nj\u00c3\u00ab dit\u00c3\u00ab m\u00c3\u00ab par\u00c3\u00ab ishin ulur me ta n\u00c3\u00ab kop\u00c3\u00absht. Ajo flet p\u00c3\u00abr t\u00c3\u00ab \u00c3\u00abm\u00c3\u00abn dhe thot\u00c3\u00ab se ajo duhet t\u00c3\u00ab jet\u00c3\u00ab k\u00c3\u00abnaqur me q\u00c3\u00abndrimin e saj n\u00c3\u00ab sht\u00c3\u00abpin\u00c3\u00ab e Big Brother\",\"breadcrumb\":{\"@id\":\"https:\/\/www.visit-ulcinj.com\/blog\/2009\/05\/14\/adelajda-mami-as-qe-e-imagjinonte\/#breadcrumb\"},\"inLanguage\":\"en-US\",\"potentialAction\":[{\"@type\":\"ReadAction\",\"target\":[\"https:\/\/www.visit-ulcinj.com\/blog\/2009\/05\/14\/adelajda-mami-as-qe-e-imagjinonte\/\"]}]},{\"@type\":\"BreadcrumbList\",\"@id\":\"https:\/\/www.visit-ulcinj.com\/blog\/2009\/05\/14\/adelajda-mami-as-qe-e-imagjinonte\/#breadcrumb\",\"itemListElement\":[{\"@type\":\"ListItem\",\"position\":1,\"name\":\"Adelajda : Mami as q\u00eb e imagjinonte\"}]},{\"@type\":\"Person\",\"@id\":\"https:\/\/www.visit-ulcinj.com\/blog\/#\/schema\/person\/dcab619c614d3038751c63bc2aadc06d\",\"name\":\"ulqini\",\"sameAs\":[\"http:\/\/www.visit-ulcinj.com\"],\"url\":\"https:\/\/www.visit-ulcinj.com\/blog\/author\/admin\/\"}]}<\/script>\n<!-- \/ Yoast SEO plugin. -->","yoast_head_json":{"title":"Adelajda : Mami as q\u00c3\u00ab e imagjinonte | Big Brother Albania 2","description":"Big Brother Albania 2 - Adela kujton me mall mamat\u00c3\u00ab e tyre q\u00c3\u00ab vet\u00c3\u00abm nj\u00c3\u00ab dit\u00c3\u00ab m\u00c3\u00ab par\u00c3\u00ab ishin ulur me ta n\u00c3\u00ab kop\u00c3\u00absht. Ajo flet p\u00c3\u00abr t\u00c3\u00ab \u00c3\u00abm\u00c3\u00abn dhe thot\u00c3\u00ab se ajo duhet t\u00c3\u00ab jet\u00c3\u00ab k\u00c3\u00abnaqur me q\u00c3\u00abndrimin e saj n\u00c3\u00ab sht\u00c3\u00abpin\u00c3\u00ab e Big Brother","robots":{"index":"index","follow":"follow","max-snippet":"max-snippet:-1","max-image-preview":"max-image-preview:large","max-video-preview":"max-video-preview:-1"},"canonical":"https:\/\/www.visit-ulcinj.com\/blog\/2009\/05\/14\/adelajda-mami-as-qe-e-imagjinonte\/","og_locale":"en_US","og_type":"article","og_title":"Adelajda : Mami as q\u00c3\u00ab e imagjinonte | Big Brother Albania 2","og_description":"Big Brother Albania 2 - Adela kujton me mall mamat\u00c3\u00ab e tyre q\u00c3\u00ab vet\u00c3\u00abm nj\u00c3\u00ab dit\u00c3\u00ab m\u00c3\u00ab par\u00c3\u00ab ishin ulur me ta n\u00c3\u00ab kop\u00c3\u00absht. Ajo flet p\u00c3\u00abr t\u00c3\u00ab \u00c3\u00abm\u00c3\u00abn dhe thot\u00c3\u00ab se ajo duhet t\u00c3\u00ab jet\u00c3\u00ab k\u00c3\u00abnaqur me q\u00c3\u00abndrimin e saj n\u00c3\u00ab sht\u00c3\u00abpin\u00c3\u00ab e Big Brother","og_url":"https:\/\/www.visit-ulcinj.com\/blog\/2009\/05\/14\/adelajda-mami-as-qe-e-imagjinonte\/","og_site_name":"Lajme nga Ulqini","article_published_time":"2009-05-14T20:57:17+00:00","og_image":[{"url":"http:\/\/www.visit-ulcinj.com\/blog\/wp-content\/uploads\/2009\/05\/adelabjordi-13maj-2.jpg"}],"twitter_misc":{"Written by":"ulqini","Est. reading time":"1 minute"},"schema":{"@context":"https:\/\/schema.org","@graph":[{"@type":"WebSite","@id":"https:\/\/www.visit-ulcinj.com\/blog\/#website","url":"https:\/\/www.visit-ulcinj.com\/blog\/","name":"Lajme nga Ulqini","description":"Lajme,Vijesti,Ulqini,Ulqin,Crna Gora,Mali i Zi","potentialAction":[{"@type":"SearchAction","target":{"@type":"EntryPoint","urlTemplate":"https:\/\/www.visit-ulcinj.com\/blog\/?s={search_term_string}"},"query-input":"required name=search_term_string"}],"inLanguage":"en-US"},{"@type":"ImageObject","inLanguage":"en-US","@id":"https:\/\/www.visit-ulcinj.com\/blog\/2009\/05\/14\/adelajda-mami-as-qe-e-imagjinonte\/#primaryimage","url":"http:\/\/www.visit-ulcinj.com\/blog\/wp-content\/uploads\/2009\/05\/adelabjordi-13maj-2.jpg","contentUrl":"http:\/\/www.visit-ulcinj.com\/blog\/wp-content\/uploads\/2009\/05\/adelabjordi-13maj-2.jpg"},{"@type":"WebPage","@id":"https:\/\/www.visit-ulcinj.com\/blog\/2009\/05\/14\/adelajda-mami-as-qe-e-imagjinonte\/#webpage","url":"https:\/\/www.visit-ulcinj.com\/blog\/2009\/05\/14\/adelajda-mami-as-qe-e-imagjinonte\/","name":"Adelajda : Mami as q\u00c3\u00ab e imagjinonte | Big Brother Albania 2","isPartOf":{"@id":"https:\/\/www.visit-ulcinj.com\/blog\/#website"},"primaryImageOfPage":{"@id":"https:\/\/www.visit-ulcinj.com\/blog\/2009\/05\/14\/adelajda-mami-as-qe-e-imagjinonte\/#primaryimage"},"datePublished":"2009-05-14T20:57:17+00:00","dateModified":"2009-05-14T20:57:17+00:00","author":{"@id":"https:\/\/www.visit-ulcinj.com\/blog\/#\/schema\/person\/dcab619c614d3038751c63bc2aadc06d"},"description":"Big Brother Albania 2 - Adela kujton me mall mamat\u00c3\u00ab e tyre q\u00c3\u00ab vet\u00c3\u00abm nj\u00c3\u00ab dit\u00c3\u00ab m\u00c3\u00ab par\u00c3\u00ab ishin ulur me ta n\u00c3\u00ab kop\u00c3\u00absht. Ajo flet p\u00c3\u00abr t\u00c3\u00ab \u00c3\u00abm\u00c3\u00abn dhe thot\u00c3\u00ab se ajo duhet t\u00c3\u00ab jet\u00c3\u00ab k\u00c3\u00abnaqur me q\u00c3\u00abndrimin e saj n\u00c3\u00ab sht\u00c3\u00abpin\u00c3\u00ab e Big Brother","breadcrumb":{"@id":"https:\/\/www.visit-ulcinj.com\/blog\/2009\/05\/14\/adelajda-mami-as-qe-e-imagjinonte\/#breadcrumb"},"inLanguage":"en-US","potentialAction":[{"@type":"ReadAction","target":["https:\/\/www.visit-ulcinj.com\/blog\/2009\/05\/14\/adelajda-mami-as-qe-e-imagjinonte\/"]}]},{"@type":"BreadcrumbList","@id":"https:\/\/www.visit-ulcinj.com\/blog\/2009\/05\/14\/adelajda-mami-as-qe-e-imagjinonte\/#breadcrumb","itemListElement":[{"@type":"ListItem","position":1,"name":"Adelajda : Mami as q\u00eb e imagjinonte"}]},{"@type":"Person","@id":"https:\/\/www.visit-ulcinj.com\/blog\/#\/schema\/person\/dcab619c614d3038751c63bc2aadc06d","name":"ulqini","sameAs":["http:\/\/www.visit-ulcinj.com"],"url":"https:\/\/www.visit-ulcinj.com\/blog\/author\/admin\/"}]}},"jetpack_featured_media_url":"","jetpack_sharing_enabled":true,"jetpack_shortlink":"https:\/\/wp.me\/pe6lTn-5zf","_links":{"self":[{"href":"https:\/\/www.visit-ulcinj.com\/blog\/wp-json\/wp\/v2\/posts\/21405"}],"collection":[{"href":"https:\/\/www.visit-ulcinj.com\/blog\/wp-json\/wp\/v2\/posts"}],"about":[{"href":"https:\/\/www.visit-ulcinj.com\/blog\/wp-json\/wp\/v2\/types\/post"}],"author":[{"embeddable":true,"href":"https:\/\/www.visit-ulcinj.com\/blog\/wp-json\/wp\/v2\/users\/1"}],"replies":[{"embeddable":true,"href":"https:\/\/www.visit-ulcinj.com\/blog\/wp-json\/wp\/v2\/comments?post=21405"}],"version-history":[{"count":0,"href":"https:\/\/www.visit-ulcinj.com\/blog\/wp-json\/wp\/v2\/posts\/21405\/revisions"}],"wp:attachment":[{"href":"https:\/\/www.visit-ulcinj.com\/blog\/wp-json\/wp\/v2\/media?parent=21405"}],"wp:term":[{"taxonomy":"category","embeddable":true,"href":"https:\/\/www.visit-ulcinj.com\/blog\/wp-json\/wp\/v2\/categories?post=21405"},{"taxonomy":"post_tag","embeddable":true,"href":"https:\/\/www.visit-ulcinj.com\/blog\/wp-json\/wp\/v2\/tags?post=21405"}],"curies":[{"name":"wp","href":"https:\/\/api.w.org\/{rel}","templated":true}]}}