{"id":21408,"date":"2009-05-14T23:00:53","date_gmt":"2009-05-14T21:00:53","guid":{"rendered":"http:\/\/www.visit-ulcinj.com\/blog\/?p=21408"},"modified":"2009-05-14T23:00:53","modified_gmt":"2009-05-14T21:00:53","slug":"bjordi-kam-frike-se-mos-me-ngacmojne","status":"publish","type":"post","link":"https:\/\/www.visit-ulcinj.com\/blog\/2009\/05\/14\/bjordi-kam-frike-se-mos-me-ngacmojne\/","title":{"rendered":"Bjordi : Kam frik\u00eb se mos m\u00eb ngacmojn\u00eb"},"content":{"rendered":"<p><em><span class=\"newsdate\"><a href=\"http:\/\/www.visit-ulcinj.com\/blog\/wp-content\/uploads\/2009\/05\/per-banorwt13.jpg\"><img loading=\"lazy\" class=\"alignleft size-full wp-image-21409\" title=\"per-banorwt13-big-broher-albania-2\" src=\"http:\/\/www.visit-ulcinj.com\/blog\/wp-content\/uploads\/2009\/05\/per-banorwt13.jpg\" alt=\"per-banorwt13-big-broher-albania-2\" width=\"300\" height=\"205\" \/><\/a>13\/05\/09 15:59<\/span><\/em><\/p>\n<p>Bjordi, Adi dhe Qetsori kan\u00eb diskutuar p\u00ebr banor\u00ebt e tjer\u00eb t\u00eb larguar. Bjordi shprehet q\u00eb e ka marr\u00eb shum\u00eb malli p\u00ebr Lirit\u00ebn. Qetsori kujton Mimoz\u00ebn dhe nga kjo merr shkas Bjordi p\u00ebr t\u00eb treguar p\u00ebr nat\u00ebn kur ajo u largua. Ai thot\u00eb q\u00eb n\u00eb momentin q\u00eb po dilte i kishte th\u00ebn\u00eb q\u00eb mos \u201ct\u00eb nxehej\u201d me t\u00eb. Ai fillon b\u00ebn shaka duke th\u00ebn\u00eb q\u00eb kur t\u00eb dali do e kapi Poli p\u00ebr fjal\u00ebt q\u00eb ka folur p\u00ebr Mimoz\u00ebn. Adi ia kthen duke i th\u00ebn\u00eb q\u00eb ai do kapet m\u00eb shum\u00eb me Arjanin. Bjordi pyet Adin dhe Qetsorin p\u00ebr surpriz\u00ebn q\u00eb do d\u00ebshironin p\u00ebr nat\u00ebn finale. Adi thot\u00eb q\u00eb ai do donte q\u00eb t\u00eb hynte Al Pacino nd\u00ebrsa nga aktor\u00ebt shqiptar\u00eb Robert Ndrenika. Qetsori do d\u00ebshironte q\u00eb nat\u00ebn finale t\u00eb hynte Timo Flloko. Bjordi thot\u00eb q\u00eb do donte q\u00eb t\u00eb hynte Mickael Jackson. Bjordi vazhdon bised\u00ebn duke folur p\u00ebr Aid\u00ebn. Ai thot\u00eb q\u00eb mami i tij kishte shum\u00eb simpati p\u00ebr t\u00eb dhe thot\u00eb q\u00eb kur t\u00eb dali do jet\u00eb shok\u00eb me t\u00eb. Adi i thot\u00eb q\u00eb Aida nuk e do Adelajd\u00ebn. Bjordi e kund\u00ebrshton duke i th\u00ebn\u00eb q\u00eb Adelajda \u00ebsht\u00eb e bindur q\u00eb Aida ka ndryshuar mendim p\u00ebr t\u00eb dhe se fjal\u00ebt e saj kur i tha \u201cT\u00eb mir\u00ebpres\u201d nuk ishin me ironi. Sipas Qetsorit nga vet fjala q\u00eb i tha kuptoje q\u00eb e pret mir\u00eb se n\u00eb t\u00eb kund\u00ebrt i kishte th\u00ebn\u00eb thjesht \u201ct\u00eb pres\u201d. Adi mendon q\u00eb ajo \u00ebsht\u00eb fjala m\u00eb e gjetur p\u00ebr ta ftuar dik\u00eb n\u00eb debat. Bjordi diskuton p\u00ebr Post Big Brother dhe i pyet n\u00ebse do jen\u00eb prezent p\u00ebrball\u00eb banor\u00ebve . Adi dhe Qetsori b\u00ebjn\u00eb shaka duke th\u00ebn\u00eb q\u00eb do nxjerrin justifikime p\u00ebr mos t\u00eb shkuar. Bjordi thot\u00eb q\u00eb dhe ai nuk do q\u00eb t\u00eb jet\u00eb prezent pasi ka frik\u00eb se mos e ngacmojn\u00eb banor\u00ebt e eleminuar. Ato vazhdojn\u00eb duke b\u00ebr\u00eb batuta p\u00ebr p\u00ebrballjen me banor\u00ebt.<\/p>\n","protected":false},"excerpt":{"rendered":"<p>13\/05\/09 15:59 Bjordi, Adi dhe Qetsori kan\u00eb diskutuar p\u00ebr banor\u00ebt e tjer\u00eb t\u00eb larguar. Bjordi shprehet q\u00eb e ka marr\u00eb shum\u00eb malli p\u00ebr Lirit\u00ebn. Qetsori kujton Mimoz\u00ebn dhe nga kjo merr shkas Bjordi p\u00ebr t\u00eb treguar p\u00ebr nat\u00ebn kur ajo u largua. Ai thot\u00eb q\u00eb n\u00eb momentin q\u00eb po dilte i kishte th\u00ebn\u00eb q\u00eb mos [&hellip;]<\/p>\n","protected":false},"author":1,"featured_media":0,"comment_status":"open","ping_status":"closed","sticky":false,"template":"","format":"standard","meta":{"spay_email":"","jetpack_publicize_message":"","jetpack_is_tweetstorm":false,"jetpack_publicize_feature_enabled":true},"categories":[6502],"tags":[6520,9121,6522,6542,6544,8276,9751],"jetpack_publicize_connections":[],"yoast_head":"<!-- This site is optimized with the Yoast SEO plugin v19.1 - https:\/\/yoast.com\/wordpress\/plugins\/seo\/ -->\n<title>Bjordi : Kam frik\u00c3\u00ab se mos m\u00c3\u00ab ngacmojn\u00c3\u00ab | Big Brother Albania 2<\/title>\n<meta name=\"description\" content=\"Big Brother Albania 2 - Bjordi, Adi dhe Qetsori kan\u00c3\u00ab diskutuar p\u00c3\u00abr banor\u00c3\u00abt e tjer\u00c3\u00ab t\u00c3\u00ab larguar. Bjordi shprehet q\u00c3\u00ab e ka marr\u00c3\u00ab shum\u00c3\u00ab malli p\u00c3\u00abr Lirit\u00c3\u00abn.\" \/>\n<meta name=\"robots\" content=\"index, follow, max-snippet:-1, max-image-preview:large, max-video-preview:-1\" \/>\n<link rel=\"canonical\" href=\"https:\/\/www.visit-ulcinj.com\/blog\/2009\/05\/14\/bjordi-kam-frike-se-mos-me-ngacmojne\/\" \/>\n<meta property=\"og:locale\" content=\"en_US\" \/>\n<meta property=\"og:type\" content=\"article\" \/>\n<meta property=\"og:title\" content=\"Bjordi : Kam frik\u00c3\u00ab se mos m\u00c3\u00ab ngacmojn\u00c3\u00ab | Big Brother Albania 2\" \/>\n<meta property=\"og:description\" content=\"Big Brother Albania 2 - Bjordi, Adi dhe Qetsori kan\u00c3\u00ab diskutuar p\u00c3\u00abr banor\u00c3\u00abt e tjer\u00c3\u00ab t\u00c3\u00ab larguar. Bjordi shprehet q\u00c3\u00ab e ka marr\u00c3\u00ab shum\u00c3\u00ab malli p\u00c3\u00abr Lirit\u00c3\u00abn.\" \/>\n<meta property=\"og:url\" content=\"https:\/\/www.visit-ulcinj.com\/blog\/2009\/05\/14\/bjordi-kam-frike-se-mos-me-ngacmojne\/\" \/>\n<meta property=\"og:site_name\" content=\"Lajme nga Ulqini\" \/>\n<meta property=\"article:published_time\" content=\"2009-05-14T21:00:53+00:00\" \/>\n<meta property=\"og:image\" content=\"http:\/\/www.visit-ulcinj.com\/blog\/wp-content\/uploads\/2009\/05\/per-banorwt13.jpg\" \/>\n<meta name=\"twitter:label1\" content=\"Written by\" \/>\n\t<meta name=\"twitter:data1\" content=\"ulqini\" \/>\n\t<meta name=\"twitter:label2\" content=\"Est. reading time\" \/>\n\t<meta name=\"twitter:data2\" content=\"2 minutes\" \/>\n<script type=\"application\/ld+json\" class=\"yoast-schema-graph\">{\"@context\":\"https:\/\/schema.org\",\"@graph\":[{\"@type\":\"WebSite\",\"@id\":\"https:\/\/www.visit-ulcinj.com\/blog\/#website\",\"url\":\"https:\/\/www.visit-ulcinj.com\/blog\/\",\"name\":\"Lajme nga Ulqini\",\"description\":\"Lajme,Vijesti,Ulqini,Ulqin,Crna Gora,Mali i Zi\",\"potentialAction\":[{\"@type\":\"SearchAction\",\"target\":{\"@type\":\"EntryPoint\",\"urlTemplate\":\"https:\/\/www.visit-ulcinj.com\/blog\/?s={search_term_string}\"},\"query-input\":\"required name=search_term_string\"}],\"inLanguage\":\"en-US\"},{\"@type\":\"ImageObject\",\"inLanguage\":\"en-US\",\"@id\":\"https:\/\/www.visit-ulcinj.com\/blog\/2009\/05\/14\/bjordi-kam-frike-se-mos-me-ngacmojne\/#primaryimage\",\"url\":\"http:\/\/www.visit-ulcinj.com\/blog\/wp-content\/uploads\/2009\/05\/per-banorwt13.jpg\",\"contentUrl\":\"http:\/\/www.visit-ulcinj.com\/blog\/wp-content\/uploads\/2009\/05\/per-banorwt13.jpg\"},{\"@type\":\"WebPage\",\"@id\":\"https:\/\/www.visit-ulcinj.com\/blog\/2009\/05\/14\/bjordi-kam-frike-se-mos-me-ngacmojne\/#webpage\",\"url\":\"https:\/\/www.visit-ulcinj.com\/blog\/2009\/05\/14\/bjordi-kam-frike-se-mos-me-ngacmojne\/\",\"name\":\"Bjordi : Kam frik\u00c3\u00ab se mos m\u00c3\u00ab ngacmojn\u00c3\u00ab | Big Brother Albania 2\",\"isPartOf\":{\"@id\":\"https:\/\/www.visit-ulcinj.com\/blog\/#website\"},\"primaryImageOfPage\":{\"@id\":\"https:\/\/www.visit-ulcinj.com\/blog\/2009\/05\/14\/bjordi-kam-frike-se-mos-me-ngacmojne\/#primaryimage\"},\"datePublished\":\"2009-05-14T21:00:53+00:00\",\"dateModified\":\"2009-05-14T21:00:53+00:00\",\"author\":{\"@id\":\"https:\/\/www.visit-ulcinj.com\/blog\/#\/schema\/person\/dcab619c614d3038751c63bc2aadc06d\"},\"description\":\"Big Brother Albania 2 - Bjordi, Adi dhe Qetsori kan\u00c3\u00ab diskutuar p\u00c3\u00abr banor\u00c3\u00abt e tjer\u00c3\u00ab t\u00c3\u00ab larguar. Bjordi shprehet q\u00c3\u00ab e ka marr\u00c3\u00ab shum\u00c3\u00ab malli p\u00c3\u00abr Lirit\u00c3\u00abn.\",\"breadcrumb\":{\"@id\":\"https:\/\/www.visit-ulcinj.com\/blog\/2009\/05\/14\/bjordi-kam-frike-se-mos-me-ngacmojne\/#breadcrumb\"},\"inLanguage\":\"en-US\",\"potentialAction\":[{\"@type\":\"ReadAction\",\"target\":[\"https:\/\/www.visit-ulcinj.com\/blog\/2009\/05\/14\/bjordi-kam-frike-se-mos-me-ngacmojne\/\"]}]},{\"@type\":\"BreadcrumbList\",\"@id\":\"https:\/\/www.visit-ulcinj.com\/blog\/2009\/05\/14\/bjordi-kam-frike-se-mos-me-ngacmojne\/#breadcrumb\",\"itemListElement\":[{\"@type\":\"ListItem\",\"position\":1,\"name\":\"Bjordi : Kam frik\u00eb se mos m\u00eb ngacmojn\u00eb\"}]},{\"@type\":\"Person\",\"@id\":\"https:\/\/www.visit-ulcinj.com\/blog\/#\/schema\/person\/dcab619c614d3038751c63bc2aadc06d\",\"name\":\"ulqini\",\"sameAs\":[\"http:\/\/www.visit-ulcinj.com\"],\"url\":\"https:\/\/www.visit-ulcinj.com\/blog\/author\/admin\/\"}]}<\/script>\n<!-- \/ Yoast SEO plugin. -->","yoast_head_json":{"title":"Bjordi : Kam frik\u00c3\u00ab se mos m\u00c3\u00ab ngacmojn\u00c3\u00ab | Big Brother Albania 2","description":"Big Brother Albania 2 - Bjordi, Adi dhe Qetsori kan\u00c3\u00ab diskutuar p\u00c3\u00abr banor\u00c3\u00abt e tjer\u00c3\u00ab t\u00c3\u00ab larguar. Bjordi shprehet q\u00c3\u00ab e ka marr\u00c3\u00ab shum\u00c3\u00ab malli p\u00c3\u00abr Lirit\u00c3\u00abn.","robots":{"index":"index","follow":"follow","max-snippet":"max-snippet:-1","max-image-preview":"max-image-preview:large","max-video-preview":"max-video-preview:-1"},"canonical":"https:\/\/www.visit-ulcinj.com\/blog\/2009\/05\/14\/bjordi-kam-frike-se-mos-me-ngacmojne\/","og_locale":"en_US","og_type":"article","og_title":"Bjordi : Kam frik\u00c3\u00ab se mos m\u00c3\u00ab ngacmojn\u00c3\u00ab | Big Brother Albania 2","og_description":"Big Brother Albania 2 - Bjordi, Adi dhe Qetsori kan\u00c3\u00ab diskutuar p\u00c3\u00abr banor\u00c3\u00abt e tjer\u00c3\u00ab t\u00c3\u00ab larguar. Bjordi shprehet q\u00c3\u00ab e ka marr\u00c3\u00ab shum\u00c3\u00ab malli p\u00c3\u00abr Lirit\u00c3\u00abn.","og_url":"https:\/\/www.visit-ulcinj.com\/blog\/2009\/05\/14\/bjordi-kam-frike-se-mos-me-ngacmojne\/","og_site_name":"Lajme nga Ulqini","article_published_time":"2009-05-14T21:00:53+00:00","og_image":[{"url":"http:\/\/www.visit-ulcinj.com\/blog\/wp-content\/uploads\/2009\/05\/per-banorwt13.jpg"}],"twitter_misc":{"Written by":"ulqini","Est. reading time":"2 minutes"},"schema":{"@context":"https:\/\/schema.org","@graph":[{"@type":"WebSite","@id":"https:\/\/www.visit-ulcinj.com\/blog\/#website","url":"https:\/\/www.visit-ulcinj.com\/blog\/","name":"Lajme nga Ulqini","description":"Lajme,Vijesti,Ulqini,Ulqin,Crna Gora,Mali i Zi","potentialAction":[{"@type":"SearchAction","target":{"@type":"EntryPoint","urlTemplate":"https:\/\/www.visit-ulcinj.com\/blog\/?s={search_term_string}"},"query-input":"required name=search_term_string"}],"inLanguage":"en-US"},{"@type":"ImageObject","inLanguage":"en-US","@id":"https:\/\/www.visit-ulcinj.com\/blog\/2009\/05\/14\/bjordi-kam-frike-se-mos-me-ngacmojne\/#primaryimage","url":"http:\/\/www.visit-ulcinj.com\/blog\/wp-content\/uploads\/2009\/05\/per-banorwt13.jpg","contentUrl":"http:\/\/www.visit-ulcinj.com\/blog\/wp-content\/uploads\/2009\/05\/per-banorwt13.jpg"},{"@type":"WebPage","@id":"https:\/\/www.visit-ulcinj.com\/blog\/2009\/05\/14\/bjordi-kam-frike-se-mos-me-ngacmojne\/#webpage","url":"https:\/\/www.visit-ulcinj.com\/blog\/2009\/05\/14\/bjordi-kam-frike-se-mos-me-ngacmojne\/","name":"Bjordi : Kam frik\u00c3\u00ab se mos m\u00c3\u00ab ngacmojn\u00c3\u00ab | Big Brother Albania 2","isPartOf":{"@id":"https:\/\/www.visit-ulcinj.com\/blog\/#website"},"primaryImageOfPage":{"@id":"https:\/\/www.visit-ulcinj.com\/blog\/2009\/05\/14\/bjordi-kam-frike-se-mos-me-ngacmojne\/#primaryimage"},"datePublished":"2009-05-14T21:00:53+00:00","dateModified":"2009-05-14T21:00:53+00:00","author":{"@id":"https:\/\/www.visit-ulcinj.com\/blog\/#\/schema\/person\/dcab619c614d3038751c63bc2aadc06d"},"description":"Big Brother Albania 2 - Bjordi, Adi dhe Qetsori kan\u00c3\u00ab diskutuar p\u00c3\u00abr banor\u00c3\u00abt e tjer\u00c3\u00ab t\u00c3\u00ab larguar. Bjordi shprehet q\u00c3\u00ab e ka marr\u00c3\u00ab shum\u00c3\u00ab malli p\u00c3\u00abr Lirit\u00c3\u00abn.","breadcrumb":{"@id":"https:\/\/www.visit-ulcinj.com\/blog\/2009\/05\/14\/bjordi-kam-frike-se-mos-me-ngacmojne\/#breadcrumb"},"inLanguage":"en-US","potentialAction":[{"@type":"ReadAction","target":["https:\/\/www.visit-ulcinj.com\/blog\/2009\/05\/14\/bjordi-kam-frike-se-mos-me-ngacmojne\/"]}]},{"@type":"BreadcrumbList","@id":"https:\/\/www.visit-ulcinj.com\/blog\/2009\/05\/14\/bjordi-kam-frike-se-mos-me-ngacmojne\/#breadcrumb","itemListElement":[{"@type":"ListItem","position":1,"name":"Bjordi : Kam frik\u00eb se mos m\u00eb ngacmojn\u00eb"}]},{"@type":"Person","@id":"https:\/\/www.visit-ulcinj.com\/blog\/#\/schema\/person\/dcab619c614d3038751c63bc2aadc06d","name":"ulqini","sameAs":["http:\/\/www.visit-ulcinj.com"],"url":"https:\/\/www.visit-ulcinj.com\/blog\/author\/admin\/"}]}},"jetpack_featured_media_url":"","jetpack_sharing_enabled":true,"jetpack_shortlink":"https:\/\/wp.me\/pe6lTn-5zi","_links":{"self":[{"href":"https:\/\/www.visit-ulcinj.com\/blog\/wp-json\/wp\/v2\/posts\/21408"}],"collection":[{"href":"https:\/\/www.visit-ulcinj.com\/blog\/wp-json\/wp\/v2\/posts"}],"about":[{"href":"https:\/\/www.visit-ulcinj.com\/blog\/wp-json\/wp\/v2\/types\/post"}],"author":[{"embeddable":true,"href":"https:\/\/www.visit-ulcinj.com\/blog\/wp-json\/wp\/v2\/users\/1"}],"replies":[{"embeddable":true,"href":"https:\/\/www.visit-ulcinj.com\/blog\/wp-json\/wp\/v2\/comments?post=21408"}],"version-history":[{"count":0,"href":"https:\/\/www.visit-ulcinj.com\/blog\/wp-json\/wp\/v2\/posts\/21408\/revisions"}],"wp:attachment":[{"href":"https:\/\/www.visit-ulcinj.com\/blog\/wp-json\/wp\/v2\/media?parent=21408"}],"wp:term":[{"taxonomy":"category","embeddable":true,"href":"https:\/\/www.visit-ulcinj.com\/blog\/wp-json\/wp\/v2\/categories?post=21408"},{"taxonomy":"post_tag","embeddable":true,"href":"https:\/\/www.visit-ulcinj.com\/blog\/wp-json\/wp\/v2\/tags?post=21408"}],"curies":[{"name":"wp","href":"https:\/\/api.w.org\/{rel}","templated":true}]}}