{"id":21414,"date":"2009-05-15T08:00:09","date_gmt":"2009-05-15T06:00:09","guid":{"rendered":"http:\/\/www.visit-ulcinj.com\/blog\/?p=21414"},"modified":"2009-05-14T23:11:51","modified_gmt":"2009-05-14T21:11:51","slug":"bjordi-dhe-adelajda-cfare-u-ben-grave","status":"publish","type":"post","link":"https:\/\/www.visit-ulcinj.com\/blog\/2009\/05\/15\/bjordi-dhe-adelajda-cfare-u-ben-grave\/","title":{"rendered":"Bjordi dhe Adelajda : Cfar\u00eb u b\u00ebn grave?"},"content":{"rendered":"<p><em><span class=\"newsdate\"><a href=\"http:\/\/www.visit-ulcinj.com\/blog\/wp-content\/uploads\/2009\/05\/per-daljen13.jpg\"><img loading=\"lazy\" class=\"alignleft size-full wp-image-21415\" title=\"per-daljen13-big-brother-albania-2\" src=\"http:\/\/www.visit-ulcinj.com\/blog\/wp-content\/uploads\/2009\/05\/per-daljen13.jpg\" alt=\"per-daljen13-big-brother-albania-2\" width=\"300\" height=\"205\" \/><\/a>13\/05\/09 17:59<\/span><\/em><\/p>\n<p>Bjordi dhe Adelajda duke q\u00ebndruar n\u00eb kop\u00ebsht diskutojn\u00eb p\u00ebr jet\u00ebn n\u00eb \u201cBig Brother\u201d. Ato diskutojn\u00eb p\u00ebr dit\u00ebt q\u00eb kan\u00eb kaluar brenda sht\u00ebpis\u00eb dhe Adelajda thot\u00eb:-\u201cM\u00eb duket sikur kam luajtur film!\u201d Bjordi shprehet se kur t\u00eb dalin do jet\u00eb aq \u201crr\u00ebmuj\u00eb\u201d sa q\u00eb ai ka frik\u00eb se nuk do di se si do kontaktoj\u00eb m\u00eb pas me banor\u00ebt e tjer\u00eb. Adelajda i thot\u00eb q\u00eb ajo d\u00ebshiron q\u00eb t\u00eb jet\u00eb \u201crr\u00ebmuj\u00eb\u201d p\u00ebr mos t\u00eb pasur koh\u00eb dhe shton:-\u201cKam frik\u00eb t\u00eb kem koh\u00eb, t\u00eb jem bosh!\u201d Bjordi i thot\u00eb q\u00eb ai do preferonte t\u00eb q\u00ebndronte n\u00eb qet\u00ebsi. Ajo i thot\u00eb:-\u201cT\u00eb rrish ti n\u00eb qet\u00ebsi, p\u00ebr mua \u00ebsht\u00eb t\u00eb mos kem koh\u00eb, se ne do rrim\u00eb bashk\u00eb!\u201d Adelajda fillon ta ngacmoj\u00eb p\u00ebr nat\u00ebn e spetaklit ku ai u votua nga mamat\u00eb e tyre dhe i thot\u00eb:-\u201cPo ku ia prishe mendjen dhe mamave, cfar\u00eb u b\u00ebn grave ti?!\u201d Ai i thot\u00eb q\u00eb dhe mamat\u00eb e shok\u00ebve t\u00eb tij e kan\u00eb shum\u00eb qejf. Ajo e pyet se si arrin t`i b\u00ebj p\u00ebrvete dhe shton q\u00eb nuk ka patur asnj\u00eb fem\u00ebr n\u00eb sht\u00ebpi q\u00eb nuk e ka dashur. Ai i thot\u00eb q\u00eb \u00ebsht\u00eb rritur me nj\u00eb fem\u00ebr.<\/p>\n","protected":false},"excerpt":{"rendered":"<p>13\/05\/09 17:59 Bjordi dhe Adelajda duke q\u00ebndruar n\u00eb kop\u00ebsht diskutojn\u00eb p\u00ebr jet\u00ebn n\u00eb \u201cBig Brother\u201d. Ato diskutojn\u00eb p\u00ebr dit\u00ebt q\u00eb kan\u00eb kaluar brenda sht\u00ebpis\u00eb dhe Adelajda thot\u00eb:-\u201cM\u00eb duket sikur kam luajtur film!\u201d Bjordi shprehet se kur t\u00eb dalin do jet\u00eb aq \u201crr\u00ebmuj\u00eb\u201d sa q\u00eb ai ka frik\u00eb se nuk do di se si do kontaktoj\u00eb [&hellip;]<\/p>\n","protected":false},"author":1,"featured_media":0,"comment_status":"open","ping_status":"closed","sticky":false,"template":"","format":"standard","meta":{"spay_email":"","jetpack_publicize_message":"","jetpack_is_tweetstorm":false,"jetpack_publicize_feature_enabled":true},"categories":[6502],"tags":[6529,9121,6522,9751],"jetpack_publicize_connections":[],"yoast_head":"<!-- This site is optimized with the Yoast SEO plugin v19.1 - https:\/\/yoast.com\/wordpress\/plugins\/seo\/ -->\n<title>Bjordi dhe Adelajda : Cfar\u00c3\u00ab u b\u00c3\u00abn grave? | Big Brother Albania 2<\/title>\n<meta name=\"description\" content=\"Big Brother Albania 2 - Bjordi dhe Adelajda duke q\u00c3\u00abndruar n\u00c3\u00ab kop\u00c3\u00absht diskutojn\u00c3\u00ab p\u00c3\u00abr jet\u00c3\u00abn n\u00c3\u00ab \u00e2\u20ac\u0153Big Brother\u00e2\u20ac\u009d. Ato diskutojn\u00c3\u00ab p\u00c3\u00abr dit\u00c3\u00abt q\u00c3\u00ab kan\u00c3\u00ab kaluar brenda sht\u00c3\u00abpis\u00c3\u00ab dhe Adelajda thot\u00c3\u00ab\" \/>\n<meta name=\"robots\" content=\"index, follow, max-snippet:-1, max-image-preview:large, max-video-preview:-1\" \/>\n<link rel=\"canonical\" href=\"https:\/\/www.visit-ulcinj.com\/blog\/2009\/05\/15\/bjordi-dhe-adelajda-cfare-u-ben-grave\/\" \/>\n<meta property=\"og:locale\" content=\"en_US\" \/>\n<meta property=\"og:type\" content=\"article\" \/>\n<meta property=\"og:title\" content=\"Bjordi dhe Adelajda : Cfar\u00c3\u00ab u b\u00c3\u00abn grave? | Big Brother Albania 2\" \/>\n<meta property=\"og:description\" content=\"Big Brother Albania 2 - Bjordi dhe Adelajda duke q\u00c3\u00abndruar n\u00c3\u00ab kop\u00c3\u00absht diskutojn\u00c3\u00ab p\u00c3\u00abr jet\u00c3\u00abn n\u00c3\u00ab \u00e2\u20ac\u0153Big Brother\u00e2\u20ac\u009d. Ato diskutojn\u00c3\u00ab p\u00c3\u00abr dit\u00c3\u00abt q\u00c3\u00ab kan\u00c3\u00ab kaluar brenda sht\u00c3\u00abpis\u00c3\u00ab dhe Adelajda thot\u00c3\u00ab\" \/>\n<meta property=\"og:url\" content=\"https:\/\/www.visit-ulcinj.com\/blog\/2009\/05\/15\/bjordi-dhe-adelajda-cfare-u-ben-grave\/\" \/>\n<meta property=\"og:site_name\" content=\"Lajme nga Ulqini\" \/>\n<meta property=\"article:published_time\" content=\"2009-05-15T06:00:09+00:00\" \/>\n<meta property=\"article:modified_time\" content=\"2009-05-14T21:11:51+00:00\" \/>\n<meta property=\"og:image\" content=\"http:\/\/www.visit-ulcinj.com\/blog\/wp-content\/uploads\/2009\/05\/per-daljen13.jpg\" \/>\n<meta name=\"twitter:label1\" content=\"Written by\" \/>\n\t<meta name=\"twitter:data1\" content=\"ulqini\" \/>\n\t<meta name=\"twitter:label2\" content=\"Est. reading time\" \/>\n\t<meta name=\"twitter:data2\" content=\"1 minute\" \/>\n<script type=\"application\/ld+json\" class=\"yoast-schema-graph\">{\"@context\":\"https:\/\/schema.org\",\"@graph\":[{\"@type\":\"WebSite\",\"@id\":\"https:\/\/www.visit-ulcinj.com\/blog\/#website\",\"url\":\"https:\/\/www.visit-ulcinj.com\/blog\/\",\"name\":\"Lajme nga Ulqini\",\"description\":\"Lajme,Vijesti,Ulqini,Ulqin,Crna Gora,Mali i Zi\",\"potentialAction\":[{\"@type\":\"SearchAction\",\"target\":{\"@type\":\"EntryPoint\",\"urlTemplate\":\"https:\/\/www.visit-ulcinj.com\/blog\/?s={search_term_string}\"},\"query-input\":\"required name=search_term_string\"}],\"inLanguage\":\"en-US\"},{\"@type\":\"ImageObject\",\"inLanguage\":\"en-US\",\"@id\":\"https:\/\/www.visit-ulcinj.com\/blog\/2009\/05\/15\/bjordi-dhe-adelajda-cfare-u-ben-grave\/#primaryimage\",\"url\":\"http:\/\/www.visit-ulcinj.com\/blog\/wp-content\/uploads\/2009\/05\/per-daljen13.jpg\",\"contentUrl\":\"http:\/\/www.visit-ulcinj.com\/blog\/wp-content\/uploads\/2009\/05\/per-daljen13.jpg\"},{\"@type\":\"WebPage\",\"@id\":\"https:\/\/www.visit-ulcinj.com\/blog\/2009\/05\/15\/bjordi-dhe-adelajda-cfare-u-ben-grave\/#webpage\",\"url\":\"https:\/\/www.visit-ulcinj.com\/blog\/2009\/05\/15\/bjordi-dhe-adelajda-cfare-u-ben-grave\/\",\"name\":\"Bjordi dhe Adelajda : Cfar\u00c3\u00ab u b\u00c3\u00abn grave? | Big Brother Albania 2\",\"isPartOf\":{\"@id\":\"https:\/\/www.visit-ulcinj.com\/blog\/#website\"},\"primaryImageOfPage\":{\"@id\":\"https:\/\/www.visit-ulcinj.com\/blog\/2009\/05\/15\/bjordi-dhe-adelajda-cfare-u-ben-grave\/#primaryimage\"},\"datePublished\":\"2009-05-15T06:00:09+00:00\",\"dateModified\":\"2009-05-14T21:11:51+00:00\",\"author\":{\"@id\":\"https:\/\/www.visit-ulcinj.com\/blog\/#\/schema\/person\/dcab619c614d3038751c63bc2aadc06d\"},\"description\":\"Big Brother Albania 2 - Bjordi dhe Adelajda duke q\u00c3\u00abndruar n\u00c3\u00ab kop\u00c3\u00absht diskutojn\u00c3\u00ab p\u00c3\u00abr jet\u00c3\u00abn n\u00c3\u00ab \u00e2\u20ac\u0153Big Brother\u00e2\u20ac\u009d. Ato diskutojn\u00c3\u00ab p\u00c3\u00abr dit\u00c3\u00abt q\u00c3\u00ab kan\u00c3\u00ab kaluar brenda sht\u00c3\u00abpis\u00c3\u00ab dhe Adelajda thot\u00c3\u00ab\",\"breadcrumb\":{\"@id\":\"https:\/\/www.visit-ulcinj.com\/blog\/2009\/05\/15\/bjordi-dhe-adelajda-cfare-u-ben-grave\/#breadcrumb\"},\"inLanguage\":\"en-US\",\"potentialAction\":[{\"@type\":\"ReadAction\",\"target\":[\"https:\/\/www.visit-ulcinj.com\/blog\/2009\/05\/15\/bjordi-dhe-adelajda-cfare-u-ben-grave\/\"]}]},{\"@type\":\"BreadcrumbList\",\"@id\":\"https:\/\/www.visit-ulcinj.com\/blog\/2009\/05\/15\/bjordi-dhe-adelajda-cfare-u-ben-grave\/#breadcrumb\",\"itemListElement\":[{\"@type\":\"ListItem\",\"position\":1,\"name\":\"Bjordi dhe Adelajda : Cfar\u00eb u b\u00ebn grave?\"}]},{\"@type\":\"Person\",\"@id\":\"https:\/\/www.visit-ulcinj.com\/blog\/#\/schema\/person\/dcab619c614d3038751c63bc2aadc06d\",\"name\":\"ulqini\",\"sameAs\":[\"http:\/\/www.visit-ulcinj.com\"],\"url\":\"https:\/\/www.visit-ulcinj.com\/blog\/author\/admin\/\"}]}<\/script>\n<!-- \/ Yoast SEO plugin. -->","yoast_head_json":{"title":"Bjordi dhe Adelajda : Cfar\u00c3\u00ab u b\u00c3\u00abn grave? | Big Brother Albania 2","description":"Big Brother Albania 2 - Bjordi dhe Adelajda duke q\u00c3\u00abndruar n\u00c3\u00ab kop\u00c3\u00absht diskutojn\u00c3\u00ab p\u00c3\u00abr jet\u00c3\u00abn n\u00c3\u00ab \u00e2\u20ac\u0153Big Brother\u00e2\u20ac\u009d. Ato diskutojn\u00c3\u00ab p\u00c3\u00abr dit\u00c3\u00abt q\u00c3\u00ab kan\u00c3\u00ab kaluar brenda sht\u00c3\u00abpis\u00c3\u00ab dhe Adelajda thot\u00c3\u00ab","robots":{"index":"index","follow":"follow","max-snippet":"max-snippet:-1","max-image-preview":"max-image-preview:large","max-video-preview":"max-video-preview:-1"},"canonical":"https:\/\/www.visit-ulcinj.com\/blog\/2009\/05\/15\/bjordi-dhe-adelajda-cfare-u-ben-grave\/","og_locale":"en_US","og_type":"article","og_title":"Bjordi dhe Adelajda : Cfar\u00c3\u00ab u b\u00c3\u00abn grave? | Big Brother Albania 2","og_description":"Big Brother Albania 2 - Bjordi dhe Adelajda duke q\u00c3\u00abndruar n\u00c3\u00ab kop\u00c3\u00absht diskutojn\u00c3\u00ab p\u00c3\u00abr jet\u00c3\u00abn n\u00c3\u00ab \u00e2\u20ac\u0153Big Brother\u00e2\u20ac\u009d. Ato diskutojn\u00c3\u00ab p\u00c3\u00abr dit\u00c3\u00abt q\u00c3\u00ab kan\u00c3\u00ab kaluar brenda sht\u00c3\u00abpis\u00c3\u00ab dhe Adelajda thot\u00c3\u00ab","og_url":"https:\/\/www.visit-ulcinj.com\/blog\/2009\/05\/15\/bjordi-dhe-adelajda-cfare-u-ben-grave\/","og_site_name":"Lajme nga Ulqini","article_published_time":"2009-05-15T06:00:09+00:00","article_modified_time":"2009-05-14T21:11:51+00:00","og_image":[{"url":"http:\/\/www.visit-ulcinj.com\/blog\/wp-content\/uploads\/2009\/05\/per-daljen13.jpg"}],"twitter_misc":{"Written by":"ulqini","Est. reading time":"1 minute"},"schema":{"@context":"https:\/\/schema.org","@graph":[{"@type":"WebSite","@id":"https:\/\/www.visit-ulcinj.com\/blog\/#website","url":"https:\/\/www.visit-ulcinj.com\/blog\/","name":"Lajme nga Ulqini","description":"Lajme,Vijesti,Ulqini,Ulqin,Crna Gora,Mali i Zi","potentialAction":[{"@type":"SearchAction","target":{"@type":"EntryPoint","urlTemplate":"https:\/\/www.visit-ulcinj.com\/blog\/?s={search_term_string}"},"query-input":"required name=search_term_string"}],"inLanguage":"en-US"},{"@type":"ImageObject","inLanguage":"en-US","@id":"https:\/\/www.visit-ulcinj.com\/blog\/2009\/05\/15\/bjordi-dhe-adelajda-cfare-u-ben-grave\/#primaryimage","url":"http:\/\/www.visit-ulcinj.com\/blog\/wp-content\/uploads\/2009\/05\/per-daljen13.jpg","contentUrl":"http:\/\/www.visit-ulcinj.com\/blog\/wp-content\/uploads\/2009\/05\/per-daljen13.jpg"},{"@type":"WebPage","@id":"https:\/\/www.visit-ulcinj.com\/blog\/2009\/05\/15\/bjordi-dhe-adelajda-cfare-u-ben-grave\/#webpage","url":"https:\/\/www.visit-ulcinj.com\/blog\/2009\/05\/15\/bjordi-dhe-adelajda-cfare-u-ben-grave\/","name":"Bjordi dhe Adelajda : Cfar\u00c3\u00ab u b\u00c3\u00abn grave? | Big Brother Albania 2","isPartOf":{"@id":"https:\/\/www.visit-ulcinj.com\/blog\/#website"},"primaryImageOfPage":{"@id":"https:\/\/www.visit-ulcinj.com\/blog\/2009\/05\/15\/bjordi-dhe-adelajda-cfare-u-ben-grave\/#primaryimage"},"datePublished":"2009-05-15T06:00:09+00:00","dateModified":"2009-05-14T21:11:51+00:00","author":{"@id":"https:\/\/www.visit-ulcinj.com\/blog\/#\/schema\/person\/dcab619c614d3038751c63bc2aadc06d"},"description":"Big Brother Albania 2 - Bjordi dhe Adelajda duke q\u00c3\u00abndruar n\u00c3\u00ab kop\u00c3\u00absht diskutojn\u00c3\u00ab p\u00c3\u00abr jet\u00c3\u00abn n\u00c3\u00ab \u00e2\u20ac\u0153Big Brother\u00e2\u20ac\u009d. Ato diskutojn\u00c3\u00ab p\u00c3\u00abr dit\u00c3\u00abt q\u00c3\u00ab kan\u00c3\u00ab kaluar brenda sht\u00c3\u00abpis\u00c3\u00ab dhe Adelajda thot\u00c3\u00ab","breadcrumb":{"@id":"https:\/\/www.visit-ulcinj.com\/blog\/2009\/05\/15\/bjordi-dhe-adelajda-cfare-u-ben-grave\/#breadcrumb"},"inLanguage":"en-US","potentialAction":[{"@type":"ReadAction","target":["https:\/\/www.visit-ulcinj.com\/blog\/2009\/05\/15\/bjordi-dhe-adelajda-cfare-u-ben-grave\/"]}]},{"@type":"BreadcrumbList","@id":"https:\/\/www.visit-ulcinj.com\/blog\/2009\/05\/15\/bjordi-dhe-adelajda-cfare-u-ben-grave\/#breadcrumb","itemListElement":[{"@type":"ListItem","position":1,"name":"Bjordi dhe Adelajda : Cfar\u00eb u b\u00ebn grave?"}]},{"@type":"Person","@id":"https:\/\/www.visit-ulcinj.com\/blog\/#\/schema\/person\/dcab619c614d3038751c63bc2aadc06d","name":"ulqini","sameAs":["http:\/\/www.visit-ulcinj.com"],"url":"https:\/\/www.visit-ulcinj.com\/blog\/author\/admin\/"}]}},"jetpack_featured_media_url":"","jetpack_sharing_enabled":true,"jetpack_shortlink":"https:\/\/wp.me\/pe6lTn-5zo","_links":{"self":[{"href":"https:\/\/www.visit-ulcinj.com\/blog\/wp-json\/wp\/v2\/posts\/21414"}],"collection":[{"href":"https:\/\/www.visit-ulcinj.com\/blog\/wp-json\/wp\/v2\/posts"}],"about":[{"href":"https:\/\/www.visit-ulcinj.com\/blog\/wp-json\/wp\/v2\/types\/post"}],"author":[{"embeddable":true,"href":"https:\/\/www.visit-ulcinj.com\/blog\/wp-json\/wp\/v2\/users\/1"}],"replies":[{"embeddable":true,"href":"https:\/\/www.visit-ulcinj.com\/blog\/wp-json\/wp\/v2\/comments?post=21414"}],"version-history":[{"count":0,"href":"https:\/\/www.visit-ulcinj.com\/blog\/wp-json\/wp\/v2\/posts\/21414\/revisions"}],"wp:attachment":[{"href":"https:\/\/www.visit-ulcinj.com\/blog\/wp-json\/wp\/v2\/media?parent=21414"}],"wp:term":[{"taxonomy":"category","embeddable":true,"href":"https:\/\/www.visit-ulcinj.com\/blog\/wp-json\/wp\/v2\/categories?post=21414"},{"taxonomy":"post_tag","embeddable":true,"href":"https:\/\/www.visit-ulcinj.com\/blog\/wp-json\/wp\/v2\/tags?post=21414"}],"curies":[{"name":"wp","href":"https:\/\/api.w.org\/{rel}","templated":true}]}}