{"id":21417,"date":"2009-05-15T09:00:47","date_gmt":"2009-05-15T07:00:47","guid":{"rendered":"http:\/\/www.visit-ulcinj.com\/blog\/?p=21417"},"modified":"2009-05-14T23:11:13","modified_gmt":"2009-05-14T21:11:13","slug":"qetsori-dhe-adi-per-banoret-e-larguar","status":"publish","type":"post","link":"https:\/\/www.visit-ulcinj.com\/blog\/2009\/05\/15\/qetsori-dhe-adi-per-banoret-e-larguar\/","title":{"rendered":"Qetsori dhe Adi : P\u00ebr banor\u00ebt e larguar"},"content":{"rendered":"<p>\u00a0<\/p>\n<div id=\"content\"><em><span class=\"newsdate\"><a href=\"http:\/\/www.visit-ulcinj.com\/blog\/wp-content\/uploads\/2009\/05\/adi-qetsori-per-banoret13.jpg\"><img loading=\"lazy\" class=\"alignleft size-full wp-image-21418\" title=\"adi-qetsori-per-banoret13-big-brother-albania-2\" src=\"http:\/\/www.visit-ulcinj.com\/blog\/wp-content\/uploads\/2009\/05\/adi-qetsori-per-banoret13.jpg\" alt=\"adi-qetsori-per-banoret13-big-brother-albania-2\" width=\"300\" height=\"205\" \/><\/a>13\/05\/09 23:00<\/span><\/em><\/p>\n<p>Qetsori me Adin t\u00eb ulur n\u00eb kop\u00ebsht flasin rreth banor\u00ebve t\u00eb larguar. T\u00eb dy ngren\u00eb lart vlerat e Dritanit si njeri. P\u00ebr Adin ai ishte djal\u00eb perfekt dhe i kompletuar. Qetsori pyet p\u00ebr Biken n\u00ebse ka filluar pun\u00eb n\u00eb polici? Adi thot\u00eb q\u00eb Bika t\u00eb le n\u00eb burg dhe hedh celsat. T\u00eb dy jan\u00eb t\u00eb mendimit se Bika e ka perfaqsuar mir\u00eb Lazaratin. P\u00ebr Anin jan\u00eb t\u00eb mendimit se tashm\u00eb \u00ebsht\u00eb b\u00ebr\u00eb personazh i njohur dhe ka p\u00ebr t\u00eb pasur shum\u00eb pun\u00eb n\u00ebp\u00ebr dasma. Adi e pyet mbi marr\u00ebdh\u00ebniet e Qetsorit me Arjonin. Ai i thot\u00eb se me Arjonin kan\u00eb pasur marr\u00ebdh\u00ebnie normale, aleanca \u00ebsht\u00eb par\u00eb kur kan\u00eb kandiduar banor\u00ebt e tjer\u00eb. Qetsori flet p\u00ebr dyshimet e tij n\u00eb lidhje me Anjez\u00ebn. Ato flasin edhe p\u00ebr Jun\u00ebn, aft\u00ebsit\u00eb e saj n\u00eb loj\u00eb por edhe si pianiste.<\/p><\/div>\n<div><\/div>\n","protected":false},"excerpt":{"rendered":"<p>\u00a0 13\/05\/09 23:00 Qetsori me Adin t\u00eb ulur n\u00eb kop\u00ebsht flasin rreth banor\u00ebve t\u00eb larguar. T\u00eb dy ngren\u00eb lart vlerat e Dritanit si njeri. P\u00ebr Adin ai ishte djal\u00eb perfekt dhe i kompletuar. Qetsori pyet p\u00ebr Biken n\u00ebse ka filluar pun\u00eb n\u00eb polici? Adi thot\u00eb q\u00eb Bika t\u00eb le n\u00eb burg dhe hedh celsat. T\u00eb [&hellip;]<\/p>\n","protected":false},"author":1,"featured_media":0,"comment_status":"open","ping_status":"closed","sticky":false,"template":"","format":"standard","meta":{"spay_email":"","jetpack_publicize_message":"","jetpack_is_tweetstorm":false,"jetpack_publicize_feature_enabled":true},"categories":[6502],"tags":[8289,6520,9121,6740,1442,9011,8276,10434],"jetpack_publicize_connections":[],"yoast_head":"<!-- This site is optimized with the Yoast SEO plugin v19.1 - https:\/\/yoast.com\/wordpress\/plugins\/seo\/ -->\n<title>Qetsori dhe Adi : P\u00c3\u00abr banor\u00c3\u00abt e larguar | Big Brother Albania 2<\/title>\n<meta name=\"description\" content=\"Big Brother Albania 2 - Qetsori me Adin t\u00c3\u00ab ulur n\u00c3\u00ab kop\u00c3\u00absht flasin rreth banor\u00c3\u00abve t\u00c3\u00ab larguar. T\u00c3\u00ab dy ngren\u00c3\u00ab lart vlerat e Dritanit si njeri. P\u00c3\u00abr Adin ai ishte djal\u00c3\u00ab perfekt dhe i kompletuar.\" \/>\n<meta name=\"robots\" content=\"index, follow, max-snippet:-1, max-image-preview:large, max-video-preview:-1\" \/>\n<link rel=\"canonical\" href=\"https:\/\/www.visit-ulcinj.com\/blog\/2009\/05\/15\/qetsori-dhe-adi-per-banoret-e-larguar\/\" \/>\n<meta property=\"og:locale\" content=\"en_US\" \/>\n<meta property=\"og:type\" content=\"article\" \/>\n<meta property=\"og:title\" content=\"Qetsori dhe Adi : P\u00c3\u00abr banor\u00c3\u00abt e larguar | Big Brother Albania 2\" \/>\n<meta property=\"og:description\" content=\"Big Brother Albania 2 - Qetsori me Adin t\u00c3\u00ab ulur n\u00c3\u00ab kop\u00c3\u00absht flasin rreth banor\u00c3\u00abve t\u00c3\u00ab larguar. T\u00c3\u00ab dy ngren\u00c3\u00ab lart vlerat e Dritanit si njeri. P\u00c3\u00abr Adin ai ishte djal\u00c3\u00ab perfekt dhe i kompletuar.\" \/>\n<meta property=\"og:url\" content=\"https:\/\/www.visit-ulcinj.com\/blog\/2009\/05\/15\/qetsori-dhe-adi-per-banoret-e-larguar\/\" \/>\n<meta property=\"og:site_name\" content=\"Lajme nga Ulqini\" \/>\n<meta property=\"article:published_time\" content=\"2009-05-15T07:00:47+00:00\" \/>\n<meta property=\"article:modified_time\" content=\"2009-05-14T21:11:13+00:00\" \/>\n<meta property=\"og:image\" content=\"http:\/\/www.visit-ulcinj.com\/blog\/wp-content\/uploads\/2009\/05\/adi-qetsori-per-banoret13.jpg\" \/>\n<meta name=\"twitter:label1\" content=\"Written by\" \/>\n\t<meta name=\"twitter:data1\" content=\"ulqini\" \/>\n\t<meta name=\"twitter:label2\" content=\"Est. reading time\" \/>\n\t<meta name=\"twitter:data2\" content=\"1 minute\" \/>\n<script type=\"application\/ld+json\" class=\"yoast-schema-graph\">{\"@context\":\"https:\/\/schema.org\",\"@graph\":[{\"@type\":\"WebSite\",\"@id\":\"https:\/\/www.visit-ulcinj.com\/blog\/#website\",\"url\":\"https:\/\/www.visit-ulcinj.com\/blog\/\",\"name\":\"Lajme nga Ulqini\",\"description\":\"Lajme,Vijesti,Ulqini,Ulqin,Crna Gora,Mali i Zi\",\"potentialAction\":[{\"@type\":\"SearchAction\",\"target\":{\"@type\":\"EntryPoint\",\"urlTemplate\":\"https:\/\/www.visit-ulcinj.com\/blog\/?s={search_term_string}\"},\"query-input\":\"required name=search_term_string\"}],\"inLanguage\":\"en-US\"},{\"@type\":\"ImageObject\",\"inLanguage\":\"en-US\",\"@id\":\"https:\/\/www.visit-ulcinj.com\/blog\/2009\/05\/15\/qetsori-dhe-adi-per-banoret-e-larguar\/#primaryimage\",\"url\":\"http:\/\/www.visit-ulcinj.com\/blog\/wp-content\/uploads\/2009\/05\/adi-qetsori-per-banoret13.jpg\",\"contentUrl\":\"http:\/\/www.visit-ulcinj.com\/blog\/wp-content\/uploads\/2009\/05\/adi-qetsori-per-banoret13.jpg\"},{\"@type\":\"WebPage\",\"@id\":\"https:\/\/www.visit-ulcinj.com\/blog\/2009\/05\/15\/qetsori-dhe-adi-per-banoret-e-larguar\/#webpage\",\"url\":\"https:\/\/www.visit-ulcinj.com\/blog\/2009\/05\/15\/qetsori-dhe-adi-per-banoret-e-larguar\/\",\"name\":\"Qetsori dhe Adi : P\u00c3\u00abr banor\u00c3\u00abt e larguar | Big Brother Albania 2\",\"isPartOf\":{\"@id\":\"https:\/\/www.visit-ulcinj.com\/blog\/#website\"},\"primaryImageOfPage\":{\"@id\":\"https:\/\/www.visit-ulcinj.com\/blog\/2009\/05\/15\/qetsori-dhe-adi-per-banoret-e-larguar\/#primaryimage\"},\"datePublished\":\"2009-05-15T07:00:47+00:00\",\"dateModified\":\"2009-05-14T21:11:13+00:00\",\"author\":{\"@id\":\"https:\/\/www.visit-ulcinj.com\/blog\/#\/schema\/person\/dcab619c614d3038751c63bc2aadc06d\"},\"description\":\"Big Brother Albania 2 - Qetsori me Adin t\u00c3\u00ab ulur n\u00c3\u00ab kop\u00c3\u00absht flasin rreth banor\u00c3\u00abve t\u00c3\u00ab larguar. T\u00c3\u00ab dy ngren\u00c3\u00ab lart vlerat e Dritanit si njeri. P\u00c3\u00abr Adin ai ishte djal\u00c3\u00ab perfekt dhe i kompletuar.\",\"breadcrumb\":{\"@id\":\"https:\/\/www.visit-ulcinj.com\/blog\/2009\/05\/15\/qetsori-dhe-adi-per-banoret-e-larguar\/#breadcrumb\"},\"inLanguage\":\"en-US\",\"potentialAction\":[{\"@type\":\"ReadAction\",\"target\":[\"https:\/\/www.visit-ulcinj.com\/blog\/2009\/05\/15\/qetsori-dhe-adi-per-banoret-e-larguar\/\"]}]},{\"@type\":\"BreadcrumbList\",\"@id\":\"https:\/\/www.visit-ulcinj.com\/blog\/2009\/05\/15\/qetsori-dhe-adi-per-banoret-e-larguar\/#breadcrumb\",\"itemListElement\":[{\"@type\":\"ListItem\",\"position\":1,\"name\":\"Qetsori dhe Adi : P\u00ebr banor\u00ebt e larguar\"}]},{\"@type\":\"Person\",\"@id\":\"https:\/\/www.visit-ulcinj.com\/blog\/#\/schema\/person\/dcab619c614d3038751c63bc2aadc06d\",\"name\":\"ulqini\",\"sameAs\":[\"http:\/\/www.visit-ulcinj.com\"],\"url\":\"https:\/\/www.visit-ulcinj.com\/blog\/author\/admin\/\"}]}<\/script>\n<!-- \/ Yoast SEO plugin. -->","yoast_head_json":{"title":"Qetsori dhe Adi : P\u00c3\u00abr banor\u00c3\u00abt e larguar | Big Brother Albania 2","description":"Big Brother Albania 2 - Qetsori me Adin t\u00c3\u00ab ulur n\u00c3\u00ab kop\u00c3\u00absht flasin rreth banor\u00c3\u00abve t\u00c3\u00ab larguar. T\u00c3\u00ab dy ngren\u00c3\u00ab lart vlerat e Dritanit si njeri. P\u00c3\u00abr Adin ai ishte djal\u00c3\u00ab perfekt dhe i kompletuar.","robots":{"index":"index","follow":"follow","max-snippet":"max-snippet:-1","max-image-preview":"max-image-preview:large","max-video-preview":"max-video-preview:-1"},"canonical":"https:\/\/www.visit-ulcinj.com\/blog\/2009\/05\/15\/qetsori-dhe-adi-per-banoret-e-larguar\/","og_locale":"en_US","og_type":"article","og_title":"Qetsori dhe Adi : P\u00c3\u00abr banor\u00c3\u00abt e larguar | Big Brother Albania 2","og_description":"Big Brother Albania 2 - Qetsori me Adin t\u00c3\u00ab ulur n\u00c3\u00ab kop\u00c3\u00absht flasin rreth banor\u00c3\u00abve t\u00c3\u00ab larguar. T\u00c3\u00ab dy ngren\u00c3\u00ab lart vlerat e Dritanit si njeri. P\u00c3\u00abr Adin ai ishte djal\u00c3\u00ab perfekt dhe i kompletuar.","og_url":"https:\/\/www.visit-ulcinj.com\/blog\/2009\/05\/15\/qetsori-dhe-adi-per-banoret-e-larguar\/","og_site_name":"Lajme nga Ulqini","article_published_time":"2009-05-15T07:00:47+00:00","article_modified_time":"2009-05-14T21:11:13+00:00","og_image":[{"url":"http:\/\/www.visit-ulcinj.com\/blog\/wp-content\/uploads\/2009\/05\/adi-qetsori-per-banoret13.jpg"}],"twitter_misc":{"Written by":"ulqini","Est. reading time":"1 minute"},"schema":{"@context":"https:\/\/schema.org","@graph":[{"@type":"WebSite","@id":"https:\/\/www.visit-ulcinj.com\/blog\/#website","url":"https:\/\/www.visit-ulcinj.com\/blog\/","name":"Lajme nga Ulqini","description":"Lajme,Vijesti,Ulqini,Ulqin,Crna Gora,Mali i Zi","potentialAction":[{"@type":"SearchAction","target":{"@type":"EntryPoint","urlTemplate":"https:\/\/www.visit-ulcinj.com\/blog\/?s={search_term_string}"},"query-input":"required name=search_term_string"}],"inLanguage":"en-US"},{"@type":"ImageObject","inLanguage":"en-US","@id":"https:\/\/www.visit-ulcinj.com\/blog\/2009\/05\/15\/qetsori-dhe-adi-per-banoret-e-larguar\/#primaryimage","url":"http:\/\/www.visit-ulcinj.com\/blog\/wp-content\/uploads\/2009\/05\/adi-qetsori-per-banoret13.jpg","contentUrl":"http:\/\/www.visit-ulcinj.com\/blog\/wp-content\/uploads\/2009\/05\/adi-qetsori-per-banoret13.jpg"},{"@type":"WebPage","@id":"https:\/\/www.visit-ulcinj.com\/blog\/2009\/05\/15\/qetsori-dhe-adi-per-banoret-e-larguar\/#webpage","url":"https:\/\/www.visit-ulcinj.com\/blog\/2009\/05\/15\/qetsori-dhe-adi-per-banoret-e-larguar\/","name":"Qetsori dhe Adi : P\u00c3\u00abr banor\u00c3\u00abt e larguar | Big Brother Albania 2","isPartOf":{"@id":"https:\/\/www.visit-ulcinj.com\/blog\/#website"},"primaryImageOfPage":{"@id":"https:\/\/www.visit-ulcinj.com\/blog\/2009\/05\/15\/qetsori-dhe-adi-per-banoret-e-larguar\/#primaryimage"},"datePublished":"2009-05-15T07:00:47+00:00","dateModified":"2009-05-14T21:11:13+00:00","author":{"@id":"https:\/\/www.visit-ulcinj.com\/blog\/#\/schema\/person\/dcab619c614d3038751c63bc2aadc06d"},"description":"Big Brother Albania 2 - Qetsori me Adin t\u00c3\u00ab ulur n\u00c3\u00ab kop\u00c3\u00absht flasin rreth banor\u00c3\u00abve t\u00c3\u00ab larguar. T\u00c3\u00ab dy ngren\u00c3\u00ab lart vlerat e Dritanit si njeri. P\u00c3\u00abr Adin ai ishte djal\u00c3\u00ab perfekt dhe i kompletuar.","breadcrumb":{"@id":"https:\/\/www.visit-ulcinj.com\/blog\/2009\/05\/15\/qetsori-dhe-adi-per-banoret-e-larguar\/#breadcrumb"},"inLanguage":"en-US","potentialAction":[{"@type":"ReadAction","target":["https:\/\/www.visit-ulcinj.com\/blog\/2009\/05\/15\/qetsori-dhe-adi-per-banoret-e-larguar\/"]}]},{"@type":"BreadcrumbList","@id":"https:\/\/www.visit-ulcinj.com\/blog\/2009\/05\/15\/qetsori-dhe-adi-per-banoret-e-larguar\/#breadcrumb","itemListElement":[{"@type":"ListItem","position":1,"name":"Qetsori dhe Adi : P\u00ebr banor\u00ebt e larguar"}]},{"@type":"Person","@id":"https:\/\/www.visit-ulcinj.com\/blog\/#\/schema\/person\/dcab619c614d3038751c63bc2aadc06d","name":"ulqini","sameAs":["http:\/\/www.visit-ulcinj.com"],"url":"https:\/\/www.visit-ulcinj.com\/blog\/author\/admin\/"}]}},"jetpack_featured_media_url":"","jetpack_sharing_enabled":true,"jetpack_shortlink":"https:\/\/wp.me\/pe6lTn-5zr","_links":{"self":[{"href":"https:\/\/www.visit-ulcinj.com\/blog\/wp-json\/wp\/v2\/posts\/21417"}],"collection":[{"href":"https:\/\/www.visit-ulcinj.com\/blog\/wp-json\/wp\/v2\/posts"}],"about":[{"href":"https:\/\/www.visit-ulcinj.com\/blog\/wp-json\/wp\/v2\/types\/post"}],"author":[{"embeddable":true,"href":"https:\/\/www.visit-ulcinj.com\/blog\/wp-json\/wp\/v2\/users\/1"}],"replies":[{"embeddable":true,"href":"https:\/\/www.visit-ulcinj.com\/blog\/wp-json\/wp\/v2\/comments?post=21417"}],"version-history":[{"count":0,"href":"https:\/\/www.visit-ulcinj.com\/blog\/wp-json\/wp\/v2\/posts\/21417\/revisions"}],"wp:attachment":[{"href":"https:\/\/www.visit-ulcinj.com\/blog\/wp-json\/wp\/v2\/media?parent=21417"}],"wp:term":[{"taxonomy":"category","embeddable":true,"href":"https:\/\/www.visit-ulcinj.com\/blog\/wp-json\/wp\/v2\/categories?post=21417"},{"taxonomy":"post_tag","embeddable":true,"href":"https:\/\/www.visit-ulcinj.com\/blog\/wp-json\/wp\/v2\/tags?post=21417"}],"curies":[{"name":"wp","href":"https:\/\/api.w.org\/{rel}","templated":true}]}}