{"id":21425,"date":"2009-05-15T10:00:43","date_gmt":"2009-05-15T08:00:43","guid":{"rendered":"http:\/\/www.visit-ulcinj.com\/blog\/?p=21425"},"modified":"2009-05-14T23:21:33","modified_gmt":"2009-05-14T21:21:33","slug":"pas-big-brother","status":"publish","type":"post","link":"https:\/\/www.visit-ulcinj.com\/blog\/2009\/05\/15\/pas-big-brother\/","title":{"rendered":"Pas Big Brother"},"content":{"rendered":"<p><em><span class=\"newsdate\"><a href=\"http:\/\/www.visit-ulcinj.com\/blog\/wp-content\/uploads\/2009\/05\/perfitimet-post-spektakel.jpg\"><img loading=\"lazy\" class=\"alignleft size-full wp-image-21426\" title=\"perfitimet-post-spektakel-big-brother-albania-2\" src=\"http:\/\/www.visit-ulcinj.com\/blog\/wp-content\/uploads\/2009\/05\/perfitimet-post-spektakel.jpg\" alt=\"perfitimet-post-spektakel-big-brother-albania-2\" width=\"300\" height=\"205\" \/><\/a>14\/05\/09 00:30<\/span><\/em><\/p>\n<p>Sori dhe Adi vazhdojn\u00eb t\u00eb bisedojn\u00eb p\u00ebr eksperienc\u00ebn n\u00eb Big Brother. Ata diskutojn\u00eb edhe p\u00ebr finalist\u00ebt e nj\u00eb viti m\u00eb par\u00eb dhe se cfar\u00eb drejtimesh mor\u00ebn ata m\u00eb pas, duke patur ndikim ose jo nga fakti i t\u00eb q\u00ebnurit person publik. Ata mendojn\u00eb se kjo lloj eksperience t\u00eb jep mund\u00ebsin\u00eb e q\u00eb t\u00eb t\u00eb ofrohen shum\u00eb mund\u00ebsi t\u00eb m\u00ebvonshme. Adi tregon ato se cfar\u00eb di n\u00eb lidhje me finalist\u00ebt e vjetsh\u00ebm Ai tregon se disave prej tyre iu ofruan mund\u00ebsi shkollimi ose pun\u00ebsimi, apo edhe disa surpriza t\u00eb tjera si udh\u00ebtime, pas mbarimit t\u00eb spektaklit. Ata urojn\u00eb q\u00eb edhe atyre t\u2019u ofrohen mund\u00ebsira t\u00eb mira n\u00eb p\u00ebrfundim t\u00eb k\u00ebsaj eksperience. Adi shprehet se do t\u2019i p\u00eblqente q\u00eb t\u2019i ofrohej nj\u00eb pun\u00eb. Ai thot\u00eb se normalisht cdo gj\u00eb do ta pranonte, por do t\u2019i p\u00eblqente q\u00eb t\u00eb kishte nj\u00eb t\u00eb ardhme t\u00eb sigurt p\u00ebrpara.<\/p>\n","protected":false},"excerpt":{"rendered":"<p>14\/05\/09 00:30 Sori dhe Adi vazhdojn\u00eb t\u00eb bisedojn\u00eb p\u00ebr eksperienc\u00ebn n\u00eb Big Brother. Ata diskutojn\u00eb edhe p\u00ebr finalist\u00ebt e nj\u00eb viti m\u00eb par\u00eb dhe se cfar\u00eb drejtimesh mor\u00ebn ata m\u00eb pas, duke patur ndikim ose jo nga fakti i t\u00eb q\u00ebnurit person publik. Ata mendojn\u00eb se kjo lloj eksperience t\u00eb jep mund\u00ebsin\u00eb e q\u00eb t\u00eb [&hellip;]<\/p>\n","protected":false},"author":1,"featured_media":0,"comment_status":"open","ping_status":"closed","sticky":false,"template":"","format":"standard","meta":{"spay_email":"","jetpack_publicize_message":"","jetpack_is_tweetstorm":false,"jetpack_publicize_feature_enabled":true},"categories":[6502],"tags":[6520,9121,10435,8276,9751],"jetpack_publicize_connections":[],"yoast_head":"<!-- This site is optimized with the Yoast SEO plugin v19.1 - https:\/\/yoast.com\/wordpress\/plugins\/seo\/ -->\n<title>Pas Big Brother | Big Brother Albania 2<\/title>\n<meta name=\"description\" content=\"Big Brother Albania 2 - Sori dhe Adi vazhdojn\u00c3\u00ab t\u00c3\u00ab bisedojn\u00c3\u00ab p\u00c3\u00abr eksperienc\u00c3\u00abn n\u00c3\u00ab Big Brother. Ata diskutojn\u00c3\u00ab edhe p\u00c3\u00abr finalist\u00c3\u00abt e nj\u00c3\u00ab viti m\u00c3\u00ab par\u00c3\u00ab dhe se cfar\u00c3\u00ab drejtimesh mor\u00c3\u00abn ata m\u00c3\u00ab pas, duke patur ndikim ose jo nga fakti i t\u00c3\u00ab q\u00c3\u00abnurit person publik.\" \/>\n<meta name=\"robots\" content=\"index, follow, max-snippet:-1, max-image-preview:large, max-video-preview:-1\" \/>\n<link rel=\"canonical\" href=\"https:\/\/www.visit-ulcinj.com\/blog\/2009\/05\/15\/pas-big-brother\/\" \/>\n<meta property=\"og:locale\" content=\"en_US\" \/>\n<meta property=\"og:type\" content=\"article\" \/>\n<meta property=\"og:title\" content=\"Pas Big Brother | Big Brother Albania 2\" \/>\n<meta property=\"og:description\" content=\"Big Brother Albania 2 - Sori dhe Adi vazhdojn\u00c3\u00ab t\u00c3\u00ab bisedojn\u00c3\u00ab p\u00c3\u00abr eksperienc\u00c3\u00abn n\u00c3\u00ab Big Brother. Ata diskutojn\u00c3\u00ab edhe p\u00c3\u00abr finalist\u00c3\u00abt e nj\u00c3\u00ab viti m\u00c3\u00ab par\u00c3\u00ab dhe se cfar\u00c3\u00ab drejtimesh mor\u00c3\u00abn ata m\u00c3\u00ab pas, duke patur ndikim ose jo nga fakti i t\u00c3\u00ab q\u00c3\u00abnurit person publik.\" \/>\n<meta property=\"og:url\" content=\"https:\/\/www.visit-ulcinj.com\/blog\/2009\/05\/15\/pas-big-brother\/\" \/>\n<meta property=\"og:site_name\" content=\"Lajme nga Ulqini\" \/>\n<meta property=\"article:published_time\" content=\"2009-05-15T08:00:43+00:00\" \/>\n<meta property=\"article:modified_time\" content=\"2009-05-14T21:21:33+00:00\" \/>\n<meta property=\"og:image\" content=\"http:\/\/www.visit-ulcinj.com\/blog\/wp-content\/uploads\/2009\/05\/perfitimet-post-spektakel.jpg\" \/>\n<meta name=\"twitter:label1\" content=\"Written by\" \/>\n\t<meta name=\"twitter:data1\" content=\"ulqini\" \/>\n\t<meta name=\"twitter:label2\" content=\"Est. reading time\" \/>\n\t<meta name=\"twitter:data2\" content=\"1 minute\" \/>\n<script type=\"application\/ld+json\" class=\"yoast-schema-graph\">{\"@context\":\"https:\/\/schema.org\",\"@graph\":[{\"@type\":\"WebSite\",\"@id\":\"https:\/\/www.visit-ulcinj.com\/blog\/#website\",\"url\":\"https:\/\/www.visit-ulcinj.com\/blog\/\",\"name\":\"Lajme nga Ulqini\",\"description\":\"Lajme,Vijesti,Ulqini,Ulqin,Crna Gora,Mali i Zi\",\"potentialAction\":[{\"@type\":\"SearchAction\",\"target\":{\"@type\":\"EntryPoint\",\"urlTemplate\":\"https:\/\/www.visit-ulcinj.com\/blog\/?s={search_term_string}\"},\"query-input\":\"required name=search_term_string\"}],\"inLanguage\":\"en-US\"},{\"@type\":\"ImageObject\",\"inLanguage\":\"en-US\",\"@id\":\"https:\/\/www.visit-ulcinj.com\/blog\/2009\/05\/15\/pas-big-brother\/#primaryimage\",\"url\":\"http:\/\/www.visit-ulcinj.com\/blog\/wp-content\/uploads\/2009\/05\/perfitimet-post-spektakel.jpg\",\"contentUrl\":\"http:\/\/www.visit-ulcinj.com\/blog\/wp-content\/uploads\/2009\/05\/perfitimet-post-spektakel.jpg\"},{\"@type\":\"WebPage\",\"@id\":\"https:\/\/www.visit-ulcinj.com\/blog\/2009\/05\/15\/pas-big-brother\/#webpage\",\"url\":\"https:\/\/www.visit-ulcinj.com\/blog\/2009\/05\/15\/pas-big-brother\/\",\"name\":\"Pas Big Brother | Big Brother Albania 2\",\"isPartOf\":{\"@id\":\"https:\/\/www.visit-ulcinj.com\/blog\/#website\"},\"primaryImageOfPage\":{\"@id\":\"https:\/\/www.visit-ulcinj.com\/blog\/2009\/05\/15\/pas-big-brother\/#primaryimage\"},\"datePublished\":\"2009-05-15T08:00:43+00:00\",\"dateModified\":\"2009-05-14T21:21:33+00:00\",\"author\":{\"@id\":\"https:\/\/www.visit-ulcinj.com\/blog\/#\/schema\/person\/dcab619c614d3038751c63bc2aadc06d\"},\"description\":\"Big Brother Albania 2 - Sori dhe Adi vazhdojn\u00c3\u00ab t\u00c3\u00ab bisedojn\u00c3\u00ab p\u00c3\u00abr eksperienc\u00c3\u00abn n\u00c3\u00ab Big Brother. Ata diskutojn\u00c3\u00ab edhe p\u00c3\u00abr finalist\u00c3\u00abt e nj\u00c3\u00ab viti m\u00c3\u00ab par\u00c3\u00ab dhe se cfar\u00c3\u00ab drejtimesh mor\u00c3\u00abn ata m\u00c3\u00ab pas, duke patur ndikim ose jo nga fakti i t\u00c3\u00ab q\u00c3\u00abnurit person publik.\",\"breadcrumb\":{\"@id\":\"https:\/\/www.visit-ulcinj.com\/blog\/2009\/05\/15\/pas-big-brother\/#breadcrumb\"},\"inLanguage\":\"en-US\",\"potentialAction\":[{\"@type\":\"ReadAction\",\"target\":[\"https:\/\/www.visit-ulcinj.com\/blog\/2009\/05\/15\/pas-big-brother\/\"]}]},{\"@type\":\"BreadcrumbList\",\"@id\":\"https:\/\/www.visit-ulcinj.com\/blog\/2009\/05\/15\/pas-big-brother\/#breadcrumb\",\"itemListElement\":[{\"@type\":\"ListItem\",\"position\":1,\"name\":\"Pas Big Brother\"}]},{\"@type\":\"Person\",\"@id\":\"https:\/\/www.visit-ulcinj.com\/blog\/#\/schema\/person\/dcab619c614d3038751c63bc2aadc06d\",\"name\":\"ulqini\",\"sameAs\":[\"http:\/\/www.visit-ulcinj.com\"],\"url\":\"https:\/\/www.visit-ulcinj.com\/blog\/author\/admin\/\"}]}<\/script>\n<!-- \/ Yoast SEO plugin. -->","yoast_head_json":{"title":"Pas Big Brother | Big Brother Albania 2","description":"Big Brother Albania 2 - Sori dhe Adi vazhdojn\u00c3\u00ab t\u00c3\u00ab bisedojn\u00c3\u00ab p\u00c3\u00abr eksperienc\u00c3\u00abn n\u00c3\u00ab Big Brother. Ata diskutojn\u00c3\u00ab edhe p\u00c3\u00abr finalist\u00c3\u00abt e nj\u00c3\u00ab viti m\u00c3\u00ab par\u00c3\u00ab dhe se cfar\u00c3\u00ab drejtimesh mor\u00c3\u00abn ata m\u00c3\u00ab pas, duke patur ndikim ose jo nga fakti i t\u00c3\u00ab q\u00c3\u00abnurit person publik.","robots":{"index":"index","follow":"follow","max-snippet":"max-snippet:-1","max-image-preview":"max-image-preview:large","max-video-preview":"max-video-preview:-1"},"canonical":"https:\/\/www.visit-ulcinj.com\/blog\/2009\/05\/15\/pas-big-brother\/","og_locale":"en_US","og_type":"article","og_title":"Pas Big Brother | Big Brother Albania 2","og_description":"Big Brother Albania 2 - Sori dhe Adi vazhdojn\u00c3\u00ab t\u00c3\u00ab bisedojn\u00c3\u00ab p\u00c3\u00abr eksperienc\u00c3\u00abn n\u00c3\u00ab Big Brother. Ata diskutojn\u00c3\u00ab edhe p\u00c3\u00abr finalist\u00c3\u00abt e nj\u00c3\u00ab viti m\u00c3\u00ab par\u00c3\u00ab dhe se cfar\u00c3\u00ab drejtimesh mor\u00c3\u00abn ata m\u00c3\u00ab pas, duke patur ndikim ose jo nga fakti i t\u00c3\u00ab q\u00c3\u00abnurit person publik.","og_url":"https:\/\/www.visit-ulcinj.com\/blog\/2009\/05\/15\/pas-big-brother\/","og_site_name":"Lajme nga Ulqini","article_published_time":"2009-05-15T08:00:43+00:00","article_modified_time":"2009-05-14T21:21:33+00:00","og_image":[{"url":"http:\/\/www.visit-ulcinj.com\/blog\/wp-content\/uploads\/2009\/05\/perfitimet-post-spektakel.jpg"}],"twitter_misc":{"Written by":"ulqini","Est. reading time":"1 minute"},"schema":{"@context":"https:\/\/schema.org","@graph":[{"@type":"WebSite","@id":"https:\/\/www.visit-ulcinj.com\/blog\/#website","url":"https:\/\/www.visit-ulcinj.com\/blog\/","name":"Lajme nga Ulqini","description":"Lajme,Vijesti,Ulqini,Ulqin,Crna Gora,Mali i Zi","potentialAction":[{"@type":"SearchAction","target":{"@type":"EntryPoint","urlTemplate":"https:\/\/www.visit-ulcinj.com\/blog\/?s={search_term_string}"},"query-input":"required name=search_term_string"}],"inLanguage":"en-US"},{"@type":"ImageObject","inLanguage":"en-US","@id":"https:\/\/www.visit-ulcinj.com\/blog\/2009\/05\/15\/pas-big-brother\/#primaryimage","url":"http:\/\/www.visit-ulcinj.com\/blog\/wp-content\/uploads\/2009\/05\/perfitimet-post-spektakel.jpg","contentUrl":"http:\/\/www.visit-ulcinj.com\/blog\/wp-content\/uploads\/2009\/05\/perfitimet-post-spektakel.jpg"},{"@type":"WebPage","@id":"https:\/\/www.visit-ulcinj.com\/blog\/2009\/05\/15\/pas-big-brother\/#webpage","url":"https:\/\/www.visit-ulcinj.com\/blog\/2009\/05\/15\/pas-big-brother\/","name":"Pas Big Brother | Big Brother Albania 2","isPartOf":{"@id":"https:\/\/www.visit-ulcinj.com\/blog\/#website"},"primaryImageOfPage":{"@id":"https:\/\/www.visit-ulcinj.com\/blog\/2009\/05\/15\/pas-big-brother\/#primaryimage"},"datePublished":"2009-05-15T08:00:43+00:00","dateModified":"2009-05-14T21:21:33+00:00","author":{"@id":"https:\/\/www.visit-ulcinj.com\/blog\/#\/schema\/person\/dcab619c614d3038751c63bc2aadc06d"},"description":"Big Brother Albania 2 - Sori dhe Adi vazhdojn\u00c3\u00ab t\u00c3\u00ab bisedojn\u00c3\u00ab p\u00c3\u00abr eksperienc\u00c3\u00abn n\u00c3\u00ab Big Brother. Ata diskutojn\u00c3\u00ab edhe p\u00c3\u00abr finalist\u00c3\u00abt e nj\u00c3\u00ab viti m\u00c3\u00ab par\u00c3\u00ab dhe se cfar\u00c3\u00ab drejtimesh mor\u00c3\u00abn ata m\u00c3\u00ab pas, duke patur ndikim ose jo nga fakti i t\u00c3\u00ab q\u00c3\u00abnurit person publik.","breadcrumb":{"@id":"https:\/\/www.visit-ulcinj.com\/blog\/2009\/05\/15\/pas-big-brother\/#breadcrumb"},"inLanguage":"en-US","potentialAction":[{"@type":"ReadAction","target":["https:\/\/www.visit-ulcinj.com\/blog\/2009\/05\/15\/pas-big-brother\/"]}]},{"@type":"BreadcrumbList","@id":"https:\/\/www.visit-ulcinj.com\/blog\/2009\/05\/15\/pas-big-brother\/#breadcrumb","itemListElement":[{"@type":"ListItem","position":1,"name":"Pas Big Brother"}]},{"@type":"Person","@id":"https:\/\/www.visit-ulcinj.com\/blog\/#\/schema\/person\/dcab619c614d3038751c63bc2aadc06d","name":"ulqini","sameAs":["http:\/\/www.visit-ulcinj.com"],"url":"https:\/\/www.visit-ulcinj.com\/blog\/author\/admin\/"}]}},"jetpack_featured_media_url":"","jetpack_sharing_enabled":true,"jetpack_shortlink":"https:\/\/wp.me\/pe6lTn-5zz","_links":{"self":[{"href":"https:\/\/www.visit-ulcinj.com\/blog\/wp-json\/wp\/v2\/posts\/21425"}],"collection":[{"href":"https:\/\/www.visit-ulcinj.com\/blog\/wp-json\/wp\/v2\/posts"}],"about":[{"href":"https:\/\/www.visit-ulcinj.com\/blog\/wp-json\/wp\/v2\/types\/post"}],"author":[{"embeddable":true,"href":"https:\/\/www.visit-ulcinj.com\/blog\/wp-json\/wp\/v2\/users\/1"}],"replies":[{"embeddable":true,"href":"https:\/\/www.visit-ulcinj.com\/blog\/wp-json\/wp\/v2\/comments?post=21425"}],"version-history":[{"count":0,"href":"https:\/\/www.visit-ulcinj.com\/blog\/wp-json\/wp\/v2\/posts\/21425\/revisions"}],"wp:attachment":[{"href":"https:\/\/www.visit-ulcinj.com\/blog\/wp-json\/wp\/v2\/media?parent=21425"}],"wp:term":[{"taxonomy":"category","embeddable":true,"href":"https:\/\/www.visit-ulcinj.com\/blog\/wp-json\/wp\/v2\/categories?post=21425"},{"taxonomy":"post_tag","embeddable":true,"href":"https:\/\/www.visit-ulcinj.com\/blog\/wp-json\/wp\/v2\/tags?post=21425"}],"curies":[{"name":"wp","href":"https:\/\/api.w.org\/{rel}","templated":true}]}}