{"id":21431,"date":"2009-05-15T10:00:22","date_gmt":"2009-05-15T08:00:22","guid":{"rendered":"http:\/\/www.visit-ulcinj.com\/blog\/?p=21431"},"modified":"2009-05-14T23:24:44","modified_gmt":"2009-05-14T21:24:44","slug":"bjordi-dhe-adela-do-mbajme-distance","status":"publish","type":"post","link":"https:\/\/www.visit-ulcinj.com\/blog\/2009\/05\/15\/bjordi-dhe-adela-do-mbajme-distance\/","title":{"rendered":"Bjordi dhe Adela : Do mbajm\u00eb distanc\u00eb"},"content":{"rendered":"<p><em><span class=\"newsdate\"><a href=\"http:\/\/www.visit-ulcinj.com\/blog\/wp-content\/uploads\/2009\/05\/adelabjordi-distanceapo-j1.jpg\"><img loading=\"lazy\" class=\"alignleft size-full wp-image-21433\" title=\"adelabjordi-distanceapo-j1\" src=\"http:\/\/www.visit-ulcinj.com\/blog\/wp-content\/uploads\/2009\/05\/adelabjordi-distanceapo-j1.jpg\" alt=\"adelabjordi-distanceapo-j1\" width=\"300\" height=\"205\" \/><\/a>14\/05\/09 01:18<\/span><\/em><\/p>\n<p>Bjordi dhe Adela q\u00ebndrojn\u00eb shtrir\u00eb n\u00eb dhom\u00ebn e gjumit. Ai p\u00ebrpiqet t\u2019i afrohet disi asaj, por Adela e ndalon dhe i thot\u00eb se duhet t\u00eb respektoj\u00eb Sanien, n\u00ebn\u00ebn e saj. Bjordi i thot\u00eb se po m\u00ebrzitet, por Adela ia kthen se i vjen keq, por midis tyre duhet mbajtur distanc\u00eb.<\/p>\n","protected":false},"excerpt":{"rendered":"<p>14\/05\/09 01:18 Bjordi dhe Adela q\u00ebndrojn\u00eb shtrir\u00eb n\u00eb dhom\u00ebn e gjumit. Ai p\u00ebrpiqet t\u2019i afrohet disi asaj, por Adela e ndalon dhe i thot\u00eb se duhet t\u00eb respektoj\u00eb Sanien, n\u00ebn\u00ebn e saj. Bjordi i thot\u00eb se po m\u00ebrzitet, por Adela ia kthen se i vjen keq, por midis tyre duhet mbajtur distanc\u00eb.<\/p>\n","protected":false},"author":1,"featured_media":0,"comment_status":"open","ping_status":"closed","sticky":false,"template":"","format":"standard","meta":{"spay_email":"","jetpack_publicize_message":"","jetpack_is_tweetstorm":false,"jetpack_publicize_feature_enabled":true},"categories":[6502],"tags":[6529,9121,6522,10436,10437,9751],"jetpack_publicize_connections":[],"yoast_head":"<!-- This site is optimized with the Yoast SEO plugin v19.1 - https:\/\/yoast.com\/wordpress\/plugins\/seo\/ -->\n<title>Bjordi dhe Adela : Do mbajm\u00c3\u00ab distanc\u00c3\u00ab | Big Brother Albania 2<\/title>\n<meta name=\"description\" content=\"Big Brother Albania 2 - Bjordi dhe Adela q\u00c3\u00abndrojn\u00c3\u00ab shtrir\u00c3\u00ab n\u00c3\u00ab dhom\u00c3\u00abn e gjumit. Ai p\u00c3\u00abrpiqet t\u00e2\u20ac\u2122i afrohet disi asaj, por Adela e ndalon dhe i thot\u00c3\u00ab se duhet t\u00c3\u00ab respektoj\u00c3\u00ab Sanien, n\u00c3\u00abn\u00c3\u00abn e saj. Bjordi i thot\u00c3\u00ab se po m\u00c3\u00abrzitet, por Adela ia kthen se i vjen keq, por midis tyre duhet mbajtur distanc\u00c3\u00ab.\" \/>\n<meta name=\"robots\" content=\"index, follow, max-snippet:-1, max-image-preview:large, max-video-preview:-1\" \/>\n<link rel=\"canonical\" href=\"https:\/\/www.visit-ulcinj.com\/blog\/2009\/05\/15\/bjordi-dhe-adela-do-mbajme-distance\/\" \/>\n<meta property=\"og:locale\" content=\"en_US\" \/>\n<meta property=\"og:type\" content=\"article\" \/>\n<meta property=\"og:title\" content=\"Bjordi dhe Adela : Do mbajm\u00c3\u00ab distanc\u00c3\u00ab | Big Brother Albania 2\" \/>\n<meta property=\"og:description\" content=\"Big Brother Albania 2 - Bjordi dhe Adela q\u00c3\u00abndrojn\u00c3\u00ab shtrir\u00c3\u00ab n\u00c3\u00ab dhom\u00c3\u00abn e gjumit. Ai p\u00c3\u00abrpiqet t\u00e2\u20ac\u2122i afrohet disi asaj, por Adela e ndalon dhe i thot\u00c3\u00ab se duhet t\u00c3\u00ab respektoj\u00c3\u00ab Sanien, n\u00c3\u00abn\u00c3\u00abn e saj. Bjordi i thot\u00c3\u00ab se po m\u00c3\u00abrzitet, por Adela ia kthen se i vjen keq, por midis tyre duhet mbajtur distanc\u00c3\u00ab.\" \/>\n<meta property=\"og:url\" content=\"https:\/\/www.visit-ulcinj.com\/blog\/2009\/05\/15\/bjordi-dhe-adela-do-mbajme-distance\/\" \/>\n<meta property=\"og:site_name\" content=\"Lajme nga Ulqini\" \/>\n<meta property=\"article:published_time\" content=\"2009-05-15T08:00:22+00:00\" \/>\n<meta property=\"article:modified_time\" content=\"2009-05-14T21:24:44+00:00\" \/>\n<meta property=\"og:image\" content=\"http:\/\/www.visit-ulcinj.com\/blog\/wp-content\/uploads\/2009\/05\/adelabjordi-distanceapo-j1.jpg\" \/>\n<meta name=\"twitter:label1\" content=\"Written by\" \/>\n\t<meta name=\"twitter:data1\" content=\"ulqini\" \/>\n<script type=\"application\/ld+json\" class=\"yoast-schema-graph\">{\"@context\":\"https:\/\/schema.org\",\"@graph\":[{\"@type\":\"WebSite\",\"@id\":\"https:\/\/www.visit-ulcinj.com\/blog\/#website\",\"url\":\"https:\/\/www.visit-ulcinj.com\/blog\/\",\"name\":\"Lajme nga Ulqini\",\"description\":\"Lajme,Vijesti,Ulqini,Ulqin,Crna Gora,Mali i Zi\",\"potentialAction\":[{\"@type\":\"SearchAction\",\"target\":{\"@type\":\"EntryPoint\",\"urlTemplate\":\"https:\/\/www.visit-ulcinj.com\/blog\/?s={search_term_string}\"},\"query-input\":\"required name=search_term_string\"}],\"inLanguage\":\"en-US\"},{\"@type\":\"ImageObject\",\"inLanguage\":\"en-US\",\"@id\":\"https:\/\/www.visit-ulcinj.com\/blog\/2009\/05\/15\/bjordi-dhe-adela-do-mbajme-distance\/#primaryimage\",\"url\":\"http:\/\/www.visit-ulcinj.com\/blog\/wp-content\/uploads\/2009\/05\/adelabjordi-distanceapo-j1.jpg\",\"contentUrl\":\"http:\/\/www.visit-ulcinj.com\/blog\/wp-content\/uploads\/2009\/05\/adelabjordi-distanceapo-j1.jpg\"},{\"@type\":\"WebPage\",\"@id\":\"https:\/\/www.visit-ulcinj.com\/blog\/2009\/05\/15\/bjordi-dhe-adela-do-mbajme-distance\/#webpage\",\"url\":\"https:\/\/www.visit-ulcinj.com\/blog\/2009\/05\/15\/bjordi-dhe-adela-do-mbajme-distance\/\",\"name\":\"Bjordi dhe Adela : Do mbajm\u00c3\u00ab distanc\u00c3\u00ab | Big Brother Albania 2\",\"isPartOf\":{\"@id\":\"https:\/\/www.visit-ulcinj.com\/blog\/#website\"},\"primaryImageOfPage\":{\"@id\":\"https:\/\/www.visit-ulcinj.com\/blog\/2009\/05\/15\/bjordi-dhe-adela-do-mbajme-distance\/#primaryimage\"},\"datePublished\":\"2009-05-15T08:00:22+00:00\",\"dateModified\":\"2009-05-14T21:24:44+00:00\",\"author\":{\"@id\":\"https:\/\/www.visit-ulcinj.com\/blog\/#\/schema\/person\/dcab619c614d3038751c63bc2aadc06d\"},\"description\":\"Big Brother Albania 2 - Bjordi dhe Adela q\u00c3\u00abndrojn\u00c3\u00ab shtrir\u00c3\u00ab n\u00c3\u00ab dhom\u00c3\u00abn e gjumit. Ai p\u00c3\u00abrpiqet t\u00e2\u20ac\u2122i afrohet disi asaj, por Adela e ndalon dhe i thot\u00c3\u00ab se duhet t\u00c3\u00ab respektoj\u00c3\u00ab Sanien, n\u00c3\u00abn\u00c3\u00abn e saj. Bjordi i thot\u00c3\u00ab se po m\u00c3\u00abrzitet, por Adela ia kthen se i vjen keq, por midis tyre duhet mbajtur distanc\u00c3\u00ab.\",\"breadcrumb\":{\"@id\":\"https:\/\/www.visit-ulcinj.com\/blog\/2009\/05\/15\/bjordi-dhe-adela-do-mbajme-distance\/#breadcrumb\"},\"inLanguage\":\"en-US\",\"potentialAction\":[{\"@type\":\"ReadAction\",\"target\":[\"https:\/\/www.visit-ulcinj.com\/blog\/2009\/05\/15\/bjordi-dhe-adela-do-mbajme-distance\/\"]}]},{\"@type\":\"BreadcrumbList\",\"@id\":\"https:\/\/www.visit-ulcinj.com\/blog\/2009\/05\/15\/bjordi-dhe-adela-do-mbajme-distance\/#breadcrumb\",\"itemListElement\":[{\"@type\":\"ListItem\",\"position\":1,\"name\":\"Bjordi dhe Adela : Do mbajm\u00eb distanc\u00eb\"}]},{\"@type\":\"Person\",\"@id\":\"https:\/\/www.visit-ulcinj.com\/blog\/#\/schema\/person\/dcab619c614d3038751c63bc2aadc06d\",\"name\":\"ulqini\",\"sameAs\":[\"http:\/\/www.visit-ulcinj.com\"],\"url\":\"https:\/\/www.visit-ulcinj.com\/blog\/author\/admin\/\"}]}<\/script>\n<!-- \/ Yoast SEO plugin. -->","yoast_head_json":{"title":"Bjordi dhe Adela : Do mbajm\u00c3\u00ab distanc\u00c3\u00ab | Big Brother Albania 2","description":"Big Brother Albania 2 - Bjordi dhe Adela q\u00c3\u00abndrojn\u00c3\u00ab shtrir\u00c3\u00ab n\u00c3\u00ab dhom\u00c3\u00abn e gjumit. Ai p\u00c3\u00abrpiqet t\u00e2\u20ac\u2122i afrohet disi asaj, por Adela e ndalon dhe i thot\u00c3\u00ab se duhet t\u00c3\u00ab respektoj\u00c3\u00ab Sanien, n\u00c3\u00abn\u00c3\u00abn e saj. Bjordi i thot\u00c3\u00ab se po m\u00c3\u00abrzitet, por Adela ia kthen se i vjen keq, por midis tyre duhet mbajtur distanc\u00c3\u00ab.","robots":{"index":"index","follow":"follow","max-snippet":"max-snippet:-1","max-image-preview":"max-image-preview:large","max-video-preview":"max-video-preview:-1"},"canonical":"https:\/\/www.visit-ulcinj.com\/blog\/2009\/05\/15\/bjordi-dhe-adela-do-mbajme-distance\/","og_locale":"en_US","og_type":"article","og_title":"Bjordi dhe Adela : Do mbajm\u00c3\u00ab distanc\u00c3\u00ab | Big Brother Albania 2","og_description":"Big Brother Albania 2 - Bjordi dhe Adela q\u00c3\u00abndrojn\u00c3\u00ab shtrir\u00c3\u00ab n\u00c3\u00ab dhom\u00c3\u00abn e gjumit. Ai p\u00c3\u00abrpiqet t\u00e2\u20ac\u2122i afrohet disi asaj, por Adela e ndalon dhe i thot\u00c3\u00ab se duhet t\u00c3\u00ab respektoj\u00c3\u00ab Sanien, n\u00c3\u00abn\u00c3\u00abn e saj. Bjordi i thot\u00c3\u00ab se po m\u00c3\u00abrzitet, por Adela ia kthen se i vjen keq, por midis tyre duhet mbajtur distanc\u00c3\u00ab.","og_url":"https:\/\/www.visit-ulcinj.com\/blog\/2009\/05\/15\/bjordi-dhe-adela-do-mbajme-distance\/","og_site_name":"Lajme nga Ulqini","article_published_time":"2009-05-15T08:00:22+00:00","article_modified_time":"2009-05-14T21:24:44+00:00","og_image":[{"url":"http:\/\/www.visit-ulcinj.com\/blog\/wp-content\/uploads\/2009\/05\/adelabjordi-distanceapo-j1.jpg"}],"twitter_misc":{"Written by":"ulqini"},"schema":{"@context":"https:\/\/schema.org","@graph":[{"@type":"WebSite","@id":"https:\/\/www.visit-ulcinj.com\/blog\/#website","url":"https:\/\/www.visit-ulcinj.com\/blog\/","name":"Lajme nga Ulqini","description":"Lajme,Vijesti,Ulqini,Ulqin,Crna Gora,Mali i Zi","potentialAction":[{"@type":"SearchAction","target":{"@type":"EntryPoint","urlTemplate":"https:\/\/www.visit-ulcinj.com\/blog\/?s={search_term_string}"},"query-input":"required name=search_term_string"}],"inLanguage":"en-US"},{"@type":"ImageObject","inLanguage":"en-US","@id":"https:\/\/www.visit-ulcinj.com\/blog\/2009\/05\/15\/bjordi-dhe-adela-do-mbajme-distance\/#primaryimage","url":"http:\/\/www.visit-ulcinj.com\/blog\/wp-content\/uploads\/2009\/05\/adelabjordi-distanceapo-j1.jpg","contentUrl":"http:\/\/www.visit-ulcinj.com\/blog\/wp-content\/uploads\/2009\/05\/adelabjordi-distanceapo-j1.jpg"},{"@type":"WebPage","@id":"https:\/\/www.visit-ulcinj.com\/blog\/2009\/05\/15\/bjordi-dhe-adela-do-mbajme-distance\/#webpage","url":"https:\/\/www.visit-ulcinj.com\/blog\/2009\/05\/15\/bjordi-dhe-adela-do-mbajme-distance\/","name":"Bjordi dhe Adela : Do mbajm\u00c3\u00ab distanc\u00c3\u00ab | Big Brother Albania 2","isPartOf":{"@id":"https:\/\/www.visit-ulcinj.com\/blog\/#website"},"primaryImageOfPage":{"@id":"https:\/\/www.visit-ulcinj.com\/blog\/2009\/05\/15\/bjordi-dhe-adela-do-mbajme-distance\/#primaryimage"},"datePublished":"2009-05-15T08:00:22+00:00","dateModified":"2009-05-14T21:24:44+00:00","author":{"@id":"https:\/\/www.visit-ulcinj.com\/blog\/#\/schema\/person\/dcab619c614d3038751c63bc2aadc06d"},"description":"Big Brother Albania 2 - Bjordi dhe Adela q\u00c3\u00abndrojn\u00c3\u00ab shtrir\u00c3\u00ab n\u00c3\u00ab dhom\u00c3\u00abn e gjumit. Ai p\u00c3\u00abrpiqet t\u00e2\u20ac\u2122i afrohet disi asaj, por Adela e ndalon dhe i thot\u00c3\u00ab se duhet t\u00c3\u00ab respektoj\u00c3\u00ab Sanien, n\u00c3\u00abn\u00c3\u00abn e saj. Bjordi i thot\u00c3\u00ab se po m\u00c3\u00abrzitet, por Adela ia kthen se i vjen keq, por midis tyre duhet mbajtur distanc\u00c3\u00ab.","breadcrumb":{"@id":"https:\/\/www.visit-ulcinj.com\/blog\/2009\/05\/15\/bjordi-dhe-adela-do-mbajme-distance\/#breadcrumb"},"inLanguage":"en-US","potentialAction":[{"@type":"ReadAction","target":["https:\/\/www.visit-ulcinj.com\/blog\/2009\/05\/15\/bjordi-dhe-adela-do-mbajme-distance\/"]}]},{"@type":"BreadcrumbList","@id":"https:\/\/www.visit-ulcinj.com\/blog\/2009\/05\/15\/bjordi-dhe-adela-do-mbajme-distance\/#breadcrumb","itemListElement":[{"@type":"ListItem","position":1,"name":"Bjordi dhe Adela : Do mbajm\u00eb distanc\u00eb"}]},{"@type":"Person","@id":"https:\/\/www.visit-ulcinj.com\/blog\/#\/schema\/person\/dcab619c614d3038751c63bc2aadc06d","name":"ulqini","sameAs":["http:\/\/www.visit-ulcinj.com"],"url":"https:\/\/www.visit-ulcinj.com\/blog\/author\/admin\/"}]}},"jetpack_featured_media_url":"","jetpack_sharing_enabled":true,"jetpack_shortlink":"https:\/\/wp.me\/pe6lTn-5zF","_links":{"self":[{"href":"https:\/\/www.visit-ulcinj.com\/blog\/wp-json\/wp\/v2\/posts\/21431"}],"collection":[{"href":"https:\/\/www.visit-ulcinj.com\/blog\/wp-json\/wp\/v2\/posts"}],"about":[{"href":"https:\/\/www.visit-ulcinj.com\/blog\/wp-json\/wp\/v2\/types\/post"}],"author":[{"embeddable":true,"href":"https:\/\/www.visit-ulcinj.com\/blog\/wp-json\/wp\/v2\/users\/1"}],"replies":[{"embeddable":true,"href":"https:\/\/www.visit-ulcinj.com\/blog\/wp-json\/wp\/v2\/comments?post=21431"}],"version-history":[{"count":0,"href":"https:\/\/www.visit-ulcinj.com\/blog\/wp-json\/wp\/v2\/posts\/21431\/revisions"}],"wp:attachment":[{"href":"https:\/\/www.visit-ulcinj.com\/blog\/wp-json\/wp\/v2\/media?parent=21431"}],"wp:term":[{"taxonomy":"category","embeddable":true,"href":"https:\/\/www.visit-ulcinj.com\/blog\/wp-json\/wp\/v2\/categories?post=21431"},{"taxonomy":"post_tag","embeddable":true,"href":"https:\/\/www.visit-ulcinj.com\/blog\/wp-json\/wp\/v2\/tags?post=21431"}],"curies":[{"name":"wp","href":"https:\/\/api.w.org\/{rel}","templated":true}]}}