{"id":21435,"date":"2009-05-15T11:00:36","date_gmt":"2009-05-15T09:00:36","guid":{"rendered":"http:\/\/www.visit-ulcinj.com\/blog\/?p=21435"},"modified":"2009-05-14T23:30:54","modified_gmt":"2009-05-14T21:30:54","slug":"adela-dhe-adi-ndjehemi-te-lodhur","status":"publish","type":"post","link":"https:\/\/www.visit-ulcinj.com\/blog\/2009\/05\/15\/adela-dhe-adi-ndjehemi-te-lodhur\/","title":{"rendered":"Adela dhe Adi : Ndjehemi t\u00eb lodhur"},"content":{"rendered":"<p><em><span class=\"newsdate\"><a href=\"http:\/\/www.visit-ulcinj.com\/blog\/wp-content\/uploads\/2009\/05\/hane-darke-14maj.jpg\"><img loading=\"lazy\" class=\"alignleft size-full wp-image-21436\" title=\"hane-darke-14maj-big-brother-albania-2\" src=\"http:\/\/www.visit-ulcinj.com\/blog\/wp-content\/uploads\/2009\/05\/hane-darke-14maj.jpg\" alt=\"hane-darke-14maj-big-brother-albania-2\" width=\"300\" height=\"205\" \/><\/a>14\/05\/09 02:30<\/span><\/em><\/p>\n<p>Adela shprehet edhe me Adin se nuk ndjehen fort n\u00eb form\u00eb p\u00ebr t\u00eb q\u00ebn\u00eb aktiv n\u00eb sht\u00ebpi. Ajo thot\u00eb se ndjehen t\u00eb lodhur dhe vet\u00ebm shtyjn\u00eb dit\u00ebn. Edhe Sori thot\u00eb se jan\u00eb b\u00ebr\u00eb shum\u00eb pasiv. Ai merr si shembull se n\u00ebse m\u00eb par\u00eb k\u00ebrcenin me nj\u00eb k\u00ebng\u00eb, tani vet\u00ebm e d\u00ebgjojn\u00eb at\u00eb e nuk l\u00ebvizin nga vendi.\u00a0<br \/>\nM\u00eb pas, Adela dhe Bjordi shkojn\u00eb n\u00eb kuzhin\u00eb ku p\u00ebrgatisin dicka p\u00ebr t\u00eb ngr\u00ebn\u00eb. Adela shprehet se i \u00ebsht\u00eb shtuar shum\u00eb oreksi dhe normalisht ka shtuar dhe n\u00eb pesh\u00eb. Sipas saj, fakti q\u00eb nuk jan\u00eb shum\u00eb n\u00eb l\u00ebvizje dhe vet\u00ebm rrin\u00eb, b\u00ebn q\u00eb t\u00eb han\u00eb shpesh e t\u00eb ndodh\u00eb k\u00ebshtu. T\u00eb dy dalin n\u00eb kop\u00ebsht p\u00ebr t\u00eb ngr\u00ebn\u00eb dark\u00ebn. Pasi e mbarojn\u00eb at\u00eb, Adela shkon p\u00ebr t\u00eb fjetur nd\u00ebrsa Bjordi q\u00ebndron i vet\u00ebm n\u00eb kop\u00ebsht.<\/p>\n","protected":false},"excerpt":{"rendered":"<p>14\/05\/09 02:30 Adela shprehet edhe me Adin se nuk ndjehen fort n\u00eb form\u00eb p\u00ebr t\u00eb q\u00ebn\u00eb aktiv n\u00eb sht\u00ebpi. Ajo thot\u00eb se ndjehen t\u00eb lodhur dhe vet\u00ebm shtyjn\u00eb dit\u00ebn. Edhe Sori thot\u00eb se jan\u00eb b\u00ebr\u00eb shum\u00eb pasiv. Ai merr si shembull se n\u00ebse m\u00eb par\u00eb k\u00ebrcenin me nj\u00eb k\u00ebng\u00eb, tani vet\u00ebm e d\u00ebgjojn\u00eb at\u00eb e [&hellip;]<\/p>\n","protected":false},"author":1,"featured_media":0,"comment_status":"open","ping_status":"closed","sticky":false,"template":"","format":"standard","meta":{"spay_email":"","jetpack_publicize_message":"","jetpack_is_tweetstorm":false,"jetpack_publicize_feature_enabled":true},"categories":[6502],"tags":[6529,6520,9121,6522,10438,9751],"jetpack_publicize_connections":[],"yoast_head":"<!-- This site is optimized with the Yoast SEO plugin v19.1 - https:\/\/yoast.com\/wordpress\/plugins\/seo\/ -->\n<title>Adela dhe Adi : Ndjehemi t\u00c3\u00ab lodhur | Big Brother Albania 2<\/title>\n<meta name=\"description\" content=\"Big Brother Albania 2 - Adela shprehet edhe me Adin se nuk ndjehen fort n\u00c3\u00ab form\u00c3\u00ab p\u00c3\u00abr t\u00c3\u00ab q\u00c3\u00abn\u00c3\u00ab aktiv n\u00c3\u00ab sht\u00c3\u00abpi. Ajo thot\u00c3\u00ab se ndjehen t\u00c3\u00ab lodhur dhe vet\u00c3\u00abm shtyjn\u00c3\u00ab dit\u00c3\u00abn. Edhe Sori thot\u00c3\u00ab se jan\u00c3\u00ab b\u00c3\u00abr\u00c3\u00ab shum\u00c3\u00ab pasiv.\" \/>\n<meta name=\"robots\" content=\"index, follow, max-snippet:-1, max-image-preview:large, max-video-preview:-1\" \/>\n<link rel=\"canonical\" href=\"https:\/\/www.visit-ulcinj.com\/blog\/2009\/05\/15\/adela-dhe-adi-ndjehemi-te-lodhur\/\" \/>\n<meta property=\"og:locale\" content=\"en_US\" \/>\n<meta property=\"og:type\" content=\"article\" \/>\n<meta property=\"og:title\" content=\"Adela dhe Adi : Ndjehemi t\u00c3\u00ab lodhur | Big Brother Albania 2\" \/>\n<meta property=\"og:description\" content=\"Big Brother Albania 2 - Adela shprehet edhe me Adin se nuk ndjehen fort n\u00c3\u00ab form\u00c3\u00ab p\u00c3\u00abr t\u00c3\u00ab q\u00c3\u00abn\u00c3\u00ab aktiv n\u00c3\u00ab sht\u00c3\u00abpi. Ajo thot\u00c3\u00ab se ndjehen t\u00c3\u00ab lodhur dhe vet\u00c3\u00abm shtyjn\u00c3\u00ab dit\u00c3\u00abn. Edhe Sori thot\u00c3\u00ab se jan\u00c3\u00ab b\u00c3\u00abr\u00c3\u00ab shum\u00c3\u00ab pasiv.\" \/>\n<meta property=\"og:url\" content=\"https:\/\/www.visit-ulcinj.com\/blog\/2009\/05\/15\/adela-dhe-adi-ndjehemi-te-lodhur\/\" \/>\n<meta property=\"og:site_name\" content=\"Lajme nga Ulqini\" \/>\n<meta property=\"article:published_time\" content=\"2009-05-15T09:00:36+00:00\" \/>\n<meta property=\"article:modified_time\" content=\"2009-05-14T21:30:54+00:00\" \/>\n<meta property=\"og:image\" content=\"http:\/\/www.visit-ulcinj.com\/blog\/wp-content\/uploads\/2009\/05\/hane-darke-14maj.jpg\" \/>\n<meta name=\"twitter:label1\" content=\"Written by\" \/>\n\t<meta name=\"twitter:data1\" content=\"ulqini\" \/>\n\t<meta name=\"twitter:label2\" content=\"Est. reading time\" \/>\n\t<meta name=\"twitter:data2\" content=\"1 minute\" \/>\n<script type=\"application\/ld+json\" class=\"yoast-schema-graph\">{\"@context\":\"https:\/\/schema.org\",\"@graph\":[{\"@type\":\"WebSite\",\"@id\":\"https:\/\/www.visit-ulcinj.com\/blog\/#website\",\"url\":\"https:\/\/www.visit-ulcinj.com\/blog\/\",\"name\":\"Lajme nga Ulqini\",\"description\":\"Lajme,Vijesti,Ulqini,Ulqin,Crna Gora,Mali i Zi\",\"potentialAction\":[{\"@type\":\"SearchAction\",\"target\":{\"@type\":\"EntryPoint\",\"urlTemplate\":\"https:\/\/www.visit-ulcinj.com\/blog\/?s={search_term_string}\"},\"query-input\":\"required name=search_term_string\"}],\"inLanguage\":\"en-US\"},{\"@type\":\"ImageObject\",\"inLanguage\":\"en-US\",\"@id\":\"https:\/\/www.visit-ulcinj.com\/blog\/2009\/05\/15\/adela-dhe-adi-ndjehemi-te-lodhur\/#primaryimage\",\"url\":\"http:\/\/www.visit-ulcinj.com\/blog\/wp-content\/uploads\/2009\/05\/hane-darke-14maj.jpg\",\"contentUrl\":\"http:\/\/www.visit-ulcinj.com\/blog\/wp-content\/uploads\/2009\/05\/hane-darke-14maj.jpg\"},{\"@type\":\"WebPage\",\"@id\":\"https:\/\/www.visit-ulcinj.com\/blog\/2009\/05\/15\/adela-dhe-adi-ndjehemi-te-lodhur\/#webpage\",\"url\":\"https:\/\/www.visit-ulcinj.com\/blog\/2009\/05\/15\/adela-dhe-adi-ndjehemi-te-lodhur\/\",\"name\":\"Adela dhe Adi : Ndjehemi t\u00c3\u00ab lodhur | Big Brother Albania 2\",\"isPartOf\":{\"@id\":\"https:\/\/www.visit-ulcinj.com\/blog\/#website\"},\"primaryImageOfPage\":{\"@id\":\"https:\/\/www.visit-ulcinj.com\/blog\/2009\/05\/15\/adela-dhe-adi-ndjehemi-te-lodhur\/#primaryimage\"},\"datePublished\":\"2009-05-15T09:00:36+00:00\",\"dateModified\":\"2009-05-14T21:30:54+00:00\",\"author\":{\"@id\":\"https:\/\/www.visit-ulcinj.com\/blog\/#\/schema\/person\/dcab619c614d3038751c63bc2aadc06d\"},\"description\":\"Big Brother Albania 2 - Adela shprehet edhe me Adin se nuk ndjehen fort n\u00c3\u00ab form\u00c3\u00ab p\u00c3\u00abr t\u00c3\u00ab q\u00c3\u00abn\u00c3\u00ab aktiv n\u00c3\u00ab sht\u00c3\u00abpi. Ajo thot\u00c3\u00ab se ndjehen t\u00c3\u00ab lodhur dhe vet\u00c3\u00abm shtyjn\u00c3\u00ab dit\u00c3\u00abn. Edhe Sori thot\u00c3\u00ab se jan\u00c3\u00ab b\u00c3\u00abr\u00c3\u00ab shum\u00c3\u00ab pasiv.\",\"breadcrumb\":{\"@id\":\"https:\/\/www.visit-ulcinj.com\/blog\/2009\/05\/15\/adela-dhe-adi-ndjehemi-te-lodhur\/#breadcrumb\"},\"inLanguage\":\"en-US\",\"potentialAction\":[{\"@type\":\"ReadAction\",\"target\":[\"https:\/\/www.visit-ulcinj.com\/blog\/2009\/05\/15\/adela-dhe-adi-ndjehemi-te-lodhur\/\"]}]},{\"@type\":\"BreadcrumbList\",\"@id\":\"https:\/\/www.visit-ulcinj.com\/blog\/2009\/05\/15\/adela-dhe-adi-ndjehemi-te-lodhur\/#breadcrumb\",\"itemListElement\":[{\"@type\":\"ListItem\",\"position\":1,\"name\":\"Adela dhe Adi : Ndjehemi t\u00eb lodhur\"}]},{\"@type\":\"Person\",\"@id\":\"https:\/\/www.visit-ulcinj.com\/blog\/#\/schema\/person\/dcab619c614d3038751c63bc2aadc06d\",\"name\":\"ulqini\",\"sameAs\":[\"http:\/\/www.visit-ulcinj.com\"],\"url\":\"https:\/\/www.visit-ulcinj.com\/blog\/author\/admin\/\"}]}<\/script>\n<!-- \/ Yoast SEO plugin. -->","yoast_head_json":{"title":"Adela dhe Adi : Ndjehemi t\u00c3\u00ab lodhur | Big Brother Albania 2","description":"Big Brother Albania 2 - Adela shprehet edhe me Adin se nuk ndjehen fort n\u00c3\u00ab form\u00c3\u00ab p\u00c3\u00abr t\u00c3\u00ab q\u00c3\u00abn\u00c3\u00ab aktiv n\u00c3\u00ab sht\u00c3\u00abpi. Ajo thot\u00c3\u00ab se ndjehen t\u00c3\u00ab lodhur dhe vet\u00c3\u00abm shtyjn\u00c3\u00ab dit\u00c3\u00abn. Edhe Sori thot\u00c3\u00ab se jan\u00c3\u00ab b\u00c3\u00abr\u00c3\u00ab shum\u00c3\u00ab pasiv.","robots":{"index":"index","follow":"follow","max-snippet":"max-snippet:-1","max-image-preview":"max-image-preview:large","max-video-preview":"max-video-preview:-1"},"canonical":"https:\/\/www.visit-ulcinj.com\/blog\/2009\/05\/15\/adela-dhe-adi-ndjehemi-te-lodhur\/","og_locale":"en_US","og_type":"article","og_title":"Adela dhe Adi : Ndjehemi t\u00c3\u00ab lodhur | Big Brother Albania 2","og_description":"Big Brother Albania 2 - Adela shprehet edhe me Adin se nuk ndjehen fort n\u00c3\u00ab form\u00c3\u00ab p\u00c3\u00abr t\u00c3\u00ab q\u00c3\u00abn\u00c3\u00ab aktiv n\u00c3\u00ab sht\u00c3\u00abpi. Ajo thot\u00c3\u00ab se ndjehen t\u00c3\u00ab lodhur dhe vet\u00c3\u00abm shtyjn\u00c3\u00ab dit\u00c3\u00abn. Edhe Sori thot\u00c3\u00ab se jan\u00c3\u00ab b\u00c3\u00abr\u00c3\u00ab shum\u00c3\u00ab pasiv.","og_url":"https:\/\/www.visit-ulcinj.com\/blog\/2009\/05\/15\/adela-dhe-adi-ndjehemi-te-lodhur\/","og_site_name":"Lajme nga Ulqini","article_published_time":"2009-05-15T09:00:36+00:00","article_modified_time":"2009-05-14T21:30:54+00:00","og_image":[{"url":"http:\/\/www.visit-ulcinj.com\/blog\/wp-content\/uploads\/2009\/05\/hane-darke-14maj.jpg"}],"twitter_misc":{"Written by":"ulqini","Est. reading time":"1 minute"},"schema":{"@context":"https:\/\/schema.org","@graph":[{"@type":"WebSite","@id":"https:\/\/www.visit-ulcinj.com\/blog\/#website","url":"https:\/\/www.visit-ulcinj.com\/blog\/","name":"Lajme nga Ulqini","description":"Lajme,Vijesti,Ulqini,Ulqin,Crna Gora,Mali i Zi","potentialAction":[{"@type":"SearchAction","target":{"@type":"EntryPoint","urlTemplate":"https:\/\/www.visit-ulcinj.com\/blog\/?s={search_term_string}"},"query-input":"required name=search_term_string"}],"inLanguage":"en-US"},{"@type":"ImageObject","inLanguage":"en-US","@id":"https:\/\/www.visit-ulcinj.com\/blog\/2009\/05\/15\/adela-dhe-adi-ndjehemi-te-lodhur\/#primaryimage","url":"http:\/\/www.visit-ulcinj.com\/blog\/wp-content\/uploads\/2009\/05\/hane-darke-14maj.jpg","contentUrl":"http:\/\/www.visit-ulcinj.com\/blog\/wp-content\/uploads\/2009\/05\/hane-darke-14maj.jpg"},{"@type":"WebPage","@id":"https:\/\/www.visit-ulcinj.com\/blog\/2009\/05\/15\/adela-dhe-adi-ndjehemi-te-lodhur\/#webpage","url":"https:\/\/www.visit-ulcinj.com\/blog\/2009\/05\/15\/adela-dhe-adi-ndjehemi-te-lodhur\/","name":"Adela dhe Adi : Ndjehemi t\u00c3\u00ab lodhur | Big Brother Albania 2","isPartOf":{"@id":"https:\/\/www.visit-ulcinj.com\/blog\/#website"},"primaryImageOfPage":{"@id":"https:\/\/www.visit-ulcinj.com\/blog\/2009\/05\/15\/adela-dhe-adi-ndjehemi-te-lodhur\/#primaryimage"},"datePublished":"2009-05-15T09:00:36+00:00","dateModified":"2009-05-14T21:30:54+00:00","author":{"@id":"https:\/\/www.visit-ulcinj.com\/blog\/#\/schema\/person\/dcab619c614d3038751c63bc2aadc06d"},"description":"Big Brother Albania 2 - Adela shprehet edhe me Adin se nuk ndjehen fort n\u00c3\u00ab form\u00c3\u00ab p\u00c3\u00abr t\u00c3\u00ab q\u00c3\u00abn\u00c3\u00ab aktiv n\u00c3\u00ab sht\u00c3\u00abpi. Ajo thot\u00c3\u00ab se ndjehen t\u00c3\u00ab lodhur dhe vet\u00c3\u00abm shtyjn\u00c3\u00ab dit\u00c3\u00abn. Edhe Sori thot\u00c3\u00ab se jan\u00c3\u00ab b\u00c3\u00abr\u00c3\u00ab shum\u00c3\u00ab pasiv.","breadcrumb":{"@id":"https:\/\/www.visit-ulcinj.com\/blog\/2009\/05\/15\/adela-dhe-adi-ndjehemi-te-lodhur\/#breadcrumb"},"inLanguage":"en-US","potentialAction":[{"@type":"ReadAction","target":["https:\/\/www.visit-ulcinj.com\/blog\/2009\/05\/15\/adela-dhe-adi-ndjehemi-te-lodhur\/"]}]},{"@type":"BreadcrumbList","@id":"https:\/\/www.visit-ulcinj.com\/blog\/2009\/05\/15\/adela-dhe-adi-ndjehemi-te-lodhur\/#breadcrumb","itemListElement":[{"@type":"ListItem","position":1,"name":"Adela dhe Adi : Ndjehemi t\u00eb lodhur"}]},{"@type":"Person","@id":"https:\/\/www.visit-ulcinj.com\/blog\/#\/schema\/person\/dcab619c614d3038751c63bc2aadc06d","name":"ulqini","sameAs":["http:\/\/www.visit-ulcinj.com"],"url":"https:\/\/www.visit-ulcinj.com\/blog\/author\/admin\/"}]}},"jetpack_featured_media_url":"","jetpack_sharing_enabled":true,"jetpack_shortlink":"https:\/\/wp.me\/pe6lTn-5zJ","_links":{"self":[{"href":"https:\/\/www.visit-ulcinj.com\/blog\/wp-json\/wp\/v2\/posts\/21435"}],"collection":[{"href":"https:\/\/www.visit-ulcinj.com\/blog\/wp-json\/wp\/v2\/posts"}],"about":[{"href":"https:\/\/www.visit-ulcinj.com\/blog\/wp-json\/wp\/v2\/types\/post"}],"author":[{"embeddable":true,"href":"https:\/\/www.visit-ulcinj.com\/blog\/wp-json\/wp\/v2\/users\/1"}],"replies":[{"embeddable":true,"href":"https:\/\/www.visit-ulcinj.com\/blog\/wp-json\/wp\/v2\/comments?post=21435"}],"version-history":[{"count":0,"href":"https:\/\/www.visit-ulcinj.com\/blog\/wp-json\/wp\/v2\/posts\/21435\/revisions"}],"wp:attachment":[{"href":"https:\/\/www.visit-ulcinj.com\/blog\/wp-json\/wp\/v2\/media?parent=21435"}],"wp:term":[{"taxonomy":"category","embeddable":true,"href":"https:\/\/www.visit-ulcinj.com\/blog\/wp-json\/wp\/v2\/categories?post=21435"},{"taxonomy":"post_tag","embeddable":true,"href":"https:\/\/www.visit-ulcinj.com\/blog\/wp-json\/wp\/v2\/tags?post=21435"}],"curies":[{"name":"wp","href":"https:\/\/api.w.org\/{rel}","templated":true}]}}