{"id":21440,"date":"2009-05-15T11:00:55","date_gmt":"2009-05-15T09:00:55","guid":{"rendered":"http:\/\/www.visit-ulcinj.com\/blog\/?p=21440"},"modified":"2009-05-14T23:37:14","modified_gmt":"2009-05-14T21:37:14","slug":"adelajda-kujtojne-banoret-e-larguar","status":"publish","type":"post","link":"https:\/\/www.visit-ulcinj.com\/blog\/2009\/05\/15\/adelajda-kujtojne-banoret-e-larguar\/","title":{"rendered":"Adelajda : Kujtojn\u00eb banor\u00ebt e larguar"},"content":{"rendered":"<p><em><span class=\"newsdate\"><a href=\"http:\/\/www.visit-ulcinj.com\/blog\/wp-content\/uploads\/2009\/05\/adelasoriper-erjolenpavl.jpg\"><img loading=\"lazy\" class=\"alignleft size-full wp-image-21441\" title=\"adelasoriper-erjolenpavl\" src=\"http:\/\/www.visit-ulcinj.com\/blog\/wp-content\/uploads\/2009\/05\/adelasoriper-erjolenpavl.jpg\" alt=\"adelasoriper-erjolenpavl\" width=\"300\" height=\"205\" \/><\/a>14\/05\/09 11:52<\/span><\/em><\/p>\n<p>Sori dhe Adela kujtojn\u00eb disa momente nga klipi q\u00eb u ishte p\u00ebrgatitur nga banor\u00ebt e tjer\u00eb. Sori shprehet se nuk iu duk e tep\u00ebrt fjala e Erjol\u00ebs se e kishte ngacmuar shum\u00eb sepse gjithcka ishte n\u00eb sensin e shakas\u00eb. Ai mendon se ndoshta ajo mund ta ket\u00eb marr\u00eb inat se ai nuk i fiksoi asnj\u00ebher\u00eb emrin. Ata t\u00eb dy fillojn\u00eb t\u00eb flasin p\u00ebr Erjol\u00ebn. Sori thot\u00eb se kur ajo fliste, b\u00ebhej si nj\u00eb bomb\u00eb atomike. Ai shprehet se ajo dicka e fitoi nga Big Brother: iu dha mund\u00ebsia t\u00eb b\u00ebnte bashkimin e familjes. Adela tregon se nuk e kishte iden\u00eb e problemeve t\u00eb saj familjare sepse asnj\u00ebher\u00eb s\u2019kishte folur me t\u00eb p\u00ebr k\u00ebt\u00eb gj\u00eb. T\u00eb dy thon\u00eb se u b\u00ebhet qejfi q\u00eb Erjola arrit ta realizonte k\u00ebt\u00eb gj\u00eb. P\u00ebr Sorin, edhe Pavlini mund t\u00eb kishte tentuat t\u00eb b\u00ebnte dicka t\u00eb till\u00eb, por gjithsesi ai b\u00ebri zgjedhjen e tij. Adela mendon se c\u00ebshtja e Pavlinit mund t\u00eb ket\u00eb q\u00ebn\u00eb m\u00eb e v\u00ebshtir\u00eb sepse sipas saj, jo t\u00eb gjitha gj\u00ebrat mund t\u00eb thuhen n\u00eb publik. Sori dhe Adela kujtojn\u00eb se Pavlini nuk e kishte th\u00ebn\u00eb kurr\u00eb mund\u00ebsin\u00eb e bashkimit t\u00eb familjes, por ata i urojn\u00eb atij q\u00eb t\u2019i ket\u00eb zgjidhur problemet e veta. Ata p\u00ebrfundojn\u00eb bised\u00ebn duke th\u00ebn\u00eb se n\u00eb sht\u00ebpi ka patur tipa v\u00ebrtet\u00eb t\u00eb ndrysh\u00ebm.<\/p>\n","protected":false},"excerpt":{"rendered":"<p>14\/05\/09 11:52 Sori dhe Adela kujtojn\u00eb disa momente nga klipi q\u00eb u ishte p\u00ebrgatitur nga banor\u00ebt e tjer\u00eb. Sori shprehet se nuk iu duk e tep\u00ebrt fjala e Erjol\u00ebs se e kishte ngacmuar shum\u00eb sepse gjithcka ishte n\u00eb sensin e shakas\u00eb. Ai mendon se ndoshta ajo mund ta ket\u00eb marr\u00eb inat se ai nuk i [&hellip;]<\/p>\n","protected":false},"author":1,"featured_media":0,"comment_status":"open","ping_status":"closed","sticky":false,"template":"","format":"standard","meta":{"spay_email":"","jetpack_publicize_message":"","jetpack_is_tweetstorm":false,"jetpack_publicize_feature_enabled":true},"categories":[6502],"tags":[6529,6537,9121,6563,6542,6544,8276,9751],"jetpack_publicize_connections":[],"yoast_head":"<!-- This site is optimized with the Yoast SEO plugin v19.1 - https:\/\/yoast.com\/wordpress\/plugins\/seo\/ -->\n<title>Adelajda : Kujtojn\u00c3\u00ab banor\u00c3\u00abt e larguar | Big Brother Albania 2<\/title>\n<meta name=\"description\" content=\"Big Brother Albania 2 - Sori dhe Adela kujtojn\u00c3\u00ab disa momente nga klipi q\u00c3\u00ab u ishte p\u00c3\u00abrgatitur nga banor\u00c3\u00abt e tjer\u00c3\u00ab. Sori shprehet se nuk iu duk e tep\u00c3\u00abrt fjala e Erjol\u00c3\u00abs se e kishte ngacmuar shum\u00c3\u00ab sepse gjithcka ishte n\u00c3\u00ab sensin e shakas\u00c3\u00ab.\" \/>\n<meta name=\"robots\" content=\"index, follow, max-snippet:-1, max-image-preview:large, max-video-preview:-1\" \/>\n<link rel=\"canonical\" href=\"https:\/\/www.visit-ulcinj.com\/blog\/2009\/05\/15\/adelajda-kujtojne-banoret-e-larguar\/\" \/>\n<meta property=\"og:locale\" content=\"en_US\" \/>\n<meta property=\"og:type\" content=\"article\" \/>\n<meta property=\"og:title\" content=\"Adelajda : Kujtojn\u00c3\u00ab banor\u00c3\u00abt e larguar | Big Brother Albania 2\" \/>\n<meta property=\"og:description\" content=\"Big Brother Albania 2 - Sori dhe Adela kujtojn\u00c3\u00ab disa momente nga klipi q\u00c3\u00ab u ishte p\u00c3\u00abrgatitur nga banor\u00c3\u00abt e tjer\u00c3\u00ab. Sori shprehet se nuk iu duk e tep\u00c3\u00abrt fjala e Erjol\u00c3\u00abs se e kishte ngacmuar shum\u00c3\u00ab sepse gjithcka ishte n\u00c3\u00ab sensin e shakas\u00c3\u00ab.\" \/>\n<meta property=\"og:url\" content=\"https:\/\/www.visit-ulcinj.com\/blog\/2009\/05\/15\/adelajda-kujtojne-banoret-e-larguar\/\" \/>\n<meta property=\"og:site_name\" content=\"Lajme nga Ulqini\" \/>\n<meta property=\"article:published_time\" content=\"2009-05-15T09:00:55+00:00\" \/>\n<meta property=\"article:modified_time\" content=\"2009-05-14T21:37:14+00:00\" \/>\n<meta property=\"og:image\" content=\"http:\/\/www.visit-ulcinj.com\/blog\/wp-content\/uploads\/2009\/05\/adelasoriper-erjolenpavl.jpg\" \/>\n<meta name=\"twitter:label1\" content=\"Written by\" \/>\n\t<meta name=\"twitter:data1\" content=\"ulqini\" \/>\n\t<meta name=\"twitter:label2\" content=\"Est. reading time\" \/>\n\t<meta name=\"twitter:data2\" content=\"1 minute\" \/>\n<script type=\"application\/ld+json\" class=\"yoast-schema-graph\">{\"@context\":\"https:\/\/schema.org\",\"@graph\":[{\"@type\":\"WebSite\",\"@id\":\"https:\/\/www.visit-ulcinj.com\/blog\/#website\",\"url\":\"https:\/\/www.visit-ulcinj.com\/blog\/\",\"name\":\"Lajme nga Ulqini\",\"description\":\"Lajme,Vijesti,Ulqini,Ulqin,Crna Gora,Mali i Zi\",\"potentialAction\":[{\"@type\":\"SearchAction\",\"target\":{\"@type\":\"EntryPoint\",\"urlTemplate\":\"https:\/\/www.visit-ulcinj.com\/blog\/?s={search_term_string}\"},\"query-input\":\"required name=search_term_string\"}],\"inLanguage\":\"en-US\"},{\"@type\":\"ImageObject\",\"inLanguage\":\"en-US\",\"@id\":\"https:\/\/www.visit-ulcinj.com\/blog\/2009\/05\/15\/adelajda-kujtojne-banoret-e-larguar\/#primaryimage\",\"url\":\"http:\/\/www.visit-ulcinj.com\/blog\/wp-content\/uploads\/2009\/05\/adelasoriper-erjolenpavl.jpg\",\"contentUrl\":\"http:\/\/www.visit-ulcinj.com\/blog\/wp-content\/uploads\/2009\/05\/adelasoriper-erjolenpavl.jpg\"},{\"@type\":\"WebPage\",\"@id\":\"https:\/\/www.visit-ulcinj.com\/blog\/2009\/05\/15\/adelajda-kujtojne-banoret-e-larguar\/#webpage\",\"url\":\"https:\/\/www.visit-ulcinj.com\/blog\/2009\/05\/15\/adelajda-kujtojne-banoret-e-larguar\/\",\"name\":\"Adelajda : Kujtojn\u00c3\u00ab banor\u00c3\u00abt e larguar | Big Brother Albania 2\",\"isPartOf\":{\"@id\":\"https:\/\/www.visit-ulcinj.com\/blog\/#website\"},\"primaryImageOfPage\":{\"@id\":\"https:\/\/www.visit-ulcinj.com\/blog\/2009\/05\/15\/adelajda-kujtojne-banoret-e-larguar\/#primaryimage\"},\"datePublished\":\"2009-05-15T09:00:55+00:00\",\"dateModified\":\"2009-05-14T21:37:14+00:00\",\"author\":{\"@id\":\"https:\/\/www.visit-ulcinj.com\/blog\/#\/schema\/person\/dcab619c614d3038751c63bc2aadc06d\"},\"description\":\"Big Brother Albania 2 - Sori dhe Adela kujtojn\u00c3\u00ab disa momente nga klipi q\u00c3\u00ab u ishte p\u00c3\u00abrgatitur nga banor\u00c3\u00abt e tjer\u00c3\u00ab. Sori shprehet se nuk iu duk e tep\u00c3\u00abrt fjala e Erjol\u00c3\u00abs se e kishte ngacmuar shum\u00c3\u00ab sepse gjithcka ishte n\u00c3\u00ab sensin e shakas\u00c3\u00ab.\",\"breadcrumb\":{\"@id\":\"https:\/\/www.visit-ulcinj.com\/blog\/2009\/05\/15\/adelajda-kujtojne-banoret-e-larguar\/#breadcrumb\"},\"inLanguage\":\"en-US\",\"potentialAction\":[{\"@type\":\"ReadAction\",\"target\":[\"https:\/\/www.visit-ulcinj.com\/blog\/2009\/05\/15\/adelajda-kujtojne-banoret-e-larguar\/\"]}]},{\"@type\":\"BreadcrumbList\",\"@id\":\"https:\/\/www.visit-ulcinj.com\/blog\/2009\/05\/15\/adelajda-kujtojne-banoret-e-larguar\/#breadcrumb\",\"itemListElement\":[{\"@type\":\"ListItem\",\"position\":1,\"name\":\"Adelajda : Kujtojn\u00eb banor\u00ebt e larguar\"}]},{\"@type\":\"Person\",\"@id\":\"https:\/\/www.visit-ulcinj.com\/blog\/#\/schema\/person\/dcab619c614d3038751c63bc2aadc06d\",\"name\":\"ulqini\",\"sameAs\":[\"http:\/\/www.visit-ulcinj.com\"],\"url\":\"https:\/\/www.visit-ulcinj.com\/blog\/author\/admin\/\"}]}<\/script>\n<!-- \/ Yoast SEO plugin. -->","yoast_head_json":{"title":"Adelajda : Kujtojn\u00c3\u00ab banor\u00c3\u00abt e larguar | Big Brother Albania 2","description":"Big Brother Albania 2 - Sori dhe Adela kujtojn\u00c3\u00ab disa momente nga klipi q\u00c3\u00ab u ishte p\u00c3\u00abrgatitur nga banor\u00c3\u00abt e tjer\u00c3\u00ab. Sori shprehet se nuk iu duk e tep\u00c3\u00abrt fjala e Erjol\u00c3\u00abs se e kishte ngacmuar shum\u00c3\u00ab sepse gjithcka ishte n\u00c3\u00ab sensin e shakas\u00c3\u00ab.","robots":{"index":"index","follow":"follow","max-snippet":"max-snippet:-1","max-image-preview":"max-image-preview:large","max-video-preview":"max-video-preview:-1"},"canonical":"https:\/\/www.visit-ulcinj.com\/blog\/2009\/05\/15\/adelajda-kujtojne-banoret-e-larguar\/","og_locale":"en_US","og_type":"article","og_title":"Adelajda : Kujtojn\u00c3\u00ab banor\u00c3\u00abt e larguar | Big Brother Albania 2","og_description":"Big Brother Albania 2 - Sori dhe Adela kujtojn\u00c3\u00ab disa momente nga klipi q\u00c3\u00ab u ishte p\u00c3\u00abrgatitur nga banor\u00c3\u00abt e tjer\u00c3\u00ab. Sori shprehet se nuk iu duk e tep\u00c3\u00abrt fjala e Erjol\u00c3\u00abs se e kishte ngacmuar shum\u00c3\u00ab sepse gjithcka ishte n\u00c3\u00ab sensin e shakas\u00c3\u00ab.","og_url":"https:\/\/www.visit-ulcinj.com\/blog\/2009\/05\/15\/adelajda-kujtojne-banoret-e-larguar\/","og_site_name":"Lajme nga Ulqini","article_published_time":"2009-05-15T09:00:55+00:00","article_modified_time":"2009-05-14T21:37:14+00:00","og_image":[{"url":"http:\/\/www.visit-ulcinj.com\/blog\/wp-content\/uploads\/2009\/05\/adelasoriper-erjolenpavl.jpg"}],"twitter_misc":{"Written by":"ulqini","Est. reading time":"1 minute"},"schema":{"@context":"https:\/\/schema.org","@graph":[{"@type":"WebSite","@id":"https:\/\/www.visit-ulcinj.com\/blog\/#website","url":"https:\/\/www.visit-ulcinj.com\/blog\/","name":"Lajme nga Ulqini","description":"Lajme,Vijesti,Ulqini,Ulqin,Crna Gora,Mali i Zi","potentialAction":[{"@type":"SearchAction","target":{"@type":"EntryPoint","urlTemplate":"https:\/\/www.visit-ulcinj.com\/blog\/?s={search_term_string}"},"query-input":"required name=search_term_string"}],"inLanguage":"en-US"},{"@type":"ImageObject","inLanguage":"en-US","@id":"https:\/\/www.visit-ulcinj.com\/blog\/2009\/05\/15\/adelajda-kujtojne-banoret-e-larguar\/#primaryimage","url":"http:\/\/www.visit-ulcinj.com\/blog\/wp-content\/uploads\/2009\/05\/adelasoriper-erjolenpavl.jpg","contentUrl":"http:\/\/www.visit-ulcinj.com\/blog\/wp-content\/uploads\/2009\/05\/adelasoriper-erjolenpavl.jpg"},{"@type":"WebPage","@id":"https:\/\/www.visit-ulcinj.com\/blog\/2009\/05\/15\/adelajda-kujtojne-banoret-e-larguar\/#webpage","url":"https:\/\/www.visit-ulcinj.com\/blog\/2009\/05\/15\/adelajda-kujtojne-banoret-e-larguar\/","name":"Adelajda : Kujtojn\u00c3\u00ab banor\u00c3\u00abt e larguar | Big Brother Albania 2","isPartOf":{"@id":"https:\/\/www.visit-ulcinj.com\/blog\/#website"},"primaryImageOfPage":{"@id":"https:\/\/www.visit-ulcinj.com\/blog\/2009\/05\/15\/adelajda-kujtojne-banoret-e-larguar\/#primaryimage"},"datePublished":"2009-05-15T09:00:55+00:00","dateModified":"2009-05-14T21:37:14+00:00","author":{"@id":"https:\/\/www.visit-ulcinj.com\/blog\/#\/schema\/person\/dcab619c614d3038751c63bc2aadc06d"},"description":"Big Brother Albania 2 - Sori dhe Adela kujtojn\u00c3\u00ab disa momente nga klipi q\u00c3\u00ab u ishte p\u00c3\u00abrgatitur nga banor\u00c3\u00abt e tjer\u00c3\u00ab. Sori shprehet se nuk iu duk e tep\u00c3\u00abrt fjala e Erjol\u00c3\u00abs se e kishte ngacmuar shum\u00c3\u00ab sepse gjithcka ishte n\u00c3\u00ab sensin e shakas\u00c3\u00ab.","breadcrumb":{"@id":"https:\/\/www.visit-ulcinj.com\/blog\/2009\/05\/15\/adelajda-kujtojne-banoret-e-larguar\/#breadcrumb"},"inLanguage":"en-US","potentialAction":[{"@type":"ReadAction","target":["https:\/\/www.visit-ulcinj.com\/blog\/2009\/05\/15\/adelajda-kujtojne-banoret-e-larguar\/"]}]},{"@type":"BreadcrumbList","@id":"https:\/\/www.visit-ulcinj.com\/blog\/2009\/05\/15\/adelajda-kujtojne-banoret-e-larguar\/#breadcrumb","itemListElement":[{"@type":"ListItem","position":1,"name":"Adelajda : Kujtojn\u00eb banor\u00ebt e larguar"}]},{"@type":"Person","@id":"https:\/\/www.visit-ulcinj.com\/blog\/#\/schema\/person\/dcab619c614d3038751c63bc2aadc06d","name":"ulqini","sameAs":["http:\/\/www.visit-ulcinj.com"],"url":"https:\/\/www.visit-ulcinj.com\/blog\/author\/admin\/"}]}},"jetpack_featured_media_url":"","jetpack_sharing_enabled":true,"jetpack_shortlink":"https:\/\/wp.me\/pe6lTn-5zO","_links":{"self":[{"href":"https:\/\/www.visit-ulcinj.com\/blog\/wp-json\/wp\/v2\/posts\/21440"}],"collection":[{"href":"https:\/\/www.visit-ulcinj.com\/blog\/wp-json\/wp\/v2\/posts"}],"about":[{"href":"https:\/\/www.visit-ulcinj.com\/blog\/wp-json\/wp\/v2\/types\/post"}],"author":[{"embeddable":true,"href":"https:\/\/www.visit-ulcinj.com\/blog\/wp-json\/wp\/v2\/users\/1"}],"replies":[{"embeddable":true,"href":"https:\/\/www.visit-ulcinj.com\/blog\/wp-json\/wp\/v2\/comments?post=21440"}],"version-history":[{"count":0,"href":"https:\/\/www.visit-ulcinj.com\/blog\/wp-json\/wp\/v2\/posts\/21440\/revisions"}],"wp:attachment":[{"href":"https:\/\/www.visit-ulcinj.com\/blog\/wp-json\/wp\/v2\/media?parent=21440"}],"wp:term":[{"taxonomy":"category","embeddable":true,"href":"https:\/\/www.visit-ulcinj.com\/blog\/wp-json\/wp\/v2\/categories?post=21440"},{"taxonomy":"post_tag","embeddable":true,"href":"https:\/\/www.visit-ulcinj.com\/blog\/wp-json\/wp\/v2\/tags?post=21440"}],"curies":[{"name":"wp","href":"https:\/\/api.w.org\/{rel}","templated":true}]}}