{"id":21445,"date":"2009-05-15T12:00:34","date_gmt":"2009-05-15T10:00:34","guid":{"rendered":"http:\/\/www.visit-ulcinj.com\/blog\/?p=21445"},"modified":"2009-05-14T23:40:27","modified_gmt":"2009-05-14T21:40:27","slug":"festa-e-fejeses","status":"publish","type":"post","link":"https:\/\/www.visit-ulcinj.com\/blog\/2009\/05\/15\/festa-e-fejeses\/","title":{"rendered":"Festa e fejes\u00ebs"},"content":{"rendered":"<p><em><span class=\"newsdate\"><a href=\"http:\/\/www.visit-ulcinj.com\/blog\/wp-content\/uploads\/2009\/05\/per-festen-e-fejeses.jpg\"><img loading=\"lazy\" class=\"alignleft size-full wp-image-21446\" title=\"per-festen-e-fejeses-big-brother-albania-2\" src=\"http:\/\/www.visit-ulcinj.com\/blog\/wp-content\/uploads\/2009\/05\/per-festen-e-fejeses.jpg\" alt=\"per-festen-e-fejeses-big-brother-albania-2\" width=\"300\" height=\"205\" \/><\/a>14\/05\/09 12:40<\/span><\/em><\/p>\n<p>Adi kujton bised\u00ebn e mbr\u00ebmshme dhe thot\u00eb se sot do b\u00ebjn\u00eb fest\u00eb t\u00eb madhe me dolli p\u00ebr fejes\u00ebn e Bjordit me Adel\u00ebn. \u201cKismet\u201d- thot\u00eb Bjordi por Adi dhe Sori i thon\u00eb se ata kan\u00eb b\u00ebr\u00eb gati nj\u00eb pjes\u00eb t\u00eb mir\u00eb t\u00eb p\u00ebrgatitjes p\u00ebr fest\u00ebn si drek\u00ebn, ftesat e njer\u00ebzve, p\u00ebrgatitjen p\u00ebr ceremonin\u00eb n\u00eb kish\u00eb. \u201cDh\u00ebnd\u00ebrri ky dhe e ka me dy mendje\u201d- i thot\u00eb Sori me shaka. Adela bashkohet me ta dhe Adi e pyet n\u00ebse kan\u00eb ndonj\u00eb fest\u00eb sot dhe Adela duke mos q\u00ebn\u00eb n\u00eb dijeni t\u00eb bised\u00ebs s\u00eb tyre i p\u00ebrgjigjet se jo. Adi i thot\u00eb se vjen era fejes\u00eb, por ajo ia kthen se jan\u00eb shum\u00eb larg asaj. Adi dhe Sori i tregojn\u00eb dhe Adel\u00ebs p\u00ebrgatitjet e fest\u00ebs dhe ajo duke par\u00eb nga Bjordi, i thot\u00eb q\u00eb t\u00eb mos trembet, por ai ia kthen se \u00ebsht\u00eb n\u00eb dijeni t\u00eb t\u00eb fest\u00ebs q\u00eb po p\u00ebrgatit xhaxhi Sori me daj\u00eb Adin p\u00ebr ta. Bjordi u thot\u00eb atyre se e vendosi q\u00eb do fejohet, por ama festa do t\u00eb jet\u00eb pa ver\u00eb. Adi dhe Sori qeshin dhe ia kthejn\u00eb se ata do pin\u00eb q\u00eb para fest\u00ebs q\u00eb t\u00eb jen\u00eb gati p\u00ebr t\u00eb.<\/p>\n","protected":false},"excerpt":{"rendered":"<p>14\/05\/09 12:40 Adi kujton bised\u00ebn e mbr\u00ebmshme dhe thot\u00eb se sot do b\u00ebjn\u00eb fest\u00eb t\u00eb madhe me dolli p\u00ebr fejes\u00ebn e Bjordit me Adel\u00ebn. \u201cKismet\u201d- thot\u00eb Bjordi por Adi dhe Sori i thon\u00eb se ata kan\u00eb b\u00ebr\u00eb gati nj\u00eb pjes\u00eb t\u00eb mir\u00eb t\u00eb p\u00ebrgatitjes p\u00ebr fest\u00ebn si drek\u00ebn, ftesat e njer\u00ebzve, p\u00ebrgatitjen p\u00ebr ceremonin\u00eb n\u00eb [&hellip;]<\/p>\n","protected":false},"author":1,"featured_media":0,"comment_status":"open","ping_status":"closed","sticky":false,"template":"","format":"standard","meta":{"spay_email":"","jetpack_publicize_message":"","jetpack_is_tweetstorm":false,"jetpack_publicize_feature_enabled":true},"categories":[6502],"tags":[6529,6520,6522,10439,8276],"jetpack_publicize_connections":[],"yoast_head":"<!-- This site is optimized with the Yoast SEO plugin v19.1 - https:\/\/yoast.com\/wordpress\/plugins\/seo\/ -->\n<title>Festa e fejes\u00c3\u00abs | Big Brother Albania 2<\/title>\n<meta name=\"description\" content=\"Big Brother Albania 2 - Adi kujton bised\u00c3\u00abn e mbr\u00c3\u00abmshme dhe thot\u00c3\u00ab se sot do b\u00c3\u00abjn\u00c3\u00ab fest\u00c3\u00ab t\u00c3\u00ab madhe me dolli p\u00c3\u00abr fejes\u00c3\u00abn e Bjordit me Adel\u00c3\u00abn. \u00e2\u20ac\u0153Kismet\u00e2\u20ac\u009d\" \/>\n<meta name=\"robots\" content=\"index, follow, max-snippet:-1, max-image-preview:large, max-video-preview:-1\" \/>\n<link rel=\"canonical\" href=\"https:\/\/www.visit-ulcinj.com\/blog\/2009\/05\/15\/festa-e-fejeses\/\" \/>\n<meta property=\"og:locale\" content=\"en_US\" \/>\n<meta property=\"og:type\" content=\"article\" \/>\n<meta property=\"og:title\" content=\"Festa e fejes\u00c3\u00abs | Big Brother Albania 2\" \/>\n<meta property=\"og:description\" content=\"Big Brother Albania 2 - Adi kujton bised\u00c3\u00abn e mbr\u00c3\u00abmshme dhe thot\u00c3\u00ab se sot do b\u00c3\u00abjn\u00c3\u00ab fest\u00c3\u00ab t\u00c3\u00ab madhe me dolli p\u00c3\u00abr fejes\u00c3\u00abn e Bjordit me Adel\u00c3\u00abn. \u00e2\u20ac\u0153Kismet\u00e2\u20ac\u009d\" \/>\n<meta property=\"og:url\" content=\"https:\/\/www.visit-ulcinj.com\/blog\/2009\/05\/15\/festa-e-fejeses\/\" \/>\n<meta property=\"og:site_name\" content=\"Lajme nga Ulqini\" \/>\n<meta property=\"article:published_time\" content=\"2009-05-15T10:00:34+00:00\" \/>\n<meta property=\"article:modified_time\" content=\"2009-05-14T21:40:27+00:00\" \/>\n<meta property=\"og:image\" content=\"http:\/\/www.visit-ulcinj.com\/blog\/wp-content\/uploads\/2009\/05\/per-festen-e-fejeses.jpg\" \/>\n<meta name=\"twitter:label1\" content=\"Written by\" \/>\n\t<meta name=\"twitter:data1\" content=\"ulqini\" \/>\n\t<meta name=\"twitter:label2\" content=\"Est. reading time\" \/>\n\t<meta name=\"twitter:data2\" content=\"1 minute\" \/>\n<script type=\"application\/ld+json\" class=\"yoast-schema-graph\">{\"@context\":\"https:\/\/schema.org\",\"@graph\":[{\"@type\":\"WebSite\",\"@id\":\"https:\/\/www.visit-ulcinj.com\/blog\/#website\",\"url\":\"https:\/\/www.visit-ulcinj.com\/blog\/\",\"name\":\"Lajme nga Ulqini\",\"description\":\"Lajme,Vijesti,Ulqini,Ulqin,Crna Gora,Mali i Zi\",\"potentialAction\":[{\"@type\":\"SearchAction\",\"target\":{\"@type\":\"EntryPoint\",\"urlTemplate\":\"https:\/\/www.visit-ulcinj.com\/blog\/?s={search_term_string}\"},\"query-input\":\"required name=search_term_string\"}],\"inLanguage\":\"en-US\"},{\"@type\":\"ImageObject\",\"inLanguage\":\"en-US\",\"@id\":\"https:\/\/www.visit-ulcinj.com\/blog\/2009\/05\/15\/festa-e-fejeses\/#primaryimage\",\"url\":\"http:\/\/www.visit-ulcinj.com\/blog\/wp-content\/uploads\/2009\/05\/per-festen-e-fejeses.jpg\",\"contentUrl\":\"http:\/\/www.visit-ulcinj.com\/blog\/wp-content\/uploads\/2009\/05\/per-festen-e-fejeses.jpg\"},{\"@type\":\"WebPage\",\"@id\":\"https:\/\/www.visit-ulcinj.com\/blog\/2009\/05\/15\/festa-e-fejeses\/#webpage\",\"url\":\"https:\/\/www.visit-ulcinj.com\/blog\/2009\/05\/15\/festa-e-fejeses\/\",\"name\":\"Festa e fejes\u00c3\u00abs | Big Brother Albania 2\",\"isPartOf\":{\"@id\":\"https:\/\/www.visit-ulcinj.com\/blog\/#website\"},\"primaryImageOfPage\":{\"@id\":\"https:\/\/www.visit-ulcinj.com\/blog\/2009\/05\/15\/festa-e-fejeses\/#primaryimage\"},\"datePublished\":\"2009-05-15T10:00:34+00:00\",\"dateModified\":\"2009-05-14T21:40:27+00:00\",\"author\":{\"@id\":\"https:\/\/www.visit-ulcinj.com\/blog\/#\/schema\/person\/dcab619c614d3038751c63bc2aadc06d\"},\"description\":\"Big Brother Albania 2 - Adi kujton bised\u00c3\u00abn e mbr\u00c3\u00abmshme dhe thot\u00c3\u00ab se sot do b\u00c3\u00abjn\u00c3\u00ab fest\u00c3\u00ab t\u00c3\u00ab madhe me dolli p\u00c3\u00abr fejes\u00c3\u00abn e Bjordit me Adel\u00c3\u00abn. \u00e2\u20ac\u0153Kismet\u00e2\u20ac\u009d\",\"breadcrumb\":{\"@id\":\"https:\/\/www.visit-ulcinj.com\/blog\/2009\/05\/15\/festa-e-fejeses\/#breadcrumb\"},\"inLanguage\":\"en-US\",\"potentialAction\":[{\"@type\":\"ReadAction\",\"target\":[\"https:\/\/www.visit-ulcinj.com\/blog\/2009\/05\/15\/festa-e-fejeses\/\"]}]},{\"@type\":\"BreadcrumbList\",\"@id\":\"https:\/\/www.visit-ulcinj.com\/blog\/2009\/05\/15\/festa-e-fejeses\/#breadcrumb\",\"itemListElement\":[{\"@type\":\"ListItem\",\"position\":1,\"name\":\"Festa e fejes\u00ebs\"}]},{\"@type\":\"Person\",\"@id\":\"https:\/\/www.visit-ulcinj.com\/blog\/#\/schema\/person\/dcab619c614d3038751c63bc2aadc06d\",\"name\":\"ulqini\",\"sameAs\":[\"http:\/\/www.visit-ulcinj.com\"],\"url\":\"https:\/\/www.visit-ulcinj.com\/blog\/author\/admin\/\"}]}<\/script>\n<!-- \/ Yoast SEO plugin. -->","yoast_head_json":{"title":"Festa e fejes\u00c3\u00abs | Big Brother Albania 2","description":"Big Brother Albania 2 - Adi kujton bised\u00c3\u00abn e mbr\u00c3\u00abmshme dhe thot\u00c3\u00ab se sot do b\u00c3\u00abjn\u00c3\u00ab fest\u00c3\u00ab t\u00c3\u00ab madhe me dolli p\u00c3\u00abr fejes\u00c3\u00abn e Bjordit me Adel\u00c3\u00abn. \u00e2\u20ac\u0153Kismet\u00e2\u20ac\u009d","robots":{"index":"index","follow":"follow","max-snippet":"max-snippet:-1","max-image-preview":"max-image-preview:large","max-video-preview":"max-video-preview:-1"},"canonical":"https:\/\/www.visit-ulcinj.com\/blog\/2009\/05\/15\/festa-e-fejeses\/","og_locale":"en_US","og_type":"article","og_title":"Festa e fejes\u00c3\u00abs | Big Brother Albania 2","og_description":"Big Brother Albania 2 - Adi kujton bised\u00c3\u00abn e mbr\u00c3\u00abmshme dhe thot\u00c3\u00ab se sot do b\u00c3\u00abjn\u00c3\u00ab fest\u00c3\u00ab t\u00c3\u00ab madhe me dolli p\u00c3\u00abr fejes\u00c3\u00abn e Bjordit me Adel\u00c3\u00abn. \u00e2\u20ac\u0153Kismet\u00e2\u20ac\u009d","og_url":"https:\/\/www.visit-ulcinj.com\/blog\/2009\/05\/15\/festa-e-fejeses\/","og_site_name":"Lajme nga Ulqini","article_published_time":"2009-05-15T10:00:34+00:00","article_modified_time":"2009-05-14T21:40:27+00:00","og_image":[{"url":"http:\/\/www.visit-ulcinj.com\/blog\/wp-content\/uploads\/2009\/05\/per-festen-e-fejeses.jpg"}],"twitter_misc":{"Written by":"ulqini","Est. reading time":"1 minute"},"schema":{"@context":"https:\/\/schema.org","@graph":[{"@type":"WebSite","@id":"https:\/\/www.visit-ulcinj.com\/blog\/#website","url":"https:\/\/www.visit-ulcinj.com\/blog\/","name":"Lajme nga Ulqini","description":"Lajme,Vijesti,Ulqini,Ulqin,Crna Gora,Mali i Zi","potentialAction":[{"@type":"SearchAction","target":{"@type":"EntryPoint","urlTemplate":"https:\/\/www.visit-ulcinj.com\/blog\/?s={search_term_string}"},"query-input":"required name=search_term_string"}],"inLanguage":"en-US"},{"@type":"ImageObject","inLanguage":"en-US","@id":"https:\/\/www.visit-ulcinj.com\/blog\/2009\/05\/15\/festa-e-fejeses\/#primaryimage","url":"http:\/\/www.visit-ulcinj.com\/blog\/wp-content\/uploads\/2009\/05\/per-festen-e-fejeses.jpg","contentUrl":"http:\/\/www.visit-ulcinj.com\/blog\/wp-content\/uploads\/2009\/05\/per-festen-e-fejeses.jpg"},{"@type":"WebPage","@id":"https:\/\/www.visit-ulcinj.com\/blog\/2009\/05\/15\/festa-e-fejeses\/#webpage","url":"https:\/\/www.visit-ulcinj.com\/blog\/2009\/05\/15\/festa-e-fejeses\/","name":"Festa e fejes\u00c3\u00abs | Big Brother Albania 2","isPartOf":{"@id":"https:\/\/www.visit-ulcinj.com\/blog\/#website"},"primaryImageOfPage":{"@id":"https:\/\/www.visit-ulcinj.com\/blog\/2009\/05\/15\/festa-e-fejeses\/#primaryimage"},"datePublished":"2009-05-15T10:00:34+00:00","dateModified":"2009-05-14T21:40:27+00:00","author":{"@id":"https:\/\/www.visit-ulcinj.com\/blog\/#\/schema\/person\/dcab619c614d3038751c63bc2aadc06d"},"description":"Big Brother Albania 2 - Adi kujton bised\u00c3\u00abn e mbr\u00c3\u00abmshme dhe thot\u00c3\u00ab se sot do b\u00c3\u00abjn\u00c3\u00ab fest\u00c3\u00ab t\u00c3\u00ab madhe me dolli p\u00c3\u00abr fejes\u00c3\u00abn e Bjordit me Adel\u00c3\u00abn. \u00e2\u20ac\u0153Kismet\u00e2\u20ac\u009d","breadcrumb":{"@id":"https:\/\/www.visit-ulcinj.com\/blog\/2009\/05\/15\/festa-e-fejeses\/#breadcrumb"},"inLanguage":"en-US","potentialAction":[{"@type":"ReadAction","target":["https:\/\/www.visit-ulcinj.com\/blog\/2009\/05\/15\/festa-e-fejeses\/"]}]},{"@type":"BreadcrumbList","@id":"https:\/\/www.visit-ulcinj.com\/blog\/2009\/05\/15\/festa-e-fejeses\/#breadcrumb","itemListElement":[{"@type":"ListItem","position":1,"name":"Festa e fejes\u00ebs"}]},{"@type":"Person","@id":"https:\/\/www.visit-ulcinj.com\/blog\/#\/schema\/person\/dcab619c614d3038751c63bc2aadc06d","name":"ulqini","sameAs":["http:\/\/www.visit-ulcinj.com"],"url":"https:\/\/www.visit-ulcinj.com\/blog\/author\/admin\/"}]}},"jetpack_featured_media_url":"","jetpack_sharing_enabled":true,"jetpack_shortlink":"https:\/\/wp.me\/pe6lTn-5zT","_links":{"self":[{"href":"https:\/\/www.visit-ulcinj.com\/blog\/wp-json\/wp\/v2\/posts\/21445"}],"collection":[{"href":"https:\/\/www.visit-ulcinj.com\/blog\/wp-json\/wp\/v2\/posts"}],"about":[{"href":"https:\/\/www.visit-ulcinj.com\/blog\/wp-json\/wp\/v2\/types\/post"}],"author":[{"embeddable":true,"href":"https:\/\/www.visit-ulcinj.com\/blog\/wp-json\/wp\/v2\/users\/1"}],"replies":[{"embeddable":true,"href":"https:\/\/www.visit-ulcinj.com\/blog\/wp-json\/wp\/v2\/comments?post=21445"}],"version-history":[{"count":0,"href":"https:\/\/www.visit-ulcinj.com\/blog\/wp-json\/wp\/v2\/posts\/21445\/revisions"}],"wp:attachment":[{"href":"https:\/\/www.visit-ulcinj.com\/blog\/wp-json\/wp\/v2\/media?parent=21445"}],"wp:term":[{"taxonomy":"category","embeddable":true,"href":"https:\/\/www.visit-ulcinj.com\/blog\/wp-json\/wp\/v2\/categories?post=21445"},{"taxonomy":"post_tag","embeddable":true,"href":"https:\/\/www.visit-ulcinj.com\/blog\/wp-json\/wp\/v2\/tags?post=21445"}],"curies":[{"name":"wp","href":"https:\/\/api.w.org\/{rel}","templated":true}]}}