{"id":2145,"date":"2008-07-03T13:05:39","date_gmt":"2008-07-03T18:05:39","guid":{"rendered":"http:\/\/www.visit-ulcinj.com\/blog\/?p=2145"},"modified":"2008-07-03T13:05:39","modified_gmt":"2008-07-03T18:05:39","slug":"milan-rocenpriznacemo-kosovo","status":"publish","type":"post","link":"https:\/\/www.visit-ulcinj.com\/blog\/2008\/07\/03\/milan-rocenpriznacemo-kosovo\/","title":{"rendered":"Milan Ro?en:Prizna?emo Kosovo"},"content":{"rendered":"<p><img loading=\"lazy\" class=\"alignleft\" style=\"float: left;\" src=\"http:\/\/www.vijesti.cg.yu\/_slike\/1215038102.jpg\" alt=\"Milan Ro?en\" width=\"290\" height=\"190\" \/>Podgorica \u2013 Ministar inostranih poslova Crne Gore Milan Ro?en nagovijestio je ju?e da ?e Crna Gora priznati nezavisnost Kosova. Me?utim, on nije \u017eelio da otkrije kada ?e Vlada donijeti takvu odluku.<br \/>\nU intervjuu za \u201eVijesti\u201c Ro?en je naglasio da kosovsko pitanje sa sobom nosi i odre?ene emocije koje \u201eu politici nijesu najbolji saveznik\u201c.<br \/>\n\u201eU ovom slu?aju sigurno nijesu&#8230; Kosovski ciklus je zavr\u0161en, a kada to ka\u017eem mislim na tu vrstu svijesti. Ovo je 21. vijek, mi mo\u017eemo misliti \u0161ta ho?emo, ali postoji ne\u0161to \u0161to je politi?ki fakticitet\u201c, isti?e Ro?en. \u201eNije se promijenio stav Crne Gore da rje\u0161enje za Kosovo treba tra\u017eiti u pregovorima, uz posredstvo me?unarodne zajednice, ali su se promijenile okolnosti. Na kraju je do\u0161lo do te promjene koja je politi?ka realnost\u201c.<br \/>\nKada ?e Crna Gora da se zvani?no odnese prema toj politi?koj realnosti?<br \/>\nNijednim svojim potezom ranije nijesmo htjeli da na bilo koji na?in dolivamo ulje na vatru u pregrijanoj politi?koj atmosferi u Srbiji i da odnosom prema onome \u0161to se desilo na Kosovu uti?emo na izborne rezultate u Srbiji.<br \/>\nU Pri\u0161tini, kao i u Beogradu, i na svim relevantnim me?unarodnim adresama, razumjeli su da je nama prije svega stalo da o?uvamo unutra\u0161nju stabilnost i da doprenesmo regionalnoj stabilnosti. Sa svih tih adresa dolaze nam priznanja zbog takve uzdr\u017eane i promi\u0161ljene politike. Naravno, slijedi?emo svoj strate\u0161ki interes \u2013 ?lanstvo u EU i NATO \u2013 i u skladu sa tim donijeti odluku.<br \/>\nDa li ovo zna?i da ?e Crna Gora priznati Kosovo, s tim \u0161to se to ne?e desiti tako brzo, odnosno tokom ove godine?<br \/>\nMislim da taj zaklju?ak nije do kraja ta?an.<br \/>\n\u0160to nije ta?no?<br \/>\nNijesam govorio uop\u0161te o dinamici. Ho?e li to biti prije ili kasnije, zaista u ovom trenutku ne bih mogao da odgovori ni ja niti bilo ko. To ?e se desiti onda kada procijenimo da je to politi?ki najbolje za Crnu Goru.<br \/>\nPredsjednik Skup\u0161tine Kosova Jakup Krasni?i ka\u017ee da su na Kosovu dobili obe?anje od najvi\u0161ih zvani?nika Crne Gore da ?e Crna Gora donijeti odluku o priznanju?<br \/>\nMi imamo komunikaciju i sa Pri\u0161tinom i sa Beogradom. Me?utim, nijesmo u obavezi da Beogradu ka\u017eemo da ne?emo priznati, niti Kosovu da ho?emo. Ne radi se tu uop\u0161te o bilo ?ijem obe?anju. Nama je najve?i interes da imamo najbolje mogu?e odnose sa svima u regionu. Dakle, i sa Srbijom, i sa Kosovom, sa kojima se grani?imo. Ostajemo dosljedni takvoj politici, jer smo i do odluke kosovskog parlamenta, stalno isticali da je prirodno da imamo najbolje odnose i sa Kosovom, bez ikakvog prejudiciranja njegovog statusa. Sve to je za jednu malu Crnu Goru od kapitalne va\u017enosti.<br \/>\nNama sti\u017eu razli?ite poruke, i iz Srbije, i sa Kosova, i od onih iz Crne Gore koji podr\u017eavaju Srbiju ili Kosovo. Sve to respektujemo, ali prije svega vodimo ra?una o Crnoj Gori, dr\u017eavnim i interesima na\u0161ih gra?ana.<br \/>\n\u0160to mislite o predlogu SNP-a da se odr\u017ei referendum o (ne)priznanju Kosova?<br \/>\nTo je jedna od politi?kih poruka vi\u0161e okrenuta ka zadobijanju pa\u017enje na doma?oj sceni. Ja ne znam za primjer da je neka dr\u017eava organizovala referendum o tome ho?e li ili ne priznati drugu dr\u017eavu. Vlada vodi unutra\u0161nju i spoljnu politiku i ona je odgovorna za dono\u0161enje takvih odluka.<br \/>\nIma li Vlada istra\u017eivanja javnog mnjenja o tome kakvo je raspolo\u017eenje u javnosti Crne Gore o pitanju Kosova? Neka istra\u017eivanja govore da manje od 20 odsto gra?ana smatra da treba priznati Kosovo?<br \/>\nKoliko znam, ona su uglavnom ra?ena u vrijeme predizborne kampanje. Znate da je tada atmosfera pregrijana, i da je politika nekih partija ovdje refleksija onoga \u0161to je aktuelno u Srbiji, tako da je i to mo\u017eda uticalo na takve rezultate.<br \/>\nZnam koliko je Kosovo bolno pitanje za Srbiju, i za neke i u Crnoj Gori, ali ako racionalno gledate na stvari, onda to dobija drugu dimenziju. Mislim da bi i u postoje?oj situaciji Srbija mogla izuzetno politi?ki da profitira.<br \/>\nKako?<br \/>\nNije mi namjera da ja u?im bilo koga u Srbiji \u0161ta da radi ovim povodom. Ali ?u re?i svoje mi\u0161ljenje, kao prijatelj Srbije. Ne prekidaju?i diplomatsku borbu za Kosovo, siguran sam da je dugoro?no u najboljem interesu Srbije, i stabilnosti regiona, da uspostavi kontakte sa rukovodstvom Kosova. Jer, bez obzira na prisustvo me?unarodnih snaga na Kosovu, niko ne mo\u017ee osigurati bezbjedan \u017eivot Srba na Kosovu, niti za\u0161tititi srpske kulturno-istorijske spomenike, kao \u0161to to mogu Albanci. To bi relaksiralo situaciju u cijelom regionu.<br \/>\nUostalom, kroz istoriju se zna ko je o?uvao Pe?ku patrijar\u0161iju. Ne mo\u017ee se stalno govoriti \u201eKosovo je Srbija\u201c, a s druge strane, okretati glavu od Albanaca koji \u017eive na Kosovu. Ako \u017eivimo jedni pored drugih, onda moramo da imamo toliko pameti da u skladu sa savremenim evropskim i svjetskim kretanjima od toga napravimo pravi politi?ki kapital.<br \/>\nMislite li da ?ete imati problema sa Moskvom kada Vlada bude donijela odluku o priznanju Kosova?<br \/>\nNe?emo, jer se Rusija odnosi sa velikim respektom prema tome \u0161to mi radimo ovdje i prije svega polazi od toga da smo mi nezavisna dr\u017eava koja vodi ra?una o svojim i regionalnim interesima. Niko od ruskih zvani?nika nije ni u primislima poku\u0161ao da nam sugeri\u0161e \u0161to da radimo.<br \/>\nKakvi su Vam planovi za dalje razvijanje diplomatske mre\u017ee?<br \/>\nUskoro treba da po\u0161aljemo ambasadora u Gr?ku, a vrlo brzo ?emo i?i i sa dono\u0161enjem odluke o otvaranju ambasada u Turskoj i Ma?arskoj. Ambasada u Kini ve? radi, treba da imenujemo ambasadora u Pekingu.<br \/>\nMislim da smo za kratko vrijeme postigli zapa\u017een uspjeh kada je u pitanju otvaranje predstavni\u0161tava u susjednim i svim klju?nim zemljama, klju?nim me?unarodnim organizacijama, EU, NATO&#8230;<br \/>\nPlan nam je da u pojedine zemlje \u0161aljemo ljude sa specijalisti?kim znanjima, mada je jedna od glavnih obaveza na\u0161ih, kao i diplomata drugih zemlja &#8211; ja?anje ekonomske saradnje.<br \/>\n\u0160to mislite o predlozima da Crna Gora ostane neutralna i da ne ide u NATO?<br \/>\nTo je fina pri?a, ali treba biti realan. Balkan nije Skandinavija, Balkan nije ni centralna Evropa, nego je Balkan Balkan. To je utopisti?ka ideja. Pa i zemlje koje nijesu ni u EU ni u NATO-u uskla?uju svoju politiku sa njima, jer su to odr\u017eivi sistemi, koji se trude da prona?u rje\u0161enja za savremene izazove u svijetu.<br \/>\nMnogi ka\u017eu da je NATO paravan i oru?e u rukama najmo?nije zemlje svijeta?<br \/>\nAmerika je Amerika, ali da je to ta?no, Makedonija bi bila pozvana u ?lanstvo u NATO na samitu u Bukure\u0161tu, isto kao i Albanija i Hrvatska. Vidjeli ste da se tamo odluke donose konsenzusom, i da je Gr?ka blokirala Makedoniju.<br \/>\n\u0160ta mislite o tezama da je u Crnoj Gori na djelu proevropska retorika, ali da je ostala balkanska praksa?<br \/>\nRekao bih da su takva mi\u0161ljenje izraz balkanskog mentaliteta.<br \/>\nZa\u0161to?<br \/>\nZato \u0161to se ovdje do?eka na no\u017e sve \u0161to je novo i \u0161to je dobro&#8230; Pojedinci, neke partije, ili odre?ene interesne grupe sve gledaju crno. Ko je to mimo ove Vlade inaugurisao tu politiku davno, prije nego \u0161to smo postali nezavisna dr\u017eava? I sada ova Vlada nije iskreno za evropske integracije. To zaista nema nikakve logike, niti za te tvrdnje ima argumenata.<br \/>\nZar ne treba uzeti u obzir najrelevantnije faktore u EU i najvi\u0161e predstavnike zemalja ?lanica, koji izri?u veoma pozitivne ocjene o tome \u0161to radi Vlada. Treba prona?i formulu kako svaki pojedinac mo\u017ee da doprinese da br\u017ee napredujemo, jer mi sada stvarno imamo \u0161ansu da gradimo modernu evropsku dr\u017eavu.<br \/>\nDa, ali i iz EU sti\u017eu i ocjene da je Crna Gora optere?ena kriminalom i korupcijom?<br \/>\nTa?no, ali to nije na\u0161a specifi?nost. Znate \u0161to sam rekao evropskim parlamentarcima kada su to pomenuli \u2013 hvala vam \u0161to nam na to stalno ukazujete. I hvala vam \u0161to ho?ete da nam pomognete da stvorimo dr\u017eavu, koja mo\u017eda ne bi bila nalik va\u0161im dr\u017eavama, koje od toga, tako?e, nijesu imune. Da jesu, za\u0161to bi formirale mo?ne posebne agencije koje se isklju?ivo bave tim poslom.<br \/>\nAli tamo postoje presude za korupciju. Premijer je pro\u0161le nedjelje rekao da i u Crnoj Gori postoje presude za korupciju, ali nije rekao koje. Ovdje ne postoje podaci da je neko osu?en zbog korupcije \u0161to je signal da imamo sistemski problem sa pravosu?em.<br \/>\nVjerujem da Vam pravosudni organi mogu dati sve relevantne podatke.<br \/>\nDa li Vi znate koje su to presude?<br \/>\nZnam da postoje presude. Znam i na \u0161to mo\u017eda aludirate. Ali, nabrojte mi neku od zemalja u kojoj je \u2018\u2019pala neka krupna riba\u2019\u2019, \u0161to bi rekao jedan gospodin.<br \/>\nA \u0161to mislite o tvrdnjama da ovdje postoji antievropski lobi?<br \/>\nU Crnoj Gori se mo\u017ee govoriti o anticrnogorskom lobiju, koji postoji posredno i neposredno, svjesno ili nesvjesno. Sa jedne strane imate one koji su bili protiv svoje dr\u017eave i horski napadaju sve \u0161to je progresivno, a sa druge one koji do?ekaju na no\u017e sve \u0161to je novo i progresivno, i koji su vrlo skloni da kritikuju i ovdje, i kada odu iz Crne Gore, i da pri?aju sve najgore o svojoj dr\u017eavi. A ako ne po\u0161tujete svoju dr\u017eavu \u2013 ne po\u0161tujete ni sebe.<br \/>\nAli, to se mo\u017ee posmatrati kao odnos prema vladaju?oj strukturi, a ne prema dr\u017eavi?<br \/>\nNema nijedne zemlje na svijetu gdje su svi gra?ani zadovoljni vladaju?om strukturom. Zar nije ve?inska Crna Gora na brojnim izborima i na referendumu izrazila respekt prema vladaju?oj strukturi.<br \/>\nKada se govori o antievropskom lobiju, pominje se grupa oko profesora Veselina Vukoti?a koja jasno stavlja do znanja da bi trebalo obazrivije i?i i procijeniti da li Crna Gora ima koristi od EU. Da li ste o tome razgovarali sa Vukoti?em?<br \/>\nNijesam se sreo sa njim odavno, ali sam uvijek sa njim imao zanimljive razgovore, i visoko ga cijenim. Ne pratim marljivo \u0161to rade ti mladi ljudi koji su se okupili oko njega, ali, je li bog dao da ima pametnih ljudi poput profesora Vukoti?a, koji uvijek ima svje\u017eu misao. Je li bog dao da imamo slobodomisle?ih intelektualaca koji iznose svoje sudove i o tako kapitalnim temama. Sigurno je jedno &#8211; ova Vlada ima jasno zacrtane ciljeve, spremna je da saslu\u0161a bilo kakvo, i bilo ?ije mi\u0161ljenje, ali ne postoji pojedinac ili grupa koja mo\u017ee uticati na izmjenu strate\u0161kih ciljeva.<br \/>\nDa li postoje preklapanja izme?u Vas i potpredsjednice ?urovi? kada su u pitanju poslovi pridru\u017eivanja EU?<br \/>\nVi ste to blago formulisali, ali i to je intrigantska i kuloarska pri?a. Potpredsjednica ?urovi? vodi odgovoran, pionirski posao&#8230; Ona radi najte\u017ei posao u ovom procesu gdje ima mnogo administriranja, i mnogo toga nevidljivog, a MIP u tim procesima ima svoje odre?eno mjesto i ulogu. Zna?i, nema nikakvih preklapanja.<\/p>\n<p><strong>Da je Perovi? bio na mom mjestu, donio bi istu odluku<\/strong><\/p>\n<p>Prije 15 dana na Va\u0161 predlog opozvan je ambasador u Ljubljani Branko Perovi? jer nije htio da sprovede va\u0161u instrukciju o na?inu proslave Dana dr\u017eavnosti. Da li je rije? samo o principima funkcionisanja ministarstva ili je u pitanju bio i neki li?ni sukob?<br \/>\nNikakvog sukoba izme?u gospodina Perovi?a i mene niti je bilo, niti ?e biti. Siguran sam u jednu stvar \u2013 da je ambasador Perovi? bio na mom mjestu donio bi istu odluku. Jer, ako ho?emo da radimo u institucijama sistema, i da ja?amo sistem, onda moramo da radimo po utvr?enim pravilima. Ja sam samo \u0161titio integritet ove institucije i ove funkcije. Mo\u017ee nekome sa strane povod izgledati kao banalan, ali radi se o principu.<br \/>\nA da li je ta?no da ste mu preporu?ili da potra\u017ei sponozore?<br \/>\nTo je izvedena pri?a. Ja sam zaista pokazao dosta strpljenja, zvao ga i telefonom, i u tom razgovoru pomenuo da postoje i drugi izvori sredstava kada se organizuju prijemi, da vjerujem da ima na\u0161ih uspje\u0161nih ljudi u Sloveniji, koji bi \u017eeljeli da pomognu svojoj dr\u017eavi\u2026 To rade i ambasade mnogo bogatijih dr\u017eava. I ovdje, na prijemima, ?esto ?ujete da se ambasadori javno zahvaljuju kompanijama na sponzorstvu.<br \/>\nHo?e li sada vrata MIP-a biti zatvorena za Perovi?a s obzirom na to da je rije? o prili?no cijenjenom diplomati? I Branko Lukovac je najavio povla?enje iz Zagreba, a poznato je da dr\u017eava ima problema sa kadrovskim kapacitetima?<br \/>\nMi u MIP-u imamo spoj iskustva i mladosti. Uz sav respekt prema ljudima koje ste pomenuli, i sam pripadam tim generacijama, smatram da smo zaista imali vremena da svoje iskustvo i znanje prenesemo na druge. Ambasador Lukovac je najavio da uskoro odlazi u penziju jer ispunjava zakonske uslove. To je znao i onda kada je prihvatio ovu funkciju. Prirodno je, bez obzira koliko bili cijenjeni, \u0161to i ljudi u diplomatiji, kao i u drugim profesijama, jednom moraju da odu. Kako ?emo otvarati \u0161ansu drugima, mla?ima, ako mi, koji smo imali privilegiju da se dugo bavimo tim poslovima, mislimo da smo nezamjenjivi. Govorim uop\u0161teno i znam da se sa ovakvim mojim pristupom sla\u017eu i Branko Perovi? i Branko Lukovac.<\/p>\n<p><strong>Mo\u017eda prvo zakucam na vrata Pe?e Sekuli?a<\/strong><\/p>\n<p>Za\u0161to ste se ponudili da vodite kampanju \u201cod vrata do vrata\u201d za popularizaciju NATO-a?<br \/>\nDa, rekao sam da ?emo i to raditi, ako bude potrebno. Mislim da ljudima treba objasniti \u0161to je NATO i koje su to prednosti ba\u0161 za Crnu Goru da budemo ?lanica Alijanse.<br \/>\nPomo?nica generalnog sekretara NATO-a Stefani Babst ka\u017ee da oni ne vode takve kampanje, dok ni u DPS-u nijesu ba\u0161 skloni takvoj akciji?<br \/>\nAli mi nijesmo NATO. I ne?emo ni mi to raditi kada budemo bili dio NATO-a. Mo\u017eda ne?emo ni imati potrebu da to radimo. \u0160to se ti?e drugog dijela Va\u0161eg pitanja \u2013 nije DPS, niti bilo koja druga partija, zadu\u017eena za realizaciju strate\u0161kih ciljeva \u2013 dr\u017eava ulazi u NATO. Ipak, ako budemo morali voditi takvu kampanju, mo\u017eda prvo zakucam na vrata Pe?e Sekuli?a.<br \/>\nU svakom slu?aju, ?lanstvo u NATO-u je dobra investicija u sigurnu budu?nost. Ne radi se samo o ve?em prilivu stranih investicija, ve? o mnogim drugim prednostima.<br \/>\nNa primjer?<br \/>\nMalo je prostora da sve nabrajam. Ali, to su manji izdaci za reformu i funkciju vojnog i odbrambenog sektora. Prema podacima Svjetske turisti?ke organizacije, od 10 najuspje\u0161nijih turisti?kih zemalja u svijetu, sedam su ?lanice NATO\u2026<\/p>\n<p><strong>Ne bih rekao da su \u0160mit i Tankosi? napredovali<\/strong><\/p>\n<p>Koja je bila Va\u0161a uloga u odlasku sa funkcija dvojice najglasnijih kriti?ara vlasti iz me?unarodnih krugova, Tomasa \u0160mita i Gareta Tankosi?a-Kelija? Da li je ta?no da ste iskoristili svoj uticaj da ih sklonite iz Crne Gore?<br \/>\nSvima koji \u0161ire takve pri?e sam zahvalan \u0161to mi podi\u017eu rejting. Ja sam otvoren i precizan i svoje stavove sam saop\u0161tavao i javno, i u komunikaciji sa njima. Mo\u017eda su postojali odnosi neslaganja, ali su postojali i odnosi me?usobnog uva\u017eavanja. Ja sam otvoreno govorio i o tome da poneki od me?unarodnih predstavnika dolaze u Crnu Goru sa odre?enim predrasudama, nepoznavanjem situacije i pogre\u0161nim shvatanjem svoje uloge. Nije nova ta praksa \u2013 poku\u0161aja diplomatskih predstavnika pojedinih zemalja da disciplinuju Crnu Goru.<br \/>\nMe?utim, znate da se nijesu ba\u0161 proslavili, i da ?ak vi\u0161e nijesu ni u diplomatiji svoje zemlje. Kada ste ve? pomenuli imena, ne bih rekao da im je jedan takav pristup doprinio da napreduju u karijeri. Meni su ?esto govorili da su pogre\u0161no shva?eni ili citirani. Znate, ambasadori, ipak, treba da vode ra?una da nijesu imenovani kod NVO i nezavisnih medija.<br \/>\n<strong> Ne?eljko RUDOVI?<br \/>\nIzvor \/ Vijesti<\/strong><\/p>\n<p><!-- vimeo error: not a vimeo video --><br \/>\n<a class=\"aligncenter\" title=\"Apatin,  Aran?elovac,  ?uprija,  ?a?ak,  ?apljina,  ?itluk,  \u0160abac,  \u0160ipovo,  \u0160iroki Brijeg,  \u017dep?e,  \u017divinice,  Ba?ka Palanka,  Banja Luka,  Banovi?i,  Be?ej,  beograd,  Biha?,  Bijeljina,  Bor,  Bor?a,  Bosanska Gradi\u0161ka,  Bosanska Krupa,  Bosanski \u0160amac,  Bosanski Brod,  Bosanski Novi,  Br?ko,  Bu\u017eim,  Bugojno,  Cazin,  Crna Gora,  Derventa,  Doboj,  Donji Vakuf,  Drvar,  Dubrovnik,  Fo?a,  Fojnica,  Glamo?,  Gora\u017ede,  Gornji Milanovac,  Gornji Vakuf,  gostivar,  Gra?anica,  Grada?ac,  Gradiska,  Grahovo,  Had\u017ei?i,  Ilid\u017ea,  In?ija,  Jablanica,  Jagodina,  Jajce,  Kakanj,  Kalu?erica,  Kikinda,  Klju?,  Konjic,Vacation Apartments Room in Ulcinj,Unterkunft in Ulcinj Montenegro,Vacations in Ulcinj,your holiday discount price ulcinj,Ulcinj Apartments Holiday,holiday vacation apartment ulcinj,Real Estate Property Vacation ulcinj,Holiday accommodation ulcinj,ulcinj Holiday Villas and Apartments ,Hotels and Resorts - Ulcinj, Kotor Varo\u0161,  Kragujevac,  Kraljevo,  Kru\u0161evac,  Kula,  Kupres,  Lakta\u0161i,  Lazarevac,  Leskovac,  Livno,  Ljubinje,  ljublana,  Ljubu\u0161ki,  Loznica,  Lukavac,  Maglaj,  Mladenovac,  Modri?a,  montenegro erlajnz,  mostar,  Mrkonji? Grad,  Neum,  Ni\u0161,  Novi Pazar,  Novi Sad,  Novi Travnik,  Obrenovac,  Od\u017eak,  ohrid,  Ora\u0161je,  Pale,  Pan?evo,  Para?in,  Pirot,  Po\u017earevac,  Podgorica,  Priboj,  Prijedor,  Prokuplje,  Prozor,  pula,  rijeka,  Ruma,  Sanski Most,  Sarajevo,  Senta,  serbija,  sibenik,  skopje,  Smederevo,  Smederevska Palanka,  Sokolac,  Sombor,  split,  Srebrenica,  Srebrenik,  Sremska Mitrovica,  Stolac,  Struga,  Subotica,  Temerin,  Tesli?,  tetovo,  Travnik,  Trebinje,  tuzla,  U\u017eice,  ulcinj,  Valjevo,  Velika Kladu\u0161a,  Vi\u0161egrad,  Visoko,  Vitez,  Vogo\u0161?a,  vojvodina,  Vranje,  Vr\u0161ac,  Vrbas,  zadar,  Zagreb,  Zaje?ar,  Zavidovi?i,  Zenica,  Zrenjanin,  Zvornik,copacabana ulcinj,  h\u00f4tels,  hotel ulqin,  Kosova,  Mali i Zi,  Maqedonija,  Montenegro,  montenegro tourisme plage,  montenegro ulcinj,  Shpallje Falas,  Shpallje Falas per shitjen e shtepis se juaj,  Shpallje Falas per villat e juaj,  Shpallje Falas Real Estate,  Shpallje Falas turistike,  shqiperija,  tourisme,  Ulci?,  ulcinj,  ulqin,  ulqin hotel,  ulqini,  ulqini 2007,Ada Bojana,  Alba?czyk,  Cita di Dolcino,  Copacabana,  Czarnog\u00f3ra,  Czarnog\u00f3rzec,  Don Kichota,  Ma?a Pla?a,  Mandra,  MIGUEL DE SERVANTES,  p\u00f3?wyspy Marjan,  Pla?a Valdanos,  Rzeka Bojana,  Shas \/ \u0160as \/ Sva?,  Ulci?,  Ulcinjsk? Riwier?,  Wielka Pla?a,  Wyspa Bojana,WELCOME ,BIENVENUE , WILLKOMMEN ,- BENVENUTO ,- MIR\u00cb SE VINI ,- DOBRO DO\u0160LI TO ULCINJ \/ ULQIN ,\u2013 MONTENEGRO ,????? ?????????? ,- VITAJTE, - BRUCHIM HABAYIM ,-V\u00cdTEJTE, - WITAJCIE, - KHOSH \u00c2MAD\u00ceD ,- BITAEMO ,- CHAIRE, - ZAPRASHAJEM ,- V\u00c4LKOMMEN,  - VELKOMMEN ,- DOBRE DOSHLE, - PARI YEGAK ,- SW\u00c2GATAM, - ISTEN HOZTA, - ZAYT VILKUM, - HO?GELDINIZ ,- BIENVENIDOS ,- SUSHRI AKAL, - HUSH KILDEGEZ, - BUN VENIT, - PE KHER RAGLE, - BEM-VINDO, - HUAN YIN ,- BIEN ATI VENI ,- \u00c2SANTU ,- SELAMAT DATANG, - W\u00cbLLKOMM ,- XUSH AMD\u00ceD, - SVEIKI, - HUN BI XER HATIN, - KIRINIZ ,- ENNA ,VISHAYAM ,- MERHABA ,- F\u00c1ILTE, - VELKOMINN ,- VAELKOMIN, - TERE TULEMAST ,- M\u00c4RSHA W\u00daGH\u00cdL ,- MISHTO AVILAN , WELKOM ,- TERVETULOA ,- ONGI ETORRI ,-, REKHIM ITEGEZ ,- XOSH G\u00c4LM\u00ceS\u00c4N, - WILICOM ,- CROESO ,- SHAGATOM, - IRASHAIMASU ,- KEBLAR, - AHUP YAN, - IRKHT ERGANAVIDN, - LUID, - SOHM SW\u00c2KOHM, - URAKAZA ,- KARIBU, - SELAM, - VIDZA ,KORAM -, YEYACHI -, KUSHE - ,BIENVENIDA -, ESIET SVEICINATI ,- FAILT ,- ,KRUPAY\u00c2 \u00c2TUY\u00c2, - MAIEM ,- BENVEGN\u00dcU ,- TAVTAI ,MORIL, - TAMA ,- BENVINUTU ,- SILAMO, - WILUJENG SUMPING ,- MABUHAY ,- GAZHACA \u00cbTISKOM, - DOBRO POZHALOVAT' ,- TISTIK ,- ISIBINGELELO, - BALLE, - INDE TORN LAP ,- SOO DHA WOOW ,- PILIGANIMU, - MALIU MAI, - PASAYKAMOY, - HAERE MAI, - BOYEI BOLAMU ,- BARKA D\u00c1 ZUW\u00c1 ,- W\u00c2CHIY\u00c2 , KOPIVOSIAN ,- SANSOF\u00c9 ,- KALOS ORISATE, - W\u00c4LJKIIMEN ,- ILO LA, - WILKEMEN, - A JARAAMA ,- TUAJ LOS ,- DUMANON CAYO, - ADANAVE ,\u2013 VITAMEVAS , MALI I ZI,CRNA GORA,??????????,???????,??????????, ?ern\u00e1 Hora,TO ULCINJ \/ ULQIN \u2013 MONTENEGRO, Czarnog\u00f3ra, Muntenegru, ????? ????, Montenegr\u00f3,,Holiday ,Beach,Vacation,WELCOME ,BIENVENUE , WILLKOMMEN ,- BENVENUTO ,- MIR\u00cb SE VINI ,- DOBRO DO\u0160LI TO ULCINJ \/ ULQIN ,\u2013 MONTENEGRO ,????? ?????????? ,- VITAJTE, - BRUCHIM HABAYIM ,-V\u00cdTEJTE, - WITAJCIE, - KHOSH \u00c2MAD\u00ceD ,- BITAEMO ,- CHAIRE, - ZAPRASHAJEM ,- V\u00c4LKOMMEN,  - VELKOMMEN ,- DOBRE DOSHLE, - PARI YEGAK ,- SW\u00c2GATAM, - ISTEN HOZTA, - ZAYT VILKUM, - HO?GELDINIZ ,- BIENVENIDOS ,- SUSHRI AKAL, - HUSH KILDEGEZ, - BUN VENIT, - PE KHER RAGLE, - BEM-VINDO, - HUAN YIN ,- BIEN ATI VENI ,- \u00c2SANTU ,- SELAMAT DATANG, - W\u00cbLLKOMM ,- XUSH AMD\u00ceD, - SVEIKI, - HUN BI XER HATIN, - KIRINIZ ,- ENNA ,VISHAYAM ,- MERHABA ,- F\u00c1ILTE, - VELKOMINN ,- VAELKOMIN, - TERE TULEMAST ,- M\u00c4RSHA W\u00daGH\u00cdL ,- MISHTO AVILAN , WELKOM ,- TERVETULOA ,- ONGI ETORRI ,-, REKHIM ITEGEZ ,- XOSH G\u00c4LM\u00ceS\u00c4N, - WILICOM ,- CROESO ,- SHAGATOM, - IRASHAIMASU ,- KEBLAR, - AHUP YAN, - IRKHT ERGANAVIDN, - LUID, - SOHM SW\u00c2KOHM, - URAKAZA ,- KARIBU, - SELAM, - VIDZA ,KORAM -, YEYACHI -, KUSHE - ,BIENVENIDA -, ESIET SVEICINATI ,- FAILT ,- ,KRUPAY\u00c2 \u00c2TUY\u00c2, - MAIEM ,- BENVEGN\u00dcU ,- TAVTAI ,MORIL, - TAMA ,- BENVINUTU ,- SILAMO, - WILUJENG SUMPING ,- MABUHAY ,- GAZHACA \u00cbTISKOM, - DOBRO POZHALOVAT ,- TISTIK ,- ISIBINGELELO, - BALLE, - INDE TORN LAP ,- SOO DHA WOOW ,- PILIGANIMU, - MALIU MAI, - PASAYKAMOY, - HAERE MAI, - BOYEI BOLAMU ,- BARKA D\u00c1 ZUW\u00c1 ,- W\u00c2CHIY\u00c2 , KOPIVOSIAN ,- SANSOF\u00c9 ,- KALOS ORISATE, - W\u00c4LJKIIMEN ,- ILO LA, - WILKEMEN, - A JARAAMA ,- TUAJ LOS ,- DUMANON CAYO, - ADANAVE ,\u2013 VITAMEVAS , MALI I ZI,CRNA GORA,??????????,???????,??????????, ?ern\u00e1 Hora,TO ULCINJ \/ ULQIN,MONTENEGRO, Czarnog\u00f3ra, Muntenegru, ????? ????, Montenegr\u00f3,Adelina Isamajli,  Albaniku,  Artana,  Bujanoci,  Burimi,  Dardana,  Dardan\u00eb,  De\u00e7an,  Dibra,  Drenas,  Drenasi,  Ferizaj,  Ferizaji,  Fush\u00eb Kosova,  Fush\u00eb Kosov\u00eb,  Gjakova,  Gjakov\u00eb,  Gjilan,  Gjilani,  Gostivari,  Istog,  Istog\u00b7,  Ka\u00e7anik,  Ka\u00e7aniku,  Kastrioti,  K\u00ebr\u00e7ova,  Klina,  Klin\u00eb,  Kumanova,  Leposaviq,  Leskovci,  Likova,  Lipjan,  Lipjani,  Malisheva,  Malishev\u00eb,  Manastiri,  Medvegja,  Mitrovica,  Mitrovic\u00eb,  Novob\u00ebrd\u00eb,  Obiliq\u00b7 Rahovec,  Ohri,  Peja,  Pej\u00eb,  Podujeva,  Podujev\u00eb,  Presheva,  Prishtina,  Prishtin\u00eb,  Prizren,  Prizreni,  Rahoveci,  Sharri,  Sharri (Kosov\u00eb),  Shkupi,  Sht\u00ebrpca,  Sht\u00ebrpc\u00eb,  Shtime,  Sk\u00ebnderaj,  Struga,  Tetova,  Theranda,  Therand\u00eb,  Triumf Riza,  Veleshta,  Viti,  Vitia,  Vushtrri,  Vushtrria,  Zubin Potok,  Zubin Potoku,  Zve\u00e7an,  Zve\u00e7ani,villa \u00e0 louer \u00e0 ulcinj, location de vacance, location saisonni\u00e8res, louer villa,location de vacance, Locations vacance, h\u00e9bergements vacances, locations villa, logements de vacances, location maison avec piscine, Location vacance, locations de vacance, h\u00e9bergements de vacances, location villa, locations entre particulier, logements vacance, vacances \u00e0 Mont\u00e9n\u00e9gro - location \u00e0 Ulcinj ,location  de bigorre.\" href=\"http:\/\/www.visit-ulcinj.com\/tourism\/\" target=\"_blank\"><img loading=\"lazy\" style=\"float: right;\" src=\"http:\/\/www.visit-ulcinj.com\/blog\/wp-content\/uploads\/2008\/06\/holiday-rental-ulcinj-ulqini_ulqin_logo.gif\" alt=\"Apatin,  Aran?elovac,  ?uprija,  ?a?ak,  ?apljina,  ?itluk,  \u0160abac,  \u0160ipovo,  \u0160iroki Brijeg,  \u017dep?e,  \u017divinice,  Ba?ka Palanka,  Banja Luka,  Banovi?i,  Be?ej,  beograd,  Biha?,  Bijeljina,  Bor,  Bor?a,  Bosanska Gradi\u0161ka,  Bosanska Krupa,  Bosanski \u0160amac,  Bosanski Brod,  Bosanski Novi,  Br?ko,  Bu\u017eim,  Bugojno,  Cazin,  Crna Gora,  Derventa,  Doboj,  Donji Vakuf,  Drvar,  Dubrovnik,  Fo?a,  Fojnica,  Glamo?,  Gora\u017ede,  Gornji Milanovac,  Gornji Vakuf,  gostivar,  Gra?anica,  Grada?ac,  Gradiska,  Grahovo,  Had\u017ei?i,  Ilid\u017ea,  In?ija,  Jablanica,  Jagodina,  Jajce,  Kakanj,  Kalu?erica,  Kikinda,  Klju?,  Konjic,  Kotor Varo\u0161,  Kragujevac,  Kraljevo,  Kru\u0161evac,  Kula,  Kupres,  Lakta\u0161i,  Lazarevac,  Leskovac,  Livno,  Ljubinje,  ljublana,  Ljubu\u0161ki,  Loznica,  Lukavac,  Maglaj,  Mladenovac,  Modri?a,  montenegro erlajnz,  mostar,  Mrkonji? Grad,  Neum,  Ni\u0161,  Novi Pazar,  Novi Sad,  Novi Travnik,  Obrenovac,  Od\u017eak,  ohrid,  Ora\u0161je,  Pale,  Pan?evo,  Para?in,  Pirot,  Po\u017earevac,  Podgorica,  Priboj,  Prijedor,  Prokuplje,  Prozor,  pula,  rijeka,  Ruma,  Sanski Most,  Sarajevo,  Senta,  serbija,  sibenik,  skopje,  Smederevo,  Smederevska Palanka,  Sokolac,  Sombor,  split,  Srebrenica,  Srebrenik,  Sremska Mitrovica,  Stolac,  Struga,  Subotica,  Temerin,  Tesli?,  tetovo,  Travnik,  Trebinje,  tuzla,  U\u017eice,  ulcinj,  Valjevo,  Velika Kladu\u0161a,  Vi\u0161egrad,  Visoko,  Vitez,  Vogo\u0161?a,  vojvodina,  Vranje,  Vr\u0161ac,  Vrbas,  zadar,  Zagreb,  Zaje?ar,  Zavidovi?i,  Zenica,  Zrenjanin,  Zvornik,copacabana ulcinj,  h\u00f4tels,  hotel ulqin,  Kosova,  Mali i Zi,  Maqedonija,  Montenegro,  montenegro tourisme plage,  montenegro ulcinj,  Shpallje Falas,  Shpallje Falas per shitjen e shtepis se juaj,  Shpallje Falas per villat e juaj,  Shpallje Falas Real Estate,  Shpallje Falas turistike,  shqiperija,  tourisme,  Ulci?,  ulcinj,  ulqin,  ulqin hotel,  ulqini,  ulqini 2007,Ada Bojana,  Alba?czyk,  Cita di Dolcino,  Copacabana,  Czarnog\u00f3ra,  Czarnog\u00f3rzec,  Don Kichota,  Ma?a Pla?a,  Mandra,  MIGUEL DE SERVANTES,  p\u00f3?wyspy Marjan,  Pla?a Valdanos,  Rzeka Bojana,  Shas \/ \u0160as \/ Sva?,  Ulci?,  Ulcinjsk? Riwier?,  Wielka Pla?a,  Wyspa Bojana,GORA,??????????,???????,??????????, ?ern\u00e1 Hora,TO ULCINJ \/ ULQIN,MONTENEGRO, Czarnog\u00f3ra, Muntenegru, ????? ????, Montenegr\u00f3,villa \u00e0 louer \u00e0 ulcinj, location de vacance, location saisonni\u00e8res, louer villa,location de vacance, Locations vacance, h\u00e9bergements vacances, locations villa, logements de vacances, location maison avec piscine, Location vacance, locations de vacance, h\u00e9bergements de vacances, location villa, locations entre particulier, logements vacance, vacances \u00e0 Mont\u00e9n\u00e9gro - location \u00e0 Ulcinj ,location  de bigorre.\" width=\"510\" height=\"145\" \/><\/a><\/p>\n","protected":false},"excerpt":{"rendered":"<p><img loading=\"lazy\" class=\"alignleft\" style=\"float: left;\" src=\"http:\/\/www.vijesti.cg.yu\/_slike\/1215038102.jpg\" alt=\"Milan Ro?en\" width=\"140\" height=\"140\" \/><\/p>\n","protected":false},"author":1,"featured_media":0,"comment_status":"open","ping_status":"closed","sticky":false,"template":"","format":"standard","meta":{"spay_email":"","jetpack_publicize_message":"","jetpack_is_tweetstorm":false,"jetpack_publicize_feature_enabled":true},"categories":[6,14,12,15],"tags":[20,788,4221],"jetpack_publicize_connections":[],"yoast_head":"<!-- This site is optimized with the Yoast SEO plugin v19.1 - https:\/\/yoast.com\/wordpress\/plugins\/seo\/ -->\n<title>Milan Ro?en:Prizna?emo Kosovo - Lajme nga Ulqini<\/title>\n<meta name=\"robots\" content=\"index, follow, max-snippet:-1, max-image-preview:large, max-video-preview:-1\" \/>\n<link rel=\"canonical\" href=\"https:\/\/www.visit-ulcinj.com\/blog\/2008\/07\/03\/milan-rocenpriznacemo-kosovo\/\" \/>\n<meta property=\"og:locale\" content=\"en_US\" \/>\n<meta property=\"og:type\" content=\"article\" \/>\n<meta property=\"og:title\" content=\"Milan Ro?en:Prizna?emo Kosovo - Lajme nga Ulqini\" \/>\n<meta property=\"og:url\" content=\"https:\/\/www.visit-ulcinj.com\/blog\/2008\/07\/03\/milan-rocenpriznacemo-kosovo\/\" \/>\n<meta property=\"og:site_name\" content=\"Lajme nga Ulqini\" \/>\n<meta property=\"article:published_time\" content=\"2008-07-03T18:05:39+00:00\" \/>\n<meta property=\"og:image\" content=\"http:\/\/www.vijesti.cg.yu\/_slike\/1215038102.jpg\" \/>\n<meta name=\"twitter:label1\" content=\"Written by\" \/>\n\t<meta name=\"twitter:data1\" content=\"ulqini\" \/>\n\t<meta name=\"twitter:label2\" content=\"Est. reading time\" \/>\n\t<meta name=\"twitter:data2\" content=\"14 minutes\" \/>\n<script type=\"application\/ld+json\" class=\"yoast-schema-graph\">{\"@context\":\"https:\/\/schema.org\",\"@graph\":[{\"@type\":\"WebSite\",\"@id\":\"https:\/\/www.visit-ulcinj.com\/blog\/#website\",\"url\":\"https:\/\/www.visit-ulcinj.com\/blog\/\",\"name\":\"Lajme nga Ulqini\",\"description\":\"Lajme,Vijesti,Ulqini,Ulqin,Crna Gora,Mali i Zi\",\"potentialAction\":[{\"@type\":\"SearchAction\",\"target\":{\"@type\":\"EntryPoint\",\"urlTemplate\":\"https:\/\/www.visit-ulcinj.com\/blog\/?s={search_term_string}\"},\"query-input\":\"required name=search_term_string\"}],\"inLanguage\":\"en-US\"},{\"@type\":\"ImageObject\",\"inLanguage\":\"en-US\",\"@id\":\"https:\/\/www.visit-ulcinj.com\/blog\/2008\/07\/03\/milan-rocenpriznacemo-kosovo\/#primaryimage\",\"url\":\"http:\/\/www.vijesti.cg.yu\/_slike\/1215038102.jpg\",\"contentUrl\":\"http:\/\/www.vijesti.cg.yu\/_slike\/1215038102.jpg\"},{\"@type\":\"WebPage\",\"@id\":\"https:\/\/www.visit-ulcinj.com\/blog\/2008\/07\/03\/milan-rocenpriznacemo-kosovo\/#webpage\",\"url\":\"https:\/\/www.visit-ulcinj.com\/blog\/2008\/07\/03\/milan-rocenpriznacemo-kosovo\/\",\"name\":\"Milan Ro?en:Prizna?emo Kosovo - Lajme nga Ulqini\",\"isPartOf\":{\"@id\":\"https:\/\/www.visit-ulcinj.com\/blog\/#website\"},\"primaryImageOfPage\":{\"@id\":\"https:\/\/www.visit-ulcinj.com\/blog\/2008\/07\/03\/milan-rocenpriznacemo-kosovo\/#primaryimage\"},\"datePublished\":\"2008-07-03T18:05:39+00:00\",\"dateModified\":\"2008-07-03T18:05:39+00:00\",\"author\":{\"@id\":\"https:\/\/www.visit-ulcinj.com\/blog\/#\/schema\/person\/dcab619c614d3038751c63bc2aadc06d\"},\"breadcrumb\":{\"@id\":\"https:\/\/www.visit-ulcinj.com\/blog\/2008\/07\/03\/milan-rocenpriznacemo-kosovo\/#breadcrumb\"},\"inLanguage\":\"en-US\",\"potentialAction\":[{\"@type\":\"ReadAction\",\"target\":[\"https:\/\/www.visit-ulcinj.com\/blog\/2008\/07\/03\/milan-rocenpriznacemo-kosovo\/\"]}]},{\"@type\":\"BreadcrumbList\",\"@id\":\"https:\/\/www.visit-ulcinj.com\/blog\/2008\/07\/03\/milan-rocenpriznacemo-kosovo\/#breadcrumb\",\"itemListElement\":[{\"@type\":\"ListItem\",\"position\":1,\"name\":\"Milan Ro?en:Prizna?emo Kosovo\"}]},{\"@type\":\"Person\",\"@id\":\"https:\/\/www.visit-ulcinj.com\/blog\/#\/schema\/person\/dcab619c614d3038751c63bc2aadc06d\",\"name\":\"ulqini\",\"sameAs\":[\"http:\/\/www.visit-ulcinj.com\"],\"url\":\"https:\/\/www.visit-ulcinj.com\/blog\/author\/admin\/\"}]}<\/script>\n<!-- \/ Yoast SEO plugin. -->","yoast_head_json":{"title":"Milan Ro?en:Prizna?emo Kosovo - Lajme nga Ulqini","robots":{"index":"index","follow":"follow","max-snippet":"max-snippet:-1","max-image-preview":"max-image-preview:large","max-video-preview":"max-video-preview:-1"},"canonical":"https:\/\/www.visit-ulcinj.com\/blog\/2008\/07\/03\/milan-rocenpriznacemo-kosovo\/","og_locale":"en_US","og_type":"article","og_title":"Milan Ro?en:Prizna?emo Kosovo - Lajme nga Ulqini","og_url":"https:\/\/www.visit-ulcinj.com\/blog\/2008\/07\/03\/milan-rocenpriznacemo-kosovo\/","og_site_name":"Lajme nga Ulqini","article_published_time":"2008-07-03T18:05:39+00:00","og_image":[{"url":"http:\/\/www.vijesti.cg.yu\/_slike\/1215038102.jpg"}],"twitter_misc":{"Written by":"ulqini","Est. reading time":"14 minutes"},"schema":{"@context":"https:\/\/schema.org","@graph":[{"@type":"WebSite","@id":"https:\/\/www.visit-ulcinj.com\/blog\/#website","url":"https:\/\/www.visit-ulcinj.com\/blog\/","name":"Lajme nga Ulqini","description":"Lajme,Vijesti,Ulqini,Ulqin,Crna Gora,Mali i Zi","potentialAction":[{"@type":"SearchAction","target":{"@type":"EntryPoint","urlTemplate":"https:\/\/www.visit-ulcinj.com\/blog\/?s={search_term_string}"},"query-input":"required name=search_term_string"}],"inLanguage":"en-US"},{"@type":"ImageObject","inLanguage":"en-US","@id":"https:\/\/www.visit-ulcinj.com\/blog\/2008\/07\/03\/milan-rocenpriznacemo-kosovo\/#primaryimage","url":"http:\/\/www.vijesti.cg.yu\/_slike\/1215038102.jpg","contentUrl":"http:\/\/www.vijesti.cg.yu\/_slike\/1215038102.jpg"},{"@type":"WebPage","@id":"https:\/\/www.visit-ulcinj.com\/blog\/2008\/07\/03\/milan-rocenpriznacemo-kosovo\/#webpage","url":"https:\/\/www.visit-ulcinj.com\/blog\/2008\/07\/03\/milan-rocenpriznacemo-kosovo\/","name":"Milan Ro?en:Prizna?emo Kosovo - Lajme nga Ulqini","isPartOf":{"@id":"https:\/\/www.visit-ulcinj.com\/blog\/#website"},"primaryImageOfPage":{"@id":"https:\/\/www.visit-ulcinj.com\/blog\/2008\/07\/03\/milan-rocenpriznacemo-kosovo\/#primaryimage"},"datePublished":"2008-07-03T18:05:39+00:00","dateModified":"2008-07-03T18:05:39+00:00","author":{"@id":"https:\/\/www.visit-ulcinj.com\/blog\/#\/schema\/person\/dcab619c614d3038751c63bc2aadc06d"},"breadcrumb":{"@id":"https:\/\/www.visit-ulcinj.com\/blog\/2008\/07\/03\/milan-rocenpriznacemo-kosovo\/#breadcrumb"},"inLanguage":"en-US","potentialAction":[{"@type":"ReadAction","target":["https:\/\/www.visit-ulcinj.com\/blog\/2008\/07\/03\/milan-rocenpriznacemo-kosovo\/"]}]},{"@type":"BreadcrumbList","@id":"https:\/\/www.visit-ulcinj.com\/blog\/2008\/07\/03\/milan-rocenpriznacemo-kosovo\/#breadcrumb","itemListElement":[{"@type":"ListItem","position":1,"name":"Milan Ro?en:Prizna?emo Kosovo"}]},{"@type":"Person","@id":"https:\/\/www.visit-ulcinj.com\/blog\/#\/schema\/person\/dcab619c614d3038751c63bc2aadc06d","name":"ulqini","sameAs":["http:\/\/www.visit-ulcinj.com"],"url":"https:\/\/www.visit-ulcinj.com\/blog\/author\/admin\/"}]}},"jetpack_featured_media_url":"","jetpack_sharing_enabled":true,"jetpack_shortlink":"https:\/\/wp.me\/pe6lTn-yB","_links":{"self":[{"href":"https:\/\/www.visit-ulcinj.com\/blog\/wp-json\/wp\/v2\/posts\/2145"}],"collection":[{"href":"https:\/\/www.visit-ulcinj.com\/blog\/wp-json\/wp\/v2\/posts"}],"about":[{"href":"https:\/\/www.visit-ulcinj.com\/blog\/wp-json\/wp\/v2\/types\/post"}],"author":[{"embeddable":true,"href":"https:\/\/www.visit-ulcinj.com\/blog\/wp-json\/wp\/v2\/users\/1"}],"replies":[{"embeddable":true,"href":"https:\/\/www.visit-ulcinj.com\/blog\/wp-json\/wp\/v2\/comments?post=2145"}],"version-history":[{"count":0,"href":"https:\/\/www.visit-ulcinj.com\/blog\/wp-json\/wp\/v2\/posts\/2145\/revisions"}],"wp:attachment":[{"href":"https:\/\/www.visit-ulcinj.com\/blog\/wp-json\/wp\/v2\/media?parent=2145"}],"wp:term":[{"taxonomy":"category","embeddable":true,"href":"https:\/\/www.visit-ulcinj.com\/blog\/wp-json\/wp\/v2\/categories?post=2145"},{"taxonomy":"post_tag","embeddable":true,"href":"https:\/\/www.visit-ulcinj.com\/blog\/wp-json\/wp\/v2\/tags?post=2145"}],"curies":[{"name":"wp","href":"https:\/\/api.w.org\/{rel}","templated":true}]}}