{"id":2146,"date":"2008-07-03T13:52:35","date_gmt":"2008-07-03T18:52:35","guid":{"rendered":"http:\/\/www.visit-ulcinj.com\/blog\/?p=2146"},"modified":"2008-07-03T13:52:35","modified_gmt":"2008-07-03T18:52:35","slug":"pse-mali-i-zi-duhet-ta-njohe-kosoven-e-pavarur","status":"publish","type":"post","link":"https:\/\/www.visit-ulcinj.com\/blog\/2008\/07\/03\/pse-mali-i-zi-duhet-ta-njohe-kosoven-e-pavarur\/","title":{"rendered":"&#8220;Pse Mali i Zi duhet ta njoh\u00eb Kosov\u00ebn e pavarur&#8221;"},"content":{"rendered":"<p><a href=\"http:\/\/www.visit-ulcinj.com\/blog\/wp-content\/uploads\/2008\/05\/ferhat-dinosha.jpg\"><img loading=\"lazy\" class=\"alignleft attachment wp-att-1628\" style=\"float: left;\" src=\"http:\/\/www.visit-ulcinj.com\/blog\/wp-content\/uploads\/2008\/05\/ferhat-dinosha.thumbnail.jpg\" alt=\"FERHAT DINOSHA_01\" width=\"189\" height=\"200\" \/><\/a><strong>Ferhat Dinosha, kreu i Unionit Demokratik t\u00eb Shqiptar\u00ebve paralajm\u00ebron qeverin\u00eb malazeze: Viti i ardhsh\u00ebm, vit zgjedho<\/strong>r<br \/>\nKryetari i Unionit Demokratik t\u00eb Shqiptar\u00ebve n\u00eb Mal t\u00eb Zi, Ferhat Dinosha, paralajm\u00ebroi qeverin\u00eb malazeze se nuk \u00ebsht\u00eb n\u00eb interesin e saj komb\u00ebtar q\u00eb Mali i Zi t\u00eb zvarris\u00eb njohjen e Kosov\u00ebs. Ai vler\u00ebsoi se Podgorica duhet ta njoh\u00eb Prishtin\u00ebn n\u00eb paket\u00eb, s\u00eb bashku me Maqedonin\u00eb gjat\u00eb k\u00ebtij viti. &#8220;Ndoshta do t\u00eb ishte m\u00eb mir\u00eb q\u00eb njohja t\u00eb b\u00ebhej n\u00eb paket\u00eb me Maqedonin\u00eb. T\u00eb dyja shtetet aspirojn\u00eb integrimet. Ky do t\u00eb ishte hap i r\u00ebnd\u00ebsish\u00ebm n\u00eb k\u00ebt\u00eb rrug\u00eb&#8221;, tha Dinosha p\u00ebr gazet\u00ebn malazeze &#8220;Republika&#8221;.<br \/>\nDo t\u00eb ishte m\u00eb keq, sipas tij, n\u00ebse Podgorica do ta shtynte vendimin p\u00ebr vitin tjet\u00ebr, p\u00ebr shkak se ai \u00ebsht\u00eb vit zgjedhor. Dinosha shprehu gatishm\u00ebrin\u00eb p\u00ebr t\u00eb nd\u00ebrmjet\u00ebsuar mes institucioneve t\u00eb Prishtin\u00ebs dhe malazez\u00ebve n\u00eb Kosov\u00eb, q\u00eb malazez\u00ebt e Kosov\u00ebs t\u00eb p\u00ebrfshihen n\u00eb Kushtetut\u00ebn e saj.<a title=\"republika\" href=\"http:\/\/www.republika.cg.yu\/naslovna.phtml\" target=\"_blank\"><img loading=\"lazy\" class=\"alignright\" style=\"float: right;\" src=\"http:\/\/www.republika.cg.yu\/images\/logo_new.gif\" alt=\"republika\" width=\"216\" height=\"73\" \/><\/a><\/p>\n<p><strong>M\u00eb par\u00eb kishit parashikuar se Mali i Zi do ta njihte pavar\u00ebsin\u00eb e Kosov\u00ebs n\u00eb maj. A jeni i m\u00ebrzitur me faktin se kjo nuk ka ndodhur?<\/strong><\/p>\n<p>Mendoj se maji ka pasur simbolik\u00ebn e tij kur \u00ebsht\u00eb fjala p\u00ebr \u00e7\u00ebshtjen e njohjes s\u00eb pavar\u00ebsis\u00eb s\u00eb Kosov\u00ebs. Nuk do t\u00eb kishte asnj\u00eb t\u00eb keqe n\u00ebse njohja do t\u00eb ndodhte n\u00eb k\u00ebt\u00eb muaj, sidomos n\u00ebse nisemi nga fakti se p\u00ebr k\u00ebt\u00eb \u00e7\u00ebshtje duhet t\u00eb shprehet Mali i Zi. Fakti se njohja e pavar\u00ebsis\u00eb s\u00eb Kosov\u00ebs nuk u b\u00eb n\u00eb maj, nuk do t\u00eb thot\u00eb se nuk do t\u00eb b\u00ebhet gjat\u00eb k\u00ebtij viti. Mali i Zi duhet ta ofroj\u00eb p\u00ebrgjigjen p\u00ebr k\u00ebt\u00eb \u00e7\u00ebshtje. Kjo do t\u00eb jet\u00eb m\u00eb mir\u00eb p\u00ebr at\u00eb vet\u00eb, sepse \u00e7\u00ebshtja e Kosov\u00ebs \u00ebsht\u00eb element i r\u00ebnd\u00ebsish\u00ebm n\u00eb rrug\u00ebn e integrimeve evropiane e euroatlantike.<\/p>\n<p><strong>A prisni q\u00eb qeveria malazeze ta njoh\u00eb Prishtin\u00ebn n\u00eb t\u00eb ashtuquajtur\u00ebn val\u00eb e dyt\u00eb e njohjeve, q\u00eb sipas deklaratave, pritet t\u00eb ndodh\u00eb menj\u00ebher\u00eb pas formimit t\u00eb qeveris\u00eb proevropiane n\u00eb Beograd?<\/strong><\/p>\n<p>Mali i Zi nuk duhet t\u00eb pasoj\u00eb sjelljen e disa shteteve n\u00eb rajon, q\u00eb gjithashtu nuk e kan\u00eb njohur pavar\u00ebsin\u00eb e Kosov\u00ebs. Ndoshta do t\u00eb ishte m\u00eb mir\u00eb q\u00eb njohja t\u00eb b\u00ebhet n\u00eb paket\u00eb me Maqedonin\u00eb. T\u00eb dyja shtetet aspirojn\u00eb integrimet dhe ky do t\u00eb ishte hap i r\u00ebnd\u00ebsish\u00ebm n\u00eb k\u00ebt\u00eb rrug\u00eb.<\/p>\n<p><strong>A mendoni se kjo \u00e7\u00ebshtje nuk ka nj\u00eb lidhje direkte me formimin e qeveris\u00eb s\u00eb Beogradit?<\/strong><\/p>\n<p><a href=\"http:\/\/www.visit-ulcinj.com\/blog\/wp-content\/uploads\/2008\/06\/nimani_dinosha.jpg\"><img loading=\"lazy\" class=\"alignleft attachment wp-att-2108\" style=\"float: left;\" src=\"http:\/\/www.visit-ulcinj.com\/blog\/wp-content\/uploads\/2008\/06\/nimani_dinosha.thumbnail.jpg\" alt=\"FERHAT DINOSHA_FUAD NIMANI_Livija Plaks\" width=\"200\" height=\"166\" \/><\/a>\u00cbsht\u00eb e besueshme se, s\u00eb pari, sjellja e k\u00ebsaj qeverie ndiqet nga bashk\u00ebsia nd\u00ebrkomb\u00ebtare. N\u00eb ndonj\u00eb faz\u00eb, pas studimit t\u00eb sjelljes s\u00eb saj, besohet se do t\u00eb pasoj\u00eb vala e njohjes nga ana e shteteve t\u00eb tjera n\u00eb bot\u00eb. Mendoj se rajoni duhet t\u00eb jet\u00eb i pari q\u00eb reagon n\u00eb k\u00ebt\u00eb drejtim.<\/p>\n<p><strong>N\u00eb rast se qeveria malazeze, p\u00ebr shkaqe t\u00eb ndryshme, fillon ta zvarris\u00eb njohjen, a mendoni se do t\u00eb pasoj\u00eb presioni i bashk\u00ebsis\u00eb nd\u00ebrkomb\u00ebtare p\u00ebr ta b\u00ebr\u00eb procesin m\u00eb intensiv?<\/strong><\/p>\n<p>Mendoj se nuk \u00ebsht\u00eb n\u00eb interes t\u00eb Malit t\u00eb Zi ta zvarris\u00eb shum\u00eb pranimin e pavar\u00ebsis\u00eb s\u00eb Kosov\u00ebs. Vitin e ardhsh\u00ebm, n\u00eb Mal t\u00eb Zi, do t\u00eb zhvillohen zgjedhjet. Nuk besoj se do t\u00eb ishte mir\u00eb q\u00eb viti i ardhsh\u00ebm t\u00eb ngarkohet me k\u00ebt\u00eb \u00e7\u00ebshtje. N\u00ebse kjo do t\u00eb zgjatej m\u00eb shum\u00eb se nj\u00eb vit, gjithsesi nuk do t\u00eb ishte n\u00eb interes t\u00eb Malit t\u00eb Zi. Besohet se do t\u00eb ket\u00eb sugjerime nga an\u00ebtar\u00ebt e BE-s\u00eb q\u00eb kjo gj\u00eb t\u00eb b\u00ebhet m\u00eb par\u00eb.<\/p>\n<p><strong>Si i konsideroni deklaratat e Serbis\u00eb se, n\u00eb rast t\u00eb njohjes s\u00eb Kosov\u00ebs nga Mali i Zi, ajo mund ta t\u00ebrheq\u00eb ambasadorin nga Podgorica?<\/strong><\/p>\n<p>Serbia mund ta nd\u00ebrmarr\u00eb k\u00ebt\u00eb veprim, por ai do t\u00eb kishte vet\u00ebm efekt t\u00eb p\u00ebrkohsh\u00ebm. Mendoj se pas k\u00ebsaj periudhe, Serbia do ta d\u00ebrgonte prap\u00eb njeriun e saj n\u00eb Podgoric\u00eb.<\/p>\n<p><strong>A mendoni se duke pranuar Kosov\u00ebn, qeveria malazeze do t\u00eb rrezikonte marr\u00ebdh\u00ebniet me Serbin\u00eb dhe serb\u00ebt n\u00eb Mal t\u00eb Zi? A do t\u00eb vinte n\u00eb k\u00ebt\u00eb rast p\u00ebrkeq\u00ebsimi i marr\u00ebdh\u00ebnieve t\u00eb serb\u00ebve me shqiptar\u00ebt n\u00eb Mal t\u00eb Zi?<\/strong><a href=\"http:\/\/www.visit-ulcinj.com\/blog\/wp-content\/uploads\/2008\/04\/gzim-hajdinaga_ferhat-dinosha.jpg\"><img loading=\"lazy\" class=\"alignright attachment wp-att-1268\" style=\"float: right;\" src=\"http:\/\/www.visit-ulcinj.com\/blog\/wp-content\/uploads\/2008\/04\/gzim-hajdinaga_ferhat-dinosha.thumbnail.jpg\" alt=\"Gzim hajdinaga_Ferhat dinosha\" width=\"200\" height=\"150\" \/><\/a><\/p>\n<p>Mali i Zi duhet t\u00eb ndjek\u00eb shtet\u00ebsin\u00eb dhe interesin e vet komb\u00ebtar. Para k\u00ebtij q\u00ebllimi nuk duhet t\u00eb vihet interesi i Serbis\u00eb dhe predispozicioni i serb\u00ebve n\u00eb Mal t\u00eb Zi. Mali i Zi nuk ka inat me asnj\u00eb, me pranimin e pavar\u00ebsis\u00eb s\u00eb Kosov\u00ebs. \u00cbsht\u00eb e qart\u00eb se interesi shtet\u00ebror i Podgoric\u00ebs \u00ebsht\u00eb njohja e Prishtin\u00ebs. N\u00eb k\u00ebt\u00eb rast, absolutisht nuk duhet t\u00eb ndodh\u00eb p\u00ebrkeq\u00ebsimi i marr\u00ebdh\u00ebnieve t\u00eb shqiptar\u00ebve me serb\u00ebt. Shqiptar\u00ebt nuk do t\u2018i kontribuojn\u00eb k\u00ebsaj dhe nuk besoj se lider\u00ebt politik\u00eb serb\u00eb n\u00eb Mal t\u00eb Zi do ta donin p\u00ebrkeq\u00ebsimin e marr\u00ebdh\u00ebnieve. Ka lider\u00eb pragmatik\u00eb t\u00eb partive serbe e proserbe n\u00eb Mal t\u00eb Zi, t\u00eb cil\u00ebt at\u00eb veprim q\u00eb nuk ka kuptim, nuk do t\u00eb donin ta p\u00ebrdornin si sjellje n\u00eb sken\u00ebn politike t\u00eb Malit t\u00eb Zi.<\/p>\n<p><strong>Krijohet p\u00ebrshtypja se Serbia me ndihm\u00ebn e Rusis\u00eb dhe t\u00eb disa shteteve t\u00eb tjera, me ofensiv\u00ebn e fort\u00eb diplomatike, ia ka arritur t\u00eb pengoj\u00eb nj\u00eb num\u00ebr t\u00eb r\u00ebnd\u00ebsish\u00ebm shtetesh p\u00ebr ta pranuar pavar\u00ebsin\u00eb e Prishtin\u00ebs. Si e konsideroni ju k\u00ebt\u00eb?<\/strong><\/p>\n<p>N\u00ebse kjo do t\u00eb kishte ndonj\u00eb efekt, do t\u00eb ishte i p\u00ebrkohsh\u00ebm. Fakti se shtetet m\u00eb t\u00eb r\u00ebnd\u00ebsishme t\u00eb bashk\u00ebsis\u00eb nd\u00ebrkomb\u00ebtare, t\u00eb BE-s\u00eb e SHBA-ve, e kan\u00eb pranuar pavar\u00ebsin\u00eb, tregon se ky proces po ec\u00ebn ashtu si\u00e7 e kan\u00eb menduar faktor\u00ebt kryesor\u00eb t\u00eb sken\u00ebs nd\u00ebrkomb\u00ebtare. Prandaj jam optimist, se shtete t\u00eb tjera do ta pasojn\u00eb at\u00eb q\u00eb kan\u00eb b\u00ebr\u00eb vendet kryesore dhe do ta njohin pavar\u00ebsin\u00eb e Kosov\u00ebs.<\/p>\n<p><img loading=\"lazy\" class=\"alignleft\" style=\"float: left;\" src=\"http:\/\/www.republika.cg.yu\/slike\/110681v.jpg\" alt=\"Slobodan Vuji?i? \" width=\"227\" height=\"173\" \/><strong>Kryetari i Shoqat\u00ebs s\u00eb Malazez\u00ebve n\u00eb Kosov\u00eb, Sllobodan Vuji\u00e7i\u00e7, ju ka ftuar t\u00eb ndihmoni n\u00eb mbrojtjen e t\u00eb drejtave t\u00eb malazez\u00ebve. A do t\u2018i p\u00ebrgjigjeni pozitivisht k\u00ebsaj thirrjeje?<\/strong><\/p>\n<p>Jam absolutisht i gatsh\u00ebm t\u00eb ndihmoj n\u00eb k\u00ebt\u00eb drejtim. M\u00eb vjen keq pse zoti Vuji\u00e7i\u00e7 \u00ebsht\u00eb kujtuar relativisht von\u00eb, q\u00eb ta nxis\u00eb k\u00ebt\u00eb histori rreth normimit kushtetues t\u00eb malazez\u00ebve n\u00eb Kosov\u00eb. Mendoj se po t\u00eb kishte ndodhur m\u00eb par\u00eb, tani do ta kishim zgjidhjen, q\u00eb do t\u00eb thot\u00eb se malazez\u00ebt do t\u00eb figuronin si pakic\u00eb komb\u00ebtare n\u00eb Kushtetut\u00ebn e Kosov\u00ebs. Mendoj se as vet\u00eb malazez\u00ebt n\u00eb Kosov\u00eb nuk e kan\u00eb ngritur shum\u00eb z\u00ebrin deri n\u00eb faz\u00ebn e tanishme. Megjithat\u00eb, kjo nuk do t\u00eb thot\u00eb se \u00ebsht\u00eb von\u00eb q\u00eb gjendja e tanishme t\u00eb ndryshoj\u00eb. Mendoj se do t\u00eb isha nd\u00ebrmjet\u00ebs i suksessh\u00ebm. Konsideroj absolutisht, se institucionet dhe zyrtar\u00ebt e Kosov\u00ebs, nuk do t\u00eb kishin asgj\u00eb kund\u00ebr, q\u00eb malazez\u00ebve t\u00eb Kosov\u00ebs t\u2018u jepnin statusin e pakic\u00ebs komb\u00ebtare, sidomos n\u00ebse ata jan\u00eb t\u00eb gatsh\u00ebm t\u00eb pranojn\u00eb realitetin e ri e ta njohin shtetin e Kosov\u00ebs.<\/p>\n<p>Megjithat\u00eb, malazez\u00ebt nuk jan\u00eb n\u00eb Kushtetut\u00ebn e Kosov\u00ebs, edhe pse jan\u00eb popull autokton n\u00eb at\u00eb zon\u00eb. N\u00eb Kushtetut\u00eb p\u00ebrmenden egjiptian\u00eb, ashkalinj, goran\u00eb e popullsi tjera m\u00eb t\u00eb vogla. Thjesht \u00ebsht\u00eb e pabesueshme q\u00eb nuk jan\u00eb malazez\u00ebt. Kjo \u00ebsht\u00eb pasoj\u00eb e moskoordinimit t\u00eb malazez\u00ebve n\u00eb Kosov\u00eb dhe t\u00eb vet\u00eb Malit t\u00eb Zi, si shtet am\u00eb. N\u00ebse do t\u00eb ishte treguar interes m\u00eb par\u00eb, malazez\u00ebt do t\u00eb ishin tashm\u00eb n\u00eb Kushtetut\u00eb. Megjithat\u00eb, mendoj se \u00ebsht\u00eb e mundur, q\u00eb n\u00eb nj\u00eb faz\u00eb t\u00eb ardhshme, t\u00eb veprojn\u00eb me amendamente dhe t\u00eb gjejm\u00eb zgjidhje, me t\u00eb cil\u00ebn do t\u00eb ishin t\u00eb k\u00ebnaqur t\u00eb dyja pal\u00ebt. Sh\u00ebrbimet e mia t\u00eb mira jan\u00eb n\u00eb \u00e7do rast, potencialisht t\u00eb pranishme. N\u00ebse malazez\u00ebt mendojn\u00eb se u duhet ndihma ime, un\u00eb jam k\u00ebtu.<\/p>\n<p><strong>Si e komentoni q\u00ebndrimin e Vuji\u00e7i\u00e7it, se Mali i Zi nuk duhet ta njoh\u00eb pavar\u00ebsin\u00eb e Kosov\u00ebs, derisa malazez\u00ebt atje t\u00eb p\u00ebrfshihen n\u00eb Kushtetut\u00eb?<\/strong><a title=\"kushtetuta e kosoves\" href=\"http:\/\/www.kushtetutakosoves.info\/\" target=\"_blank\"><img loading=\"lazy\" class=\"alignright\" style=\"float: left;\" src=\"http:\/\/kosova.albemigrant.com\/wp-content\/uploads\/2008\/04\/kushtetuta-kosoves.bmp\" alt=\"kushtetuta e kosoves\" width=\"265\" height=\"258\" \/><\/a><\/p>\n<p>Ky \u00ebsht\u00eb q\u00ebndrim emocional dhe mendoj se nj\u00eb kusht\u00ebzim i till\u00eb nuk \u00ebsht\u00eb i nevojsh\u00ebm. Mendoj se institucionet e Kosov\u00ebs do t\u00eb jen\u00eb t\u00eb gatshme t\u2018i p\u00ebrgjigjen pozitivisht k\u00ebrkes\u00ebs s\u00eb malazez\u00ebve t\u00eb Kosov\u00ebs. N\u00ebse njohja e Kosov\u00ebs nga Mali i Zi ndodh para se sa malazez\u00ebt e Kosov\u00ebs t\u00eb p\u00ebrfshihen n\u00eb Kushtetut\u00eb, nuk duhet t\u00eb p\u00ebrjetohet si dram\u00eb.<\/p>\n<p><strong>Si e konsideroni deklarat\u00ebn e Kryeministrit t\u00eb Malit t\u00eb Zi, Millo Gjukanoviq, se &#8220;deri n\u00eb mes t\u00eb korrikut do t\u00eb njiheni me epilogun gjyq\u00ebsor t\u00eb aksionit policor \u2018Fluturimi i Shqiponj\u00ebs\u2018, duke pasur parasysh faktin se keni k\u00ebrkuar t\u00eb v\u00ebrtet\u00ebn e plot\u00eb p\u00ebr k\u00ebt\u00eb rast?<\/strong><\/p>\n<p>N\u00eb protest\u00ebn e kaluar kemi k\u00ebrkuar t\u00eb v\u00ebrtet\u00ebn e plot\u00eb p\u00ebr k\u00ebt\u00eb rast, p\u00ebrfshir\u00eb dhe t\u00eb v\u00ebrtet\u00ebn p\u00ebr sjelljen e polic\u00ebve t\u00eb ve\u00e7ant\u00eb n\u00eb at\u00eb aksion. Mendoj se kjo ka pasur efektin e saj, sepse tashm\u00eb \u00ebsht\u00eb e qart\u00eb q\u00eb kjo situat\u00eb do t\u00eb p\u00ebrfundoj\u00eb deri n\u00eb mes t\u00eb korrikut. Mendoj se \u00ebsht\u00eb koha q\u00eb kjo \u00e7\u00ebshtje, q\u00eb i ka ngarkuar marr\u00ebdh\u00ebniet e shqiptar\u00ebve me malazez\u00ebt, t\u00eb hiqet nga rendi i dit\u00ebs.<\/p>\n<p><strong>A do t\u00eb thot\u00eb kjo se prisni vendimin e lirimit p\u00ebr t\u00eb akuzuarit?<\/strong><\/p>\n<p>Ne do ta ndjekim se sa do t\u00eb jet\u00eb e mbuluar me argumente akuza p\u00ebr vendimin e ardhsh\u00ebm. Do t\u00eb kemi n\u00eb mendje pozicionimin e faktorit amerikan ndaj k\u00ebtij vendimi, duke marr\u00eb parasysh se n\u00eb grupin e t\u00eb arrestuarve jan\u00eb edhe disa shqiptar\u00eb me shtet\u00ebsi amerikane. Nuk mendoj se gjykata n\u00eb Mal t\u00eb Zi mund t\u00eb shmang\u00eb di\u00e7ka q\u00eb \u00ebsht\u00eb n\u00eb interes t\u00eb faktorit nd\u00ebrkomb\u00ebtar, prandaj pres q\u00eb fjala e gjykat\u00ebs ta ket\u00eb parasysh k\u00ebt\u00eb. P\u00ebr shkak t\u00eb gjith\u00eb k\u00ebsaj situate, gjykata duhet, ose t\u00eb jap\u00eb argumente, ose t\u00eb t\u00ebrheq\u00eb akuz\u00ebn.<br \/>\n<strong> Burimi \/ Gazeta Shqip<\/strong><\/p>\n<p><!-- vimeo error: not a vimeo video --><br \/>\n<a class=\"aligncenter\" title=\"Apatin,  Aran?elovac,  ?uprija,  ?a?ak,  ?apljina,  ?itluk,  \u0160abac,  \u0160ipovo,  \u0160iroki Brijeg,  \u017dep?e,  \u017divinice,  Ba?ka Palanka,  Banja Luka,  Banovi?i,  Be?ej,  beograd,  Biha?,  Bijeljina,  Bor,  Bor?a,  Bosanska Gradi\u0161ka,  Bosanska Krupa,  Bosanski \u0160amac,  Bosanski Brod,  Bosanski Novi,  Br?ko,  Bu\u017eim,  Bugojno,  Cazin,  Crna Gora,  Derventa,  Doboj,  Donji Vakuf,  Drvar,  Dubrovnik,  Fo?a,  Fojnica,  Glamo?,  Gora\u017ede,  Gornji Milanovac,  Gornji Vakuf,  gostivar,  Gra?anica,  Grada?ac,  Gradiska,  Grahovo,  Had\u017ei?i,  Ilid\u017ea,  In?ija,  Jablanica,  Jagodina,  Jajce,  Kakanj,  Kalu?erica,  Kikinda,  Klju?,  Konjic,Vacation Apartments Room in Ulcinj,Unterkunft in Ulcinj Montenegro,Vacations in Ulcinj,your holiday discount price ulcinj,Ulcinj Apartments Holiday,holiday vacation apartment ulcinj,Real Estate Property Vacation ulcinj,Holiday accommodation ulcinj,ulcinj Holiday Villas and Apartments ,Hotels and Resorts - Ulcinj, Kotor Varo\u0161,  Kragujevac,  Kraljevo,  Kru\u0161evac,  Kula,  Kupres,  Lakta\u0161i,  Lazarevac,  Leskovac,  Livno,  Ljubinje,  ljublana,  Ljubu\u0161ki,  Loznica,  Lukavac,  Maglaj,  Mladenovac,  Modri?a,  montenegro erlajnz,  mostar,  Mrkonji? Grad,  Neum,  Ni\u0161,  Novi Pazar,  Novi Sad,  Novi Travnik,  Obrenovac,  Od\u017eak,  ohrid,  Ora\u0161je,  Pale,  Pan?evo,  Para?in,  Pirot,  Po\u017earevac,  Podgorica,  Priboj,  Prijedor,  Prokuplje,  Prozor,  pula,  rijeka,  Ruma,  Sanski Most,  Sarajevo,  Senta,  serbija,  sibenik,  skopje,  Smederevo,  Smederevska Palanka,  Sokolac,  Sombor,  split,  Srebrenica,  Srebrenik,  Sremska Mitrovica,  Stolac,  Struga,  Subotica,  Temerin,  Tesli?,  tetovo,  Travnik,  Trebinje,  tuzla,  U\u017eice,  ulcinj,  Valjevo,  Velika Kladu\u0161a,  Vi\u0161egrad,  Visoko,  Vitez,  Vogo\u0161?a,  vojvodina,  Vranje,  Vr\u0161ac,  Vrbas,  zadar,  Zagreb,  Zaje?ar,  Zavidovi?i,  Zenica,  Zrenjanin,  Zvornik,copacabana ulcinj,  h\u00f4tels,  hotel ulqin,  Kosova,  Mali i Zi,  Maqedonija,  Montenegro,  montenegro tourisme plage,  montenegro ulcinj,  Shpallje Falas,  Shpallje Falas per shitjen e shtepis se juaj,  Shpallje Falas per shtepijat e juaj,  Shpallje Falas Real Estate,  Shpallje Falas turistike,  shqiperija,  tourisme,  Ulci?,  ulcinj,  ulqin,  ulqin hotel,  ulqini,  ulqini 2008,Ada Bojana,  Alba?czyk,  Cita di Dolcino,  Copacabana,  Czarnog\u00f3ra,  Czarnog\u00f3rzec,  Don Kichota,  Ma?a Pla?a,  Mandra,  MIGUEL DE SERVANTES,  p\u00f3?wyspy Marjan,  Pla?a Valdanos,  Rzeka Bojana,  Shas \/ \u0160as \/ Sva?,  Ulci?,  Ulcinjsk? Riwier?,  Wielka Pla?a,  Wyspa Bojana,WELCOME ,BIENVENUE , WILLKOMMEN ,- BENVENUTO ,- MIR\u00cb SE VINI ,- DOBRO DO\u0160LI TO ULCINJ \/ ULQIN ,\u2013 MONTENEGRO ,????? ?????????? ,- VITAJTE, - BRUCHIM HABAYIM ,-V\u00cdTEJTE, - WITAJCIE, - KHOSH \u00c2MAD\u00ceD ,- BITAEMO ,- CHAIRE, - ZAPRASHAJEM ,- V\u00c4LKOMMEN,  - VELKOMMEN ,- DOBRE DOSHLE, - PARI YEGAK ,- SW\u00c2GATAM, - ISTEN HOZTA, - ZAYT VILKUM, - HO?GELDINIZ ,- BIENVENIDOS ,- SUSHRI AKAL, - HUSH KILDEGEZ, - BUN VENIT, - PE KHER RAGLE, - BEM-VINDO, - HUAN YIN ,- BIEN ATI VENI ,- \u00c2SANTU ,- SELAMAT DATANG, - W\u00cbLLKOMM ,- XUSH AMD\u00ceD, - SVEIKI, - HUN BI XER HATIN, - KIRINIZ ,- ENNA ,VISHAYAM ,- MERHABA ,- F\u00c1ILTE, - VELKOMINN ,- VAELKOMIN, - TERE TULEMAST ,- M\u00c4RSHA W\u00daGH\u00cdL ,- MISHTO AVILAN , WELKOM ,- TERVETULOA ,- ONGI ETORRI ,-, REKHIM ITEGEZ ,- XOSH G\u00c4LM\u00ceS\u00c4N, - WILICOM ,- CROESO ,- SHAGATOM, - IRASHAIMASU ,- KEBLAR, - AHUP YAN, - IRKHT ERGANAVIDN, - LUID, - SOHM SW\u00c2KOHM, - URAKAZA ,- KARIBU, - SELAM, - VIDZA ,KORAM -, YEYACHI -, KUSHE - ,BIENVENIDA -, ESIET SVEICINATI ,- FAILT ,- ,KRUPAY\u00c2 \u00c2TUY\u00c2, - MAIEM ,- BENVEGN\u00dcU ,- TAVTAI ,MORIL, - TAMA ,- BENVINUTU ,- SILAMO, - WILUJENG SUMPING ,- MABUHAY ,- GAZHACA \u00cbTISKOM, - DOBRO POZHALOVAT' ,- TISTIK ,- ISIBINGELELO, - BALLE, - INDE TORN LAP ,- SOO DHA WOOW ,- PILIGANIMU, - MALIU MAI, - PASAYKAMOY, - HAERE MAI, - BOYEI BOLAMU ,- BARKA D\u00c1 ZUW\u00c1 ,- W\u00c2CHIY\u00c2 , KOPIVOSIAN ,- SANSOF\u00c9 ,- KALOS ORISATE, - W\u00c4LJKIIMEN ,- ILO LA, - WILKEMEN, - A JARAAMA ,- TUAJ LOS ,- DUMANON CAYO, - ADANAVE ,\u2013 VITAMEVAS , MALI I ZI,CRNA GORA,??????????,???????,??????????, ?ern\u00e1 Hora,TO ULCINJ \/ ULQIN \u2013 MONTENEGRO, Czarnog\u00f3ra, Muntenegru, ????? ????, Montenegr\u00f3,,Holiday ,Beach,Vacation,WELCOME ,BIENVENUE , WILLKOMMEN ,- BENVENUTO ,- MIR\u00cb SE VINI ,- DOBRO DO\u0160LI TO ULCINJ \/ ULQIN ,\u2013 MONTENEGRO ,????? ?????????? ,- VITAJTE, - BRUCHIM HABAYIM ,-V\u00cdTEJTE, - WITAJCIE, - KHOSH \u00c2MAD\u00ceD ,- BITAEMO ,- CHAIRE, - ZAPRASHAJEM ,- V\u00c4LKOMMEN,  - VELKOMMEN ,- DOBRE DOSHLE, - PARI YEGAK ,- SW\u00c2GATAM, - ISTEN HOZTA, - ZAYT VILKUM, - HO?GELDINIZ ,- BIENVENIDOS ,- SUSHRI AKAL, - HUSH KILDEGEZ, - BUN VENIT, - PE KHER RAGLE, - BEM-VINDO, - HUAN YIN ,- BIEN ATI VENI ,- \u00c2SANTU ,- SELAMAT DATANG, - W\u00cbLLKOMM ,- XUSH AMD\u00ceD, - SVEIKI, - HUN BI XER HATIN, - KIRINIZ ,- ENNA ,VISHAYAM ,- MERHABA ,- F\u00c1ILTE, - VELKOMINN ,- VAELKOMIN, - TERE TULEMAST ,- M\u00c4RSHA W\u00daGH\u00cdL ,- MISHTO AVILAN , WELKOM ,- TERVETULOA ,- ONGI ETORRI ,-, REKHIM ITEGEZ ,- XOSH G\u00c4LM\u00ceS\u00c4N, - WILICOM ,- CROESO ,- SHAGATOM, - IRASHAIMASU ,- KEBLAR, - AHUP YAN, - IRKHT ERGANAVIDN, - LUID, - SOHM SW\u00c2KOHM, - URAKAZA ,- KARIBU, - SELAM, - VIDZA ,KORAM -, YEYACHI -, KUSHE - ,BIENVENIDA -, ESIET SVEICINATI ,- FAILT ,- ,KRUPAY\u00c2 \u00c2TUY\u00c2, - MAIEM ,- BENVEGN\u00dcU ,- TAVTAI ,MORIL, - TAMA ,- BENVINUTU ,- SILAMO, - WILUJENG SUMPING ,- MABUHAY ,- GAZHACA \u00cbTISKOM, - DOBRO POZHALOVAT ,- TISTIK ,- ISIBINGELELO, - BALLE, - INDE TORN LAP ,- SOO DHA WOOW ,- PILIGANIMU, - MALIU MAI, - PASAYKAMOY, - HAERE MAI, - BOYEI BOLAMU ,- BARKA D\u00c1 ZUW\u00c1 ,- W\u00c2CHIY\u00c2 , KOPIVOSIAN ,- SANSOF\u00c9 ,- KALOS ORISATE, - W\u00c4LJKIIMEN ,- ILO LA, - WILKEMEN, - A JARAAMA ,- TUAJ LOS ,- DUMANON CAYO, - ADANAVE ,\u2013 VITAMEVAS , MALI I ZI,CRNA GORA,??????????,???????,??????????, ?ern\u00e1 Hora,TO ULCINJ \/ ULQIN,MONTENEGRO, Czarnog\u00f3ra, Muntenegru, ????? ????, Montenegr\u00f3,Adelina Isamajli,  Albaniku,  Artana,  Bujanoci,  Burimi,  Dardana,  Dardan\u00eb,  De\u00e7an,  Dibra,  Drenas,  Drenasi,  Ferizaj,  Ferizaji,  Fush\u00eb Kosova,  Fush\u00eb Kosov\u00eb,  Gjakova,  Gjakov\u00eb,  Gjilan,  Gjilani,  Gostivari,  Istog,  Istog\u00b7,  Ka\u00e7anik,  Ka\u00e7aniku,  Kastrioti,  K\u00ebr\u00e7ova,  Klina,  Klin\u00eb,  Kumanova,  Leposaviq,  Leskovci,  Likova,  Lipjan,  Lipjani,  Malisheva,  Malishev\u00eb,  Manastiri,  Medvegja,  Mitrovica,  Mitrovic\u00eb,  Novob\u00ebrd\u00eb,  Obiliq\u00b7 Rahovec,  Ohri,  Peja,  Pej\u00eb,  Podujeva,  Podujev\u00eb,  Presheva,  Prishtina,  Prishtin\u00eb,  Prizren,  Prizreni,  Rahoveci,  Sharri,  Sharri (Kosov\u00eb),  Shkupi,  Sht\u00ebrpca,  Sht\u00ebrpc\u00eb,  Shtime,  Sk\u00ebnderaj,  Struga,  Tetova,  Theranda,  Therand\u00eb,  Triumf Riza,  Veleshta,  Viti,  Vitia,  Vushtrri,  Vushtrria,  Zubin Potok,  Zubin Potoku,  Zve\u00e7an,  Zve\u00e7ani,villa \u00e0 louer \u00e0 ulcinj, location de vacance, location saisonni\u00e8res, louer villa,location de vacance, Locations vacance, h\u00e9bergements vacances, locations villa, logements de vacances, location maison avec piscine, Location vacance, locations de vacance, h\u00e9bergements de vacances, location villa, locations entre particulier, logements vacance, vacances \u00e0 Mont\u00e9n\u00e9gro - location \u00e0 Ulcinj ,location  de bigorre.\" href=\"http:\/\/www.visit-ulcinj.com\/tourism\/\" target=\"_blank\"><img loading=\"lazy\" style=\"float: right;\" src=\"http:\/\/www.visit-ulcinj.com\/blog\/wp-content\/uploads\/2008\/06\/holiday-rental-ulcinj-ulqini_ulqin_logo.gif\" alt=\"Apatin,  Aran?elovac,  ?uprija,  ?a?ak,  ?apljina,  ?itluk,  \u0160abac,  \u0160ipovo,  \u0160iroki Brijeg,  \u017dep?e,  \u017divinice,  Ba?ka Palanka,  Banja Luka,  Banovi?i,  Be?ej,  beograd,  Biha?,  Bijeljina,  Bor,  Bor?a,  Bosanska Gradi\u0161ka,  Bosanska Krupa,  Bosanski \u0160amac,  Bosanski Brod,  Bosanski Novi,  Br?ko,  Bu\u017eim,  Bugojno,  Cazin,  Crna Gora,  Derventa,  Doboj,  Donji Vakuf,  Drvar,  Dubrovnik,  Fo?a,  Fojnica,  Glamo?,  Gora\u017ede,  Gornji Milanovac,  Gornji Vakuf,  gostivar,  Gra?anica,  Grada?ac,  Gradiska,  Grahovo,  Had\u017ei?i,  Ilid\u017ea,  In?ija,  Jablanica,  Jagodina,  Jajce,  Kakanj,  Kalu?erica,  Kikinda,  Klju?,  Konjic,  Kotor Varo\u0161,  Kragujevac,  Kraljevo,  Kru\u0161evac,  Kula,  Kupres,  Lakta\u0161i,  Lazarevac,  Leskovac,  Livno,  Ljubinje,  ljublana,  Ljubu\u0161ki,  Loznica,  Lukavac,  Maglaj,  Mladenovac,  Modri?a,  montenegro erlajnz,  mostar,  Mrkonji? Grad,  Neum,  Ni\u0161,  Novi Pazar,  Novi Sad,  Novi Travnik,  Obrenovac,  Od\u017eak,  ohrid,  Ora\u0161je,  Pale,  Pan?evo,  Para?in,  Pirot,  Po\u017earevac,  Podgorica,  Priboj,  Prijedor,  Prokuplje,  Prozor,  pula,  rijeka,  Ruma,  Sanski Most,  Sarajevo,  Senta,  serbija,  sibenik,  skopje,  Smederevo,  Smederevska Palanka,  Sokolac,  Sombor,  split,  Srebrenica,  Srebrenik,  Sremska Mitrovica,  Stolac,  Struga,  Subotica,  Temerin,  Tesli?,  tetovo,  Travnik,  Trebinje,  tuzla,  U\u017eice,  ulcinj,  Valjevo,  Velika Kladu\u0161a,  Vi\u0161egrad,  Visoko,  Vitez,  Vogo\u0161?a,  vojvodina,  Vranje,  Vr\u0161ac,  Vrbas,  zadar,  Zagreb,  Zaje?ar,  Zavidovi?i,  Zenica,  Zrenjanin,  Zvornik,copacabana ulcinj,  h\u00f4tels,  hotel ulqin,  Kosova,  Mali i Zi,  Maqedonija,  Montenegro,  montenegro tourisme plage,  montenegro ulcinj,  Shpallje Falas,  Shpallje Falas per shitjen e shtepis se juaj,  Shpallje Falas per villat e juaj,  Shpallje Falas Real Estate,  Shpallje Falas turistike,  shqiperija,  tourisme,  Ulci?,  ulcinj,  ulqin,  ulqin hotel,  ulqini,  ulqini 2007,Ada Bojana,  Alba?czyk,  Cita di Dolcino,  Copacabana,  Czarnog\u00f3ra,  Czarnog\u00f3rzec,  Don Kichota,  Ma?a Pla?a,  Mandra,  MIGUEL DE SERVANTES,  p\u00f3?wyspy Marjan,  Pla?a Valdanos,  Rzeka Bojana,  Shas \/ \u0160as \/ Sva?,  Ulci?,  Ulcinjsk? Riwier?,  Wielka Pla?a,  Wyspa Bojana,GORA,??????????,???????,??????????, ?ern\u00e1 Hora,TO ULCINJ \/ ULQIN,MONTENEGRO, Czarnog\u00f3ra, Muntenegru, ????? ????, Montenegr\u00f3,villa \u00e0 louer \u00e0 ulcinj, location de vacance, location saisonni\u00e8res, louer villa,location de vacance, Locations vacance, h\u00e9bergements vacances, locations villa, logements de vacances, location maison avec piscine, Location vacance, locations de vacance, h\u00e9bergements de vacances, location villa, locations entre particulier, logements vacance, vacances \u00e0 Mont\u00e9n\u00e9gro - location \u00e0 Ulcinj ,location  de bigorre.\" width=\"510\" height=\"145\" \/><\/a><\/p>\n","protected":false},"excerpt":{"rendered":"<p><img loading=\"lazy\" class=\"alignleft attachment wp-att-1628\" style=\"float: left;\" src=\"http:\/\/www.visit-ulcinj.com\/blog\/wp-content\/uploads\/2008\/05\/ferhat-dinosha.thumbnail.jpg\" alt=\"FERHAT DINOSHA_01\" width=\"140\" height=\"140\" \/><\/p>\n","protected":false},"author":1,"featured_media":0,"comment_status":"open","ping_status":"closed","sticky":false,"template":"","format":"standard","meta":{"spay_email":"","jetpack_publicize_message":"","jetpack_is_tweetstorm":false,"jetpack_publicize_feature_enabled":true},"categories":[6,14,12,15],"tags":[97,49,95,200,18],"jetpack_publicize_connections":[],"yoast_head":"<!-- This site is optimized with the Yoast SEO plugin v19.1 - https:\/\/yoast.com\/wordpress\/plugins\/seo\/ -->\n<title>&quot;Pse Mali i Zi duhet ta njoh\u00eb Kosov\u00ebn e pavarur&quot; - Lajme nga Ulqini<\/title>\n<meta name=\"robots\" content=\"index, follow, max-snippet:-1, max-image-preview:large, max-video-preview:-1\" \/>\n<link rel=\"canonical\" href=\"https:\/\/www.visit-ulcinj.com\/blog\/2008\/07\/03\/pse-mali-i-zi-duhet-ta-njohe-kosoven-e-pavarur\/\" \/>\n<meta property=\"og:locale\" content=\"en_US\" \/>\n<meta property=\"og:type\" content=\"article\" \/>\n<meta property=\"og:title\" content=\"&quot;Pse Mali i Zi duhet ta njoh\u00eb Kosov\u00ebn e pavarur&quot; - Lajme nga Ulqini\" \/>\n<meta property=\"og:url\" content=\"https:\/\/www.visit-ulcinj.com\/blog\/2008\/07\/03\/pse-mali-i-zi-duhet-ta-njohe-kosoven-e-pavarur\/\" \/>\n<meta property=\"og:site_name\" content=\"Lajme nga Ulqini\" \/>\n<meta property=\"article:published_time\" content=\"2008-07-03T18:52:35+00:00\" \/>\n<meta property=\"og:image\" content=\"http:\/\/www.visit-ulcinj.com\/blog\/wp-content\/uploads\/2008\/05\/ferhat-dinosha.thumbnail.jpg\" \/>\n<meta name=\"twitter:label1\" content=\"Written by\" \/>\n\t<meta name=\"twitter:data1\" content=\"ulqini\" \/>\n\t<meta name=\"twitter:label2\" content=\"Est. reading time\" \/>\n\t<meta name=\"twitter:data2\" content=\"9 minutes\" \/>\n<script type=\"application\/ld+json\" class=\"yoast-schema-graph\">{\"@context\":\"https:\/\/schema.org\",\"@graph\":[{\"@type\":\"WebSite\",\"@id\":\"https:\/\/www.visit-ulcinj.com\/blog\/#website\",\"url\":\"https:\/\/www.visit-ulcinj.com\/blog\/\",\"name\":\"Lajme nga Ulqini\",\"description\":\"Lajme,Vijesti,Ulqini,Ulqin,Crna Gora,Mali i Zi\",\"potentialAction\":[{\"@type\":\"SearchAction\",\"target\":{\"@type\":\"EntryPoint\",\"urlTemplate\":\"https:\/\/www.visit-ulcinj.com\/blog\/?s={search_term_string}\"},\"query-input\":\"required name=search_term_string\"}],\"inLanguage\":\"en-US\"},{\"@type\":\"ImageObject\",\"inLanguage\":\"en-US\",\"@id\":\"https:\/\/www.visit-ulcinj.com\/blog\/2008\/07\/03\/pse-mali-i-zi-duhet-ta-njohe-kosoven-e-pavarur\/#primaryimage\",\"url\":\"http:\/\/www.visit-ulcinj.com\/blog\/wp-content\/uploads\/2008\/05\/ferhat-dinosha.thumbnail.jpg\",\"contentUrl\":\"http:\/\/www.visit-ulcinj.com\/blog\/wp-content\/uploads\/2008\/05\/ferhat-dinosha.thumbnail.jpg\"},{\"@type\":\"WebPage\",\"@id\":\"https:\/\/www.visit-ulcinj.com\/blog\/2008\/07\/03\/pse-mali-i-zi-duhet-ta-njohe-kosoven-e-pavarur\/#webpage\",\"url\":\"https:\/\/www.visit-ulcinj.com\/blog\/2008\/07\/03\/pse-mali-i-zi-duhet-ta-njohe-kosoven-e-pavarur\/\",\"name\":\"\\\"Pse Mali i Zi duhet ta njoh\u00eb Kosov\u00ebn e pavarur\\\" - Lajme nga Ulqini\",\"isPartOf\":{\"@id\":\"https:\/\/www.visit-ulcinj.com\/blog\/#website\"},\"primaryImageOfPage\":{\"@id\":\"https:\/\/www.visit-ulcinj.com\/blog\/2008\/07\/03\/pse-mali-i-zi-duhet-ta-njohe-kosoven-e-pavarur\/#primaryimage\"},\"datePublished\":\"2008-07-03T18:52:35+00:00\",\"dateModified\":\"2008-07-03T18:52:35+00:00\",\"author\":{\"@id\":\"https:\/\/www.visit-ulcinj.com\/blog\/#\/schema\/person\/dcab619c614d3038751c63bc2aadc06d\"},\"breadcrumb\":{\"@id\":\"https:\/\/www.visit-ulcinj.com\/blog\/2008\/07\/03\/pse-mali-i-zi-duhet-ta-njohe-kosoven-e-pavarur\/#breadcrumb\"},\"inLanguage\":\"en-US\",\"potentialAction\":[{\"@type\":\"ReadAction\",\"target\":[\"https:\/\/www.visit-ulcinj.com\/blog\/2008\/07\/03\/pse-mali-i-zi-duhet-ta-njohe-kosoven-e-pavarur\/\"]}]},{\"@type\":\"BreadcrumbList\",\"@id\":\"https:\/\/www.visit-ulcinj.com\/blog\/2008\/07\/03\/pse-mali-i-zi-duhet-ta-njohe-kosoven-e-pavarur\/#breadcrumb\",\"itemListElement\":[{\"@type\":\"ListItem\",\"position\":1,\"name\":\"&#8220;Pse Mali i Zi duhet ta njoh\u00eb Kosov\u00ebn e pavarur&#8221;\"}]},{\"@type\":\"Person\",\"@id\":\"https:\/\/www.visit-ulcinj.com\/blog\/#\/schema\/person\/dcab619c614d3038751c63bc2aadc06d\",\"name\":\"ulqini\",\"sameAs\":[\"http:\/\/www.visit-ulcinj.com\"],\"url\":\"https:\/\/www.visit-ulcinj.com\/blog\/author\/admin\/\"}]}<\/script>\n<!-- \/ Yoast SEO plugin. -->","yoast_head_json":{"title":"\"Pse Mali i Zi duhet ta njoh\u00eb Kosov\u00ebn e pavarur\" - Lajme nga Ulqini","robots":{"index":"index","follow":"follow","max-snippet":"max-snippet:-1","max-image-preview":"max-image-preview:large","max-video-preview":"max-video-preview:-1"},"canonical":"https:\/\/www.visit-ulcinj.com\/blog\/2008\/07\/03\/pse-mali-i-zi-duhet-ta-njohe-kosoven-e-pavarur\/","og_locale":"en_US","og_type":"article","og_title":"\"Pse Mali i Zi duhet ta njoh\u00eb Kosov\u00ebn e pavarur\" - Lajme nga Ulqini","og_url":"https:\/\/www.visit-ulcinj.com\/blog\/2008\/07\/03\/pse-mali-i-zi-duhet-ta-njohe-kosoven-e-pavarur\/","og_site_name":"Lajme nga Ulqini","article_published_time":"2008-07-03T18:52:35+00:00","og_image":[{"url":"http:\/\/www.visit-ulcinj.com\/blog\/wp-content\/uploads\/2008\/05\/ferhat-dinosha.thumbnail.jpg"}],"twitter_misc":{"Written by":"ulqini","Est. reading time":"9 minutes"},"schema":{"@context":"https:\/\/schema.org","@graph":[{"@type":"WebSite","@id":"https:\/\/www.visit-ulcinj.com\/blog\/#website","url":"https:\/\/www.visit-ulcinj.com\/blog\/","name":"Lajme nga Ulqini","description":"Lajme,Vijesti,Ulqini,Ulqin,Crna Gora,Mali i Zi","potentialAction":[{"@type":"SearchAction","target":{"@type":"EntryPoint","urlTemplate":"https:\/\/www.visit-ulcinj.com\/blog\/?s={search_term_string}"},"query-input":"required name=search_term_string"}],"inLanguage":"en-US"},{"@type":"ImageObject","inLanguage":"en-US","@id":"https:\/\/www.visit-ulcinj.com\/blog\/2008\/07\/03\/pse-mali-i-zi-duhet-ta-njohe-kosoven-e-pavarur\/#primaryimage","url":"http:\/\/www.visit-ulcinj.com\/blog\/wp-content\/uploads\/2008\/05\/ferhat-dinosha.thumbnail.jpg","contentUrl":"http:\/\/www.visit-ulcinj.com\/blog\/wp-content\/uploads\/2008\/05\/ferhat-dinosha.thumbnail.jpg"},{"@type":"WebPage","@id":"https:\/\/www.visit-ulcinj.com\/blog\/2008\/07\/03\/pse-mali-i-zi-duhet-ta-njohe-kosoven-e-pavarur\/#webpage","url":"https:\/\/www.visit-ulcinj.com\/blog\/2008\/07\/03\/pse-mali-i-zi-duhet-ta-njohe-kosoven-e-pavarur\/","name":"\"Pse Mali i Zi duhet ta njoh\u00eb Kosov\u00ebn e pavarur\" - Lajme nga Ulqini","isPartOf":{"@id":"https:\/\/www.visit-ulcinj.com\/blog\/#website"},"primaryImageOfPage":{"@id":"https:\/\/www.visit-ulcinj.com\/blog\/2008\/07\/03\/pse-mali-i-zi-duhet-ta-njohe-kosoven-e-pavarur\/#primaryimage"},"datePublished":"2008-07-03T18:52:35+00:00","dateModified":"2008-07-03T18:52:35+00:00","author":{"@id":"https:\/\/www.visit-ulcinj.com\/blog\/#\/schema\/person\/dcab619c614d3038751c63bc2aadc06d"},"breadcrumb":{"@id":"https:\/\/www.visit-ulcinj.com\/blog\/2008\/07\/03\/pse-mali-i-zi-duhet-ta-njohe-kosoven-e-pavarur\/#breadcrumb"},"inLanguage":"en-US","potentialAction":[{"@type":"ReadAction","target":["https:\/\/www.visit-ulcinj.com\/blog\/2008\/07\/03\/pse-mali-i-zi-duhet-ta-njohe-kosoven-e-pavarur\/"]}]},{"@type":"BreadcrumbList","@id":"https:\/\/www.visit-ulcinj.com\/blog\/2008\/07\/03\/pse-mali-i-zi-duhet-ta-njohe-kosoven-e-pavarur\/#breadcrumb","itemListElement":[{"@type":"ListItem","position":1,"name":"&#8220;Pse Mali i Zi duhet ta njoh\u00eb Kosov\u00ebn e pavarur&#8221;"}]},{"@type":"Person","@id":"https:\/\/www.visit-ulcinj.com\/blog\/#\/schema\/person\/dcab619c614d3038751c63bc2aadc06d","name":"ulqini","sameAs":["http:\/\/www.visit-ulcinj.com"],"url":"https:\/\/www.visit-ulcinj.com\/blog\/author\/admin\/"}]}},"jetpack_featured_media_url":"","jetpack_sharing_enabled":true,"jetpack_shortlink":"https:\/\/wp.me\/pe6lTn-yC","_links":{"self":[{"href":"https:\/\/www.visit-ulcinj.com\/blog\/wp-json\/wp\/v2\/posts\/2146"}],"collection":[{"href":"https:\/\/www.visit-ulcinj.com\/blog\/wp-json\/wp\/v2\/posts"}],"about":[{"href":"https:\/\/www.visit-ulcinj.com\/blog\/wp-json\/wp\/v2\/types\/post"}],"author":[{"embeddable":true,"href":"https:\/\/www.visit-ulcinj.com\/blog\/wp-json\/wp\/v2\/users\/1"}],"replies":[{"embeddable":true,"href":"https:\/\/www.visit-ulcinj.com\/blog\/wp-json\/wp\/v2\/comments?post=2146"}],"version-history":[{"count":0,"href":"https:\/\/www.visit-ulcinj.com\/blog\/wp-json\/wp\/v2\/posts\/2146\/revisions"}],"wp:attachment":[{"href":"https:\/\/www.visit-ulcinj.com\/blog\/wp-json\/wp\/v2\/media?parent=2146"}],"wp:term":[{"taxonomy":"category","embeddable":true,"href":"https:\/\/www.visit-ulcinj.com\/blog\/wp-json\/wp\/v2\/categories?post=2146"},{"taxonomy":"post_tag","embeddable":true,"href":"https:\/\/www.visit-ulcinj.com\/blog\/wp-json\/wp\/v2\/tags?post=2146"}],"curies":[{"name":"wp","href":"https:\/\/api.w.org\/{rel}","templated":true}]}}