{"id":21461,"date":"2009-05-15T13:00:56","date_gmt":"2009-05-15T11:00:56","guid":{"rendered":"http:\/\/www.visit-ulcinj.com\/blog\/?p=21461"},"modified":"2009-05-15T00:04:07","modified_gmt":"2009-05-14T22:04:07","slug":"bjordi-dhe-adelajda-ato-duan-leket-une-dua-fitoren","status":"publish","type":"post","link":"https:\/\/www.visit-ulcinj.com\/blog\/2009\/05\/15\/bjordi-dhe-adelajda-ato-duan-leket-une-dua-fitoren\/","title":{"rendered":"Bjordi dhe Adelajda : Ato duan lek\u00ebt, un\u00eb dua fitoren"},"content":{"rendered":"<p>\u00a0<\/p>\n<div id=\"content\"><em><span class=\"newsdate\"><a href=\"http:\/\/www.visit-ulcinj.com\/blog\/wp-content\/uploads\/2009\/05\/per-fitoren14.jpg\"><img loading=\"lazy\" class=\"alignleft size-full wp-image-21462\" title=\"per-fitoren14-big-brother-albania-2\" src=\"http:\/\/www.visit-ulcinj.com\/blog\/wp-content\/uploads\/2009\/05\/per-fitoren14.jpg\" alt=\"per-fitoren14-big-brother-albania-2\" width=\"300\" height=\"205\" \/><\/a>14\/05\/09 15:57<\/span><\/em><\/p>\n<p>Bjordi q\u00ebndron me Adelajd\u00ebn n\u00eb kop\u00ebsht duke diskutuar. Bjordi shikon Adin dhe thot\u00eb:-\u201cPo sikur t`ia marr fitoren t\u00eb dyve?!\u201d Adelajda i thot\u00eb q\u00eb ajo do ishte shum\u00eb e lumtur dhe se ia uron me gjith\u00eb zem\u00ebr. Ai thot\u00eb q\u00eb \u00ebsht\u00eb n\u00eb faz\u00ebn ku po mendon \u201cse pse mos t\u00eb jem un\u00eb\u201d dhe shton:-\u201cgati n\u00eb faz\u00ebn o ti ose un\u00eb!\u201d Adelajda i thot\u00eb q\u00eb ajo mendon nj\u00ebsoj si ai dhe shton q\u00eb ai duhet t\u00eb kishte menduar q\u00eb n\u00eb fillim k\u00ebshtu. Bjordi thot\u00eb:-\u201cLek\u00ebt falen, fitorja jo!\u201d Sipas Adelajd\u00ebs fitorja \u00ebsht\u00eb ajo q\u00eb ka vler\u00eb pasi lek\u00ebt mund t\u00eb fitohen dhe duke punuar. Ajo mendon q\u00eb duan fitoren pasi kan\u00eb nevoj\u00eb p\u00ebr mb\u00ebshtetje p\u00ebr t\u00eb gjith\u00eb gj\u00ebrat q\u00eb kan\u00eb kaluar. Ao fillojn\u00eb diskutojn\u00eb p\u00ebr Grande Fratello duke kujtuar nj\u00eb cift, p\u00ebr t\u00eb hedhur posht\u00eb iden\u00eb q\u00eb personat q\u00eb jan\u00eb lidhur brenda nuk u ka zgjatur lidhja e tyre jasht\u00eb. Sipas saj e r\u00ebnd\u00ebsishme \u00ebsht\u00eb fitorja pasi finalist\u00ebve do u jepet mund\u00ebsia, dhe lek\u00ebt do t`i b\u00ebjn\u00eb. Bjordi i thot\u00eb:-\u201cE kuptova von\u00eb!\u201d Sipas Bjordit ai d\u00ebshironte t`i jepte lek\u00ebt Adit. Adelajda mendon q\u00eb Adi nuk ka nevoj\u00eb p\u00ebr fitoren dhe p\u00ebr mb\u00ebshtetjen e publikut sa kan\u00eb ato. Bjordi mendon q\u00eb ai ka dh\u00ebn\u00eb m\u00eb shum\u00eb se Adi dhe Qetsori brenda sht\u00ebpis\u00eb , por ka frik\u00eb se kjo gj\u00eb nuk \u00ebsht\u00eb kuptuar nga publiku jasht\u00eb. Adelajda e mb\u00ebshtet duke i th\u00ebn\u00eb q\u00eb ajo e di k\u00ebt\u00eb gj\u00eb. Ai vazhdon duke th\u00ebn\u00eb q\u00eb ato p\u00ebrvec mesazheve \u201cLufto armikun dhe fito lek\u00ebt\u201d nuk kan\u00eb dh\u00ebn\u00eb asgj\u00eb m\u00eb tep\u00ebr. Adelajda i thot\u00eb:-\u201cUn\u00eb ta kisha th\u00ebn\u00eb, po ti nuk m\u00eb d\u00ebgjoje!\u201d Adelajda thot\u00eb:-\u201cAto kan\u00eb d\u00ebshir\u00eb p\u00ebr lek\u00ebt, un\u00eb kam nevoj\u00eb p\u00ebr fitoren!\u201d<\/p><\/div>\n<div><\/div>\n","protected":false},"excerpt":{"rendered":"<p>\u00a0 14\/05\/09 15:57 Bjordi q\u00ebndron me Adelajd\u00ebn n\u00eb kop\u00ebsht duke diskutuar. Bjordi shikon Adin dhe thot\u00eb:-\u201cPo sikur t`ia marr fitoren t\u00eb dyve?!\u201d Adelajda i thot\u00eb q\u00eb ajo do ishte shum\u00eb e lumtur dhe se ia uron me gjith\u00eb zem\u00ebr. Ai thot\u00eb q\u00eb \u00ebsht\u00eb n\u00eb faz\u00ebn ku po mendon \u201cse pse mos t\u00eb jem un\u00eb\u201d dhe [&hellip;]<\/p>\n","protected":false},"author":1,"featured_media":0,"comment_status":"open","ping_status":"closed","sticky":false,"template":"","format":"standard","meta":{"spay_email":"","jetpack_publicize_message":"","jetpack_is_tweetstorm":false,"jetpack_publicize_feature_enabled":true},"categories":[6502],"tags":[6529,6520,6516,9121,6522,10440,9751],"jetpack_publicize_connections":[],"yoast_head":"<!-- This site is optimized with the Yoast SEO plugin v19.1 - https:\/\/yoast.com\/wordpress\/plugins\/seo\/ -->\n<title>Bjordi dhe Adelajda : Ato duan lek\u00c3\u00abt, un\u00c3\u00ab dua fitoren | Big Brother Albania 2<\/title>\n<meta name=\"description\" content=\"Big Brother Albania 2 - Bjordi q\u00c3\u00abndron me Adelajd\u00c3\u00abn n\u00c3\u00ab kop\u00c3\u00absht duke diskutuar. Bjordi shikon Adin dhe thot\u00c3\u00ab:-\u00e2\u20ac\u0153Po sikur t`ia marr fitoren t\u00c3\u00ab dyve?!\u00e2\u20ac\u009d\" \/>\n<meta name=\"robots\" content=\"index, follow, max-snippet:-1, max-image-preview:large, max-video-preview:-1\" \/>\n<link rel=\"canonical\" href=\"https:\/\/www.visit-ulcinj.com\/blog\/2009\/05\/15\/bjordi-dhe-adelajda-ato-duan-leket-une-dua-fitoren\/\" \/>\n<meta property=\"og:locale\" content=\"en_US\" \/>\n<meta property=\"og:type\" content=\"article\" \/>\n<meta property=\"og:title\" content=\"Bjordi dhe Adelajda : Ato duan lek\u00c3\u00abt, un\u00c3\u00ab dua fitoren | Big Brother Albania 2\" \/>\n<meta property=\"og:description\" content=\"Big Brother Albania 2 - Bjordi q\u00c3\u00abndron me Adelajd\u00c3\u00abn n\u00c3\u00ab kop\u00c3\u00absht duke diskutuar. Bjordi shikon Adin dhe thot\u00c3\u00ab:-\u00e2\u20ac\u0153Po sikur t`ia marr fitoren t\u00c3\u00ab dyve?!\u00e2\u20ac\u009d\" \/>\n<meta property=\"og:url\" content=\"https:\/\/www.visit-ulcinj.com\/blog\/2009\/05\/15\/bjordi-dhe-adelajda-ato-duan-leket-une-dua-fitoren\/\" \/>\n<meta property=\"og:site_name\" content=\"Lajme nga Ulqini\" \/>\n<meta property=\"article:published_time\" content=\"2009-05-15T11:00:56+00:00\" \/>\n<meta property=\"article:modified_time\" content=\"2009-05-14T22:04:07+00:00\" \/>\n<meta property=\"og:image\" content=\"http:\/\/www.visit-ulcinj.com\/blog\/wp-content\/uploads\/2009\/05\/per-fitoren14.jpg\" \/>\n<meta name=\"twitter:label1\" content=\"Written by\" \/>\n\t<meta name=\"twitter:data1\" content=\"ulqini\" \/>\n\t<meta name=\"twitter:label2\" content=\"Est. reading time\" \/>\n\t<meta name=\"twitter:data2\" content=\"2 minutes\" \/>\n<script type=\"application\/ld+json\" class=\"yoast-schema-graph\">{\"@context\":\"https:\/\/schema.org\",\"@graph\":[{\"@type\":\"WebSite\",\"@id\":\"https:\/\/www.visit-ulcinj.com\/blog\/#website\",\"url\":\"https:\/\/www.visit-ulcinj.com\/blog\/\",\"name\":\"Lajme nga Ulqini\",\"description\":\"Lajme,Vijesti,Ulqini,Ulqin,Crna Gora,Mali i Zi\",\"potentialAction\":[{\"@type\":\"SearchAction\",\"target\":{\"@type\":\"EntryPoint\",\"urlTemplate\":\"https:\/\/www.visit-ulcinj.com\/blog\/?s={search_term_string}\"},\"query-input\":\"required name=search_term_string\"}],\"inLanguage\":\"en-US\"},{\"@type\":\"ImageObject\",\"inLanguage\":\"en-US\",\"@id\":\"https:\/\/www.visit-ulcinj.com\/blog\/2009\/05\/15\/bjordi-dhe-adelajda-ato-duan-leket-une-dua-fitoren\/#primaryimage\",\"url\":\"http:\/\/www.visit-ulcinj.com\/blog\/wp-content\/uploads\/2009\/05\/per-fitoren14.jpg\",\"contentUrl\":\"http:\/\/www.visit-ulcinj.com\/blog\/wp-content\/uploads\/2009\/05\/per-fitoren14.jpg\"},{\"@type\":\"WebPage\",\"@id\":\"https:\/\/www.visit-ulcinj.com\/blog\/2009\/05\/15\/bjordi-dhe-adelajda-ato-duan-leket-une-dua-fitoren\/#webpage\",\"url\":\"https:\/\/www.visit-ulcinj.com\/blog\/2009\/05\/15\/bjordi-dhe-adelajda-ato-duan-leket-une-dua-fitoren\/\",\"name\":\"Bjordi dhe Adelajda : Ato duan lek\u00c3\u00abt, un\u00c3\u00ab dua fitoren | Big Brother Albania 2\",\"isPartOf\":{\"@id\":\"https:\/\/www.visit-ulcinj.com\/blog\/#website\"},\"primaryImageOfPage\":{\"@id\":\"https:\/\/www.visit-ulcinj.com\/blog\/2009\/05\/15\/bjordi-dhe-adelajda-ato-duan-leket-une-dua-fitoren\/#primaryimage\"},\"datePublished\":\"2009-05-15T11:00:56+00:00\",\"dateModified\":\"2009-05-14T22:04:07+00:00\",\"author\":{\"@id\":\"https:\/\/www.visit-ulcinj.com\/blog\/#\/schema\/person\/dcab619c614d3038751c63bc2aadc06d\"},\"description\":\"Big Brother Albania 2 - Bjordi q\u00c3\u00abndron me Adelajd\u00c3\u00abn n\u00c3\u00ab kop\u00c3\u00absht duke diskutuar. Bjordi shikon Adin dhe thot\u00c3\u00ab:-\u00e2\u20ac\u0153Po sikur t`ia marr fitoren t\u00c3\u00ab dyve?!\u00e2\u20ac\u009d\",\"breadcrumb\":{\"@id\":\"https:\/\/www.visit-ulcinj.com\/blog\/2009\/05\/15\/bjordi-dhe-adelajda-ato-duan-leket-une-dua-fitoren\/#breadcrumb\"},\"inLanguage\":\"en-US\",\"potentialAction\":[{\"@type\":\"ReadAction\",\"target\":[\"https:\/\/www.visit-ulcinj.com\/blog\/2009\/05\/15\/bjordi-dhe-adelajda-ato-duan-leket-une-dua-fitoren\/\"]}]},{\"@type\":\"BreadcrumbList\",\"@id\":\"https:\/\/www.visit-ulcinj.com\/blog\/2009\/05\/15\/bjordi-dhe-adelajda-ato-duan-leket-une-dua-fitoren\/#breadcrumb\",\"itemListElement\":[{\"@type\":\"ListItem\",\"position\":1,\"name\":\"Bjordi dhe Adelajda : Ato duan lek\u00ebt, un\u00eb dua fitoren\"}]},{\"@type\":\"Person\",\"@id\":\"https:\/\/www.visit-ulcinj.com\/blog\/#\/schema\/person\/dcab619c614d3038751c63bc2aadc06d\",\"name\":\"ulqini\",\"sameAs\":[\"http:\/\/www.visit-ulcinj.com\"],\"url\":\"https:\/\/www.visit-ulcinj.com\/blog\/author\/admin\/\"}]}<\/script>\n<!-- \/ Yoast SEO plugin. -->","yoast_head_json":{"title":"Bjordi dhe Adelajda : Ato duan lek\u00c3\u00abt, un\u00c3\u00ab dua fitoren | Big Brother Albania 2","description":"Big Brother Albania 2 - Bjordi q\u00c3\u00abndron me Adelajd\u00c3\u00abn n\u00c3\u00ab kop\u00c3\u00absht duke diskutuar. Bjordi shikon Adin dhe thot\u00c3\u00ab:-\u00e2\u20ac\u0153Po sikur t`ia marr fitoren t\u00c3\u00ab dyve?!\u00e2\u20ac\u009d","robots":{"index":"index","follow":"follow","max-snippet":"max-snippet:-1","max-image-preview":"max-image-preview:large","max-video-preview":"max-video-preview:-1"},"canonical":"https:\/\/www.visit-ulcinj.com\/blog\/2009\/05\/15\/bjordi-dhe-adelajda-ato-duan-leket-une-dua-fitoren\/","og_locale":"en_US","og_type":"article","og_title":"Bjordi dhe Adelajda : Ato duan lek\u00c3\u00abt, un\u00c3\u00ab dua fitoren | Big Brother Albania 2","og_description":"Big Brother Albania 2 - Bjordi q\u00c3\u00abndron me Adelajd\u00c3\u00abn n\u00c3\u00ab kop\u00c3\u00absht duke diskutuar. Bjordi shikon Adin dhe thot\u00c3\u00ab:-\u00e2\u20ac\u0153Po sikur t`ia marr fitoren t\u00c3\u00ab dyve?!\u00e2\u20ac\u009d","og_url":"https:\/\/www.visit-ulcinj.com\/blog\/2009\/05\/15\/bjordi-dhe-adelajda-ato-duan-leket-une-dua-fitoren\/","og_site_name":"Lajme nga Ulqini","article_published_time":"2009-05-15T11:00:56+00:00","article_modified_time":"2009-05-14T22:04:07+00:00","og_image":[{"url":"http:\/\/www.visit-ulcinj.com\/blog\/wp-content\/uploads\/2009\/05\/per-fitoren14.jpg"}],"twitter_misc":{"Written by":"ulqini","Est. reading time":"2 minutes"},"schema":{"@context":"https:\/\/schema.org","@graph":[{"@type":"WebSite","@id":"https:\/\/www.visit-ulcinj.com\/blog\/#website","url":"https:\/\/www.visit-ulcinj.com\/blog\/","name":"Lajme nga Ulqini","description":"Lajme,Vijesti,Ulqini,Ulqin,Crna Gora,Mali i Zi","potentialAction":[{"@type":"SearchAction","target":{"@type":"EntryPoint","urlTemplate":"https:\/\/www.visit-ulcinj.com\/blog\/?s={search_term_string}"},"query-input":"required name=search_term_string"}],"inLanguage":"en-US"},{"@type":"ImageObject","inLanguage":"en-US","@id":"https:\/\/www.visit-ulcinj.com\/blog\/2009\/05\/15\/bjordi-dhe-adelajda-ato-duan-leket-une-dua-fitoren\/#primaryimage","url":"http:\/\/www.visit-ulcinj.com\/blog\/wp-content\/uploads\/2009\/05\/per-fitoren14.jpg","contentUrl":"http:\/\/www.visit-ulcinj.com\/blog\/wp-content\/uploads\/2009\/05\/per-fitoren14.jpg"},{"@type":"WebPage","@id":"https:\/\/www.visit-ulcinj.com\/blog\/2009\/05\/15\/bjordi-dhe-adelajda-ato-duan-leket-une-dua-fitoren\/#webpage","url":"https:\/\/www.visit-ulcinj.com\/blog\/2009\/05\/15\/bjordi-dhe-adelajda-ato-duan-leket-une-dua-fitoren\/","name":"Bjordi dhe Adelajda : Ato duan lek\u00c3\u00abt, un\u00c3\u00ab dua fitoren | Big Brother Albania 2","isPartOf":{"@id":"https:\/\/www.visit-ulcinj.com\/blog\/#website"},"primaryImageOfPage":{"@id":"https:\/\/www.visit-ulcinj.com\/blog\/2009\/05\/15\/bjordi-dhe-adelajda-ato-duan-leket-une-dua-fitoren\/#primaryimage"},"datePublished":"2009-05-15T11:00:56+00:00","dateModified":"2009-05-14T22:04:07+00:00","author":{"@id":"https:\/\/www.visit-ulcinj.com\/blog\/#\/schema\/person\/dcab619c614d3038751c63bc2aadc06d"},"description":"Big Brother Albania 2 - Bjordi q\u00c3\u00abndron me Adelajd\u00c3\u00abn n\u00c3\u00ab kop\u00c3\u00absht duke diskutuar. Bjordi shikon Adin dhe thot\u00c3\u00ab:-\u00e2\u20ac\u0153Po sikur t`ia marr fitoren t\u00c3\u00ab dyve?!\u00e2\u20ac\u009d","breadcrumb":{"@id":"https:\/\/www.visit-ulcinj.com\/blog\/2009\/05\/15\/bjordi-dhe-adelajda-ato-duan-leket-une-dua-fitoren\/#breadcrumb"},"inLanguage":"en-US","potentialAction":[{"@type":"ReadAction","target":["https:\/\/www.visit-ulcinj.com\/blog\/2009\/05\/15\/bjordi-dhe-adelajda-ato-duan-leket-une-dua-fitoren\/"]}]},{"@type":"BreadcrumbList","@id":"https:\/\/www.visit-ulcinj.com\/blog\/2009\/05\/15\/bjordi-dhe-adelajda-ato-duan-leket-une-dua-fitoren\/#breadcrumb","itemListElement":[{"@type":"ListItem","position":1,"name":"Bjordi dhe Adelajda : Ato duan lek\u00ebt, un\u00eb dua fitoren"}]},{"@type":"Person","@id":"https:\/\/www.visit-ulcinj.com\/blog\/#\/schema\/person\/dcab619c614d3038751c63bc2aadc06d","name":"ulqini","sameAs":["http:\/\/www.visit-ulcinj.com"],"url":"https:\/\/www.visit-ulcinj.com\/blog\/author\/admin\/"}]}},"jetpack_featured_media_url":"","jetpack_sharing_enabled":true,"jetpack_shortlink":"https:\/\/wp.me\/pe6lTn-5A9","_links":{"self":[{"href":"https:\/\/www.visit-ulcinj.com\/blog\/wp-json\/wp\/v2\/posts\/21461"}],"collection":[{"href":"https:\/\/www.visit-ulcinj.com\/blog\/wp-json\/wp\/v2\/posts"}],"about":[{"href":"https:\/\/www.visit-ulcinj.com\/blog\/wp-json\/wp\/v2\/types\/post"}],"author":[{"embeddable":true,"href":"https:\/\/www.visit-ulcinj.com\/blog\/wp-json\/wp\/v2\/users\/1"}],"replies":[{"embeddable":true,"href":"https:\/\/www.visit-ulcinj.com\/blog\/wp-json\/wp\/v2\/comments?post=21461"}],"version-history":[{"count":0,"href":"https:\/\/www.visit-ulcinj.com\/blog\/wp-json\/wp\/v2\/posts\/21461\/revisions"}],"wp:attachment":[{"href":"https:\/\/www.visit-ulcinj.com\/blog\/wp-json\/wp\/v2\/media?parent=21461"}],"wp:term":[{"taxonomy":"category","embeddable":true,"href":"https:\/\/www.visit-ulcinj.com\/blog\/wp-json\/wp\/v2\/categories?post=21461"},{"taxonomy":"post_tag","embeddable":true,"href":"https:\/\/www.visit-ulcinj.com\/blog\/wp-json\/wp\/v2\/tags?post=21461"}],"curies":[{"name":"wp","href":"https:\/\/api.w.org\/{rel}","templated":true}]}}