{"id":21474,"date":"2009-05-15T15:00:48","date_gmt":"2009-05-15T13:00:48","guid":{"rendered":"http:\/\/www.visit-ulcinj.com\/blog\/?p=21474"},"modified":"2009-05-15T00:26:28","modified_gmt":"2009-05-14T22:26:28","slug":"cifti-per-fillimet-e-tyre","status":"publish","type":"post","link":"https:\/\/www.visit-ulcinj.com\/blog\/2009\/05\/15\/cifti-per-fillimet-e-tyre\/","title":{"rendered":"Cifti p\u00ebr fillimet e tyre"},"content":{"rendered":"<p><em><span class=\"newsdate\"><a href=\"http:\/\/www.visit-ulcinj.com\/blog\/wp-content\/uploads\/2009\/05\/cifti-per-fillimet14.jpg\"><img loading=\"lazy\" class=\"alignleft size-full wp-image-21475\" title=\"cifti-per-fillimet14\" src=\"http:\/\/www.visit-ulcinj.com\/blog\/wp-content\/uploads\/2009\/05\/cifti-per-fillimet14.jpg\" alt=\"cifti-per-fillimet14\" width=\"300\" height=\"205\" \/><\/a>14\/05\/09 22:10<\/span><\/em><\/p>\n<p>Adela me Bjordin t\u00eb ulur n\u00eb kolltuqet e kopshtit bisedojn\u00eb dhe kujtojn\u00eb fillimet e dashuris\u00eb s\u00eb tyre. Ato kujtojn\u00eb marr\u00ebdh\u00ebniet dhe situatat e krijuara me banor\u00ebt e tjer\u00eb kur t\u00eb dy nuk kishin dal\u00eb ende hapur p\u00ebr ndjenjat e tyre. Bjordi e pyet n\u00ebse Adela e donte n\u00eb at\u00eb periudh\u00eb, por Adela i thot\u00eb se nuk do ti p\u00ebrgjigjet k\u00ebsaj pyetje. Ato kujtojn\u00eb dit\u00ebn e dit\u00eblindjes si edhe marr\u00ebdheniet me Aid\u00ebn dhe Mesid\u00ebn. Bjordi tregon se me Aid\u00ebn kishte marr\u00ebdh\u00ebnie shum\u00eb t\u00eb mira n\u00eb fillim dhe akuzon adel\u00ebn q\u00eb p\u00ebr faj t\u00eb saj u prish me Aid\u00ebn.<\/p>\n","protected":false},"excerpt":{"rendered":"<p>14\/05\/09 22:10 Adela me Bjordin t\u00eb ulur n\u00eb kolltuqet e kopshtit bisedojn\u00eb dhe kujtojn\u00eb fillimet e dashuris\u00eb s\u00eb tyre. Ato kujtojn\u00eb marr\u00ebdh\u00ebniet dhe situatat e krijuara me banor\u00ebt e tjer\u00eb kur t\u00eb dy nuk kishin dal\u00eb ende hapur p\u00ebr ndjenjat e tyre. Bjordi e pyet n\u00ebse Adela e donte n\u00eb at\u00eb periudh\u00eb, por Adela i [&hellip;]<\/p>\n","protected":false},"author":1,"featured_media":0,"comment_status":"open","ping_status":"closed","sticky":false,"template":"","format":"standard","meta":{"spay_email":"","jetpack_publicize_message":"","jetpack_is_tweetstorm":false,"jetpack_publicize_feature_enabled":true},"categories":[6502],"tags":[6529,6537,9121,6522,9751],"jetpack_publicize_connections":[],"yoast_head":"<!-- This site is optimized with the Yoast SEO plugin v19.1 - https:\/\/yoast.com\/wordpress\/plugins\/seo\/ -->\n<title>Cifti p\u00c3\u00abr fillimet e tyre | Big Brother Albania 2<\/title>\n<meta name=\"description\" content=\"Big Brother Albania 2 - Adela me Bjordin t\u00c3\u00ab ulur n\u00c3\u00ab kolltuqet e kopshtit bisedojn\u00c3\u00ab dhe kujtojn\u00c3\u00ab fillimet e dashuris\u00c3\u00ab s\u00c3\u00ab tyre. Ato kujtojn\u00c3\u00ab marr\u00c3\u00abdh\u00c3\u00abniet dhe situatat e krijuara me banor\u00c3\u00abt e tjer\u00c3\u00ab kur t\u00c3\u00ab dy nuk kishin dal\u00c3\u00ab ende hapur p\u00c3\u00abr ndjenjat e tyre\" \/>\n<meta name=\"robots\" content=\"index, follow, max-snippet:-1, max-image-preview:large, max-video-preview:-1\" \/>\n<link rel=\"canonical\" href=\"https:\/\/www.visit-ulcinj.com\/blog\/2009\/05\/15\/cifti-per-fillimet-e-tyre\/\" \/>\n<meta property=\"og:locale\" content=\"en_US\" \/>\n<meta property=\"og:type\" content=\"article\" \/>\n<meta property=\"og:title\" content=\"Cifti p\u00c3\u00abr fillimet e tyre | Big Brother Albania 2\" \/>\n<meta property=\"og:description\" content=\"Big Brother Albania 2 - Adela me Bjordin t\u00c3\u00ab ulur n\u00c3\u00ab kolltuqet e kopshtit bisedojn\u00c3\u00ab dhe kujtojn\u00c3\u00ab fillimet e dashuris\u00c3\u00ab s\u00c3\u00ab tyre. Ato kujtojn\u00c3\u00ab marr\u00c3\u00abdh\u00c3\u00abniet dhe situatat e krijuara me banor\u00c3\u00abt e tjer\u00c3\u00ab kur t\u00c3\u00ab dy nuk kishin dal\u00c3\u00ab ende hapur p\u00c3\u00abr ndjenjat e tyre\" \/>\n<meta property=\"og:url\" content=\"https:\/\/www.visit-ulcinj.com\/blog\/2009\/05\/15\/cifti-per-fillimet-e-tyre\/\" \/>\n<meta property=\"og:site_name\" content=\"Lajme nga Ulqini\" \/>\n<meta property=\"article:published_time\" content=\"2009-05-15T13:00:48+00:00\" \/>\n<meta property=\"article:modified_time\" content=\"2009-05-14T22:26:28+00:00\" \/>\n<meta property=\"og:image\" content=\"http:\/\/www.visit-ulcinj.com\/blog\/wp-content\/uploads\/2009\/05\/cifti-per-fillimet14.jpg\" \/>\n<meta name=\"twitter:label1\" content=\"Written by\" \/>\n\t<meta name=\"twitter:data1\" content=\"ulqini\" \/>\n\t<meta name=\"twitter:label2\" content=\"Est. reading time\" \/>\n\t<meta name=\"twitter:data2\" content=\"1 minute\" \/>\n<script type=\"application\/ld+json\" class=\"yoast-schema-graph\">{\"@context\":\"https:\/\/schema.org\",\"@graph\":[{\"@type\":\"WebSite\",\"@id\":\"https:\/\/www.visit-ulcinj.com\/blog\/#website\",\"url\":\"https:\/\/www.visit-ulcinj.com\/blog\/\",\"name\":\"Lajme nga Ulqini\",\"description\":\"Lajme,Vijesti,Ulqini,Ulqin,Crna Gora,Mali i Zi\",\"potentialAction\":[{\"@type\":\"SearchAction\",\"target\":{\"@type\":\"EntryPoint\",\"urlTemplate\":\"https:\/\/www.visit-ulcinj.com\/blog\/?s={search_term_string}\"},\"query-input\":\"required name=search_term_string\"}],\"inLanguage\":\"en-US\"},{\"@type\":\"ImageObject\",\"inLanguage\":\"en-US\",\"@id\":\"https:\/\/www.visit-ulcinj.com\/blog\/2009\/05\/15\/cifti-per-fillimet-e-tyre\/#primaryimage\",\"url\":\"http:\/\/www.visit-ulcinj.com\/blog\/wp-content\/uploads\/2009\/05\/cifti-per-fillimet14.jpg\",\"contentUrl\":\"http:\/\/www.visit-ulcinj.com\/blog\/wp-content\/uploads\/2009\/05\/cifti-per-fillimet14.jpg\"},{\"@type\":\"WebPage\",\"@id\":\"https:\/\/www.visit-ulcinj.com\/blog\/2009\/05\/15\/cifti-per-fillimet-e-tyre\/#webpage\",\"url\":\"https:\/\/www.visit-ulcinj.com\/blog\/2009\/05\/15\/cifti-per-fillimet-e-tyre\/\",\"name\":\"Cifti p\u00c3\u00abr fillimet e tyre | Big Brother Albania 2\",\"isPartOf\":{\"@id\":\"https:\/\/www.visit-ulcinj.com\/blog\/#website\"},\"primaryImageOfPage\":{\"@id\":\"https:\/\/www.visit-ulcinj.com\/blog\/2009\/05\/15\/cifti-per-fillimet-e-tyre\/#primaryimage\"},\"datePublished\":\"2009-05-15T13:00:48+00:00\",\"dateModified\":\"2009-05-14T22:26:28+00:00\",\"author\":{\"@id\":\"https:\/\/www.visit-ulcinj.com\/blog\/#\/schema\/person\/dcab619c614d3038751c63bc2aadc06d\"},\"description\":\"Big Brother Albania 2 - Adela me Bjordin t\u00c3\u00ab ulur n\u00c3\u00ab kolltuqet e kopshtit bisedojn\u00c3\u00ab dhe kujtojn\u00c3\u00ab fillimet e dashuris\u00c3\u00ab s\u00c3\u00ab tyre. Ato kujtojn\u00c3\u00ab marr\u00c3\u00abdh\u00c3\u00abniet dhe situatat e krijuara me banor\u00c3\u00abt e tjer\u00c3\u00ab kur t\u00c3\u00ab dy nuk kishin dal\u00c3\u00ab ende hapur p\u00c3\u00abr ndjenjat e tyre\",\"breadcrumb\":{\"@id\":\"https:\/\/www.visit-ulcinj.com\/blog\/2009\/05\/15\/cifti-per-fillimet-e-tyre\/#breadcrumb\"},\"inLanguage\":\"en-US\",\"potentialAction\":[{\"@type\":\"ReadAction\",\"target\":[\"https:\/\/www.visit-ulcinj.com\/blog\/2009\/05\/15\/cifti-per-fillimet-e-tyre\/\"]}]},{\"@type\":\"BreadcrumbList\",\"@id\":\"https:\/\/www.visit-ulcinj.com\/blog\/2009\/05\/15\/cifti-per-fillimet-e-tyre\/#breadcrumb\",\"itemListElement\":[{\"@type\":\"ListItem\",\"position\":1,\"name\":\"Cifti p\u00ebr fillimet e tyre\"}]},{\"@type\":\"Person\",\"@id\":\"https:\/\/www.visit-ulcinj.com\/blog\/#\/schema\/person\/dcab619c614d3038751c63bc2aadc06d\",\"name\":\"ulqini\",\"sameAs\":[\"http:\/\/www.visit-ulcinj.com\"],\"url\":\"https:\/\/www.visit-ulcinj.com\/blog\/author\/admin\/\"}]}<\/script>\n<!-- \/ Yoast SEO plugin. -->","yoast_head_json":{"title":"Cifti p\u00c3\u00abr fillimet e tyre | Big Brother Albania 2","description":"Big Brother Albania 2 - Adela me Bjordin t\u00c3\u00ab ulur n\u00c3\u00ab kolltuqet e kopshtit bisedojn\u00c3\u00ab dhe kujtojn\u00c3\u00ab fillimet e dashuris\u00c3\u00ab s\u00c3\u00ab tyre. Ato kujtojn\u00c3\u00ab marr\u00c3\u00abdh\u00c3\u00abniet dhe situatat e krijuara me banor\u00c3\u00abt e tjer\u00c3\u00ab kur t\u00c3\u00ab dy nuk kishin dal\u00c3\u00ab ende hapur p\u00c3\u00abr ndjenjat e tyre","robots":{"index":"index","follow":"follow","max-snippet":"max-snippet:-1","max-image-preview":"max-image-preview:large","max-video-preview":"max-video-preview:-1"},"canonical":"https:\/\/www.visit-ulcinj.com\/blog\/2009\/05\/15\/cifti-per-fillimet-e-tyre\/","og_locale":"en_US","og_type":"article","og_title":"Cifti p\u00c3\u00abr fillimet e tyre | Big Brother Albania 2","og_description":"Big Brother Albania 2 - Adela me Bjordin t\u00c3\u00ab ulur n\u00c3\u00ab kolltuqet e kopshtit bisedojn\u00c3\u00ab dhe kujtojn\u00c3\u00ab fillimet e dashuris\u00c3\u00ab s\u00c3\u00ab tyre. Ato kujtojn\u00c3\u00ab marr\u00c3\u00abdh\u00c3\u00abniet dhe situatat e krijuara me banor\u00c3\u00abt e tjer\u00c3\u00ab kur t\u00c3\u00ab dy nuk kishin dal\u00c3\u00ab ende hapur p\u00c3\u00abr ndjenjat e tyre","og_url":"https:\/\/www.visit-ulcinj.com\/blog\/2009\/05\/15\/cifti-per-fillimet-e-tyre\/","og_site_name":"Lajme nga Ulqini","article_published_time":"2009-05-15T13:00:48+00:00","article_modified_time":"2009-05-14T22:26:28+00:00","og_image":[{"url":"http:\/\/www.visit-ulcinj.com\/blog\/wp-content\/uploads\/2009\/05\/cifti-per-fillimet14.jpg"}],"twitter_misc":{"Written by":"ulqini","Est. reading time":"1 minute"},"schema":{"@context":"https:\/\/schema.org","@graph":[{"@type":"WebSite","@id":"https:\/\/www.visit-ulcinj.com\/blog\/#website","url":"https:\/\/www.visit-ulcinj.com\/blog\/","name":"Lajme nga Ulqini","description":"Lajme,Vijesti,Ulqini,Ulqin,Crna Gora,Mali i Zi","potentialAction":[{"@type":"SearchAction","target":{"@type":"EntryPoint","urlTemplate":"https:\/\/www.visit-ulcinj.com\/blog\/?s={search_term_string}"},"query-input":"required name=search_term_string"}],"inLanguage":"en-US"},{"@type":"ImageObject","inLanguage":"en-US","@id":"https:\/\/www.visit-ulcinj.com\/blog\/2009\/05\/15\/cifti-per-fillimet-e-tyre\/#primaryimage","url":"http:\/\/www.visit-ulcinj.com\/blog\/wp-content\/uploads\/2009\/05\/cifti-per-fillimet14.jpg","contentUrl":"http:\/\/www.visit-ulcinj.com\/blog\/wp-content\/uploads\/2009\/05\/cifti-per-fillimet14.jpg"},{"@type":"WebPage","@id":"https:\/\/www.visit-ulcinj.com\/blog\/2009\/05\/15\/cifti-per-fillimet-e-tyre\/#webpage","url":"https:\/\/www.visit-ulcinj.com\/blog\/2009\/05\/15\/cifti-per-fillimet-e-tyre\/","name":"Cifti p\u00c3\u00abr fillimet e tyre | Big Brother Albania 2","isPartOf":{"@id":"https:\/\/www.visit-ulcinj.com\/blog\/#website"},"primaryImageOfPage":{"@id":"https:\/\/www.visit-ulcinj.com\/blog\/2009\/05\/15\/cifti-per-fillimet-e-tyre\/#primaryimage"},"datePublished":"2009-05-15T13:00:48+00:00","dateModified":"2009-05-14T22:26:28+00:00","author":{"@id":"https:\/\/www.visit-ulcinj.com\/blog\/#\/schema\/person\/dcab619c614d3038751c63bc2aadc06d"},"description":"Big Brother Albania 2 - Adela me Bjordin t\u00c3\u00ab ulur n\u00c3\u00ab kolltuqet e kopshtit bisedojn\u00c3\u00ab dhe kujtojn\u00c3\u00ab fillimet e dashuris\u00c3\u00ab s\u00c3\u00ab tyre. Ato kujtojn\u00c3\u00ab marr\u00c3\u00abdh\u00c3\u00abniet dhe situatat e krijuara me banor\u00c3\u00abt e tjer\u00c3\u00ab kur t\u00c3\u00ab dy nuk kishin dal\u00c3\u00ab ende hapur p\u00c3\u00abr ndjenjat e tyre","breadcrumb":{"@id":"https:\/\/www.visit-ulcinj.com\/blog\/2009\/05\/15\/cifti-per-fillimet-e-tyre\/#breadcrumb"},"inLanguage":"en-US","potentialAction":[{"@type":"ReadAction","target":["https:\/\/www.visit-ulcinj.com\/blog\/2009\/05\/15\/cifti-per-fillimet-e-tyre\/"]}]},{"@type":"BreadcrumbList","@id":"https:\/\/www.visit-ulcinj.com\/blog\/2009\/05\/15\/cifti-per-fillimet-e-tyre\/#breadcrumb","itemListElement":[{"@type":"ListItem","position":1,"name":"Cifti p\u00ebr fillimet e tyre"}]},{"@type":"Person","@id":"https:\/\/www.visit-ulcinj.com\/blog\/#\/schema\/person\/dcab619c614d3038751c63bc2aadc06d","name":"ulqini","sameAs":["http:\/\/www.visit-ulcinj.com"],"url":"https:\/\/www.visit-ulcinj.com\/blog\/author\/admin\/"}]}},"jetpack_featured_media_url":"","jetpack_sharing_enabled":true,"jetpack_shortlink":"https:\/\/wp.me\/pe6lTn-5Am","_links":{"self":[{"href":"https:\/\/www.visit-ulcinj.com\/blog\/wp-json\/wp\/v2\/posts\/21474"}],"collection":[{"href":"https:\/\/www.visit-ulcinj.com\/blog\/wp-json\/wp\/v2\/posts"}],"about":[{"href":"https:\/\/www.visit-ulcinj.com\/blog\/wp-json\/wp\/v2\/types\/post"}],"author":[{"embeddable":true,"href":"https:\/\/www.visit-ulcinj.com\/blog\/wp-json\/wp\/v2\/users\/1"}],"replies":[{"embeddable":true,"href":"https:\/\/www.visit-ulcinj.com\/blog\/wp-json\/wp\/v2\/comments?post=21474"}],"version-history":[{"count":0,"href":"https:\/\/www.visit-ulcinj.com\/blog\/wp-json\/wp\/v2\/posts\/21474\/revisions"}],"wp:attachment":[{"href":"https:\/\/www.visit-ulcinj.com\/blog\/wp-json\/wp\/v2\/media?parent=21474"}],"wp:term":[{"taxonomy":"category","embeddable":true,"href":"https:\/\/www.visit-ulcinj.com\/blog\/wp-json\/wp\/v2\/categories?post=21474"},{"taxonomy":"post_tag","embeddable":true,"href":"https:\/\/www.visit-ulcinj.com\/blog\/wp-json\/wp\/v2\/tags?post=21474"}],"curies":[{"name":"wp","href":"https:\/\/api.w.org\/{rel}","templated":true}]}}