{"id":21477,"date":"2009-05-15T15:15:42","date_gmt":"2009-05-15T13:15:42","guid":{"rendered":"http:\/\/www.visit-ulcinj.com\/blog\/?p=21477"},"modified":"2009-05-15T00:17:28","modified_gmt":"2009-05-14T22:17:28","slug":"per-martesen","status":"publish","type":"post","link":"https:\/\/www.visit-ulcinj.com\/blog\/2009\/05\/15\/per-martesen\/","title":{"rendered":"P\u00ebr martes\u00ebn"},"content":{"rendered":"<p><em><span class=\"newsdate\"><a href=\"http:\/\/www.visit-ulcinj.com\/blog\/wp-content\/uploads\/2009\/05\/per-martesen14.jpg\"><img loading=\"lazy\" class=\"alignleft size-full wp-image-21478\" title=\"per-martesen14-big-brother-albania-2\" src=\"http:\/\/www.visit-ulcinj.com\/blog\/wp-content\/uploads\/2009\/05\/per-martesen14.jpg\" alt=\"per-martesen14-big-brother-albania-2\" width=\"300\" height=\"205\" \/><\/a>14\/05\/09 20:30<\/span><\/em><\/p>\n<p>Pas dreke banor\u00ebt jan\u00eb ulur n\u00eb kop\u00ebsht dhe mes tyre hapet biseda mbi martes\u00ebn. Adi \u00ebsht\u00eb i mendimit se c\u2019do gj\u00eb duhet t\u00eb vij\u00eb graduale. Ai thot\u00eb se fillimisht cifti duhet t\u00eb njihet mir\u00eb dhe m\u00ebnyra m\u00eb e mir\u00eb \u00ebsht\u00eb fejesa ose bashk\u00ebjetesa t\u00eb cilat hedhin themelet e nj\u00eb lidhje t\u00eb q\u00ebndrueshme dhe m\u00eb pas vjen martesa. Martesa duhet t\u00eb vij\u00eb vet\u00ebm kur bazat jan\u00eb t\u00eb forta kur nuk mund t\u00eb vij\u00eb m\u00eb t\u00ebrmet. N\u00ebse themelet jan\u00eb t\u00eb q\u00ebndrueshme at\u00ebher\u00eb mund t\u00eb hedh\u00ebsh sht\u00ebpin\u00eb mbi themel, q\u00eb \u00ebsht\u00eb martesa.<\/p>\n","protected":false},"excerpt":{"rendered":"<p>14\/05\/09 20:30 Pas dreke banor\u00ebt jan\u00eb ulur n\u00eb kop\u00ebsht dhe mes tyre hapet biseda mbi martes\u00ebn. Adi \u00ebsht\u00eb i mendimit se c\u2019do gj\u00eb duhet t\u00eb vij\u00eb graduale. Ai thot\u00eb se fillimisht cifti duhet t\u00eb njihet mir\u00eb dhe m\u00ebnyra m\u00eb e mir\u00eb \u00ebsht\u00eb fejesa ose bashk\u00ebjetesa t\u00eb cilat hedhin themelet e nj\u00eb lidhje t\u00eb q\u00ebndrueshme dhe [&hellip;]<\/p>\n","protected":false},"author":1,"featured_media":0,"comment_status":"open","ping_status":"closed","sticky":false,"template":"","format":"standard","meta":{"spay_email":"","jetpack_publicize_message":"","jetpack_is_tweetstorm":false,"jetpack_publicize_feature_enabled":true},"categories":[6502],"tags":[6529,6520,9121,6522,7815,9751],"jetpack_publicize_connections":[],"yoast_head":"<!-- This site is optimized with the Yoast SEO plugin v19.1 - https:\/\/yoast.com\/wordpress\/plugins\/seo\/ -->\n<title>P\u00c3\u00abr martes\u00c3\u00abn | Big Brother Albania 2<\/title>\n<meta name=\"description\" content=\"Big Brother Albania 2 - Pas dreke banor\u00c3\u00abt jan\u00c3\u00ab ulur n\u00c3\u00ab kop\u00c3\u00absht dhe mes tyre hapet biseda mbi martes\u00c3\u00abn. Adi \u00c3\u00absht\u00c3\u00ab i mendimit se c\u00e2\u20ac\u2122do gj\u00c3\u00ab duhet t\u00c3\u00ab vij\u00c3\u00ab graduale.\" \/>\n<meta name=\"robots\" content=\"index, follow, max-snippet:-1, max-image-preview:large, max-video-preview:-1\" \/>\n<link rel=\"canonical\" href=\"https:\/\/www.visit-ulcinj.com\/blog\/2009\/05\/15\/per-martesen\/\" \/>\n<meta property=\"og:locale\" content=\"en_US\" \/>\n<meta property=\"og:type\" content=\"article\" \/>\n<meta property=\"og:title\" content=\"P\u00c3\u00abr martes\u00c3\u00abn | Big Brother Albania 2\" \/>\n<meta property=\"og:description\" content=\"Big Brother Albania 2 - Pas dreke banor\u00c3\u00abt jan\u00c3\u00ab ulur n\u00c3\u00ab kop\u00c3\u00absht dhe mes tyre hapet biseda mbi martes\u00c3\u00abn. Adi \u00c3\u00absht\u00c3\u00ab i mendimit se c\u00e2\u20ac\u2122do gj\u00c3\u00ab duhet t\u00c3\u00ab vij\u00c3\u00ab graduale.\" \/>\n<meta property=\"og:url\" content=\"https:\/\/www.visit-ulcinj.com\/blog\/2009\/05\/15\/per-martesen\/\" \/>\n<meta property=\"og:site_name\" content=\"Lajme nga Ulqini\" \/>\n<meta property=\"article:published_time\" content=\"2009-05-15T13:15:42+00:00\" \/>\n<meta property=\"article:modified_time\" content=\"2009-05-14T22:17:28+00:00\" \/>\n<meta property=\"og:image\" content=\"http:\/\/www.visit-ulcinj.com\/blog\/wp-content\/uploads\/2009\/05\/per-martesen14.jpg\" \/>\n<meta name=\"twitter:label1\" content=\"Written by\" \/>\n\t<meta name=\"twitter:data1\" content=\"ulqini\" \/>\n\t<meta name=\"twitter:label2\" content=\"Est. reading time\" \/>\n\t<meta name=\"twitter:data2\" content=\"1 minute\" \/>\n<script type=\"application\/ld+json\" class=\"yoast-schema-graph\">{\"@context\":\"https:\/\/schema.org\",\"@graph\":[{\"@type\":\"WebSite\",\"@id\":\"https:\/\/www.visit-ulcinj.com\/blog\/#website\",\"url\":\"https:\/\/www.visit-ulcinj.com\/blog\/\",\"name\":\"Lajme nga Ulqini\",\"description\":\"Lajme,Vijesti,Ulqini,Ulqin,Crna Gora,Mali i Zi\",\"potentialAction\":[{\"@type\":\"SearchAction\",\"target\":{\"@type\":\"EntryPoint\",\"urlTemplate\":\"https:\/\/www.visit-ulcinj.com\/blog\/?s={search_term_string}\"},\"query-input\":\"required name=search_term_string\"}],\"inLanguage\":\"en-US\"},{\"@type\":\"ImageObject\",\"inLanguage\":\"en-US\",\"@id\":\"https:\/\/www.visit-ulcinj.com\/blog\/2009\/05\/15\/per-martesen\/#primaryimage\",\"url\":\"http:\/\/www.visit-ulcinj.com\/blog\/wp-content\/uploads\/2009\/05\/per-martesen14.jpg\",\"contentUrl\":\"http:\/\/www.visit-ulcinj.com\/blog\/wp-content\/uploads\/2009\/05\/per-martesen14.jpg\"},{\"@type\":\"WebPage\",\"@id\":\"https:\/\/www.visit-ulcinj.com\/blog\/2009\/05\/15\/per-martesen\/#webpage\",\"url\":\"https:\/\/www.visit-ulcinj.com\/blog\/2009\/05\/15\/per-martesen\/\",\"name\":\"P\u00c3\u00abr martes\u00c3\u00abn | Big Brother Albania 2\",\"isPartOf\":{\"@id\":\"https:\/\/www.visit-ulcinj.com\/blog\/#website\"},\"primaryImageOfPage\":{\"@id\":\"https:\/\/www.visit-ulcinj.com\/blog\/2009\/05\/15\/per-martesen\/#primaryimage\"},\"datePublished\":\"2009-05-15T13:15:42+00:00\",\"dateModified\":\"2009-05-14T22:17:28+00:00\",\"author\":{\"@id\":\"https:\/\/www.visit-ulcinj.com\/blog\/#\/schema\/person\/dcab619c614d3038751c63bc2aadc06d\"},\"description\":\"Big Brother Albania 2 - Pas dreke banor\u00c3\u00abt jan\u00c3\u00ab ulur n\u00c3\u00ab kop\u00c3\u00absht dhe mes tyre hapet biseda mbi martes\u00c3\u00abn. Adi \u00c3\u00absht\u00c3\u00ab i mendimit se c\u00e2\u20ac\u2122do gj\u00c3\u00ab duhet t\u00c3\u00ab vij\u00c3\u00ab graduale.\",\"breadcrumb\":{\"@id\":\"https:\/\/www.visit-ulcinj.com\/blog\/2009\/05\/15\/per-martesen\/#breadcrumb\"},\"inLanguage\":\"en-US\",\"potentialAction\":[{\"@type\":\"ReadAction\",\"target\":[\"https:\/\/www.visit-ulcinj.com\/blog\/2009\/05\/15\/per-martesen\/\"]}]},{\"@type\":\"BreadcrumbList\",\"@id\":\"https:\/\/www.visit-ulcinj.com\/blog\/2009\/05\/15\/per-martesen\/#breadcrumb\",\"itemListElement\":[{\"@type\":\"ListItem\",\"position\":1,\"name\":\"P\u00ebr martes\u00ebn\"}]},{\"@type\":\"Person\",\"@id\":\"https:\/\/www.visit-ulcinj.com\/blog\/#\/schema\/person\/dcab619c614d3038751c63bc2aadc06d\",\"name\":\"ulqini\",\"sameAs\":[\"http:\/\/www.visit-ulcinj.com\"],\"url\":\"https:\/\/www.visit-ulcinj.com\/blog\/author\/admin\/\"}]}<\/script>\n<!-- \/ Yoast SEO plugin. -->","yoast_head_json":{"title":"P\u00c3\u00abr martes\u00c3\u00abn | Big Brother Albania 2","description":"Big Brother Albania 2 - Pas dreke banor\u00c3\u00abt jan\u00c3\u00ab ulur n\u00c3\u00ab kop\u00c3\u00absht dhe mes tyre hapet biseda mbi martes\u00c3\u00abn. Adi \u00c3\u00absht\u00c3\u00ab i mendimit se c\u00e2\u20ac\u2122do gj\u00c3\u00ab duhet t\u00c3\u00ab vij\u00c3\u00ab graduale.","robots":{"index":"index","follow":"follow","max-snippet":"max-snippet:-1","max-image-preview":"max-image-preview:large","max-video-preview":"max-video-preview:-1"},"canonical":"https:\/\/www.visit-ulcinj.com\/blog\/2009\/05\/15\/per-martesen\/","og_locale":"en_US","og_type":"article","og_title":"P\u00c3\u00abr martes\u00c3\u00abn | Big Brother Albania 2","og_description":"Big Brother Albania 2 - Pas dreke banor\u00c3\u00abt jan\u00c3\u00ab ulur n\u00c3\u00ab kop\u00c3\u00absht dhe mes tyre hapet biseda mbi martes\u00c3\u00abn. Adi \u00c3\u00absht\u00c3\u00ab i mendimit se c\u00e2\u20ac\u2122do gj\u00c3\u00ab duhet t\u00c3\u00ab vij\u00c3\u00ab graduale.","og_url":"https:\/\/www.visit-ulcinj.com\/blog\/2009\/05\/15\/per-martesen\/","og_site_name":"Lajme nga Ulqini","article_published_time":"2009-05-15T13:15:42+00:00","article_modified_time":"2009-05-14T22:17:28+00:00","og_image":[{"url":"http:\/\/www.visit-ulcinj.com\/blog\/wp-content\/uploads\/2009\/05\/per-martesen14.jpg"}],"twitter_misc":{"Written by":"ulqini","Est. reading time":"1 minute"},"schema":{"@context":"https:\/\/schema.org","@graph":[{"@type":"WebSite","@id":"https:\/\/www.visit-ulcinj.com\/blog\/#website","url":"https:\/\/www.visit-ulcinj.com\/blog\/","name":"Lajme nga Ulqini","description":"Lajme,Vijesti,Ulqini,Ulqin,Crna Gora,Mali i Zi","potentialAction":[{"@type":"SearchAction","target":{"@type":"EntryPoint","urlTemplate":"https:\/\/www.visit-ulcinj.com\/blog\/?s={search_term_string}"},"query-input":"required name=search_term_string"}],"inLanguage":"en-US"},{"@type":"ImageObject","inLanguage":"en-US","@id":"https:\/\/www.visit-ulcinj.com\/blog\/2009\/05\/15\/per-martesen\/#primaryimage","url":"http:\/\/www.visit-ulcinj.com\/blog\/wp-content\/uploads\/2009\/05\/per-martesen14.jpg","contentUrl":"http:\/\/www.visit-ulcinj.com\/blog\/wp-content\/uploads\/2009\/05\/per-martesen14.jpg"},{"@type":"WebPage","@id":"https:\/\/www.visit-ulcinj.com\/blog\/2009\/05\/15\/per-martesen\/#webpage","url":"https:\/\/www.visit-ulcinj.com\/blog\/2009\/05\/15\/per-martesen\/","name":"P\u00c3\u00abr martes\u00c3\u00abn | Big Brother Albania 2","isPartOf":{"@id":"https:\/\/www.visit-ulcinj.com\/blog\/#website"},"primaryImageOfPage":{"@id":"https:\/\/www.visit-ulcinj.com\/blog\/2009\/05\/15\/per-martesen\/#primaryimage"},"datePublished":"2009-05-15T13:15:42+00:00","dateModified":"2009-05-14T22:17:28+00:00","author":{"@id":"https:\/\/www.visit-ulcinj.com\/blog\/#\/schema\/person\/dcab619c614d3038751c63bc2aadc06d"},"description":"Big Brother Albania 2 - Pas dreke banor\u00c3\u00abt jan\u00c3\u00ab ulur n\u00c3\u00ab kop\u00c3\u00absht dhe mes tyre hapet biseda mbi martes\u00c3\u00abn. Adi \u00c3\u00absht\u00c3\u00ab i mendimit se c\u00e2\u20ac\u2122do gj\u00c3\u00ab duhet t\u00c3\u00ab vij\u00c3\u00ab graduale.","breadcrumb":{"@id":"https:\/\/www.visit-ulcinj.com\/blog\/2009\/05\/15\/per-martesen\/#breadcrumb"},"inLanguage":"en-US","potentialAction":[{"@type":"ReadAction","target":["https:\/\/www.visit-ulcinj.com\/blog\/2009\/05\/15\/per-martesen\/"]}]},{"@type":"BreadcrumbList","@id":"https:\/\/www.visit-ulcinj.com\/blog\/2009\/05\/15\/per-martesen\/#breadcrumb","itemListElement":[{"@type":"ListItem","position":1,"name":"P\u00ebr martes\u00ebn"}]},{"@type":"Person","@id":"https:\/\/www.visit-ulcinj.com\/blog\/#\/schema\/person\/dcab619c614d3038751c63bc2aadc06d","name":"ulqini","sameAs":["http:\/\/www.visit-ulcinj.com"],"url":"https:\/\/www.visit-ulcinj.com\/blog\/author\/admin\/"}]}},"jetpack_featured_media_url":"","jetpack_sharing_enabled":true,"jetpack_shortlink":"https:\/\/wp.me\/pe6lTn-5Ap","_links":{"self":[{"href":"https:\/\/www.visit-ulcinj.com\/blog\/wp-json\/wp\/v2\/posts\/21477"}],"collection":[{"href":"https:\/\/www.visit-ulcinj.com\/blog\/wp-json\/wp\/v2\/posts"}],"about":[{"href":"https:\/\/www.visit-ulcinj.com\/blog\/wp-json\/wp\/v2\/types\/post"}],"author":[{"embeddable":true,"href":"https:\/\/www.visit-ulcinj.com\/blog\/wp-json\/wp\/v2\/users\/1"}],"replies":[{"embeddable":true,"href":"https:\/\/www.visit-ulcinj.com\/blog\/wp-json\/wp\/v2\/comments?post=21477"}],"version-history":[{"count":0,"href":"https:\/\/www.visit-ulcinj.com\/blog\/wp-json\/wp\/v2\/posts\/21477\/revisions"}],"wp:attachment":[{"href":"https:\/\/www.visit-ulcinj.com\/blog\/wp-json\/wp\/v2\/media?parent=21477"}],"wp:term":[{"taxonomy":"category","embeddable":true,"href":"https:\/\/www.visit-ulcinj.com\/blog\/wp-json\/wp\/v2\/categories?post=21477"},{"taxonomy":"post_tag","embeddable":true,"href":"https:\/\/www.visit-ulcinj.com\/blog\/wp-json\/wp\/v2\/tags?post=21477"}],"curies":[{"name":"wp","href":"https:\/\/api.w.org\/{rel}","templated":true}]}}