{"id":2148,"date":"2008-07-03T14:42:23","date_gmt":"2008-07-03T19:42:23","guid":{"rendered":"http:\/\/www.visit-ulcinj.com\/blog\/?p=2148"},"modified":"2008-07-03T14:42:23","modified_gmt":"2008-07-03T19:42:23","slug":"lidhja-demokratike-ne-mz-reagon-ndaj-provokimit-te-besimtarit-te-kishes-pravosllave-serbe-ne-ulqin","status":"publish","type":"post","link":"https:\/\/www.visit-ulcinj.com\/blog\/2008\/07\/03\/lidhja-demokratike-ne-mz-reagon-ndaj-provokimit-te-besimtarit-te-kishes-pravosllave-serbe-ne-ulqin\/","title":{"rendered":"Lidhja Demokratike ne MZ reagon ndaj provokimit te besimtarit te Kishes Pravosllave Serbe ne Ulqin"},"content":{"rendered":"<p><a title=\"LDMZ\" href=\"http:\/\/www.malesia.org\/lajmet\/foto\/lidhja_demokratike_logo.jpg\" target=\"_blank\"><img loading=\"lazy\" class=\"alignleft\" style=\"float: left;\" src=\"http:\/\/www.malesia.org\/lajmet\/foto\/lidhja_demokratike_logo.jpg\" alt=\"Lidhjes Demokraktoke n\u00eb Mal t\u00eb Zi,\" width=\"136\" height=\"125\" \/><\/a><strong> Me rastin e vendosjes s\u00eb kryqit n\u00eb Gurin e Madh n\u00eb Lima n\u00eb Ulqin, n\u00eb nat\u00ebn e 27 e 28 qershorit nga besimtari (-r\u00eb) t\u00eb Kish\u00ebs Pravosllave Serbe, Lidhja Demokratike, gjegj\u00ebsisht kryetari i saj Mehmet Bardhi b\u00ebn\u00eb  k\u00ebt\u00eb<\/strong><\/p>\n<p style=\"text-align: center;\"><strong>D e k l a r a t \u00eb<\/strong><\/p>\n<p>Vendosja e  kryqit me madh\u00ebsi kat\u00ebr met\u00ebr nga metali n\u00eb Gurin e Madh n\u00eb Lima n\u00eb Ulqin, n\u00eb nat\u00ebn e 27 e 28 qershorit nga besimtari (-r\u00eb) t\u00eb Kish\u00ebs Pravosllave Serbe, paraqet provokimin (t\u00eb drejtp\u00ebrdrejt\u00eb apo t\u00eb t\u00ebrthort\u00eb) flag\u00ebrant t\u00eb radh\u00ebs q\u00eb po u b\u00ebh\u00ebn trojeve tona nga ana e Kish\u00ebs Pravosllave Serbe, besimtar\u00ebve  dhe pjes\u00ebtar\u00ebve t\u00eb saj.<br \/>\nMe an\u00eb t\u00eb k\u00ebtyre veprimeve brutale po tentohet, tash sa vite, haptas  t\u00eb fusin huti e frik\u00eb t\u00eb vendasit shqiptar\u00eb, n\u00eb nj\u00eb an\u00eb dhe t\u00eb thon\u00eb se k\u00ebto troje jan\u00eb t\u00eb tyre \u2026 n\u00eb an\u00ebn tjet\u00ebr. Pretendimi i tyre okupues del qart n\u00eb t\u00eb gjith\u00eb veprimet e tyre, sidomos kur dim\u00eb mir\u00eb rolin e saj aktiv, madje parar\u00ebnd\u00ebs n\u00eb politik\u00ebn hegjemoniste t\u00eb Beogradit.<br \/>\nN\u00eb Malin e Zi u ri\u00e7fash me \u201cngjarjen &#8211; ndodhin\u00eb e popullit\u201d me tubimet e shumta e brutale, ku gjithher\u00eb akuzoheshin shqiptar\u00ebt p\u00ebr \u00e7do gj\u00eb si pretekst pastaj p\u00ebr t\u2019i sulmuar ata,  trojet, trash\u00ebgimin\u00eb kulturore, arkeologjike, monumentet e vjetra historike e \u00e7do gj\u00eb tjet\u00ebr t\u00eb tyre (t\u00eb shqiptar\u00ebve).<br \/>\nP\u00ebr her\u00eb t\u00eb par\u00eb, m\u00eb 1989 erdh\u00ebn n\u00eb Ostros te themelet e Kish\u00ebs s\u00eb Kraj\u00ebs (monument nga shekulli i 10-t\u00eb, pra ende pa u nda kishat n\u00eb at\u00eb t\u00eb Lindjes dhe n\u00eb at\u00eb t\u00eb Per\u00ebndimit -1054. Pra nuk ishte kish\u00eb serbe, pasi n\u00eb Kraj\u00eb asnj\u00eb d\u00ebshmi, as aktualiteti as e kaluara, dokumentet historike, arkeologjike etj. nuk tregojn\u00eb se ka pasur ndonj\u00ebher\u00eb banues sllav\u00eb, por p\u00ebrkundrazi, ilir\u00eb &#8211; shqiptar\u00eb). Shfaq\u00ebn nj\u00eb dram\u00eb n\u00eb prani t\u00eb udh\u00ebheqjes m\u00eb t\u00eb lart\u00eb at\u00ebher\u00eb t\u00eb Jugosllvis\u00eb. Ishte nj\u00eb rifillim i akteve t\u00eb dhunuese t\u00eb Kish\u00ebs Pravosllave Serbe, t\u00eb ndihmuar nga pushteti, apo anasjelltas, ndaj shqiptar\u00ebve dhe trojeve tona. Pasoi me okupimin e disa monumenteve n\u00eb ishujt e liqenit t\u00eb Shkodr\u00ebs, ardhjes n\u00eb kishat e Shasit, vendosjes s\u00eb kryqit n\u00eb themelet e kish\u00ebs nga shekulli i 9-t\u00eb apo dhe m\u00eb her\u00ebt n\u00eb kalan\u00eb e Ulqinit, vendosja e kryqit n\u00eb majen e malit Rumi dhe kulminacionin e arrin me vendosjen e objektit \u2013 t\u00eb  kish\u00ebs nga metali, m\u00eb 18 qershor 2005, me ndihm\u00ebn e helikopterr\u00ebve t\u00eb ushtris\u00eb serbo-malazeze po n\u00eb Rumi. Veprim e objekt q\u00eb prishi paq\u00ebn e qet\u00ebsin\u00eb e k\u00ebtij n\u00ebnqielli, t\u00eb k\u00ebtyre maleve krenare.<img loading=\"lazy\" class=\"alignright\" style=\"float: right;\" src=\"http:\/\/www.vijesti.cg.yu\/_slike\/1214693167.jpg\" alt=\"kryqi ortodoks ne lima te ulqinit\" width=\"290\" height=\"190\" \/><br \/>\nPas t\u00eb gjitha k\u00ebtyre  parashtrohet pyetja ku jan\u00eb kompetent\u00ebt, pse nuk vepruan si organe shtet\u00ebrore e nuk i parandaluan k\u00ebto provokime? Pse nuk po i \u00e7lirojn\u00eb ishujt n\u00eb liqenin e Shkodr\u00ebs? Pse nuk po e heqin grumbullin e metalit nga maja e malit Rumi, ku kranjan\u00ebt p\u00ebrher\u00eb dol\u00ebn n\u00eb maje ngjit\u00ebn nga nj\u00eb gur\u00eb, p\u00ebr ta b\u00ebr\u00eb majen m\u00eb t\u00eb lart\u00eb? Mos vall\u00eb edhe p\u00ebrb\u00ebrja udh\u00ebheq\u00ebse, por jo vet\u00ebm udh\u00ebheq\u00ebse, e organeve policore, hetuese e gjyq\u00ebsore, ku nuk ka shqiptar\u00eb, apo ka vet\u00ebm simbolikisht, \u00ebsht\u00eb q\u00eb t\u00eb jennt\u00eb n\u00eb sh\u00ebrbim t\u00eb tyre, \u00ebsht\u00eb nj\u00ebra nga pyetjet q\u00eb po b\u00ebhet k\u00ebto dit\u00eb , jo vet\u00ebm nga pol\u00edtika, por edhe nga vet\u00eb qytetar\u00ebt? Mos po i trim\u00ebron q\u00eb t\u00eb b\u00ebjn\u00eb k\u00ebsi veprimesh q\u00eb k\u00ebrc\u00ebnoj\u00eb etj. etj.<br \/>\nDuke mos l\u00ebn\u00eb anash ngjarjet e deritashme, k\u00ebrkojm\u00eb q\u00eb organet kompetente shtet\u00ebrore t\u00eb veprojn\u00eb, t\u00eb parandalojn\u00eb veprimet e tilla, t\u2019i menjanojn\u00eb objektet q\u00eb i vun\u00eb  ku nuk e kan\u00eb vendin as funksionin real. Nd\u00ebrsa nga Kisha Pravosllave Sebe k\u00ebrkojm\u00eb q\u00eb t\u00eb ushtroj\u00eb funksionin e saj shpirt\u00ebror n\u00eb vendet dhe objektet e saja, t\u00eb ndaloj\u00eb provokimet e tilla, t\u00eb ushtroj\u00eb k\u00ebt\u00eb virtyt edhe t\u00eb besimtar\u00ebt e saj q\u00eb mos t\u00eb provokojn\u00eb qytetar\u00ebt e besimeve t\u00eb tjera me an\u00eb t\u00eb vendosjes s\u00eb simboleve te tyre fetare aty ku nuk \u00ebsht\u00eb vendi dhe aty ku kurr\u00eb nuk kishte n\u00eb k\u00ebto troje.  K\u00ebt\u00eb duhet ta b\u00ebj\u00eb p\u00ebr t\u00eb respektuar realitetin, t\u00eb kaluar\u00ebn, t\u00eb sotm\u00ebn q\u00eb duhet t\u00eb jet\u00eb n\u00eb sh\u00ebrbim t\u00eb paq\u00ebs e t\u00eb mir\u00ebbesimit t\u00eb nd\u00ebrsjell\u00eb.<br \/>\n<strong>Burimi \/ malesia.org<\/strong><\/p>\n<p><strong><!-- vimeo error: not a vimeo video --><br \/>\n<\/strong><br \/>\n<a class=\"aligncenter\" title=\"Apatin,  Aran?elovac,  ?uprija,  ?a?ak,  ?apljina,  ?itluk,  \u0160abac,  \u0160ipovo,  \u0160iroki Brijeg,  \u017dep?e,  \u017divinice,  Ba?ka Palanka,  Banja Luka,  Banovi?i,  Be?ej,  beograd,  Biha?,  Bijeljina,  Bor,  Bor?a,  Bosanska Gradi\u0161ka,  Bosanska Krupa,  Bosanski \u0160amac,  Bosanski Brod,  Bosanski Novi,  Br?ko,  Bu\u017eim,  Bugojno,  Cazin,  Crna Gora,  Derventa,  Doboj,  Donji Vakuf,  Drvar,  Dubrovnik,  Fo?a,  Fojnica,  Glamo?,  Gora\u017ede,  Gornji Milanovac,  Gornji Vakuf,  gostivar,  Gra?anica,  Grada?ac,  Gradiska,  Grahovo,  Had\u017ei?i,  Ilid\u017ea,  In?ija,  Jablanica,  Jagodina,  Jajce,  Kakanj,  Kalu?erica,  Kikinda,  Klju?,  Konjic,Vacation Apartments Room in Ulcinj,Unterkunft in Ulcinj Montenegro,Vacations in Ulcinj,your holiday discount price ulcinj,Ulcinj Apartments Holiday,holiday vacation apartment ulcinj,Real Estate Property Vacation ulcinj,Holiday accommodation ulcinj,ulcinj Holiday Villas and Apartments ,Hotels and Resorts - Ulcinj, Kotor Varo\u0161,  Kragujevac,  Kraljevo,  Kru\u0161evac,  Kula,  Kupres,  Lakta\u0161i,  Lazarevac,  Leskovac,  Livno,  Ljubinje,  ljublana,  Ljubu\u0161ki,  Loznica,  Lukavac,  Maglaj,  Mladenovac,  Modri?a,  montenegro erlajnz,  mostar,  Mrkonji? Grad,  Neum,  Ni\u0161,  Novi Pazar,  Novi Sad,  Novi Travnik,  Obrenovac,  Od\u017eak,  ohrid,  Ora\u0161je,  Pale,  Pan?evo,  Para?in,  Pirot,  Po\u017earevac,  Podgorica,  Priboj,  Prijedor,  Prokuplje,  Prozor,  pula,  rijeka,  Ruma,  Sanski Most,  Sarajevo,  Senta,  serbija,  sibenik,  skopje,  Smederevo,  Smederevska Palanka,  Sokolac,  Sombor,  split,  Srebrenica,  Srebrenik,  Sremska Mitrovica,  Stolac,  Struga,  Subotica,  Temerin,  Tesli?,  tetovo,  Travnik,  Trebinje,  tuzla,  U\u017eice,  ulcinj,  Valjevo,  Velika Kladu\u0161a,  Vi\u0161egrad,  Visoko,  Vitez,  Vogo\u0161?a,  vojvodina,  Vranje,  Vr\u0161ac,  Vrbas,  zadar,  Zagreb,  Zaje?ar,  Zavidovi?i,  Zenica,  Zrenjanin,  Zvornik,copacabana ulcinj,  h\u00f4tels,  hotel ulqin,  Kosova,  Mali i Zi,  Maqedonija,  Montenegro,  montenegro tourisme plage,  montenegro ulcinj,  Shpallje Falas,  Shpallje Falas per shitjen e shtepis se juaj,  Shpallje Falas per villat e juaj,  Shpallje Falas Real Estate,  Shpallje Falas turistike,  shqiperija,  tourisme,  Ulci?,  ulcinj,  ulqin,  ulqin hotel,  ulqini,  ulqini 2007,Ada Bojana,  Alba?czyk,  Cita di Dolcino,  Copacabana,  Czarnog\u00f3ra,  Czarnog\u00f3rzec,  Don Kichota,  Ma?a Pla?a,  Mandra,  MIGUEL DE SERVANTES,  p\u00f3?wyspy Marjan,  Pla?a Valdanos,  Rzeka Bojana,  Shas \/ \u0160as \/ Sva?,  Ulci?,  Ulcinjsk? Riwier?,  Wielka Pla?a,  Wyspa Bojana,WELCOME ,BIENVENUE , WILLKOMMEN ,- BENVENUTO ,- MIR\u00cb SE VINI ,- DOBRO DO\u0160LI TO ULCINJ \/ ULQIN ,\u2013 MONTENEGRO ,????? ?????????? ,- VITAJTE, - BRUCHIM HABAYIM ,-V\u00cdTEJTE, - WITAJCIE, - KHOSH \u00c2MAD\u00ceD ,- BITAEMO ,- CHAIRE, - ZAPRASHAJEM ,- V\u00c4LKOMMEN,  - VELKOMMEN ,- DOBRE DOSHLE, - PARI YEGAK ,- SW\u00c2GATAM, - ISTEN HOZTA, - ZAYT VILKUM, - HO?GELDINIZ ,- BIENVENIDOS ,- SUSHRI AKAL, - HUSH KILDEGEZ, - BUN VENIT, - PE KHER RAGLE, - BEM-VINDO, - HUAN YIN ,- BIEN ATI VENI ,- \u00c2SANTU ,- SELAMAT DATANG, - W\u00cbLLKOMM ,- XUSH AMD\u00ceD, - SVEIKI, - HUN BI XER HATIN, - KIRINIZ ,- ENNA ,VISHAYAM ,- MERHABA ,- F\u00c1ILTE, - VELKOMINN ,- VAELKOMIN, - TERE TULEMAST ,- M\u00c4RSHA W\u00daGH\u00cdL ,- MISHTO AVILAN , WELKOM ,- TERVETULOA ,- ONGI ETORRI ,-, REKHIM ITEGEZ ,- XOSH G\u00c4LM\u00ceS\u00c4N, - WILICOM ,- CROESO ,- SHAGATOM, - IRASHAIMASU ,- KEBLAR, - AHUP YAN, - IRKHT ERGANAVIDN, - LUID, - SOHM SW\u00c2KOHM, - URAKAZA ,- KARIBU, - SELAM, - VIDZA ,KORAM -, YEYACHI -, KUSHE - ,BIENVENIDA -, ESIET SVEICINATI ,- FAILT ,- ,KRUPAY\u00c2 \u00c2TUY\u00c2, - MAIEM ,- BENVEGN\u00dcU ,- TAVTAI ,MORIL, - TAMA ,- BENVINUTU ,- SILAMO, - WILUJENG SUMPING ,- MABUHAY ,- GAZHACA \u00cbTISKOM, - DOBRO POZHALOVAT' ,- TISTIK ,- ISIBINGELELO, - BALLE, - INDE TORN LAP ,- SOO DHA WOOW ,- PILIGANIMU, - MALIU MAI, - PASAYKAMOY, - HAERE MAI, - BOYEI BOLAMU ,- BARKA D\u00c1 ZUW\u00c1 ,- W\u00c2CHIY\u00c2 , KOPIVOSIAN ,- SANSOF\u00c9 ,- KALOS ORISATE, - W\u00c4LJKIIMEN ,- ILO LA, - WILKEMEN, - A JARAAMA ,- TUAJ LOS ,- DUMANON CAYO, - ADANAVE ,\u2013 VITAMEVAS , MALI I ZI,CRNA GORA,??????????,???????,??????????, ?ern\u00e1 Hora,TO ULCINJ \/ ULQIN \u2013 MONTENEGRO, Czarnog\u00f3ra, Muntenegru, ????? ????, Montenegr\u00f3,,Holiday ,Beach,Vacation,WELCOME ,BIENVENUE , WILLKOMMEN ,- BENVENUTO ,- MIR\u00cb SE VINI ,- DOBRO DO\u0160LI TO ULCINJ \/ ULQIN ,\u2013 MONTENEGRO ,????? ?????????? ,- VITAJTE, - BRUCHIM HABAYIM ,-V\u00cdTEJTE, - WITAJCIE, - KHOSH \u00c2MAD\u00ceD ,- BITAEMO ,- CHAIRE, - ZAPRASHAJEM ,- V\u00c4LKOMMEN,  - VELKOMMEN ,- DOBRE DOSHLE, - PARI YEGAK ,- SW\u00c2GATAM, - ISTEN HOZTA, - ZAYT VILKUM, - HO?GELDINIZ ,- BIENVENIDOS ,- SUSHRI AKAL, - HUSH KILDEGEZ, - BUN VENIT, - PE KHER RAGLE, - BEM-VINDO, - HUAN YIN ,- BIEN ATI VENI ,- \u00c2SANTU ,- SELAMAT DATANG, - W\u00cbLLKOMM ,- XUSH AMD\u00ceD, - SVEIKI, - HUN BI XER HATIN, - KIRINIZ ,- ENNA ,VISHAYAM ,- MERHABA ,- F\u00c1ILTE, - VELKOMINN ,- VAELKOMIN, - TERE TULEMAST ,- M\u00c4RSHA W\u00daGH\u00cdL ,- MISHTO AVILAN , WELKOM ,- TERVETULOA ,- ONGI ETORRI ,-, REKHIM ITEGEZ ,- XOSH G\u00c4LM\u00ceS\u00c4N, - WILICOM ,- CROESO ,- SHAGATOM, - IRASHAIMASU ,- KEBLAR, - AHUP YAN, - IRKHT ERGANAVIDN, - LUID, - SOHM SW\u00c2KOHM, - URAKAZA ,- KARIBU, - SELAM, - VIDZA ,KORAM -, YEYACHI -, KUSHE - ,BIENVENIDA -, ESIET SVEICINATI ,- FAILT ,- ,KRUPAY\u00c2 \u00c2TUY\u00c2, - MAIEM ,- BENVEGN\u00dcU ,- TAVTAI ,MORIL, - TAMA ,- BENVINUTU ,- SILAMO, - WILUJENG SUMPING ,- MABUHAY ,- GAZHACA \u00cbTISKOM, - DOBRO POZHALOVAT ,- TISTIK ,- ISIBINGELELO, - BALLE, - INDE TORN LAP ,- SOO DHA WOOW ,- PILIGANIMU, - MALIU MAI, - PASAYKAMOY, - HAERE MAI, - BOYEI BOLAMU ,- BARKA D\u00c1 ZUW\u00c1 ,- W\u00c2CHIY\u00c2 , KOPIVOSIAN ,- SANSOF\u00c9 ,- KALOS ORISATE, - W\u00c4LJKIIMEN ,- ILO LA, - WILKEMEN, - A JARAAMA ,- TUAJ LOS ,- DUMANON CAYO, - ADANAVE ,\u2013 VITAMEVAS , MALI I ZI,CRNA GORA,??????????,???????,??????????, ?ern\u00e1 Hora,TO ULCINJ \/ ULQIN,MONTENEGRO, Czarnog\u00f3ra, Muntenegru, ????? ????, Montenegr\u00f3,Adelina Isamajli,  Albaniku,  Artana,  Bujanoci,  Burimi,  Dardana,  Dardan\u00eb,  De\u00e7an,  Dibra,  Drenas,  Drenasi,  Ferizaj,  Ferizaji,  Fush\u00eb Kosova,  Fush\u00eb Kosov\u00eb,  Gjakova,  Gjakov\u00eb,  Gjilan,  Gjilani,  Gostivari,  Istog,  Istog\u00b7,  Ka\u00e7anik,  Ka\u00e7aniku,  Kastrioti,  K\u00ebr\u00e7ova,  Klina,  Klin\u00eb,  Kumanova,  Leposaviq,  Leskovci,  Likova,  Lipjan,  Lipjani,  Malisheva,  Malishev\u00eb,  Manastiri,  Medvegja,  Mitrovica,  Mitrovic\u00eb,  Novob\u00ebrd\u00eb,  Obiliq\u00b7 Rahovec,  Ohri,  Peja,  Pej\u00eb,  Podujeva,  Podujev\u00eb,  Presheva,  Prishtina,  Prishtin\u00eb,  Prizren,  Prizreni,  Rahoveci,  Sharri,  Sharri (Kosov\u00eb),  Shkupi,  Sht\u00ebrpca,  Sht\u00ebrpc\u00eb,  Shtime,  Sk\u00ebnderaj,  Struga,  Tetova,  Theranda,  Therand\u00eb,  Triumf Riza,  Veleshta,  Viti,  Vitia,  Vushtrri,  Vushtrria,  Zubin Potok,  Zubin Potoku,  Zve\u00e7an,  Zve\u00e7ani,villa \u00e0 louer \u00e0 ulcinj, location de vacance, location saisonni\u00e8res, louer villa,location de vacance, Locations vacance, h\u00e9bergements vacances, locations villa, logements de vacances, location maison avec piscine, Location vacance, locations de vacance, h\u00e9bergements de vacances, location villa, locations entre particulier, logements vacance, vacances \u00e0 Mont\u00e9n\u00e9gro - location \u00e0 Ulcinj ,location  de bigorre.\" href=\"http:\/\/www.visit-ulcinj.com\/blog\/wp-content\/uploads\/2008\/06\/holiday-rental-ulcinj-ulqini_ulqin_logo.gif\" target=\"_blank\"><img loading=\"lazy\" style=\"float: right;\" src=\"http:\/\/www.visit-ulcinj.com\/blog\/wp-content\/uploads\/2008\/06\/holiday-rental-ulcinj-ulqini_ulqin_logo.gif\" alt=\"Apatin,  Aran?elovac,  ?uprija,  ?a?ak,  ?apljina,  ?itluk,  \u0160abac,  \u0160ipovo,  \u0160iroki Brijeg,  \u017dep?e,  \u017divinice,  Ba?ka Palanka,  Banja Luka,  Banovi?i,  Be?ej,  beograd,  Biha?,  Bijeljina,  Bor,  Bor?a,  Bosanska Gradi\u0161ka,  Bosanska Krupa,  Bosanski \u0160amac,  Bosanski Brod,  Bosanski Novi,  Br?ko,  Bu\u017eim,  Bugojno,  Cazin,  Crna Gora,  Derventa,  Doboj,  Donji Vakuf,  Drvar,  Dubrovnik,  Fo?a,  Fojnica,  Glamo?,  Gora\u017ede,  Gornji Milanovac,  Gornji Vakuf,  gostivar,  Gra?anica,  Grada?ac,  Gradiska,  Grahovo,  Had\u017ei?i,  Ilid\u017ea,  In?ija,  Jablanica,  Jagodina,  Jajce,  Kakanj,  Kalu?erica,  Kikinda,  Klju?,  Konjic,  Kotor Varo\u0161,  Kragujevac,  Kraljevo,  Kru\u0161evac,  Kula,  Kupres,  Lakta\u0161i,  Lazarevac,  Leskovac,  Livno,  Ljubinje,  ljublana,  Ljubu\u0161ki,  Loznica,  Lukavac,  Maglaj,  Mladenovac,  Modri?a,  montenegro erlajnz,  mostar,  Mrkonji? Grad,  Neum,  Ni\u0161,  Novi Pazar,  Novi Sad,  Novi Travnik,  Obrenovac,  Od\u017eak,  ohrid,  Ora\u0161je,  Pale,  Pan?evo,  Para?in,  Pirot,  Po\u017earevac,  Podgorica,  Priboj,  Prijedor,  Prokuplje,  Prozor,  pula,  rijeka,  Ruma,  Sanski Most,  Sarajevo,  Senta,  serbija,  sibenik,  skopje,  Smederevo,  Smederevska Palanka,  Sokolac,  Sombor,  split,  Srebrenica,  Srebrenik,  Sremska Mitrovica,  Stolac,  Struga,  Subotica,  Temerin,  Tesli?,  tetovo,  Travnik,  Trebinje,  tuzla,  U\u017eice,  ulcinj,  Valjevo,  Velika Kladu\u0161a,  Vi\u0161egrad,  Visoko,  Vitez,  Vogo\u0161?a,  vojvodina,  Vranje,  Vr\u0161ac,  Vrbas,  zadar,  Zagreb,  Zaje?ar,  Zavidovi?i,  Zenica,  Zrenjanin,  Zvornik,copacabana ulcinj,  h\u00f4tels,  hotel ulqin,  Kosova,  Mali i Zi,  Maqedonija,  Montenegro,  montenegro tourisme plage,  montenegro ulcinj,  Shpallje Falas,  Shpallje Falas per shitjen e shtepis se juaj,  Shpallje Falas per villat e juaj,  Shpallje Falas Real Estate,  Shpallje Falas turistike,  shqiperija,  tourisme,  Ulci?,  ulcinj,  ulqin,  ulqin hotel,  ulqini,  ulqini 2007,Ada Bojana,  Alba?czyk,  Cita di Dolcino,  Copacabana,  Czarnog\u00f3ra,  Czarnog\u00f3rzec,  Don Kichota,  Ma?a Pla?a,  Mandra,  MIGUEL DE SERVANTES,  p\u00f3?wyspy Marjan,  Pla?a Valdanos,  Rzeka Bojana,  Shas \/ \u0160as \/ Sva?,  Ulci?,  Ulcinjsk? Riwier?,  Wielka Pla?a,  Wyspa Bojana,GORA,??????????,???????,??????????, ?ern\u00e1 Hora,TO ULCINJ \/ ULQIN,MONTENEGRO, Czarnog\u00f3ra, Muntenegru, ????? ????, Montenegr\u00f3,villa \u00e0 louer \u00e0 ulcinj, location de vacance, location saisonni\u00e8res, louer villa,location de vacance, Locations vacance, h\u00e9bergements vacances, locations villa, logements de vacances, location maison avec piscine, Location vacance, locations de vacance, h\u00e9bergements de vacances, location villa, locations entre particulier, logements vacance, vacances \u00e0 Mont\u00e9n\u00e9gro - location \u00e0 Ulcinj ,location  de bigorre.\" width=\"510\" height=\"145\" \/><\/a><\/p>\n","protected":false},"excerpt":{"rendered":"<p><img loading=\"lazy\" class=\"alignleft\" style=\"float: left;\" src=\"http:\/\/www.malesia.org\/lajmet\/foto\/lidhja_demokratike_logo.jpg\" alt=\"Lidhjes Demokraktoke n\u00eb Mal t\u00eb Zi,\" width=\"140\" height=\"140\" \/><\/p>\n","protected":false},"author":1,"featured_media":0,"comment_status":"open","ping_status":"closed","sticky":false,"template":"","format":"standard","meta":{"spay_email":"","jetpack_publicize_message":"","jetpack_is_tweetstorm":false,"jetpack_publicize_feature_enabled":true},"categories":[11,12,15],"tags":[95,2544,2477,200],"jetpack_publicize_connections":[],"yoast_head":"<!-- This site is optimized with the Yoast SEO plugin v19.1 - https:\/\/yoast.com\/wordpress\/plugins\/seo\/ -->\n<title>Lidhja Demokratike ne MZ reagon ndaj provokimit te besimtarit te Kishes Pravosllave Serbe ne Ulqin - Lajme nga Ulqini<\/title>\n<meta name=\"robots\" content=\"index, follow, max-snippet:-1, max-image-preview:large, max-video-preview:-1\" \/>\n<link rel=\"canonical\" href=\"https:\/\/www.visit-ulcinj.com\/blog\/2008\/07\/03\/lidhja-demokratike-ne-mz-reagon-ndaj-provokimit-te-besimtarit-te-kishes-pravosllave-serbe-ne-ulqin\/\" \/>\n<meta property=\"og:locale\" content=\"en_US\" \/>\n<meta property=\"og:type\" content=\"article\" \/>\n<meta property=\"og:title\" content=\"Lidhja Demokratike ne MZ reagon ndaj provokimit te besimtarit te Kishes Pravosllave Serbe ne Ulqin - Lajme nga Ulqini\" \/>\n<meta property=\"og:url\" content=\"https:\/\/www.visit-ulcinj.com\/blog\/2008\/07\/03\/lidhja-demokratike-ne-mz-reagon-ndaj-provokimit-te-besimtarit-te-kishes-pravosllave-serbe-ne-ulqin\/\" \/>\n<meta property=\"og:site_name\" content=\"Lajme nga Ulqini\" \/>\n<meta property=\"article:published_time\" content=\"2008-07-03T19:42:23+00:00\" \/>\n<meta property=\"og:image\" content=\"http:\/\/www.malesia.org\/lajmet\/foto\/lidhja_demokratike_logo.jpg\" \/>\n<meta name=\"twitter:label1\" content=\"Written by\" \/>\n\t<meta name=\"twitter:data1\" content=\"ulqini\" \/>\n\t<meta name=\"twitter:label2\" content=\"Est. reading time\" \/>\n\t<meta name=\"twitter:data2\" content=\"4 minutes\" \/>\n<script type=\"application\/ld+json\" class=\"yoast-schema-graph\">{\"@context\":\"https:\/\/schema.org\",\"@graph\":[{\"@type\":\"WebSite\",\"@id\":\"https:\/\/www.visit-ulcinj.com\/blog\/#website\",\"url\":\"https:\/\/www.visit-ulcinj.com\/blog\/\",\"name\":\"Lajme nga Ulqini\",\"description\":\"Lajme,Vijesti,Ulqini,Ulqin,Crna Gora,Mali i Zi\",\"potentialAction\":[{\"@type\":\"SearchAction\",\"target\":{\"@type\":\"EntryPoint\",\"urlTemplate\":\"https:\/\/www.visit-ulcinj.com\/blog\/?s={search_term_string}\"},\"query-input\":\"required name=search_term_string\"}],\"inLanguage\":\"en-US\"},{\"@type\":\"ImageObject\",\"inLanguage\":\"en-US\",\"@id\":\"https:\/\/www.visit-ulcinj.com\/blog\/2008\/07\/03\/lidhja-demokratike-ne-mz-reagon-ndaj-provokimit-te-besimtarit-te-kishes-pravosllave-serbe-ne-ulqin\/#primaryimage\",\"url\":\"http:\/\/www.malesia.org\/lajmet\/foto\/lidhja_demokratike_logo.jpg\",\"contentUrl\":\"http:\/\/www.malesia.org\/lajmet\/foto\/lidhja_demokratike_logo.jpg\"},{\"@type\":\"WebPage\",\"@id\":\"https:\/\/www.visit-ulcinj.com\/blog\/2008\/07\/03\/lidhja-demokratike-ne-mz-reagon-ndaj-provokimit-te-besimtarit-te-kishes-pravosllave-serbe-ne-ulqin\/#webpage\",\"url\":\"https:\/\/www.visit-ulcinj.com\/blog\/2008\/07\/03\/lidhja-demokratike-ne-mz-reagon-ndaj-provokimit-te-besimtarit-te-kishes-pravosllave-serbe-ne-ulqin\/\",\"name\":\"Lidhja Demokratike ne MZ reagon ndaj provokimit te besimtarit te Kishes Pravosllave Serbe ne Ulqin - Lajme nga Ulqini\",\"isPartOf\":{\"@id\":\"https:\/\/www.visit-ulcinj.com\/blog\/#website\"},\"primaryImageOfPage\":{\"@id\":\"https:\/\/www.visit-ulcinj.com\/blog\/2008\/07\/03\/lidhja-demokratike-ne-mz-reagon-ndaj-provokimit-te-besimtarit-te-kishes-pravosllave-serbe-ne-ulqin\/#primaryimage\"},\"datePublished\":\"2008-07-03T19:42:23+00:00\",\"dateModified\":\"2008-07-03T19:42:23+00:00\",\"author\":{\"@id\":\"https:\/\/www.visit-ulcinj.com\/blog\/#\/schema\/person\/dcab619c614d3038751c63bc2aadc06d\"},\"breadcrumb\":{\"@id\":\"https:\/\/www.visit-ulcinj.com\/blog\/2008\/07\/03\/lidhja-demokratike-ne-mz-reagon-ndaj-provokimit-te-besimtarit-te-kishes-pravosllave-serbe-ne-ulqin\/#breadcrumb\"},\"inLanguage\":\"en-US\",\"potentialAction\":[{\"@type\":\"ReadAction\",\"target\":[\"https:\/\/www.visit-ulcinj.com\/blog\/2008\/07\/03\/lidhja-demokratike-ne-mz-reagon-ndaj-provokimit-te-besimtarit-te-kishes-pravosllave-serbe-ne-ulqin\/\"]}]},{\"@type\":\"BreadcrumbList\",\"@id\":\"https:\/\/www.visit-ulcinj.com\/blog\/2008\/07\/03\/lidhja-demokratike-ne-mz-reagon-ndaj-provokimit-te-besimtarit-te-kishes-pravosllave-serbe-ne-ulqin\/#breadcrumb\",\"itemListElement\":[{\"@type\":\"ListItem\",\"position\":1,\"name\":\"Lidhja Demokratike ne MZ reagon ndaj provokimit te besimtarit te Kishes Pravosllave Serbe ne Ulqin\"}]},{\"@type\":\"Person\",\"@id\":\"https:\/\/www.visit-ulcinj.com\/blog\/#\/schema\/person\/dcab619c614d3038751c63bc2aadc06d\",\"name\":\"ulqini\",\"sameAs\":[\"http:\/\/www.visit-ulcinj.com\"],\"url\":\"https:\/\/www.visit-ulcinj.com\/blog\/author\/admin\/\"}]}<\/script>\n<!-- \/ Yoast SEO plugin. -->","yoast_head_json":{"title":"Lidhja Demokratike ne MZ reagon ndaj provokimit te besimtarit te Kishes Pravosllave Serbe ne Ulqin - Lajme nga Ulqini","robots":{"index":"index","follow":"follow","max-snippet":"max-snippet:-1","max-image-preview":"max-image-preview:large","max-video-preview":"max-video-preview:-1"},"canonical":"https:\/\/www.visit-ulcinj.com\/blog\/2008\/07\/03\/lidhja-demokratike-ne-mz-reagon-ndaj-provokimit-te-besimtarit-te-kishes-pravosllave-serbe-ne-ulqin\/","og_locale":"en_US","og_type":"article","og_title":"Lidhja Demokratike ne MZ reagon ndaj provokimit te besimtarit te Kishes Pravosllave Serbe ne Ulqin - Lajme nga Ulqini","og_url":"https:\/\/www.visit-ulcinj.com\/blog\/2008\/07\/03\/lidhja-demokratike-ne-mz-reagon-ndaj-provokimit-te-besimtarit-te-kishes-pravosllave-serbe-ne-ulqin\/","og_site_name":"Lajme nga Ulqini","article_published_time":"2008-07-03T19:42:23+00:00","og_image":[{"url":"http:\/\/www.malesia.org\/lajmet\/foto\/lidhja_demokratike_logo.jpg"}],"twitter_misc":{"Written by":"ulqini","Est. reading time":"4 minutes"},"schema":{"@context":"https:\/\/schema.org","@graph":[{"@type":"WebSite","@id":"https:\/\/www.visit-ulcinj.com\/blog\/#website","url":"https:\/\/www.visit-ulcinj.com\/blog\/","name":"Lajme nga Ulqini","description":"Lajme,Vijesti,Ulqini,Ulqin,Crna Gora,Mali i Zi","potentialAction":[{"@type":"SearchAction","target":{"@type":"EntryPoint","urlTemplate":"https:\/\/www.visit-ulcinj.com\/blog\/?s={search_term_string}"},"query-input":"required name=search_term_string"}],"inLanguage":"en-US"},{"@type":"ImageObject","inLanguage":"en-US","@id":"https:\/\/www.visit-ulcinj.com\/blog\/2008\/07\/03\/lidhja-demokratike-ne-mz-reagon-ndaj-provokimit-te-besimtarit-te-kishes-pravosllave-serbe-ne-ulqin\/#primaryimage","url":"http:\/\/www.malesia.org\/lajmet\/foto\/lidhja_demokratike_logo.jpg","contentUrl":"http:\/\/www.malesia.org\/lajmet\/foto\/lidhja_demokratike_logo.jpg"},{"@type":"WebPage","@id":"https:\/\/www.visit-ulcinj.com\/blog\/2008\/07\/03\/lidhja-demokratike-ne-mz-reagon-ndaj-provokimit-te-besimtarit-te-kishes-pravosllave-serbe-ne-ulqin\/#webpage","url":"https:\/\/www.visit-ulcinj.com\/blog\/2008\/07\/03\/lidhja-demokratike-ne-mz-reagon-ndaj-provokimit-te-besimtarit-te-kishes-pravosllave-serbe-ne-ulqin\/","name":"Lidhja Demokratike ne MZ reagon ndaj provokimit te besimtarit te Kishes Pravosllave Serbe ne Ulqin - Lajme nga Ulqini","isPartOf":{"@id":"https:\/\/www.visit-ulcinj.com\/blog\/#website"},"primaryImageOfPage":{"@id":"https:\/\/www.visit-ulcinj.com\/blog\/2008\/07\/03\/lidhja-demokratike-ne-mz-reagon-ndaj-provokimit-te-besimtarit-te-kishes-pravosllave-serbe-ne-ulqin\/#primaryimage"},"datePublished":"2008-07-03T19:42:23+00:00","dateModified":"2008-07-03T19:42:23+00:00","author":{"@id":"https:\/\/www.visit-ulcinj.com\/blog\/#\/schema\/person\/dcab619c614d3038751c63bc2aadc06d"},"breadcrumb":{"@id":"https:\/\/www.visit-ulcinj.com\/blog\/2008\/07\/03\/lidhja-demokratike-ne-mz-reagon-ndaj-provokimit-te-besimtarit-te-kishes-pravosllave-serbe-ne-ulqin\/#breadcrumb"},"inLanguage":"en-US","potentialAction":[{"@type":"ReadAction","target":["https:\/\/www.visit-ulcinj.com\/blog\/2008\/07\/03\/lidhja-demokratike-ne-mz-reagon-ndaj-provokimit-te-besimtarit-te-kishes-pravosllave-serbe-ne-ulqin\/"]}]},{"@type":"BreadcrumbList","@id":"https:\/\/www.visit-ulcinj.com\/blog\/2008\/07\/03\/lidhja-demokratike-ne-mz-reagon-ndaj-provokimit-te-besimtarit-te-kishes-pravosllave-serbe-ne-ulqin\/#breadcrumb","itemListElement":[{"@type":"ListItem","position":1,"name":"Lidhja Demokratike ne MZ reagon ndaj provokimit te besimtarit te Kishes Pravosllave Serbe ne Ulqin"}]},{"@type":"Person","@id":"https:\/\/www.visit-ulcinj.com\/blog\/#\/schema\/person\/dcab619c614d3038751c63bc2aadc06d","name":"ulqini","sameAs":["http:\/\/www.visit-ulcinj.com"],"url":"https:\/\/www.visit-ulcinj.com\/blog\/author\/admin\/"}]}},"jetpack_featured_media_url":"","jetpack_sharing_enabled":true,"jetpack_shortlink":"https:\/\/wp.me\/pe6lTn-yE","_links":{"self":[{"href":"https:\/\/www.visit-ulcinj.com\/blog\/wp-json\/wp\/v2\/posts\/2148"}],"collection":[{"href":"https:\/\/www.visit-ulcinj.com\/blog\/wp-json\/wp\/v2\/posts"}],"about":[{"href":"https:\/\/www.visit-ulcinj.com\/blog\/wp-json\/wp\/v2\/types\/post"}],"author":[{"embeddable":true,"href":"https:\/\/www.visit-ulcinj.com\/blog\/wp-json\/wp\/v2\/users\/1"}],"replies":[{"embeddable":true,"href":"https:\/\/www.visit-ulcinj.com\/blog\/wp-json\/wp\/v2\/comments?post=2148"}],"version-history":[{"count":0,"href":"https:\/\/www.visit-ulcinj.com\/blog\/wp-json\/wp\/v2\/posts\/2148\/revisions"}],"wp:attachment":[{"href":"https:\/\/www.visit-ulcinj.com\/blog\/wp-json\/wp\/v2\/media?parent=2148"}],"wp:term":[{"taxonomy":"category","embeddable":true,"href":"https:\/\/www.visit-ulcinj.com\/blog\/wp-json\/wp\/v2\/categories?post=2148"},{"taxonomy":"post_tag","embeddable":true,"href":"https:\/\/www.visit-ulcinj.com\/blog\/wp-json\/wp\/v2\/tags?post=2148"}],"curies":[{"name":"wp","href":"https:\/\/api.w.org\/{rel}","templated":true}]}}