{"id":21483,"date":"2009-05-15T16:01:18","date_gmt":"2009-05-15T14:01:18","guid":{"rendered":"http:\/\/www.visit-ulcinj.com\/blog\/?p=21483"},"modified":"2009-05-15T00:26:22","modified_gmt":"2009-05-14T22:26:22","slug":"per-mimozen","status":"publish","type":"post","link":"https:\/\/www.visit-ulcinj.com\/blog\/2009\/05\/15\/per-mimozen\/","title":{"rendered":"P\u00ebr Mimoz\u00ebn"},"content":{"rendered":"<p><em><span class=\"newsdate\"><span style=\"font-style: normal;\"><a href=\"http:\/\/www.visit-ulcinj.com\/blog\/wp-content\/uploads\/2009\/05\/per-mimozen13.jpg\"><img loading=\"lazy\" class=\"alignleft size-full wp-image-21484\" title=\"per-mimozen13-big-brother-albania-2\" src=\"http:\/\/www.visit-ulcinj.com\/blog\/wp-content\/uploads\/2009\/05\/per-mimozen13.jpg\" alt=\"per-mimozen13-big-brother-albania-2\" width=\"300\" height=\"205\" \/><\/a><\/span>13\/05\/09 19:38<\/span><\/em><\/p>\n<p>Kat\u00ebr finalist\u00ebt kan\u00eb dal\u00eb n\u00eb kop\u00ebsht dhe kujtojn\u00eb momentet komike dhe gazmore q\u00eb kan\u00eb patur brenda sht\u00ebpis\u00eb. Adela i kujton Qetsorit se p\u00ebrse ai nuk ja kishte treguar ndodhin\u00eb e Mimoz\u00ebs? M\u00eb pas shton se ja kishte treguar Ari, por ajo do t\u00eb donte ta d\u00ebgjonte nga Qetsori. Ai e kishte pyetur Mimoz\u00ebn n\u00ebse ajo e kishte lexuar librin e fundit t\u00eb Naim Frash\u00ebrit, nd\u00ebrsa Mimoza i qe p\u00ebrgjigjur se nuk e kishte lexuar. Qetsori shton se p\u00ebrpara se ta pyeste mbi librin, e kishte pyetur rreth arsimit dhe kultur\u00ebs, mesatares n\u00eb shkoll\u00eb, me let\u00ebrsin\u00eb si kishte q\u00ebn\u00eb dhe me t\u00eb gjitha k\u00ebto, dilte q\u00eb ishte shum\u00eb mir\u00eb. M\u00eb pas e kishte pyetur mbi shkrimtarin e prferuar ose ndonj\u00eb lib\u00ebr q\u00eb kishte lexuar, por nuk kishte marr\u00eb p\u00ebrgjigje. M\u00eb pas kishte ardhur pyetja tjet\u00ebr: &#8211; \u201cPo librin e Naimit, nj\u00eb lib\u00ebr i famsh\u00ebm q\u00eb e ka botuar para pak koh\u00ebsh e ke lexuar? P\u00ebrgjigja e Mimoz\u00ebs ishte q\u00eb ajo nuk e kishte lexuar. Ato komentojn\u00eb se nuk ka asgj\u00eb t\u00eb keqe por t\u00eb pakt\u00eb mos thot\u00eb q\u00eb ka mbaruar me nota t\u00eb shk\u00eblqyera. Nj\u00eb person q\u00eb ka mbaruar me mesatare t\u00eb lart\u00eb duhet ta ket\u00eb nj\u00eb shkrimtar t\u00eb preferuar.<\/p>\n","protected":false},"excerpt":{"rendered":"<p>13\/05\/09 19:38 Kat\u00ebr finalist\u00ebt kan\u00eb dal\u00eb n\u00eb kop\u00ebsht dhe kujtojn\u00eb momentet komike dhe gazmore q\u00eb kan\u00eb patur brenda sht\u00ebpis\u00eb. Adela i kujton Qetsorit se p\u00ebrse ai nuk ja kishte treguar ndodhin\u00eb e Mimoz\u00ebs? M\u00eb pas shton se ja kishte treguar Ari, por ajo do t\u00eb donte ta d\u00ebgjonte nga Qetsori. Ai e kishte pyetur Mimoz\u00ebn [&hellip;]<\/p>\n","protected":false},"author":1,"featured_media":0,"comment_status":"open","ping_status":"closed","sticky":false,"template":"","format":"standard","meta":{"spay_email":"","jetpack_publicize_message":"","jetpack_is_tweetstorm":false,"jetpack_publicize_feature_enabled":true},"categories":[6502],"tags":[8934,9121,6522,10445,10446,6544,8276,9751],"jetpack_publicize_connections":[],"yoast_head":"<!-- This site is optimized with the Yoast SEO plugin v19.1 - https:\/\/yoast.com\/wordpress\/plugins\/seo\/ -->\n<title>P\u00c3\u00abr Mimoz\u00c3\u00abn | Big Brother Albania 2<\/title>\n<meta name=\"description\" content=\"Big Brother Albania 2 - Kat\u00c3\u00abr finalist\u00c3\u00abt kan\u00c3\u00ab dal\u00c3\u00ab n\u00c3\u00ab kop\u00c3\u00absht dhe kujtojn\u00c3\u00ab momentet komike dhe gazmore q\u00c3\u00ab kan\u00c3\u00ab patur brenda sht\u00c3\u00abpis\u00c3\u00ab. Adela i kujton Qetsorit se p\u00c3\u00abrse ai nuk ja kishte treguar ndodhin\u00c3\u00ab e Mimoz\u00c3\u00abs?\" \/>\n<meta name=\"robots\" content=\"index, follow, max-snippet:-1, max-image-preview:large, max-video-preview:-1\" \/>\n<link rel=\"canonical\" href=\"https:\/\/www.visit-ulcinj.com\/blog\/2009\/05\/15\/per-mimozen\/\" \/>\n<meta property=\"og:locale\" content=\"en_US\" \/>\n<meta property=\"og:type\" content=\"article\" \/>\n<meta property=\"og:title\" content=\"P\u00c3\u00abr Mimoz\u00c3\u00abn | Big Brother Albania 2\" \/>\n<meta property=\"og:description\" content=\"Big Brother Albania 2 - Kat\u00c3\u00abr finalist\u00c3\u00abt kan\u00c3\u00ab dal\u00c3\u00ab n\u00c3\u00ab kop\u00c3\u00absht dhe kujtojn\u00c3\u00ab momentet komike dhe gazmore q\u00c3\u00ab kan\u00c3\u00ab patur brenda sht\u00c3\u00abpis\u00c3\u00ab. Adela i kujton Qetsorit se p\u00c3\u00abrse ai nuk ja kishte treguar ndodhin\u00c3\u00ab e Mimoz\u00c3\u00abs?\" \/>\n<meta property=\"og:url\" content=\"https:\/\/www.visit-ulcinj.com\/blog\/2009\/05\/15\/per-mimozen\/\" \/>\n<meta property=\"og:site_name\" content=\"Lajme nga Ulqini\" \/>\n<meta property=\"article:published_time\" content=\"2009-05-15T14:01:18+00:00\" \/>\n<meta property=\"article:modified_time\" content=\"2009-05-14T22:26:22+00:00\" \/>\n<meta property=\"og:image\" content=\"http:\/\/www.visit-ulcinj.com\/blog\/wp-content\/uploads\/2009\/05\/per-mimozen13.jpg\" \/>\n<meta name=\"twitter:label1\" content=\"Written by\" \/>\n\t<meta name=\"twitter:data1\" content=\"ulqini\" \/>\n\t<meta name=\"twitter:label2\" content=\"Est. reading time\" \/>\n\t<meta name=\"twitter:data2\" content=\"1 minute\" \/>\n<script type=\"application\/ld+json\" class=\"yoast-schema-graph\">{\"@context\":\"https:\/\/schema.org\",\"@graph\":[{\"@type\":\"WebSite\",\"@id\":\"https:\/\/www.visit-ulcinj.com\/blog\/#website\",\"url\":\"https:\/\/www.visit-ulcinj.com\/blog\/\",\"name\":\"Lajme nga Ulqini\",\"description\":\"Lajme,Vijesti,Ulqini,Ulqin,Crna Gora,Mali i Zi\",\"potentialAction\":[{\"@type\":\"SearchAction\",\"target\":{\"@type\":\"EntryPoint\",\"urlTemplate\":\"https:\/\/www.visit-ulcinj.com\/blog\/?s={search_term_string}\"},\"query-input\":\"required name=search_term_string\"}],\"inLanguage\":\"en-US\"},{\"@type\":\"ImageObject\",\"inLanguage\":\"en-US\",\"@id\":\"https:\/\/www.visit-ulcinj.com\/blog\/2009\/05\/15\/per-mimozen\/#primaryimage\",\"url\":\"http:\/\/www.visit-ulcinj.com\/blog\/wp-content\/uploads\/2009\/05\/per-mimozen13.jpg\",\"contentUrl\":\"http:\/\/www.visit-ulcinj.com\/blog\/wp-content\/uploads\/2009\/05\/per-mimozen13.jpg\"},{\"@type\":\"WebPage\",\"@id\":\"https:\/\/www.visit-ulcinj.com\/blog\/2009\/05\/15\/per-mimozen\/#webpage\",\"url\":\"https:\/\/www.visit-ulcinj.com\/blog\/2009\/05\/15\/per-mimozen\/\",\"name\":\"P\u00c3\u00abr Mimoz\u00c3\u00abn | Big Brother Albania 2\",\"isPartOf\":{\"@id\":\"https:\/\/www.visit-ulcinj.com\/blog\/#website\"},\"primaryImageOfPage\":{\"@id\":\"https:\/\/www.visit-ulcinj.com\/blog\/2009\/05\/15\/per-mimozen\/#primaryimage\"},\"datePublished\":\"2009-05-15T14:01:18+00:00\",\"dateModified\":\"2009-05-14T22:26:22+00:00\",\"author\":{\"@id\":\"https:\/\/www.visit-ulcinj.com\/blog\/#\/schema\/person\/dcab619c614d3038751c63bc2aadc06d\"},\"description\":\"Big Brother Albania 2 - Kat\u00c3\u00abr finalist\u00c3\u00abt kan\u00c3\u00ab dal\u00c3\u00ab n\u00c3\u00ab kop\u00c3\u00absht dhe kujtojn\u00c3\u00ab momentet komike dhe gazmore q\u00c3\u00ab kan\u00c3\u00ab patur brenda sht\u00c3\u00abpis\u00c3\u00ab. Adela i kujton Qetsorit se p\u00c3\u00abrse ai nuk ja kishte treguar ndodhin\u00c3\u00ab e Mimoz\u00c3\u00abs?\",\"breadcrumb\":{\"@id\":\"https:\/\/www.visit-ulcinj.com\/blog\/2009\/05\/15\/per-mimozen\/#breadcrumb\"},\"inLanguage\":\"en-US\",\"potentialAction\":[{\"@type\":\"ReadAction\",\"target\":[\"https:\/\/www.visit-ulcinj.com\/blog\/2009\/05\/15\/per-mimozen\/\"]}]},{\"@type\":\"BreadcrumbList\",\"@id\":\"https:\/\/www.visit-ulcinj.com\/blog\/2009\/05\/15\/per-mimozen\/#breadcrumb\",\"itemListElement\":[{\"@type\":\"ListItem\",\"position\":1,\"name\":\"P\u00ebr Mimoz\u00ebn\"}]},{\"@type\":\"Person\",\"@id\":\"https:\/\/www.visit-ulcinj.com\/blog\/#\/schema\/person\/dcab619c614d3038751c63bc2aadc06d\",\"name\":\"ulqini\",\"sameAs\":[\"http:\/\/www.visit-ulcinj.com\"],\"url\":\"https:\/\/www.visit-ulcinj.com\/blog\/author\/admin\/\"}]}<\/script>\n<!-- \/ Yoast SEO plugin. -->","yoast_head_json":{"title":"P\u00c3\u00abr Mimoz\u00c3\u00abn | Big Brother Albania 2","description":"Big Brother Albania 2 - Kat\u00c3\u00abr finalist\u00c3\u00abt kan\u00c3\u00ab dal\u00c3\u00ab n\u00c3\u00ab kop\u00c3\u00absht dhe kujtojn\u00c3\u00ab momentet komike dhe gazmore q\u00c3\u00ab kan\u00c3\u00ab patur brenda sht\u00c3\u00abpis\u00c3\u00ab. Adela i kujton Qetsorit se p\u00c3\u00abrse ai nuk ja kishte treguar ndodhin\u00c3\u00ab e Mimoz\u00c3\u00abs?","robots":{"index":"index","follow":"follow","max-snippet":"max-snippet:-1","max-image-preview":"max-image-preview:large","max-video-preview":"max-video-preview:-1"},"canonical":"https:\/\/www.visit-ulcinj.com\/blog\/2009\/05\/15\/per-mimozen\/","og_locale":"en_US","og_type":"article","og_title":"P\u00c3\u00abr Mimoz\u00c3\u00abn | Big Brother Albania 2","og_description":"Big Brother Albania 2 - Kat\u00c3\u00abr finalist\u00c3\u00abt kan\u00c3\u00ab dal\u00c3\u00ab n\u00c3\u00ab kop\u00c3\u00absht dhe kujtojn\u00c3\u00ab momentet komike dhe gazmore q\u00c3\u00ab kan\u00c3\u00ab patur brenda sht\u00c3\u00abpis\u00c3\u00ab. Adela i kujton Qetsorit se p\u00c3\u00abrse ai nuk ja kishte treguar ndodhin\u00c3\u00ab e Mimoz\u00c3\u00abs?","og_url":"https:\/\/www.visit-ulcinj.com\/blog\/2009\/05\/15\/per-mimozen\/","og_site_name":"Lajme nga Ulqini","article_published_time":"2009-05-15T14:01:18+00:00","article_modified_time":"2009-05-14T22:26:22+00:00","og_image":[{"url":"http:\/\/www.visit-ulcinj.com\/blog\/wp-content\/uploads\/2009\/05\/per-mimozen13.jpg"}],"twitter_misc":{"Written by":"ulqini","Est. reading time":"1 minute"},"schema":{"@context":"https:\/\/schema.org","@graph":[{"@type":"WebSite","@id":"https:\/\/www.visit-ulcinj.com\/blog\/#website","url":"https:\/\/www.visit-ulcinj.com\/blog\/","name":"Lajme nga Ulqini","description":"Lajme,Vijesti,Ulqini,Ulqin,Crna Gora,Mali i Zi","potentialAction":[{"@type":"SearchAction","target":{"@type":"EntryPoint","urlTemplate":"https:\/\/www.visit-ulcinj.com\/blog\/?s={search_term_string}"},"query-input":"required name=search_term_string"}],"inLanguage":"en-US"},{"@type":"ImageObject","inLanguage":"en-US","@id":"https:\/\/www.visit-ulcinj.com\/blog\/2009\/05\/15\/per-mimozen\/#primaryimage","url":"http:\/\/www.visit-ulcinj.com\/blog\/wp-content\/uploads\/2009\/05\/per-mimozen13.jpg","contentUrl":"http:\/\/www.visit-ulcinj.com\/blog\/wp-content\/uploads\/2009\/05\/per-mimozen13.jpg"},{"@type":"WebPage","@id":"https:\/\/www.visit-ulcinj.com\/blog\/2009\/05\/15\/per-mimozen\/#webpage","url":"https:\/\/www.visit-ulcinj.com\/blog\/2009\/05\/15\/per-mimozen\/","name":"P\u00c3\u00abr Mimoz\u00c3\u00abn | Big Brother Albania 2","isPartOf":{"@id":"https:\/\/www.visit-ulcinj.com\/blog\/#website"},"primaryImageOfPage":{"@id":"https:\/\/www.visit-ulcinj.com\/blog\/2009\/05\/15\/per-mimozen\/#primaryimage"},"datePublished":"2009-05-15T14:01:18+00:00","dateModified":"2009-05-14T22:26:22+00:00","author":{"@id":"https:\/\/www.visit-ulcinj.com\/blog\/#\/schema\/person\/dcab619c614d3038751c63bc2aadc06d"},"description":"Big Brother Albania 2 - Kat\u00c3\u00abr finalist\u00c3\u00abt kan\u00c3\u00ab dal\u00c3\u00ab n\u00c3\u00ab kop\u00c3\u00absht dhe kujtojn\u00c3\u00ab momentet komike dhe gazmore q\u00c3\u00ab kan\u00c3\u00ab patur brenda sht\u00c3\u00abpis\u00c3\u00ab. Adela i kujton Qetsorit se p\u00c3\u00abrse ai nuk ja kishte treguar ndodhin\u00c3\u00ab e Mimoz\u00c3\u00abs?","breadcrumb":{"@id":"https:\/\/www.visit-ulcinj.com\/blog\/2009\/05\/15\/per-mimozen\/#breadcrumb"},"inLanguage":"en-US","potentialAction":[{"@type":"ReadAction","target":["https:\/\/www.visit-ulcinj.com\/blog\/2009\/05\/15\/per-mimozen\/"]}]},{"@type":"BreadcrumbList","@id":"https:\/\/www.visit-ulcinj.com\/blog\/2009\/05\/15\/per-mimozen\/#breadcrumb","itemListElement":[{"@type":"ListItem","position":1,"name":"P\u00ebr Mimoz\u00ebn"}]},{"@type":"Person","@id":"https:\/\/www.visit-ulcinj.com\/blog\/#\/schema\/person\/dcab619c614d3038751c63bc2aadc06d","name":"ulqini","sameAs":["http:\/\/www.visit-ulcinj.com"],"url":"https:\/\/www.visit-ulcinj.com\/blog\/author\/admin\/"}]}},"jetpack_featured_media_url":"","jetpack_sharing_enabled":true,"jetpack_shortlink":"https:\/\/wp.me\/pe6lTn-5Av","_links":{"self":[{"href":"https:\/\/www.visit-ulcinj.com\/blog\/wp-json\/wp\/v2\/posts\/21483"}],"collection":[{"href":"https:\/\/www.visit-ulcinj.com\/blog\/wp-json\/wp\/v2\/posts"}],"about":[{"href":"https:\/\/www.visit-ulcinj.com\/blog\/wp-json\/wp\/v2\/types\/post"}],"author":[{"embeddable":true,"href":"https:\/\/www.visit-ulcinj.com\/blog\/wp-json\/wp\/v2\/users\/1"}],"replies":[{"embeddable":true,"href":"https:\/\/www.visit-ulcinj.com\/blog\/wp-json\/wp\/v2\/comments?post=21483"}],"version-history":[{"count":0,"href":"https:\/\/www.visit-ulcinj.com\/blog\/wp-json\/wp\/v2\/posts\/21483\/revisions"}],"wp:attachment":[{"href":"https:\/\/www.visit-ulcinj.com\/blog\/wp-json\/wp\/v2\/media?parent=21483"}],"wp:term":[{"taxonomy":"category","embeddable":true,"href":"https:\/\/www.visit-ulcinj.com\/blog\/wp-json\/wp\/v2\/categories?post=21483"},{"taxonomy":"post_tag","embeddable":true,"href":"https:\/\/www.visit-ulcinj.com\/blog\/wp-json\/wp\/v2\/tags?post=21483"}],"curies":[{"name":"wp","href":"https:\/\/api.w.org\/{rel}","templated":true}]}}