{"id":215,"date":"2008-01-19T17:34:21","date_gmt":"2008-01-19T22:34:21","guid":{"rendered":"http:\/\/www.visit-ulcinj.com\/blog\/2008\/01\/19\/215\/"},"modified":"2008-02-28T04:54:27","modified_gmt":"2008-02-28T09:54:27","slug":"fillimi-i-sezonit-turistik-ne-ulqin","status":"publish","type":"post","link":"https:\/\/www.visit-ulcinj.com\/blog\/2008\/01\/19\/fillimi-i-sezonit-turistik-ne-ulqin\/","title":{"rendered":"FILLIMI I SEZONIT TURISTIK N\u00cb ULQIN"},"content":{"rendered":"<p><strong>FILLIMI I SEZONIT TURISTIK N\u00cb ULQIN<\/strong><\/p>\n<p>[googlevideo]http:\/\/video.google.com\/videoplay?docid=-7329197245647851318[\/googlevideo] Edhe sezoni i sivjetsh\u00ebm pritet t\u00eb jet\u00eb n\u00eb vazhd\u00ebn e disa viteve t\u00eb kaluara, ku ai do t\u00eb zgjas\u00eb m\u00eb s\u00eb shumti dy muaj dhe ku pjes\u00ebn d\u00ebrmuese t\u00eb turist\u00ebve do ta p\u00ebrb\u00ebjn\u00eb turist\u00ebt nga Kosova.<br \/>\nFillimi i \u00e7do sezoni turistik n\u00eb Ulqin<!--more--> pritet me ankth p\u00ebr shkak se jeta e pjes\u00ebs m\u00eb t\u00eb madhe t\u00eb banor\u00ebve t\u00eb k\u00ebtij qyteti \u00ebsht\u00eb e lidhur me turizmin. Sezoni i sivjetsh\u00ebm duket se do t\u00eb jet\u00eb n\u00eb vazhd\u00ebn e viteve t\u00eb kaluara, qoft\u00eb p\u00ebr nga numri i turist\u00ebve, struktura e tyre si dhe koh\u00ebzgjatja e tij. Edhe ky sezon pritet t\u00eb zgjas\u00eb m\u00eb s\u00eb shumti dy muaj dhe pjes\u00ebn d\u00ebrmuese t\u00eb turist\u00ebve, si zakonisht, pritet ta p\u00ebrb\u00ebjn\u00eb turist\u00ebt nga Kosova.<br \/>\nP\u00ebrkund\u00ebr premtimeve q\u00eb jemi m\u00ebsuar tzi d\u00ebgjojm\u00eb n\u00eb mbarim t\u00eb \u00e7do sezoni dhe me rastin e prezantimit t\u00eb ofert\u00ebs turistike, Ulqini k\u00ebt\u00eb sezon turistik nuk do t\u00eb ndryshoj\u00eb shum\u00eb nga ai i vitit t\u00eb kaluar. P\u00ebrve\u00e7 investimeve n\u00eb sektorin privat dhe shtimit t\u00eb kapacitetit akomodues n\u00eb k\u00ebt\u00eb sektor, investime t\u00eb tjera t\u00eb m\u00ebdha, qoft\u00eb n\u00eb infrastruktur\u00eb apo n\u00eb objekte t\u00eb turizmit t\u00eb lart\u00eb nuk mund t\u00eb v\u00ebrehen.<br \/>\nPrivatizimi i objekteve hotelierike, t\u00eb cilat dikur sh\u00ebrbenin si simbole t\u00eb turizmit t\u00eb k\u00ebtij qyteti, deri tani \u00ebsht\u00eb treguar i pasuksessh\u00ebm. Nga ana tjet\u00ebr, mungesa e nj\u00eb strategjie p\u00ebr zhvillimin e k\u00ebtij sektori, qoft\u00eb n\u00eb nivel lokal apo n\u00eb at\u00eb republikan, ka ndikuar n\u00eb zhvillimin e shum\u00eb dukurive negative dhe problemeve. Shumica e tyre jan\u00eb krijuar me vite dhe p\u00ebr zgjidhjen e tyre nuk \u00ebsht\u00eb b\u00ebr\u00eb pothuajse asgj\u00eb.<br \/>\nN\u00eb munges\u00eb t\u00eb investimeve n\u00eb fush\u00ebn e turizmit dhe t\u00eb nj\u00eb strategjie konkrete t\u00eb zhvillimit t\u00eb k\u00ebsaj dege, si dhe t\u00eb p\u00ebrmir\u00ebsimit t\u00eb cil\u00ebsis\u00eb s\u00eb ofert\u00ebs turistike t\u00eb k\u00ebtij viti, bukurit\u00eb natyrore, sidomos plazhet mbesin monedha kryesore me t\u00eb cil\u00ebn Ulqini do t\u00eb p\u00ebrpiqet tzi t\u00ebrheq\u00eb dhe josh\u00eb turist\u00ebt edhe sivjet, nd\u00ebrkaq \u00e7mimet pritet t\u00eb jen\u00eb t\u00eb nj\u00ebjta me ato t\u00eb vitit t\u00eb kaluar.<br \/>\nMegjithat\u00eb, p\u00ebrkund\u00ebr problemeve, Ulqini pritet t\u00eb jet\u00eb edhe sivjet destinacion i preferuar p\u00ebr shum\u00eb turist\u00eb.<\/p>\n","protected":false},"excerpt":{"rendered":"<p>NOT IMAGE<\/p>\n","protected":false},"author":1,"featured_media":0,"comment_status":"open","ping_status":"closed","sticky":false,"template":"","format":"standard","meta":{"spay_email":"","jetpack_publicize_message":"","jetpack_is_tweetstorm":false,"jetpack_publicize_feature_enabled":true},"categories":[],"tags":[49,1743,200,18],"jetpack_publicize_connections":[],"yoast_head":"<!-- This site is optimized with the Yoast SEO plugin v19.1 - https:\/\/yoast.com\/wordpress\/plugins\/seo\/ -->\n<title>FILLIMI I SEZONIT TURISTIK N\u00cb ULQIN - Lajme nga Ulqini<\/title>\n<meta name=\"description\" content=\"NOT IMAGE\" \/>\n<meta name=\"robots\" content=\"index, follow, max-snippet:-1, max-image-preview:large, max-video-preview:-1\" \/>\n<link rel=\"canonical\" href=\"https:\/\/www.visit-ulcinj.com\/blog\/2008\/01\/19\/fillimi-i-sezonit-turistik-ne-ulqin\/\" \/>\n<meta property=\"og:locale\" content=\"en_US\" \/>\n<meta property=\"og:type\" content=\"article\" \/>\n<meta property=\"og:title\" content=\"FILLIMI I SEZONIT TURISTIK N\u00cb ULQIN - Lajme nga Ulqini\" \/>\n<meta property=\"og:description\" content=\"NOT IMAGE\" \/>\n<meta property=\"og:url\" content=\"https:\/\/www.visit-ulcinj.com\/blog\/2008\/01\/19\/fillimi-i-sezonit-turistik-ne-ulqin\/\" \/>\n<meta property=\"og:site_name\" content=\"Lajme nga Ulqini\" \/>\n<meta property=\"article:published_time\" content=\"2008-01-19T22:34:21+00:00\" \/>\n<meta property=\"article:modified_time\" content=\"2008-02-28T09:54:27+00:00\" \/>\n<meta name=\"twitter:label1\" content=\"Written by\" \/>\n\t<meta name=\"twitter:data1\" content=\"ulqini\" \/>\n\t<meta name=\"twitter:label2\" content=\"Est. reading time\" \/>\n\t<meta name=\"twitter:data2\" content=\"2 minutes\" \/>\n<script type=\"application\/ld+json\" class=\"yoast-schema-graph\">{\"@context\":\"https:\/\/schema.org\",\"@graph\":[{\"@type\":\"WebSite\",\"@id\":\"https:\/\/www.visit-ulcinj.com\/blog\/#website\",\"url\":\"https:\/\/www.visit-ulcinj.com\/blog\/\",\"name\":\"Lajme nga Ulqini\",\"description\":\"Lajme,Vijesti,Ulqini,Ulqin,Crna Gora,Mali i Zi\",\"potentialAction\":[{\"@type\":\"SearchAction\",\"target\":{\"@type\":\"EntryPoint\",\"urlTemplate\":\"https:\/\/www.visit-ulcinj.com\/blog\/?s={search_term_string}\"},\"query-input\":\"required name=search_term_string\"}],\"inLanguage\":\"en-US\"},{\"@type\":\"WebPage\",\"@id\":\"https:\/\/www.visit-ulcinj.com\/blog\/2008\/01\/19\/fillimi-i-sezonit-turistik-ne-ulqin\/#webpage\",\"url\":\"https:\/\/www.visit-ulcinj.com\/blog\/2008\/01\/19\/fillimi-i-sezonit-turistik-ne-ulqin\/\",\"name\":\"FILLIMI I SEZONIT TURISTIK N\u00cb ULQIN - Lajme nga Ulqini\",\"isPartOf\":{\"@id\":\"https:\/\/www.visit-ulcinj.com\/blog\/#website\"},\"datePublished\":\"2008-01-19T22:34:21+00:00\",\"dateModified\":\"2008-02-28T09:54:27+00:00\",\"author\":{\"@id\":\"https:\/\/www.visit-ulcinj.com\/blog\/#\/schema\/person\/dcab619c614d3038751c63bc2aadc06d\"},\"description\":\"NOT IMAGE\",\"breadcrumb\":{\"@id\":\"https:\/\/www.visit-ulcinj.com\/blog\/2008\/01\/19\/fillimi-i-sezonit-turistik-ne-ulqin\/#breadcrumb\"},\"inLanguage\":\"en-US\",\"potentialAction\":[{\"@type\":\"ReadAction\",\"target\":[\"https:\/\/www.visit-ulcinj.com\/blog\/2008\/01\/19\/fillimi-i-sezonit-turistik-ne-ulqin\/\"]}]},{\"@type\":\"BreadcrumbList\",\"@id\":\"https:\/\/www.visit-ulcinj.com\/blog\/2008\/01\/19\/fillimi-i-sezonit-turistik-ne-ulqin\/#breadcrumb\",\"itemListElement\":[{\"@type\":\"ListItem\",\"position\":1,\"name\":\"FILLIMI I SEZONIT TURISTIK N\u00cb ULQIN\"}]},{\"@type\":\"Person\",\"@id\":\"https:\/\/www.visit-ulcinj.com\/blog\/#\/schema\/person\/dcab619c614d3038751c63bc2aadc06d\",\"name\":\"ulqini\",\"sameAs\":[\"http:\/\/www.visit-ulcinj.com\"],\"url\":\"https:\/\/www.visit-ulcinj.com\/blog\/author\/admin\/\"}]}<\/script>\n<!-- \/ Yoast SEO plugin. -->","yoast_head_json":{"title":"FILLIMI I SEZONIT TURISTIK N\u00cb ULQIN - Lajme nga Ulqini","description":"NOT IMAGE","robots":{"index":"index","follow":"follow","max-snippet":"max-snippet:-1","max-image-preview":"max-image-preview:large","max-video-preview":"max-video-preview:-1"},"canonical":"https:\/\/www.visit-ulcinj.com\/blog\/2008\/01\/19\/fillimi-i-sezonit-turistik-ne-ulqin\/","og_locale":"en_US","og_type":"article","og_title":"FILLIMI I SEZONIT TURISTIK N\u00cb ULQIN - Lajme nga Ulqini","og_description":"NOT IMAGE","og_url":"https:\/\/www.visit-ulcinj.com\/blog\/2008\/01\/19\/fillimi-i-sezonit-turistik-ne-ulqin\/","og_site_name":"Lajme nga Ulqini","article_published_time":"2008-01-19T22:34:21+00:00","article_modified_time":"2008-02-28T09:54:27+00:00","twitter_misc":{"Written by":"ulqini","Est. reading time":"2 minutes"},"schema":{"@context":"https:\/\/schema.org","@graph":[{"@type":"WebSite","@id":"https:\/\/www.visit-ulcinj.com\/blog\/#website","url":"https:\/\/www.visit-ulcinj.com\/blog\/","name":"Lajme nga Ulqini","description":"Lajme,Vijesti,Ulqini,Ulqin,Crna Gora,Mali i Zi","potentialAction":[{"@type":"SearchAction","target":{"@type":"EntryPoint","urlTemplate":"https:\/\/www.visit-ulcinj.com\/blog\/?s={search_term_string}"},"query-input":"required name=search_term_string"}],"inLanguage":"en-US"},{"@type":"WebPage","@id":"https:\/\/www.visit-ulcinj.com\/blog\/2008\/01\/19\/fillimi-i-sezonit-turistik-ne-ulqin\/#webpage","url":"https:\/\/www.visit-ulcinj.com\/blog\/2008\/01\/19\/fillimi-i-sezonit-turistik-ne-ulqin\/","name":"FILLIMI I SEZONIT TURISTIK N\u00cb ULQIN - Lajme nga Ulqini","isPartOf":{"@id":"https:\/\/www.visit-ulcinj.com\/blog\/#website"},"datePublished":"2008-01-19T22:34:21+00:00","dateModified":"2008-02-28T09:54:27+00:00","author":{"@id":"https:\/\/www.visit-ulcinj.com\/blog\/#\/schema\/person\/dcab619c614d3038751c63bc2aadc06d"},"description":"NOT IMAGE","breadcrumb":{"@id":"https:\/\/www.visit-ulcinj.com\/blog\/2008\/01\/19\/fillimi-i-sezonit-turistik-ne-ulqin\/#breadcrumb"},"inLanguage":"en-US","potentialAction":[{"@type":"ReadAction","target":["https:\/\/www.visit-ulcinj.com\/blog\/2008\/01\/19\/fillimi-i-sezonit-turistik-ne-ulqin\/"]}]},{"@type":"BreadcrumbList","@id":"https:\/\/www.visit-ulcinj.com\/blog\/2008\/01\/19\/fillimi-i-sezonit-turistik-ne-ulqin\/#breadcrumb","itemListElement":[{"@type":"ListItem","position":1,"name":"FILLIMI I SEZONIT TURISTIK N\u00cb ULQIN"}]},{"@type":"Person","@id":"https:\/\/www.visit-ulcinj.com\/blog\/#\/schema\/person\/dcab619c614d3038751c63bc2aadc06d","name":"ulqini","sameAs":["http:\/\/www.visit-ulcinj.com"],"url":"https:\/\/www.visit-ulcinj.com\/blog\/author\/admin\/"}]}},"jetpack_featured_media_url":"","jetpack_sharing_enabled":true,"jetpack_shortlink":"https:\/\/wp.me\/pe6lTn-3t","_links":{"self":[{"href":"https:\/\/www.visit-ulcinj.com\/blog\/wp-json\/wp\/v2\/posts\/215"}],"collection":[{"href":"https:\/\/www.visit-ulcinj.com\/blog\/wp-json\/wp\/v2\/posts"}],"about":[{"href":"https:\/\/www.visit-ulcinj.com\/blog\/wp-json\/wp\/v2\/types\/post"}],"author":[{"embeddable":true,"href":"https:\/\/www.visit-ulcinj.com\/blog\/wp-json\/wp\/v2\/users\/1"}],"replies":[{"embeddable":true,"href":"https:\/\/www.visit-ulcinj.com\/blog\/wp-json\/wp\/v2\/comments?post=215"}],"version-history":[{"count":0,"href":"https:\/\/www.visit-ulcinj.com\/blog\/wp-json\/wp\/v2\/posts\/215\/revisions"}],"wp:attachment":[{"href":"https:\/\/www.visit-ulcinj.com\/blog\/wp-json\/wp\/v2\/media?parent=215"}],"wp:term":[{"taxonomy":"category","embeddable":true,"href":"https:\/\/www.visit-ulcinj.com\/blog\/wp-json\/wp\/v2\/categories?post=215"},{"taxonomy":"post_tag","embeddable":true,"href":"https:\/\/www.visit-ulcinj.com\/blog\/wp-json\/wp\/v2\/tags?post=215"}],"curies":[{"name":"wp","href":"https:\/\/api.w.org\/{rel}","templated":true}]}}