{"id":2151,"date":"2008-07-03T16:30:29","date_gmt":"2008-07-03T21:30:29","guid":{"rendered":"http:\/\/www.visit-ulcinj.com\/blog\/?p=2151"},"modified":"2008-07-03T16:30:29","modified_gmt":"2008-07-03T21:30:29","slug":"dps-pada-bez-albanskih-glasova","status":"publish","type":"post","link":"https:\/\/www.visit-ulcinj.com\/blog\/2008\/07\/03\/dps-pada-bez-albanskih-glasova\/","title":{"rendered":"DPS pada bez albanskih glasova"},"content":{"rendered":"<p><img loading=\"lazy\" class=\"alignleft\" style=\"float: left;\" src=\"http:\/\/www.dan.cg.yu\/gfx_bb\/vijestadana02072008.jpg\" alt=\"Predrag Bulatovi?\" width=\"222\" height=\"344\" \/>Predrag Bulatovi? pozvao opoziciju da podr\u017ei predlog Andrije Mandi?a za izmjenu izbornog zakonodavstva<br \/>\nolja gra?ana na izborima izra\u017eena u broju glasova treba da se preto?i u broj mandata a ne kao dosad da se broj glasova pretvori u apsolutnu vlast i da imamo vladaju?u koaliciju koja nema ve?inu u broju iza\u0161lih bira?a, poru?io je ju?e Predrag Bulatovi?, poslanik Socijalisti?ke narodne partije. On je najavljuju?i podr\u0161ku predlogu Andrije Mandi?a, predsjednika Srpske narodne stranke, o izmjeni zakona o izboru odbornika i poslanika i ukidanju albanske izborne jedinice i Dontovog modela, istakao da se mora skinuti monopol i neopravdana prednost vlasti.<br \/>\n&#8211; Inicijativa je veoma dobra i ona predstavlja osnovu oko koje ukupna opozicija mo\u017ee graditi startegiju u okviru skup\u0161tinske radne grupe za izradu izbornog zakonodavstva sa ciljem da se u Skup\u0161tini usvoji izborni model koji ?e skinuti monopole i neopravdane prednosti koje trenutno ima vladaju?a koalicija. Osnovno je obezbijediti da se Dontova formula zamijeni nekim drugim pravednijim modelom proporcionalnosti &#8211; kazao je Bulatovi? &#8220;Danu&#8221;.<br \/>\nDosad je u izbornoj praksi, posebno na izborima 2002. i 2006. godine, kako isti?e Bulatovi?, zahvaljuju?i Dontovoj formuli DPS imao apsolutnu vlast iako su imali znatno manje od 50 odsto glasova bira?a.<br \/>\nBulatovi? nagla\u0161ava da je Mandi? u pravu i kada smatra da treba ukinuti izbor pet poslanika na izbornim bira?kim mjestima gdje dominantno \u017eive glasa?i albanske nacionalnosti.<br \/>\n&#8211; Prvi razlog je taj \u0161to je Ustavom fiksiran broj da Skup\u0161tina ima 81 poslanika i onda ta norma postaje potpuno besmislena. Drugi razlog je \u0161to je ustavna odredba o autenti?noj zastupljenosti manjina, shodno principu afirmativne akcije, mo\u017ee ostvariti na na?in na koji predla\u017ee Mandi? ukidanjem cenzusa za manjinske stranke. Time ?e manjinske stranke, ako imaju podr\u0161ku u svom nacionalnom korpusu, sigurno osvojiti mandate &#8211; smatra Bulatovi?.<br \/>\nNavode?i da je neprihvatljivo davati garantovane mandate ili pravo duplog glasa, Bulatovi? vjeruje da ?e DPS upravo to predlo\u017eiti.<br \/>\n&#8211; Predlaganjem garantovanih mandata ili duplog glasa izbori se ?ine besmislenim i otvara se takozvana izborna trgovina za koju je DPS izuzetno vje\u0161t &#8211; ocijenio je Bulatovi?.<br \/>\nOn smatra da, iako je Srpska lista iza\u0161la sa dobrim predlogom, svaki opozicioni poslanik i sve opozicione stranke treba da doprinesu da se do?e do jedinstvenog stava opozicije oko izbornog zakona.<br \/>\n<strong>Rizi?an zakon o bira?kom spisku<\/strong><img loading=\"lazy\" class=\"alignright\" style=\"float: right;\" src=\"http:\/\/www.birn.eu.com\/images\/cms-image-000002663.jpg\" alt=\"AndrijA Mandi?\" width=\"300\" height=\"200\" \/><br \/>\nUkoliko opozicija ne bude jedinstvena DPS ?e, smatra Predrag Bulatovi?, preko neustavno donesenih zakona otvoriti jo\u0161 ve?i prostor za manipulaciju po pitanju prava glasa &#8211; dr\u017eavljani ili gra?ani. On je naglasio da je DPS prekr\u0161io Ustav i ne po\u0161tuju?i normu o dvotre?inskoj ve?ini usvojio zakon o bira?kim spiskovima.<br \/>\n&#8211; ?lanom 45 Ustava Crne Gore definisnao je da pravo glasa imaju dr\u017eavljani. Dosad su pravo glasa imali gra?ani i ako se to pitanje unutar radne grupe ne dovede ?isto do kraja ima?emo situaciju da vlast selektivno uo?i izbora bri\u0161e bira?e. Ako se tome doda da je neustavno i bez dvore?inske ve?ine usvojen zakon o bira?kim spiskovima i da stranke nemaju pravo uvida u bira?ki spisak onda je jasno da je prostor za manipulaciju \u0161irok &#8211; naveo je Bulatovi?.<br \/>\nIsti?u?i da vjeruje da je cilj svih opozicionih stranaka da se na narednim izborima smijeni DPS-SDP, Bulatovi? je naglasio da je za to veoma va\u017eno imati izborni zakon koji ?e to garantovati na na?in da se ne dozvole monopoli vlasti.<br \/>\n&#8211; Zakon se donosi sa dvije tre?ine i to zna?i da ga DPS ne mo\u017ee donijeti bez opozicije. Ako je opozicija jedinstvena onda se to mo\u017ee i ostvariti.<br \/>\n<strong>R.R.<br \/>\nIzvor \/ Dan<\/strong><\/p>\n<!-- vimeo error: not a vimeo video -->\n","protected":false},"excerpt":{"rendered":"<p><img loading=\"lazy\" class=\"alignleft\" style=\"float: left;\" src=\"http:\/\/www.dan.cg.yu\/gfx_bb\/vijestadana02072008.jpg\" alt=\"Predrag Bulatovi?\" width=\"140\" height=\"140\" \/><\/p>\n","protected":false},"author":1,"featured_media":0,"comment_status":"open","ping_status":"closed","sticky":false,"template":"","format":"standard","meta":{"spay_email":"","jetpack_publicize_message":"","jetpack_is_tweetstorm":false,"jetpack_publicize_feature_enabled":true},"categories":[6,12],"tags":[2425,20,530,3256,701],"jetpack_publicize_connections":[],"yoast_head":"<!-- This site is optimized with the Yoast SEO plugin v19.1 - https:\/\/yoast.com\/wordpress\/plugins\/seo\/ -->\n<title>DPS pada bez albanskih glasova - Lajme nga Ulqini<\/title>\n<meta name=\"robots\" content=\"index, follow, max-snippet:-1, max-image-preview:large, max-video-preview:-1\" \/>\n<link rel=\"canonical\" href=\"https:\/\/www.visit-ulcinj.com\/blog\/2008\/07\/03\/dps-pada-bez-albanskih-glasova\/\" \/>\n<meta property=\"og:locale\" content=\"en_US\" \/>\n<meta property=\"og:type\" content=\"article\" \/>\n<meta property=\"og:title\" content=\"DPS pada bez albanskih glasova - Lajme nga Ulqini\" \/>\n<meta property=\"og:url\" content=\"https:\/\/www.visit-ulcinj.com\/blog\/2008\/07\/03\/dps-pada-bez-albanskih-glasova\/\" \/>\n<meta property=\"og:site_name\" content=\"Lajme nga Ulqini\" \/>\n<meta property=\"article:published_time\" content=\"2008-07-03T21:30:29+00:00\" \/>\n<meta property=\"og:image\" content=\"http:\/\/www.dan.cg.yu\/gfx_bb\/vijestadana02072008.jpg\" \/>\n<meta name=\"twitter:label1\" content=\"Written by\" \/>\n\t<meta name=\"twitter:data1\" content=\"ulqini\" \/>\n\t<meta name=\"twitter:label2\" content=\"Est. reading time\" \/>\n\t<meta name=\"twitter:data2\" content=\"3 minutes\" \/>\n<script type=\"application\/ld+json\" class=\"yoast-schema-graph\">{\"@context\":\"https:\/\/schema.org\",\"@graph\":[{\"@type\":\"WebSite\",\"@id\":\"https:\/\/www.visit-ulcinj.com\/blog\/#website\",\"url\":\"https:\/\/www.visit-ulcinj.com\/blog\/\",\"name\":\"Lajme nga Ulqini\",\"description\":\"Lajme,Vijesti,Ulqini,Ulqin,Crna Gora,Mali i Zi\",\"potentialAction\":[{\"@type\":\"SearchAction\",\"target\":{\"@type\":\"EntryPoint\",\"urlTemplate\":\"https:\/\/www.visit-ulcinj.com\/blog\/?s={search_term_string}\"},\"query-input\":\"required name=search_term_string\"}],\"inLanguage\":\"en-US\"},{\"@type\":\"ImageObject\",\"inLanguage\":\"en-US\",\"@id\":\"https:\/\/www.visit-ulcinj.com\/blog\/2008\/07\/03\/dps-pada-bez-albanskih-glasova\/#primaryimage\",\"url\":\"http:\/\/www.dan.cg.yu\/gfx_bb\/vijestadana02072008.jpg\",\"contentUrl\":\"http:\/\/www.dan.cg.yu\/gfx_bb\/vijestadana02072008.jpg\"},{\"@type\":\"WebPage\",\"@id\":\"https:\/\/www.visit-ulcinj.com\/blog\/2008\/07\/03\/dps-pada-bez-albanskih-glasova\/#webpage\",\"url\":\"https:\/\/www.visit-ulcinj.com\/blog\/2008\/07\/03\/dps-pada-bez-albanskih-glasova\/\",\"name\":\"DPS pada bez albanskih glasova - Lajme nga Ulqini\",\"isPartOf\":{\"@id\":\"https:\/\/www.visit-ulcinj.com\/blog\/#website\"},\"primaryImageOfPage\":{\"@id\":\"https:\/\/www.visit-ulcinj.com\/blog\/2008\/07\/03\/dps-pada-bez-albanskih-glasova\/#primaryimage\"},\"datePublished\":\"2008-07-03T21:30:29+00:00\",\"dateModified\":\"2008-07-03T21:30:29+00:00\",\"author\":{\"@id\":\"https:\/\/www.visit-ulcinj.com\/blog\/#\/schema\/person\/dcab619c614d3038751c63bc2aadc06d\"},\"breadcrumb\":{\"@id\":\"https:\/\/www.visit-ulcinj.com\/blog\/2008\/07\/03\/dps-pada-bez-albanskih-glasova\/#breadcrumb\"},\"inLanguage\":\"en-US\",\"potentialAction\":[{\"@type\":\"ReadAction\",\"target\":[\"https:\/\/www.visit-ulcinj.com\/blog\/2008\/07\/03\/dps-pada-bez-albanskih-glasova\/\"]}]},{\"@type\":\"BreadcrumbList\",\"@id\":\"https:\/\/www.visit-ulcinj.com\/blog\/2008\/07\/03\/dps-pada-bez-albanskih-glasova\/#breadcrumb\",\"itemListElement\":[{\"@type\":\"ListItem\",\"position\":1,\"name\":\"DPS pada bez albanskih glasova\"}]},{\"@type\":\"Person\",\"@id\":\"https:\/\/www.visit-ulcinj.com\/blog\/#\/schema\/person\/dcab619c614d3038751c63bc2aadc06d\",\"name\":\"ulqini\",\"sameAs\":[\"http:\/\/www.visit-ulcinj.com\"],\"url\":\"https:\/\/www.visit-ulcinj.com\/blog\/author\/admin\/\"}]}<\/script>\n<!-- \/ Yoast SEO plugin. -->","yoast_head_json":{"title":"DPS pada bez albanskih glasova - Lajme nga Ulqini","robots":{"index":"index","follow":"follow","max-snippet":"max-snippet:-1","max-image-preview":"max-image-preview:large","max-video-preview":"max-video-preview:-1"},"canonical":"https:\/\/www.visit-ulcinj.com\/blog\/2008\/07\/03\/dps-pada-bez-albanskih-glasova\/","og_locale":"en_US","og_type":"article","og_title":"DPS pada bez albanskih glasova - Lajme nga Ulqini","og_url":"https:\/\/www.visit-ulcinj.com\/blog\/2008\/07\/03\/dps-pada-bez-albanskih-glasova\/","og_site_name":"Lajme nga Ulqini","article_published_time":"2008-07-03T21:30:29+00:00","og_image":[{"url":"http:\/\/www.dan.cg.yu\/gfx_bb\/vijestadana02072008.jpg"}],"twitter_misc":{"Written by":"ulqini","Est. reading time":"3 minutes"},"schema":{"@context":"https:\/\/schema.org","@graph":[{"@type":"WebSite","@id":"https:\/\/www.visit-ulcinj.com\/blog\/#website","url":"https:\/\/www.visit-ulcinj.com\/blog\/","name":"Lajme nga Ulqini","description":"Lajme,Vijesti,Ulqini,Ulqin,Crna Gora,Mali i Zi","potentialAction":[{"@type":"SearchAction","target":{"@type":"EntryPoint","urlTemplate":"https:\/\/www.visit-ulcinj.com\/blog\/?s={search_term_string}"},"query-input":"required name=search_term_string"}],"inLanguage":"en-US"},{"@type":"ImageObject","inLanguage":"en-US","@id":"https:\/\/www.visit-ulcinj.com\/blog\/2008\/07\/03\/dps-pada-bez-albanskih-glasova\/#primaryimage","url":"http:\/\/www.dan.cg.yu\/gfx_bb\/vijestadana02072008.jpg","contentUrl":"http:\/\/www.dan.cg.yu\/gfx_bb\/vijestadana02072008.jpg"},{"@type":"WebPage","@id":"https:\/\/www.visit-ulcinj.com\/blog\/2008\/07\/03\/dps-pada-bez-albanskih-glasova\/#webpage","url":"https:\/\/www.visit-ulcinj.com\/blog\/2008\/07\/03\/dps-pada-bez-albanskih-glasova\/","name":"DPS pada bez albanskih glasova - Lajme nga Ulqini","isPartOf":{"@id":"https:\/\/www.visit-ulcinj.com\/blog\/#website"},"primaryImageOfPage":{"@id":"https:\/\/www.visit-ulcinj.com\/blog\/2008\/07\/03\/dps-pada-bez-albanskih-glasova\/#primaryimage"},"datePublished":"2008-07-03T21:30:29+00:00","dateModified":"2008-07-03T21:30:29+00:00","author":{"@id":"https:\/\/www.visit-ulcinj.com\/blog\/#\/schema\/person\/dcab619c614d3038751c63bc2aadc06d"},"breadcrumb":{"@id":"https:\/\/www.visit-ulcinj.com\/blog\/2008\/07\/03\/dps-pada-bez-albanskih-glasova\/#breadcrumb"},"inLanguage":"en-US","potentialAction":[{"@type":"ReadAction","target":["https:\/\/www.visit-ulcinj.com\/blog\/2008\/07\/03\/dps-pada-bez-albanskih-glasova\/"]}]},{"@type":"BreadcrumbList","@id":"https:\/\/www.visit-ulcinj.com\/blog\/2008\/07\/03\/dps-pada-bez-albanskih-glasova\/#breadcrumb","itemListElement":[{"@type":"ListItem","position":1,"name":"DPS pada bez albanskih glasova"}]},{"@type":"Person","@id":"https:\/\/www.visit-ulcinj.com\/blog\/#\/schema\/person\/dcab619c614d3038751c63bc2aadc06d","name":"ulqini","sameAs":["http:\/\/www.visit-ulcinj.com"],"url":"https:\/\/www.visit-ulcinj.com\/blog\/author\/admin\/"}]}},"jetpack_featured_media_url":"","jetpack_sharing_enabled":true,"jetpack_shortlink":"https:\/\/wp.me\/pe6lTn-yH","_links":{"self":[{"href":"https:\/\/www.visit-ulcinj.com\/blog\/wp-json\/wp\/v2\/posts\/2151"}],"collection":[{"href":"https:\/\/www.visit-ulcinj.com\/blog\/wp-json\/wp\/v2\/posts"}],"about":[{"href":"https:\/\/www.visit-ulcinj.com\/blog\/wp-json\/wp\/v2\/types\/post"}],"author":[{"embeddable":true,"href":"https:\/\/www.visit-ulcinj.com\/blog\/wp-json\/wp\/v2\/users\/1"}],"replies":[{"embeddable":true,"href":"https:\/\/www.visit-ulcinj.com\/blog\/wp-json\/wp\/v2\/comments?post=2151"}],"version-history":[{"count":0,"href":"https:\/\/www.visit-ulcinj.com\/blog\/wp-json\/wp\/v2\/posts\/2151\/revisions"}],"wp:attachment":[{"href":"https:\/\/www.visit-ulcinj.com\/blog\/wp-json\/wp\/v2\/media?parent=2151"}],"wp:term":[{"taxonomy":"category","embeddable":true,"href":"https:\/\/www.visit-ulcinj.com\/blog\/wp-json\/wp\/v2\/categories?post=2151"},{"taxonomy":"post_tag","embeddable":true,"href":"https:\/\/www.visit-ulcinj.com\/blog\/wp-json\/wp\/v2\/tags?post=2151"}],"curies":[{"name":"wp","href":"https:\/\/api.w.org\/{rel}","templated":true}]}}