{"id":21513,"date":"2009-05-15T16:59:56","date_gmt":"2009-05-15T14:59:56","guid":{"rendered":"http:\/\/www.visit-ulcinj.com\/blog\/?p=21513"},"modified":"2009-05-15T16:59:56","modified_gmt":"2009-05-15T14:59:56","slug":"hajdinaga-turisti-spremaju-kofere","status":"publish","type":"post","link":"https:\/\/www.visit-ulcinj.com\/blog\/2009\/05\/15\/hajdinaga-turisti-spremaju-kofere\/","title":{"rendered":"Hajdinaga: Turisti spremaju kofere"},"content":{"rendered":"<p><strong><a href=\"http:\/\/www.visit-ulcinj.com\/blog\/wp-content\/uploads\/2009\/05\/dlegacija-ulcinja-zadovoljna-posjetom-u-regionu-kosova-i-makedonije.jpg\"><img loading=\"lazy\" class=\"alignleft size-full wp-image-21514\" title=\"dlegacija-ulcinja-zadovoljna-posjetom-u-regionu-kosova-i-makedonije\" src=\"http:\/\/www.visit-ulcinj.com\/blog\/wp-content\/uploads\/2009\/05\/dlegacija-ulcinja-zadovoljna-posjetom-u-regionu-kosova-i-makedonije.jpg\" alt=\"dlegacija-ulcinja-zadovoljna-posjetom-u-regionu-kosova-i-makedonije\" width=\"580\" height=\"400\" \/><\/a>Dlegacija Ulcinja zadovoljna posjetom u regionu <\/strong><br \/>\nUlcinj i ovog ljeta o?ekuje posjetu velikog broja kosovskih i makedonskih turista, saop\u0161teno je ju?e \u201cVijestima\u201d u kabinetu gradona?elnika Gzima Hajdinage nakon \u0161to se preksino? u Ulcinj vratila delegacija turisti?kih privrednika i zvani?nika sa osmodnevne turneje po Kosovu i Makedoniji.<br \/>\nUlcinj je na Sajmu turizma u Pri\u0161tini od 6. do 8. maja predstavljen na zajedni?kom \u0161tandu Nacionalne turisti?ke organizacije.<br \/>\n\u201cNakon prezentacije ponude, na\u0161a delegacija je u pri\u0161tinskom hotelu \u2018Grand\u2018 odr\u017eala konferenciju za novinare i koktel. Prijem je bio dobro posje?en, a Hajdinaga je prisutne upoznao sa pripremama za sezonu i investicijama i pozvao Kosovare da i ove godine u Ulcinj do?u u \u0161to ve?em broju\u201d, rekli su u Op\u0161tini. Nakon boravka u Pri\u0161tini, delegacija je posjetila Pe?, De?ane, ?akovicu, Prizren, Uro\u0161evac, Gnjilane i Mitrovicu. Poslije turneje po Kosovu, Ulcinjani su se preselili u Skoplje gdje su u?estvovali u prezentaciji NTO. Posjetili su i Tetovo i Gostivar gdje su prezentovali turisti?ki proizvod Ulcinja.<br \/>\n\u201cTokom osmodnevne turneje, Hajdinaga se sreo i sa ministrima turizma i lokalne samouprave Kosova Lutvijem \u017darkuom i Sadri Feratijem i potpredsjednikom Vlade Makedonije Abdiha?imom Ademijem i ministrom ekonomnije u toj zemlji Fatmirom Besimijem\u201d, kazao je savjetnik gradona?elnika za odnose sa javno\u0161?u, Arslan Hajdinaga.<br \/>\n<strong>S.A.<br \/>\n<a href=\"http:\/\/www.vijesti.cg.yu\/index.php?id_pre=304591&amp;godina=2009\" target=\"_blank\">Vijesti<\/a><\/strong><\/p>\n\n\t\t<style type=\"text\/css\">\n\t\t\t#gallery-1 {\n\t\t\t\tmargin: auto;\n\t\t\t}\n\t\t\t#gallery-1 .gallery-item {\n\t\t\t\tfloat: left;\n\t\t\t\tmargin-top: 10px;\n\t\t\t\ttext-align: center;\n\t\t\t\twidth: 33%;\n\t\t\t}\n\t\t\t#gallery-1 img {\n\t\t\t\tborder: 2px solid #cfcfcf;\n\t\t\t}\n\t\t\t#gallery-1 .gallery-caption {\n\t\t\t\tmargin-left: 0;\n\t\t\t}\n\t\t\t\/* see gallery_shortcode() in wp-includes\/media.php *\/\n\t\t<\/style>\n\t\t<div id='gallery-1' class='gallery galleryid-21513 gallery-columns-3 gallery-size-thumbnail'><dl class='gallery-item'>\n\t\t\t<dt class='gallery-icon landscape'>\n\t\t\t\t<a href='https:\/\/www.visit-ulcinj.com\/blog\/2009\/05\/15\/hajdinaga-turisti-spremaju-kofere\/dlegacija-ulcinja-zadovoljna-posjetom-u-regionu-kosova-i-makedonije\/'><img width=\"150\" height=\"150\" src=\"https:\/\/www.visit-ulcinj.com\/blog\/wp-content\/uploads\/2009\/05\/dlegacija-ulcinja-zadovoljna-posjetom-u-regionu-kosova-i-makedonije-150x150.jpg\" class=\"attachment-thumbnail size-thumbnail\" alt=\"\" loading=\"lazy\" \/><\/a>\n\t\t\t<\/dt><\/dl><dl class='gallery-item'>\n\t\t\t<dt class='gallery-icon portrait'>\n\t\t\t\t<a href='https:\/\/www.visit-ulcinj.com\/blog\/2009\/05\/15\/hajdinaga-turisti-spremaju-kofere\/dlegacija-ulcinja-zadovoljna-posjetom-u-regionu-kosova-i-makedonije1\/'><img width=\"150\" height=\"150\" src=\"https:\/\/www.visit-ulcinj.com\/blog\/wp-content\/uploads\/2009\/05\/dlegacija-ulcinja-zadovoljna-posjetom-u-regionu-kosova-i-makedonije1-150x150.jpg\" class=\"attachment-thumbnail size-thumbnail\" alt=\"\" loading=\"lazy\" \/><\/a>\n\t\t\t<\/dt><\/dl><dl class='gallery-item'>\n\t\t\t<dt class='gallery-icon landscape'>\n\t\t\t\t<a href='https:\/\/www.visit-ulcinj.com\/blog\/2009\/05\/15\/hajdinaga-turisti-spremaju-kofere\/dlegacija-ulcinja-zadovoljna-posjetom-u-regionu-kosova-i-makedonije2\/'><img width=\"150\" height=\"150\" src=\"https:\/\/www.visit-ulcinj.com\/blog\/wp-content\/uploads\/2009\/05\/dlegacija-ulcinja-zadovoljna-posjetom-u-regionu-kosova-i-makedonije2-150x150.jpg\" class=\"attachment-thumbnail size-thumbnail\" alt=\"\" loading=\"lazy\" \/><\/a>\n\t\t\t<\/dt><\/dl><br style=\"clear: both\" \/>\n\t\t<\/div>\n\n","protected":false},"excerpt":{"rendered":"<p>Dlegacija Ulcinja zadovoljna posjetom u regionu Ulcinj i ovog ljeta o?ekuje posjetu velikog broja kosovskih i makedonskih turista, saop\u0161teno je ju?e \u201cVijestima\u201d u kabinetu gradona?elnika Gzima Hajdinage nakon \u0161to se preksino? u Ulcinj vratila delegacija turisti?kih privrednika i zvani?nika sa osmodnevne turneje po Kosovu i Makedoniji. Ulcinj je na Sajmu turizma u Pri\u0161tini od 6. [&hellip;]<\/p>\n","protected":false},"author":1,"featured_media":0,"comment_status":"open","ping_status":"closed","sticky":false,"template":"","format":"standard","meta":{"spay_email":"","jetpack_publicize_message":"","jetpack_is_tweetstorm":false,"jetpack_publicize_feature_enabled":true},"categories":[8337],"tags":[10456,10455,10458,1499,2220,788,10452,10459,10454,10451,2335,260,10453,10460,1502,10461,10457],"jetpack_publicize_connections":[],"yoast_head":"<!-- This site is optimized with the Yoast SEO plugin v19.1 - https:\/\/yoast.com\/wordpress\/plugins\/seo\/ -->\n<title>Hajdinaga: Turisti spremaju kofere - Lajme nga Ulqini<\/title>\n<meta name=\"description\" content=\"Dlegacija Ulcinja zadovoljna posjetom u regionu Ulcinj i ovog ljeta o?ekuje posjetu velikog broja kosovskih i makedonskih turista, saop\u0161teno je ju?e\" \/>\n<meta name=\"robots\" content=\"index, follow, max-snippet:-1, max-image-preview:large, max-video-preview:-1\" \/>\n<link rel=\"canonical\" href=\"https:\/\/www.visit-ulcinj.com\/blog\/2009\/05\/15\/hajdinaga-turisti-spremaju-kofere\/\" \/>\n<meta property=\"og:locale\" content=\"en_US\" \/>\n<meta property=\"og:type\" content=\"article\" \/>\n<meta property=\"og:title\" content=\"Hajdinaga: Turisti spremaju kofere - Lajme nga Ulqini\" \/>\n<meta property=\"og:description\" content=\"Dlegacija Ulcinja zadovoljna posjetom u regionu Ulcinj i ovog ljeta o?ekuje posjetu velikog broja kosovskih i makedonskih turista, saop\u0161teno je ju?e\" \/>\n<meta property=\"og:url\" content=\"https:\/\/www.visit-ulcinj.com\/blog\/2009\/05\/15\/hajdinaga-turisti-spremaju-kofere\/\" \/>\n<meta property=\"og:site_name\" content=\"Lajme nga Ulqini\" \/>\n<meta property=\"article:published_time\" content=\"2009-05-15T14:59:56+00:00\" \/>\n<meta property=\"og:image\" content=\"https:\/\/www.visit-ulcinj.com\/blog\/wp-content\/uploads\/2009\/05\/dlegacija-ulcinja-zadovoljna-posjetom-u-regionu-kosova-i-makedonije-150x150.jpg\" \/>\n<meta name=\"twitter:label1\" content=\"Written by\" \/>\n\t<meta name=\"twitter:data1\" content=\"ulqini\" \/>\n\t<meta name=\"twitter:label2\" content=\"Est. reading time\" \/>\n\t<meta name=\"twitter:data2\" content=\"1 minute\" \/>\n<script type=\"application\/ld+json\" class=\"yoast-schema-graph\">{\"@context\":\"https:\/\/schema.org\",\"@graph\":[{\"@type\":\"WebSite\",\"@id\":\"https:\/\/www.visit-ulcinj.com\/blog\/#website\",\"url\":\"https:\/\/www.visit-ulcinj.com\/blog\/\",\"name\":\"Lajme nga Ulqini\",\"description\":\"Lajme,Vijesti,Ulqini,Ulqin,Crna Gora,Mali i Zi\",\"potentialAction\":[{\"@type\":\"SearchAction\",\"target\":{\"@type\":\"EntryPoint\",\"urlTemplate\":\"https:\/\/www.visit-ulcinj.com\/blog\/?s={search_term_string}\"},\"query-input\":\"required name=search_term_string\"}],\"inLanguage\":\"en-US\"},{\"@type\":\"ImageObject\",\"inLanguage\":\"en-US\",\"@id\":\"https:\/\/www.visit-ulcinj.com\/blog\/2009\/05\/15\/hajdinaga-turisti-spremaju-kofere\/#primaryimage\",\"url\":\"https:\/\/www.visit-ulcinj.com\/blog\/wp-content\/uploads\/2009\/05\/dlegacija-ulcinja-zadovoljna-posjetom-u-regionu-kosova-i-makedonije.jpg\",\"contentUrl\":\"https:\/\/www.visit-ulcinj.com\/blog\/wp-content\/uploads\/2009\/05\/dlegacija-ulcinja-zadovoljna-posjetom-u-regionu-kosova-i-makedonije.jpg\",\"width\":\"640\",\"height\":\"480\"},{\"@type\":\"WebPage\",\"@id\":\"https:\/\/www.visit-ulcinj.com\/blog\/2009\/05\/15\/hajdinaga-turisti-spremaju-kofere\/#webpage\",\"url\":\"https:\/\/www.visit-ulcinj.com\/blog\/2009\/05\/15\/hajdinaga-turisti-spremaju-kofere\/\",\"name\":\"Hajdinaga: Turisti spremaju kofere - Lajme nga Ulqini\",\"isPartOf\":{\"@id\":\"https:\/\/www.visit-ulcinj.com\/blog\/#website\"},\"primaryImageOfPage\":{\"@id\":\"https:\/\/www.visit-ulcinj.com\/blog\/2009\/05\/15\/hajdinaga-turisti-spremaju-kofere\/#primaryimage\"},\"datePublished\":\"2009-05-15T14:59:56+00:00\",\"dateModified\":\"2009-05-15T14:59:56+00:00\",\"author\":{\"@id\":\"https:\/\/www.visit-ulcinj.com\/blog\/#\/schema\/person\/dcab619c614d3038751c63bc2aadc06d\"},\"description\":\"Dlegacija Ulcinja zadovoljna posjetom u regionu Ulcinj i ovog ljeta o?ekuje posjetu velikog broja kosovskih i makedonskih turista, saop\u0161teno je ju?e\",\"breadcrumb\":{\"@id\":\"https:\/\/www.visit-ulcinj.com\/blog\/2009\/05\/15\/hajdinaga-turisti-spremaju-kofere\/#breadcrumb\"},\"inLanguage\":\"en-US\",\"potentialAction\":[{\"@type\":\"ReadAction\",\"target\":[\"https:\/\/www.visit-ulcinj.com\/blog\/2009\/05\/15\/hajdinaga-turisti-spremaju-kofere\/\"]}]},{\"@type\":\"BreadcrumbList\",\"@id\":\"https:\/\/www.visit-ulcinj.com\/blog\/2009\/05\/15\/hajdinaga-turisti-spremaju-kofere\/#breadcrumb\",\"itemListElement\":[{\"@type\":\"ListItem\",\"position\":1,\"name\":\"Hajdinaga: Turisti spremaju kofere\"}]},{\"@type\":\"Person\",\"@id\":\"https:\/\/www.visit-ulcinj.com\/blog\/#\/schema\/person\/dcab619c614d3038751c63bc2aadc06d\",\"name\":\"ulqini\",\"sameAs\":[\"http:\/\/www.visit-ulcinj.com\"],\"url\":\"https:\/\/www.visit-ulcinj.com\/blog\/author\/admin\/\"}]}<\/script>\n<!-- \/ Yoast SEO plugin. -->","yoast_head_json":{"title":"Hajdinaga: Turisti spremaju kofere - Lajme nga Ulqini","description":"Dlegacija Ulcinja zadovoljna posjetom u regionu Ulcinj i ovog ljeta o?ekuje posjetu velikog broja kosovskih i makedonskih turista, saop\u0161teno je ju?e","robots":{"index":"index","follow":"follow","max-snippet":"max-snippet:-1","max-image-preview":"max-image-preview:large","max-video-preview":"max-video-preview:-1"},"canonical":"https:\/\/www.visit-ulcinj.com\/blog\/2009\/05\/15\/hajdinaga-turisti-spremaju-kofere\/","og_locale":"en_US","og_type":"article","og_title":"Hajdinaga: Turisti spremaju kofere - Lajme nga Ulqini","og_description":"Dlegacija Ulcinja zadovoljna posjetom u regionu Ulcinj i ovog ljeta o?ekuje posjetu velikog broja kosovskih i makedonskih turista, saop\u0161teno je ju?e","og_url":"https:\/\/www.visit-ulcinj.com\/blog\/2009\/05\/15\/hajdinaga-turisti-spremaju-kofere\/","og_site_name":"Lajme nga Ulqini","article_published_time":"2009-05-15T14:59:56+00:00","og_image":[{"url":"https:\/\/www.visit-ulcinj.com\/blog\/wp-content\/uploads\/2009\/05\/dlegacija-ulcinja-zadovoljna-posjetom-u-regionu-kosova-i-makedonije-150x150.jpg"}],"twitter_misc":{"Written by":"ulqini","Est. reading time":"1 minute"},"schema":{"@context":"https:\/\/schema.org","@graph":[{"@type":"WebSite","@id":"https:\/\/www.visit-ulcinj.com\/blog\/#website","url":"https:\/\/www.visit-ulcinj.com\/blog\/","name":"Lajme nga Ulqini","description":"Lajme,Vijesti,Ulqini,Ulqin,Crna Gora,Mali i Zi","potentialAction":[{"@type":"SearchAction","target":{"@type":"EntryPoint","urlTemplate":"https:\/\/www.visit-ulcinj.com\/blog\/?s={search_term_string}"},"query-input":"required name=search_term_string"}],"inLanguage":"en-US"},{"@type":"ImageObject","inLanguage":"en-US","@id":"https:\/\/www.visit-ulcinj.com\/blog\/2009\/05\/15\/hajdinaga-turisti-spremaju-kofere\/#primaryimage","url":"https:\/\/www.visit-ulcinj.com\/blog\/wp-content\/uploads\/2009\/05\/dlegacija-ulcinja-zadovoljna-posjetom-u-regionu-kosova-i-makedonije.jpg","contentUrl":"https:\/\/www.visit-ulcinj.com\/blog\/wp-content\/uploads\/2009\/05\/dlegacija-ulcinja-zadovoljna-posjetom-u-regionu-kosova-i-makedonije.jpg","width":"640","height":"480"},{"@type":"WebPage","@id":"https:\/\/www.visit-ulcinj.com\/blog\/2009\/05\/15\/hajdinaga-turisti-spremaju-kofere\/#webpage","url":"https:\/\/www.visit-ulcinj.com\/blog\/2009\/05\/15\/hajdinaga-turisti-spremaju-kofere\/","name":"Hajdinaga: Turisti spremaju kofere - Lajme nga Ulqini","isPartOf":{"@id":"https:\/\/www.visit-ulcinj.com\/blog\/#website"},"primaryImageOfPage":{"@id":"https:\/\/www.visit-ulcinj.com\/blog\/2009\/05\/15\/hajdinaga-turisti-spremaju-kofere\/#primaryimage"},"datePublished":"2009-05-15T14:59:56+00:00","dateModified":"2009-05-15T14:59:56+00:00","author":{"@id":"https:\/\/www.visit-ulcinj.com\/blog\/#\/schema\/person\/dcab619c614d3038751c63bc2aadc06d"},"description":"Dlegacija Ulcinja zadovoljna posjetom u regionu Ulcinj i ovog ljeta o?ekuje posjetu velikog broja kosovskih i makedonskih turista, saop\u0161teno je ju?e","breadcrumb":{"@id":"https:\/\/www.visit-ulcinj.com\/blog\/2009\/05\/15\/hajdinaga-turisti-spremaju-kofere\/#breadcrumb"},"inLanguage":"en-US","potentialAction":[{"@type":"ReadAction","target":["https:\/\/www.visit-ulcinj.com\/blog\/2009\/05\/15\/hajdinaga-turisti-spremaju-kofere\/"]}]},{"@type":"BreadcrumbList","@id":"https:\/\/www.visit-ulcinj.com\/blog\/2009\/05\/15\/hajdinaga-turisti-spremaju-kofere\/#breadcrumb","itemListElement":[{"@type":"ListItem","position":1,"name":"Hajdinaga: Turisti spremaju kofere"}]},{"@type":"Person","@id":"https:\/\/www.visit-ulcinj.com\/blog\/#\/schema\/person\/dcab619c614d3038751c63bc2aadc06d","name":"ulqini","sameAs":["http:\/\/www.visit-ulcinj.com"],"url":"https:\/\/www.visit-ulcinj.com\/blog\/author\/admin\/"}]}},"jetpack_featured_media_url":"","jetpack_sharing_enabled":true,"jetpack_shortlink":"https:\/\/wp.me\/pe6lTn-5AZ","_links":{"self":[{"href":"https:\/\/www.visit-ulcinj.com\/blog\/wp-json\/wp\/v2\/posts\/21513"}],"collection":[{"href":"https:\/\/www.visit-ulcinj.com\/blog\/wp-json\/wp\/v2\/posts"}],"about":[{"href":"https:\/\/www.visit-ulcinj.com\/blog\/wp-json\/wp\/v2\/types\/post"}],"author":[{"embeddable":true,"href":"https:\/\/www.visit-ulcinj.com\/blog\/wp-json\/wp\/v2\/users\/1"}],"replies":[{"embeddable":true,"href":"https:\/\/www.visit-ulcinj.com\/blog\/wp-json\/wp\/v2\/comments?post=21513"}],"version-history":[{"count":0,"href":"https:\/\/www.visit-ulcinj.com\/blog\/wp-json\/wp\/v2\/posts\/21513\/revisions"}],"wp:attachment":[{"href":"https:\/\/www.visit-ulcinj.com\/blog\/wp-json\/wp\/v2\/media?parent=21513"}],"wp:term":[{"taxonomy":"category","embeddable":true,"href":"https:\/\/www.visit-ulcinj.com\/blog\/wp-json\/wp\/v2\/categories?post=21513"},{"taxonomy":"post_tag","embeddable":true,"href":"https:\/\/www.visit-ulcinj.com\/blog\/wp-json\/wp\/v2\/tags?post=21513"}],"curies":[{"name":"wp","href":"https:\/\/api.w.org\/{rel}","templated":true}]}}