{"id":21527,"date":"2009-05-15T19:03:55","date_gmt":"2009-05-15T17:03:55","guid":{"rendered":"http:\/\/www.visit-ulcinj.com\/blog\/?p=21527"},"modified":"2009-05-23T15:34:57","modified_gmt":"2009-05-23T13:34:57","slug":"manifestimi-%e2%80%9cpranvera-ne-ane-te-malit%e2%80%9d-do-te-mbahet-me-22-24-maj-2009","status":"publish","type":"post","link":"https:\/\/www.visit-ulcinj.com\/blog\/2009\/05\/15\/manifestimi-%e2%80%9cpranvera-ne-ane-te-malit%e2%80%9d-do-te-mbahet-me-22-24-maj-2009\/","title":{"rendered":"Manifestimi \u201cPranvera n\u00eb An\u00eb t\u00eb Malit\u201d do t\u00eb mbahet m\u00eb 22-24 maj 2009"},"content":{"rendered":"<div id=\"attachment_21528\" style=\"width: 590px\" class=\"wp-caption alignleft\"><a href=\"http:\/\/www.visit-ulcinj.com\/blog\/wp-content\/uploads\/2009\/05\/manifestimi-e2809cpranvera-ne-ane-te-malite2809d-22-24-maj-2009.jpg\"><img aria-describedby=\"caption-attachment-21528\" loading=\"lazy\" class=\"size-full wp-image-21528\" title=\"manifestimi-e2809cpranvera-ne-ane-te-malite2809d-22-24-maj-2009\" src=\"http:\/\/www.visit-ulcinj.com\/blog\/wp-content\/uploads\/2009\/05\/manifestimi-e2809cpranvera-ne-ane-te-malite2809d-22-24-maj-2009.jpg\" alt=\"manifestimi-e2809cpranvera-ne-ane-te-malite2809d-22-24-maj-2009\" width=\"580\" height=\"400\" \/><\/a><p id=\"caption-attachment-21528\" class=\"wp-caption-text\">Manifestimi \u201cPranvera n\u00eb An\u00eb t\u00eb Malit\u201d 22-24 maj 2009<\/p><\/div>\n<p><strong>Edicioni i gjasht\u00eb i Manifestimit \u201cPranvera n\u00eb An\u00eb t\u00eb Malit\u201d do t\u00eb mbahet nga data 22-24 maj 2009.<\/strong><\/p>\n<p>N\u00eb programin e sivjetsh\u00ebm \u00ebsht\u00eb promovimi i librit me kumtesat nga Sesioni Shkencor \u201cShasi i lasht\u00eb, monument i kultur\u00ebs\u201d, q\u00eb u mbajt m\u00eb 16-17 maj 2008. Po ashtu do t\u00eb b\u00ebhet prezantimi i nj\u00eb pjese t\u00eb eksponateve t\u00eb gjetura gjat\u00eb g\u00ebrmimeve arkeologjike n\u00eb Shas n\u00eb vitin 1985.<\/p>\n<p>Dit\u00ebn e dyt\u00eb t\u00eb manifestimit do t\u00eb mbahen gara n\u00eb disa sporte, kurse dit\u00ebn e tret\u00eb qendrore t\u00eb manifestimit do t\u00eb jet\u00eb programi kulturo-zbavit\u00ebs me muzik\u00eb popullore, humor, loj\u00ebra popullore, ushqim tradicional, etj.<\/p>\n<p>\u201cPranvera n\u00eb An\u00eb t\u00eb Malit\u201d \u00ebsht\u00eb manifestimi i vet\u00ebm i k\u00ebtij lloji q\u00eb mbahet n\u00eb zon\u00ebn e An\u00ebs s\u00eb Malit.<\/p>\n<p>Edicioni i par\u00eb i manifestimit \u00ebsht\u00eb mbajtur n\u00eb vitin 2004 dhe q\u00eb prej at\u00ebher\u00eb ky manifestim mbahet p\u00ebr \u00e7do vit n\u00eb muajin maj.<\/p>\n<p><a title=\"Shoqata ORA \" href=\"http:\/\/shoqata-ora.org\/index.html\" target=\"_blank\"><strong>http:\/\/shoqata-ora.org<\/strong><\/a><\/p>\n<!--YouTube Error: bad URL entered-->\n\n\t\t<style type=\"text\/css\">\n\t\t\t#gallery-1 {\n\t\t\t\tmargin: auto;\n\t\t\t}\n\t\t\t#gallery-1 .gallery-item {\n\t\t\t\tfloat: left;\n\t\t\t\tmargin-top: 10px;\n\t\t\t\ttext-align: center;\n\t\t\t\twidth: 33%;\n\t\t\t}\n\t\t\t#gallery-1 img {\n\t\t\t\tborder: 2px solid #cfcfcf;\n\t\t\t}\n\t\t\t#gallery-1 .gallery-caption {\n\t\t\t\tmargin-left: 0;\n\t\t\t}\n\t\t\t\/* see gallery_shortcode() in wp-includes\/media.php *\/\n\t\t<\/style>\n\t\t<div id='gallery-1' class='gallery galleryid-21527 gallery-columns-3 gallery-size-thumbnail'><dl class='gallery-item'>\n\t\t\t<dt class='gallery-icon landscape'>\n\t\t\t\t<a href='https:\/\/www.visit-ulcinj.com\/blog\/2009\/05\/15\/manifestimi-%e2%80%9cpranvera-ne-ane-te-malit%e2%80%9d-do-te-mbahet-me-22-24-maj-2009\/manifestimi-e2809cpranvera-ne-ane-te-malite2809d-22-24-maj-2009\/'><img width=\"150\" height=\"150\" src=\"https:\/\/www.visit-ulcinj.com\/blog\/wp-content\/uploads\/2009\/05\/manifestimi-e2809cpranvera-ne-ane-te-malite2809d-22-24-maj-2009-150x150.jpg\" class=\"attachment-thumbnail size-thumbnail\" alt=\"\" loading=\"lazy\" \/><\/a>\n\t\t\t<\/dt><\/dl><dl class='gallery-item'>\n\t\t\t<dt class='gallery-icon landscape'>\n\t\t\t\t<a href='https:\/\/www.visit-ulcinj.com\/blog\/2009\/05\/15\/manifestimi-%e2%80%9cpranvera-ne-ane-te-malit%e2%80%9d-do-te-mbahet-me-22-24-maj-2009\/manifestimi-e2809cpranvera-ne-ane-te-malite2809d-22-24-maj-2009_ulqin\/'><img width=\"150\" height=\"150\" src=\"https:\/\/www.visit-ulcinj.com\/blog\/wp-content\/uploads\/2009\/05\/manifestimi-e2809cpranvera-ne-ane-te-malite2809d-22-24-maj-2009_ulqin-150x150.jpg\" class=\"attachment-thumbnail size-thumbnail\" alt=\"\" loading=\"lazy\" \/><\/a>\n\t\t\t<\/dt><\/dl><dl class='gallery-item'>\n\t\t\t<dt class='gallery-icon landscape'>\n\t\t\t\t<a href='https:\/\/www.visit-ulcinj.com\/blog\/2009\/05\/15\/manifestimi-%e2%80%9cpranvera-ne-ane-te-malit%e2%80%9d-do-te-mbahet-me-22-24-maj-2009\/manifestimi-e2809cpranvera-ne-ane-te-malite2809d-22-24-maj-2009_ulqin34\/'><img width=\"150\" height=\"150\" src=\"https:\/\/www.visit-ulcinj.com\/blog\/wp-content\/uploads\/2009\/05\/manifestimi-e2809cpranvera-ne-ane-te-malite2809d-22-24-maj-2009_ulqin34-150x150.jpg\" class=\"attachment-thumbnail size-thumbnail\" alt=\"\" loading=\"lazy\" \/><\/a>\n\t\t\t<\/dt><\/dl><br style=\"clear: both\" \/><dl class='gallery-item'>\n\t\t\t<dt class='gallery-icon landscape'>\n\t\t\t\t<a href='https:\/\/www.visit-ulcinj.com\/blog\/2009\/05\/15\/manifestimi-%e2%80%9cpranvera-ne-ane-te-malit%e2%80%9d-do-te-mbahet-me-22-24-maj-2009\/manifestimi-e2809cpranvera-ne-ane-te-malite2809d-22-24-maj-2009_ulqin33\/'><img width=\"150\" height=\"150\" src=\"https:\/\/www.visit-ulcinj.com\/blog\/wp-content\/uploads\/2009\/05\/manifestimi-e2809cpranvera-ne-ane-te-malite2809d-22-24-maj-2009_ulqin33-150x150.jpg\" class=\"attachment-thumbnail size-thumbnail\" alt=\"\" loading=\"lazy\" \/><\/a>\n\t\t\t<\/dt><\/dl><dl class='gallery-item'>\n\t\t\t<dt class='gallery-icon landscape'>\n\t\t\t\t<a href='https:\/\/www.visit-ulcinj.com\/blog\/2009\/05\/15\/manifestimi-%e2%80%9cpranvera-ne-ane-te-malit%e2%80%9d-do-te-mbahet-me-22-24-maj-2009\/manifestimi-e2809cpranvera-ne-ane-te-malite2809d-22-24-maj-2009_ulqin31\/'><img width=\"150\" height=\"150\" src=\"https:\/\/www.visit-ulcinj.com\/blog\/wp-content\/uploads\/2009\/05\/manifestimi-e2809cpranvera-ne-ane-te-malite2809d-22-24-maj-2009_ulqin31-150x150.jpg\" class=\"attachment-thumbnail size-thumbnail\" alt=\"\" loading=\"lazy\" \/><\/a>\n\t\t\t<\/dt><\/dl><dl class='gallery-item'>\n\t\t\t<dt class='gallery-icon landscape'>\n\t\t\t\t<a href='https:\/\/www.visit-ulcinj.com\/blog\/2009\/05\/15\/manifestimi-%e2%80%9cpranvera-ne-ane-te-malit%e2%80%9d-do-te-mbahet-me-22-24-maj-2009\/manifestimi-e2809cpranvera-ne-ane-te-malite2809d-22-24-maj-2009_ulqin29\/'><img width=\"150\" height=\"150\" src=\"https:\/\/www.visit-ulcinj.com\/blog\/wp-content\/uploads\/2009\/05\/manifestimi-e2809cpranvera-ne-ane-te-malite2809d-22-24-maj-2009_ulqin29-150x150.jpg\" class=\"attachment-thumbnail size-thumbnail\" alt=\"\" loading=\"lazy\" \/><\/a>\n\t\t\t<\/dt><\/dl><br style=\"clear: both\" \/><dl class='gallery-item'>\n\t\t\t<dt class='gallery-icon landscape'>\n\t\t\t\t<a href='https:\/\/www.visit-ulcinj.com\/blog\/2009\/05\/15\/manifestimi-%e2%80%9cpranvera-ne-ane-te-malit%e2%80%9d-do-te-mbahet-me-22-24-maj-2009\/manifestimi-e2809cpranvera-ne-ane-te-malite2809d-22-24-maj-2009_ulqin28\/'><img width=\"150\" height=\"150\" src=\"https:\/\/www.visit-ulcinj.com\/blog\/wp-content\/uploads\/2009\/05\/manifestimi-e2809cpranvera-ne-ane-te-malite2809d-22-24-maj-2009_ulqin28-150x150.jpg\" class=\"attachment-thumbnail size-thumbnail\" alt=\"\" loading=\"lazy\" \/><\/a>\n\t\t\t<\/dt><\/dl><dl class='gallery-item'>\n\t\t\t<dt class='gallery-icon landscape'>\n\t\t\t\t<a href='https:\/\/www.visit-ulcinj.com\/blog\/2009\/05\/15\/manifestimi-%e2%80%9cpranvera-ne-ane-te-malit%e2%80%9d-do-te-mbahet-me-22-24-maj-2009\/manifestimi-e2809cpranvera-ne-ane-te-malite2809d-22-24-maj-2009_ulqin20\/'><img width=\"150\" height=\"150\" src=\"https:\/\/www.visit-ulcinj.com\/blog\/wp-content\/uploads\/2009\/05\/manifestimi-e2809cpranvera-ne-ane-te-malite2809d-22-24-maj-2009_ulqin20-150x150.jpg\" class=\"attachment-thumbnail size-thumbnail\" alt=\"\" loading=\"lazy\" \/><\/a>\n\t\t\t<\/dt><\/dl><dl class='gallery-item'>\n\t\t\t<dt class='gallery-icon landscape'>\n\t\t\t\t<a href='https:\/\/www.visit-ulcinj.com\/blog\/2009\/05\/15\/manifestimi-%e2%80%9cpranvera-ne-ane-te-malit%e2%80%9d-do-te-mbahet-me-22-24-maj-2009\/manifestimi-e2809cpranvera-ne-ane-te-malite2809d-22-24-maj-2009_ulqin19\/'><img width=\"150\" height=\"150\" src=\"https:\/\/www.visit-ulcinj.com\/blog\/wp-content\/uploads\/2009\/05\/manifestimi-e2809cpranvera-ne-ane-te-malite2809d-22-24-maj-2009_ulqin19-150x150.jpg\" class=\"attachment-thumbnail size-thumbnail\" alt=\"\" loading=\"lazy\" \/><\/a>\n\t\t\t<\/dt><\/dl><br style=\"clear: both\" \/><dl class='gallery-item'>\n\t\t\t<dt class='gallery-icon landscape'>\n\t\t\t\t<a href='https:\/\/www.visit-ulcinj.com\/blog\/2009\/05\/15\/manifestimi-%e2%80%9cpranvera-ne-ane-te-malit%e2%80%9d-do-te-mbahet-me-22-24-maj-2009\/manifestimi-e2809cpranvera-ne-ane-te-malite2809d-22-24-maj-2009_ulqin18\/'><img width=\"150\" height=\"150\" src=\"https:\/\/www.visit-ulcinj.com\/blog\/wp-content\/uploads\/2009\/05\/manifestimi-e2809cpranvera-ne-ane-te-malite2809d-22-24-maj-2009_ulqin18-150x150.jpg\" class=\"attachment-thumbnail size-thumbnail\" alt=\"\" loading=\"lazy\" \/><\/a>\n\t\t\t<\/dt><\/dl><dl class='gallery-item'>\n\t\t\t<dt class='gallery-icon landscape'>\n\t\t\t\t<a href='https:\/\/www.visit-ulcinj.com\/blog\/2009\/05\/15\/manifestimi-%e2%80%9cpranvera-ne-ane-te-malit%e2%80%9d-do-te-mbahet-me-22-24-maj-2009\/manifestimi-e2809cpranvera-ne-ane-te-malite2809d-22-24-maj-2009_ulqin16\/'><img width=\"150\" height=\"150\" src=\"https:\/\/www.visit-ulcinj.com\/blog\/wp-content\/uploads\/2009\/05\/manifestimi-e2809cpranvera-ne-ane-te-malite2809d-22-24-maj-2009_ulqin16-150x150.jpg\" class=\"attachment-thumbnail size-thumbnail\" alt=\"\" loading=\"lazy\" \/><\/a>\n\t\t\t<\/dt><\/dl><dl class='gallery-item'>\n\t\t\t<dt class='gallery-icon landscape'>\n\t\t\t\t<a href='https:\/\/www.visit-ulcinj.com\/blog\/2009\/05\/15\/manifestimi-%e2%80%9cpranvera-ne-ane-te-malit%e2%80%9d-do-te-mbahet-me-22-24-maj-2009\/manifestimi-e2809cpranvera-ne-ane-te-malite2809d-22-24-maj-2009_ulqin17\/'><img width=\"150\" height=\"150\" src=\"https:\/\/www.visit-ulcinj.com\/blog\/wp-content\/uploads\/2009\/05\/manifestimi-e2809cpranvera-ne-ane-te-malite2809d-22-24-maj-2009_ulqin17-150x150.jpg\" class=\"attachment-thumbnail size-thumbnail\" alt=\"\" loading=\"lazy\" \/><\/a>\n\t\t\t<\/dt><\/dl><br style=\"clear: both\" \/><dl class='gallery-item'>\n\t\t\t<dt class='gallery-icon landscape'>\n\t\t\t\t<a href='https:\/\/www.visit-ulcinj.com\/blog\/2009\/05\/15\/manifestimi-%e2%80%9cpranvera-ne-ane-te-malit%e2%80%9d-do-te-mbahet-me-22-24-maj-2009\/manifestimi-e2809cpranvera-ne-ane-te-malite2809d-22-24-maj-2009_ulqin15\/'><img width=\"150\" height=\"150\" src=\"https:\/\/www.visit-ulcinj.com\/blog\/wp-content\/uploads\/2009\/05\/manifestimi-e2809cpranvera-ne-ane-te-malite2809d-22-24-maj-2009_ulqin15-150x150.jpg\" class=\"attachment-thumbnail size-thumbnail\" alt=\"\" loading=\"lazy\" \/><\/a>\n\t\t\t<\/dt><\/dl><dl class='gallery-item'>\n\t\t\t<dt class='gallery-icon portrait'>\n\t\t\t\t<a href='https:\/\/www.visit-ulcinj.com\/blog\/2009\/05\/15\/manifestimi-%e2%80%9cpranvera-ne-ane-te-malit%e2%80%9d-do-te-mbahet-me-22-24-maj-2009\/manifestimi-e2809cpranvera-ne-ane-te-malite2809d-22-24-maj-2009_ulqin11\/'><img width=\"150\" height=\"150\" src=\"https:\/\/www.visit-ulcinj.com\/blog\/wp-content\/uploads\/2009\/05\/manifestimi-e2809cpranvera-ne-ane-te-malite2809d-22-24-maj-2009_ulqin11-150x150.jpg\" class=\"attachment-thumbnail size-thumbnail\" alt=\"\" loading=\"lazy\" \/><\/a>\n\t\t\t<\/dt><\/dl><dl class='gallery-item'>\n\t\t\t<dt class='gallery-icon landscape'>\n\t\t\t\t<a href='https:\/\/www.visit-ulcinj.com\/blog\/2009\/05\/15\/manifestimi-%e2%80%9cpranvera-ne-ane-te-malit%e2%80%9d-do-te-mbahet-me-22-24-maj-2009\/manifestimi-e2809cpranvera-ne-ane-te-malite2809d-22-24-maj-2009_ulqin1\/'><img width=\"150\" height=\"150\" src=\"https:\/\/www.visit-ulcinj.com\/blog\/wp-content\/uploads\/2009\/05\/manifestimi-e2809cpranvera-ne-ane-te-malite2809d-22-24-maj-2009_ulqin1-150x150.jpg\" class=\"attachment-thumbnail size-thumbnail\" alt=\"\" loading=\"lazy\" \/><\/a>\n\t\t\t<\/dt><\/dl><br style=\"clear: both\" \/>\n\t\t<\/div>\n\n<p style=\"text-align: center;\"><a class=\"aligncenter\" title=\"???? ????,?????,Ulcinj,Montenegru,??????????,?ernoqoriya,Besplatni internet oglasi,Besplatni oglasi,besplatni mali oglasi,besplatni turisti\u00e8ki oglasi,oglasi, usluge, turizam,Turisti\u00e8ke usluge,Doma?i turizam,Besplatni Oglasnik,Brzi Oglasi Besplatno,Besplatno OglasavanjeTurizam,besplatni oglasi sa slikom,Turisticki informator besplatni,li\u00e8ni-oglasi,BESPLATNI Turisticki OGLASI SA SLIKAMA,BESPLATNI Turisticki Oglasi saVideom,turisticki smestaj oglasi,Turisti\u00e8ki vodi\u00e8 balkana,BESPLATNA REZERVACIJA SMESTAJA,Postavite besplatno Vas oglas,FREE TOURIST GUIDES,Izdavanje-Turizam oglasi,Balkan Turisticki vodic,shpallje turistike falas,Shpallje Falas,Shpallje falas per Komplekse Turistike,Lajmerime,Njoftime,shpallje shqip per shqiptaret ne shqiperi kosova maqedoni,mal te zi,???????????,Montenegiro,?ern? Hora,??????????,Cz\u00f4rnog\u00f3ra,Cz\u00f4rn\u00f4 G\u00f3ra,Carna G\u00f3ra,T?ernogooria,?ernogoriya,Montain\u00e9agr\u00f3,Montenegwo,?orna Hora,Montenegr\u00f3,M?ntenigro,Chernogoriya ,?\u00earnogor\u00ee ,?????????,????????? ,??????? ,Montes Nigrae,Mons Niger,M\u00f4ntenegr\u00f4,Muntenegru,??????????,Czarnog?ra,Muntinigru,Muntenegro,&lt;br &gt;&lt;\/a&gt; Muntenegru,\t?ierna Hora,Cxerngora,????????,?rna gora,Moontineegro,?ornog\u00f9ra,?ernogori\u00fda,Chernogoriya,Mont?negro,????? ???? ,?r?na Gora,?r?nogorije,?ernogorija,?arnahoryja,??????????,???????????????????? ,?ern\u00f4g\u00f4riy\u00e2,M\u00fbnt\u00een\u00ee?r\u00fb,????? ?????? ,????????,??????????,???????????,M\u00e2nten\u00eegro,???? ????? ,????????,M\u00f4ntenegr\u00f4,????????????,???????\u00fd???,???????\u00fd????,????????????,Muntenegru, ????? ????, Montenegr?,chambres ? louer ? ulcinj, location de vacance, location saisonni?res,location de vacance, Locations vacance, h?bergements vacances, logements de vacances, location maison avec piscine, Location vacance, locations de vacance, h?bergements de vacances, locations entre particulier, logements vacance, vacances ? Mont?n?gro - location ? Ulcinj ,location  de bigorre,Urlaub in Ulcinj -Montenegro,Hotelbewertungen Ulcinj,Reisen Ulcinj, Urlaub Ulcinj,Hotel in Serbien und Montenegro von Urlaubern bewertet,Billig Urlaub in Ulcinj,ferienh?user,ferienwohnung,Billige Ferienh?user,Ferienwohnung ULCINJ,Ferien an der Adria,Urlaub im Ferienhaus ulcinjBilligreisen Ulcinj,Pauschalreisen,FKK Strand Ada Bojana ulcinj,Last Minute Angebote ulcinj,Preise f?r Lastminute,Kleinanzeigen gratis,Ausflug nach Ulcinj,FKK-Reisen ada bojana,FKK-Urlaub ulcinj,Privatni smje?taj,rezervacija smje?taja,apartmani,sobe,ku?e,odmor,sobe za odmor ulcinj,Pretra?ivanje privatnog smje?taja,rooms rent accommodation ulcinj, rentail private accommodation ulcinj,?elite rezervirati privatni smje?taj,Private accommodation,Smje?taj ulcinj,Pushime Verore ulqin,pushime t? lira n? ulqin,Pushime ne plazh,Pushime te kendshme,dhoma per pushime ulqin,dhoma me qera ulqin,dhoma te lira ulqin,pushime te lira ulqin,mali i zi,kosova,maqedoni,shqiperi,Pushime ne det te ulqinit,godi?nji odmor u ulcinj,odmor u ulcinj,Ku?a za odmor,kuda na odmor,ljetovanje u ulcinj,slobodne sobe,dhoma te lira,ku?a uz more,turisti?ka ponuda,odmor i zabava,povolne cene,sobe,usluge,Mjesto za Va? odmor , Place for Your holiday,Odmor portal,putovanaja,Iznajmljivanje soba ulcinj,odmor ulcinj info,Va?e mjesto za odmor ulcinj,nudisticka plaza ada bojana,smjestaj ponuda ulcinj,lokacioni i dhomave ulqin,deti,plazhet e bukura,diskoteka,zbavitja,.\" href=\"http:\/\/www.visit-ulcinj.com\/tourism\/\" target=\"_blank\"><img loading=\"lazy\" class=\"aligncenter\" title=\"SHPALLJE TURISTIKE FALAS,FREE TOURIST GUIDES,BESPLATNI TURISTI?KI OGLASI,balkan holiday rentals,ALBANIJA,ALBANIA,SHQIPERIJA,CRNA GORA,HRVATSKA,KROACIA,SLOVENIJA,MAKEDONIJA,MAKEDONIA,SRBIJA,MONTENEGRO,MALI I ZI,\" src=\"http:\/\/www.visit-ulcinj.com\/blog\/wp-content\/uploads\/2008\/09\/balkanholidayrentals.gif\" alt=\"Apatin,  Aran?elovac,  ?uprija,  ?a?ak,  ?apljina,  ?itluk,  ?abac,  ?ipovo,  ?iroki Brijeg,  ?ep?e,  ?ivinice,  Ba?ka Palanka,  Banja Luka,  Banovi?i,  Be?ej,  beograd,  Biha?,  Bijeljina,  Bor,  Bor?a,  Bosanska Gradi?ka,  Bosanska Krupa,  Bosanski ?amac,  Bosanski Brod,  Bosanski Novi,  Br?ko,  Bu?im,  Bugojno,  Cazin,  Crna Gora,  Derventa,  Doboj,  Donji Vakuf,  Drvar,  Dubrovnik,  Fo?a,  Fojnica,  Glamo?,  Gora?de,  Gornji Milanovac,  Gornji Vakuf,  gostivar,  Gra?anica,  Grada?ac,  Gradiska,  Grahovo,  Had?i?i,  Ilid?a,  In?ija,  Jablanica,  Jagodina,  Jajce,  Kakanj,  Kalu?erica,  Kikinda,  Klju?,  Konjic,  Kotor Varo?,  Kragujevac,  Kraljevo,  Kru?evac,  Kula,  Kupres,  Lakta?i,  Lazarevac,  Leskovac,  Livno,  Ljubinje,  ljublana,  Ljubu?ki,  Loznica,  Lukavac,  Maglaj,  Mladenovac,  Modri?a,  montenegro erlajnz,  mostar,  Mrkonji? Grad,  Neum,  Ni?,  Novi Pazar,  Novi Sad,  Novi Travnik,  Obrenovac,  Od?ak,  ohrid,  Ora?je,  Pale,  Pan?evo,  Para?in,  Pirot,  Po?arevac,  Podgorica,  Priboj,  Prijedor,  Prokuplje,  Prozor,  pula,  rijeka,  Ruma,  Sanski Most,  Sarajevo,  Senta,  serbija,  sibenik,  skopje,  Smederevo,  Smederevska Palanka,  Sokolac,  Sombor,  split,  Srebrenica,  Srebrenik,  Sremska Mitrovica,  Stolac,  Struga,  Subotica,  Temerin,  Tesli?,  tetovo,  Travnik,  Trebinje,  tuzla,  U?ice,  ulcinj,  Valjevo,  Velika Kladu?a,  Vi?egrad,  Visoko,  Vitez,  Vogo??a,  vojvodina,  Vranje,  Vr?ac,  Vrbas,  zadar,  Zagreb,  Zaje?ar,  Zavidovi?i,  Zenica,  Zrenjanin,  Zvornik,copacabana ulcinj,  h?tels,  hotel ulqin,  Kosova,  Mali i Zi,  Maqedonija,  Montenegro,  montenegro tourisme plage,  montenegro ulcinj,  Shpallje Falas,  Shpallje Falas per shitjen e shtepis se juaj,  Shpallje Falas per villat e juaj,  Shpallje Falas Real Estate,  Shpallje Falas turistike,  shqiperija,  tourisme,  Ulci?,  ulcinj,  ulqin,  ulqin hotel,  ulqini,  ulqini 2007,Ada Bojana,  Alba?czyk,  Cita di Dolcino,  Copacabana,  Czarnog?ra,  Czarnog?rzec,  Don Kichota,  Ma\u00b3a Pla?a,  Mandra,  MIGUEL DE SERVANTES,  p?\u00b3wyspy Marjan,  Pla?a Valdanos,  Rzeka Bojana,  Shas \/ ?as \/ Sva?,  Ulci?,  Ulcinjsk\u00b9 Riwier?,  Wielka Pla?a,  Wyspa Bojana,GORA,??????????,???????,??????????, ?ern? Hora,TO ULCINJ \/ ULQIN,MONTENEGRO, Czarnog?ra, Muntenegru, ????? ????, Montenegr?,ulcinj, location de vacance, location saisonni?res, louer chambres,location de vacance, Locations vacance, h?bergements vacances, logements de vacances, location maison avec piscine, Location vacance, locations de vacance, h?bergements de vacances, location, locations entre particulier, logements vacance, vacances ? Mont?n?gro - location ? Ulcinj ,location  de bigorre,Albaniku,  Artana,  Bujanoci,  Burimi,  Dardana,  Dardan?,  De?an,  Dibra,  Drenas,  Drenasi,  Ferizaj,  Ferizaji,  Fush? Kosova,Besplatni internet oglasi,Besplatni oglasi,besplatni mali oglasi,besplatni turisti?ki oglasi,oglasi, usluge, turizam,Turisti?ke usluge,Doma?i turizam,Besplatni Oglasnik,Brzi Oglasi Besplatno,Besplatno OglasavanjeTurizam,besplatni oglasi sa slikom,Turisticki informator besplatni,li?ni-oglasi,BESPLATNI Turisticki OGLASI SA SLIKAMA,BESPLATNI Turisticki Oglasi saVideom,turisticki smestaj oglasi,Turisti?ki vodi? balkana,BESPLATNA REZERVACIJA SMESTAJA,Postavite besplatno Vas oglas,FREE TOURIST GUIDES,Izdavanje-Turizam oglasi,Balkan Turisticki vodic,shpallje turistike falas,Shpallje Falas,Shpallje falas per Komplekse Turistike,Lajmerime,Njoftime,shpallje shqip per shqiptaret ne shqiperi kosova maqedoni,mal te zi,Fush? Kosov?,  Gjakova,  Gjakov?,  Gjilan,  Gjilani,  Gostivari,  Istog,  Istog\u2022,  Ka?anik,  Ka?aniku,  Kastrioti,  K?r?ova,  Klina,  Klin?,  Kumanova,  Leposaviq,  Leskovci,  Likova,  Lipjan,  Lipjani,  Malisheva,  Malishev?,  Manastiri,  Medvegja,  Mitrovica,  Mitrovic?,  Novob?rd?,  Obiliq\u2022 Rahovec,  Ohri,  Peja,  Pej?,  Podujeva,  Podujev?,  Presheva,  Prishtina,  Prishtin?,  Prizren,  Prizreni,  Rahoveci,  Sharri,  Sharri (Kosov?),  Shkupi,  Sht?rpca,  Sht?rpc?,  Shtime,  Sk?nderaj,  Struga,  Tetova,  Theranda,  Therand?,  Triumf Riza,  Veleshta,  Viti,  Vitia,  Vushtrri,  Vushtrria,  Zubin Potok,  Zubin Potoku,  Zvecan,  Zve?ani,Struga,Gostivari,Gostivar,Ker?ova,Tirana,Durr?si,Elbasani,Shkodra,Tuzi,Vlora, Kor?a,Fieri,Berati,Lushnja ,Kavaja,Pogradeci,La?i,Gjirokastra,Patosi,Kruja,Ku?ova,Kuk?si,Lezha,Saranda,Peshkopia,Burreli,C?rriku,?orovoda,Shijaku,Librazhdi,Tepelena,Gramshi,Poli?ani,Bulqiza,P?rmeti,Fush?Kruja,Kamza,Rr?sheni,Ballshi,Mamurrasi,BajramCurri,Erseka,Peqini,Divjaka,Selenica,Bilishti,Roskoveci,Puka,Memaliaj,Rrogozhina,Ura Vajgurore,Himara,Delvina,Vora,Kopliku,Maliqi,P?rrenjasi,Kruma, Libohova,Orikumi,Fush?-Arr?za,Sh?ngjini,Rubiku,Miloti, Leskoviku,Konispoli,K?lcyra,Krasta,K?rraba,Manastiri,Hara?ina,Likova,Prilepi,Zajazi,Vrap?ishti,Bogovin?,\" width=\"520\" height=\"120\" \/><\/a><\/p>\n","protected":false},"excerpt":{"rendered":"<p>Edicioni i gjasht\u00eb i Manifestimit \u201cPranvera n\u00eb An\u00eb t\u00eb Malit\u201d do t\u00eb mbahet nga data 22-24 maj 2009. N\u00eb programin e sivjetsh\u00ebm \u00ebsht\u00eb promovimi i librit me kumtesat nga Sesioni Shkencor \u201cShasi i lasht\u00eb, monument i kultur\u00ebs\u201d, q\u00eb u mbajt m\u00eb 16-17 maj 2008. Po ashtu do t\u00eb b\u00ebhet prezantimi i nj\u00eb pjese t\u00eb eksponateve [&hellip;]<\/p>\n","protected":false},"author":1,"featured_media":0,"comment_status":"open","ping_status":"closed","sticky":false,"template":"","format":"standard","meta":{"spay_email":"","jetpack_publicize_message":"","jetpack_is_tweetstorm":false,"jetpack_publicize_feature_enabled":true},"categories":[4],"tags":[3505,3510,3502,3516,3511,10471,3504,3506,3499,3509,3507,49,3500,3228,10473,3512,95,10474,10470,3227,3513,3514,5314,2354,2306,3501,10472,3231,3617,2350,354,3508,3503,3515,3498,3797,1005,201,200,18],"jetpack_publicize_connections":[],"yoast_head":"<!-- This site is optimized with the Yoast SEO plugin v19.1 - https:\/\/yoast.com\/wordpress\/plugins\/seo\/ -->\n<title>Manifestimi \u201cPranvera n\u00eb An\u00eb t\u00eb Malit\u201d do t\u00eb mbahet m\u00eb 22-24 maj 2009 - Lajme nga Ulqini<\/title>\n<meta name=\"description\" content=\"Edicioni i gjasht\u00eb i Manifestimit \u201cPranvera n\u00eb An\u00eb t\u00eb Malit\u201d do t\u00eb mbahet nga data 22-24 maj 2009. N\u00eb programin e sivjetsh\u00ebm \u00ebsht\u00eb promovimi i librit me\" \/>\n<meta name=\"robots\" content=\"index, follow, max-snippet:-1, max-image-preview:large, max-video-preview:-1\" \/>\n<link rel=\"canonical\" href=\"https:\/\/www.visit-ulcinj.com\/blog\/2009\/05\/15\/manifestimi-\u201cpranvera-ne-ane-te-malit\u201d-do-te-mbahet-me-22-24-maj-2009\/\" \/>\n<meta property=\"og:locale\" content=\"en_US\" \/>\n<meta property=\"og:type\" content=\"article\" \/>\n<meta property=\"og:title\" content=\"Manifestimi \u201cPranvera n\u00eb An\u00eb t\u00eb Malit\u201d do t\u00eb mbahet m\u00eb 22-24 maj 2009 - Lajme nga Ulqini\" \/>\n<meta property=\"og:description\" content=\"Edicioni i gjasht\u00eb i Manifestimit \u201cPranvera n\u00eb An\u00eb t\u00eb Malit\u201d do t\u00eb mbahet nga data 22-24 maj 2009. N\u00eb programin e sivjetsh\u00ebm \u00ebsht\u00eb promovimi i librit me\" \/>\n<meta property=\"og:url\" content=\"https:\/\/www.visit-ulcinj.com\/blog\/2009\/05\/15\/manifestimi-\u201cpranvera-ne-ane-te-malit\u201d-do-te-mbahet-me-22-24-maj-2009\/\" \/>\n<meta property=\"og:site_name\" content=\"Lajme nga Ulqini\" \/>\n<meta property=\"article:published_time\" content=\"2009-05-15T17:03:55+00:00\" \/>\n<meta property=\"article:modified_time\" content=\"2009-05-23T13:34:57+00:00\" \/>\n<meta property=\"og:image\" content=\"https:\/\/www.visit-ulcinj.com\/blog\/wp-content\/uploads\/2009\/05\/manifestimi-e2809cpranvera-ne-ane-te-malite2809d-22-24-maj-2009-150x150.jpg\" \/>\n<meta name=\"twitter:label1\" content=\"Written by\" \/>\n\t<meta name=\"twitter:data1\" content=\"ulqini\" \/>\n\t<meta name=\"twitter:label2\" content=\"Est. reading time\" \/>\n\t<meta name=\"twitter:data2\" content=\"1 minute\" \/>\n<script type=\"application\/ld+json\" class=\"yoast-schema-graph\">{\"@context\":\"https:\/\/schema.org\",\"@graph\":[{\"@type\":\"WebSite\",\"@id\":\"https:\/\/www.visit-ulcinj.com\/blog\/#website\",\"url\":\"https:\/\/www.visit-ulcinj.com\/blog\/\",\"name\":\"Lajme nga Ulqini\",\"description\":\"Lajme,Vijesti,Ulqini,Ulqin,Crna Gora,Mali i Zi\",\"potentialAction\":[{\"@type\":\"SearchAction\",\"target\":{\"@type\":\"EntryPoint\",\"urlTemplate\":\"https:\/\/www.visit-ulcinj.com\/blog\/?s={search_term_string}\"},\"query-input\":\"required name=search_term_string\"}],\"inLanguage\":\"en-US\"},{\"@type\":\"ImageObject\",\"inLanguage\":\"en-US\",\"@id\":\"https:\/\/www.visit-ulcinj.com\/blog\/2009\/05\/15\/manifestimi-%e2%80%9cpranvera-ne-ane-te-malit%e2%80%9d-do-te-mbahet-me-22-24-maj-2009\/#primaryimage\",\"url\":\"https:\/\/www.visit-ulcinj.com\/blog\/wp-content\/uploads\/2009\/05\/manifestimi-e2809cpranvera-ne-ane-te-malite2809d-22-24-maj-2009.jpg\",\"contentUrl\":\"https:\/\/www.visit-ulcinj.com\/blog\/wp-content\/uploads\/2009\/05\/manifestimi-e2809cpranvera-ne-ane-te-malite2809d-22-24-maj-2009.jpg\",\"width\":\"699\",\"height\":\"463\"},{\"@type\":\"WebPage\",\"@id\":\"https:\/\/www.visit-ulcinj.com\/blog\/2009\/05\/15\/manifestimi-%e2%80%9cpranvera-ne-ane-te-malit%e2%80%9d-do-te-mbahet-me-22-24-maj-2009\/#webpage\",\"url\":\"https:\/\/www.visit-ulcinj.com\/blog\/2009\/05\/15\/manifestimi-%e2%80%9cpranvera-ne-ane-te-malit%e2%80%9d-do-te-mbahet-me-22-24-maj-2009\/\",\"name\":\"Manifestimi \u201cPranvera n\u00eb An\u00eb t\u00eb Malit\u201d do t\u00eb mbahet m\u00eb 22-24 maj 2009 - Lajme nga Ulqini\",\"isPartOf\":{\"@id\":\"https:\/\/www.visit-ulcinj.com\/blog\/#website\"},\"primaryImageOfPage\":{\"@id\":\"https:\/\/www.visit-ulcinj.com\/blog\/2009\/05\/15\/manifestimi-%e2%80%9cpranvera-ne-ane-te-malit%e2%80%9d-do-te-mbahet-me-22-24-maj-2009\/#primaryimage\"},\"datePublished\":\"2009-05-15T17:03:55+00:00\",\"dateModified\":\"2009-05-23T13:34:57+00:00\",\"author\":{\"@id\":\"https:\/\/www.visit-ulcinj.com\/blog\/#\/schema\/person\/dcab619c614d3038751c63bc2aadc06d\"},\"description\":\"Edicioni i gjasht\u00eb i Manifestimit \u201cPranvera n\u00eb An\u00eb t\u00eb Malit\u201d do t\u00eb mbahet nga data 22-24 maj 2009. N\u00eb programin e sivjetsh\u00ebm \u00ebsht\u00eb promovimi i librit me\",\"breadcrumb\":{\"@id\":\"https:\/\/www.visit-ulcinj.com\/blog\/2009\/05\/15\/manifestimi-%e2%80%9cpranvera-ne-ane-te-malit%e2%80%9d-do-te-mbahet-me-22-24-maj-2009\/#breadcrumb\"},\"inLanguage\":\"en-US\",\"potentialAction\":[{\"@type\":\"ReadAction\",\"target\":[\"https:\/\/www.visit-ulcinj.com\/blog\/2009\/05\/15\/manifestimi-%e2%80%9cpranvera-ne-ane-te-malit%e2%80%9d-do-te-mbahet-me-22-24-maj-2009\/\"]}]},{\"@type\":\"BreadcrumbList\",\"@id\":\"https:\/\/www.visit-ulcinj.com\/blog\/2009\/05\/15\/manifestimi-%e2%80%9cpranvera-ne-ane-te-malit%e2%80%9d-do-te-mbahet-me-22-24-maj-2009\/#breadcrumb\",\"itemListElement\":[{\"@type\":\"ListItem\",\"position\":1,\"name\":\"Manifestimi \u201cPranvera n\u00eb An\u00eb t\u00eb Malit\u201d do t\u00eb mbahet m\u00eb 22-24 maj 2009\"}]},{\"@type\":\"Person\",\"@id\":\"https:\/\/www.visit-ulcinj.com\/blog\/#\/schema\/person\/dcab619c614d3038751c63bc2aadc06d\",\"name\":\"ulqini\",\"sameAs\":[\"http:\/\/www.visit-ulcinj.com\"],\"url\":\"https:\/\/www.visit-ulcinj.com\/blog\/author\/admin\/\"}]}<\/script>\n<!-- \/ Yoast SEO plugin. -->","yoast_head_json":{"title":"Manifestimi \u201cPranvera n\u00eb An\u00eb t\u00eb Malit\u201d do t\u00eb mbahet m\u00eb 22-24 maj 2009 - Lajme nga Ulqini","description":"Edicioni i gjasht\u00eb i Manifestimit \u201cPranvera n\u00eb An\u00eb t\u00eb Malit\u201d do t\u00eb mbahet nga data 22-24 maj 2009. N\u00eb programin e sivjetsh\u00ebm \u00ebsht\u00eb promovimi i librit me","robots":{"index":"index","follow":"follow","max-snippet":"max-snippet:-1","max-image-preview":"max-image-preview:large","max-video-preview":"max-video-preview:-1"},"canonical":"https:\/\/www.visit-ulcinj.com\/blog\/2009\/05\/15\/manifestimi-\u201cpranvera-ne-ane-te-malit\u201d-do-te-mbahet-me-22-24-maj-2009\/","og_locale":"en_US","og_type":"article","og_title":"Manifestimi \u201cPranvera n\u00eb An\u00eb t\u00eb Malit\u201d do t\u00eb mbahet m\u00eb 22-24 maj 2009 - Lajme nga Ulqini","og_description":"Edicioni i gjasht\u00eb i Manifestimit \u201cPranvera n\u00eb An\u00eb t\u00eb Malit\u201d do t\u00eb mbahet nga data 22-24 maj 2009. N\u00eb programin e sivjetsh\u00ebm \u00ebsht\u00eb promovimi i librit me","og_url":"https:\/\/www.visit-ulcinj.com\/blog\/2009\/05\/15\/manifestimi-\u201cpranvera-ne-ane-te-malit\u201d-do-te-mbahet-me-22-24-maj-2009\/","og_site_name":"Lajme nga Ulqini","article_published_time":"2009-05-15T17:03:55+00:00","article_modified_time":"2009-05-23T13:34:57+00:00","og_image":[{"url":"https:\/\/www.visit-ulcinj.com\/blog\/wp-content\/uploads\/2009\/05\/manifestimi-e2809cpranvera-ne-ane-te-malite2809d-22-24-maj-2009-150x150.jpg"}],"twitter_misc":{"Written by":"ulqini","Est. reading time":"1 minute"},"schema":{"@context":"https:\/\/schema.org","@graph":[{"@type":"WebSite","@id":"https:\/\/www.visit-ulcinj.com\/blog\/#website","url":"https:\/\/www.visit-ulcinj.com\/blog\/","name":"Lajme nga Ulqini","description":"Lajme,Vijesti,Ulqini,Ulqin,Crna Gora,Mali i Zi","potentialAction":[{"@type":"SearchAction","target":{"@type":"EntryPoint","urlTemplate":"https:\/\/www.visit-ulcinj.com\/blog\/?s={search_term_string}"},"query-input":"required name=search_term_string"}],"inLanguage":"en-US"},{"@type":"ImageObject","inLanguage":"en-US","@id":"https:\/\/www.visit-ulcinj.com\/blog\/2009\/05\/15\/manifestimi-%e2%80%9cpranvera-ne-ane-te-malit%e2%80%9d-do-te-mbahet-me-22-24-maj-2009\/#primaryimage","url":"https:\/\/www.visit-ulcinj.com\/blog\/wp-content\/uploads\/2009\/05\/manifestimi-e2809cpranvera-ne-ane-te-malite2809d-22-24-maj-2009.jpg","contentUrl":"https:\/\/www.visit-ulcinj.com\/blog\/wp-content\/uploads\/2009\/05\/manifestimi-e2809cpranvera-ne-ane-te-malite2809d-22-24-maj-2009.jpg","width":"699","height":"463"},{"@type":"WebPage","@id":"https:\/\/www.visit-ulcinj.com\/blog\/2009\/05\/15\/manifestimi-%e2%80%9cpranvera-ne-ane-te-malit%e2%80%9d-do-te-mbahet-me-22-24-maj-2009\/#webpage","url":"https:\/\/www.visit-ulcinj.com\/blog\/2009\/05\/15\/manifestimi-%e2%80%9cpranvera-ne-ane-te-malit%e2%80%9d-do-te-mbahet-me-22-24-maj-2009\/","name":"Manifestimi \u201cPranvera n\u00eb An\u00eb t\u00eb Malit\u201d do t\u00eb mbahet m\u00eb 22-24 maj 2009 - Lajme nga Ulqini","isPartOf":{"@id":"https:\/\/www.visit-ulcinj.com\/blog\/#website"},"primaryImageOfPage":{"@id":"https:\/\/www.visit-ulcinj.com\/blog\/2009\/05\/15\/manifestimi-%e2%80%9cpranvera-ne-ane-te-malit%e2%80%9d-do-te-mbahet-me-22-24-maj-2009\/#primaryimage"},"datePublished":"2009-05-15T17:03:55+00:00","dateModified":"2009-05-23T13:34:57+00:00","author":{"@id":"https:\/\/www.visit-ulcinj.com\/blog\/#\/schema\/person\/dcab619c614d3038751c63bc2aadc06d"},"description":"Edicioni i gjasht\u00eb i Manifestimit \u201cPranvera n\u00eb An\u00eb t\u00eb Malit\u201d do t\u00eb mbahet nga data 22-24 maj 2009. N\u00eb programin e sivjetsh\u00ebm \u00ebsht\u00eb promovimi i librit me","breadcrumb":{"@id":"https:\/\/www.visit-ulcinj.com\/blog\/2009\/05\/15\/manifestimi-%e2%80%9cpranvera-ne-ane-te-malit%e2%80%9d-do-te-mbahet-me-22-24-maj-2009\/#breadcrumb"},"inLanguage":"en-US","potentialAction":[{"@type":"ReadAction","target":["https:\/\/www.visit-ulcinj.com\/blog\/2009\/05\/15\/manifestimi-%e2%80%9cpranvera-ne-ane-te-malit%e2%80%9d-do-te-mbahet-me-22-24-maj-2009\/"]}]},{"@type":"BreadcrumbList","@id":"https:\/\/www.visit-ulcinj.com\/blog\/2009\/05\/15\/manifestimi-%e2%80%9cpranvera-ne-ane-te-malit%e2%80%9d-do-te-mbahet-me-22-24-maj-2009\/#breadcrumb","itemListElement":[{"@type":"ListItem","position":1,"name":"Manifestimi \u201cPranvera n\u00eb An\u00eb t\u00eb Malit\u201d do t\u00eb mbahet m\u00eb 22-24 maj 2009"}]},{"@type":"Person","@id":"https:\/\/www.visit-ulcinj.com\/blog\/#\/schema\/person\/dcab619c614d3038751c63bc2aadc06d","name":"ulqini","sameAs":["http:\/\/www.visit-ulcinj.com"],"url":"https:\/\/www.visit-ulcinj.com\/blog\/author\/admin\/"}]}},"jetpack_featured_media_url":"","jetpack_sharing_enabled":true,"jetpack_shortlink":"https:\/\/wp.me\/pe6lTn-5Bd","_links":{"self":[{"href":"https:\/\/www.visit-ulcinj.com\/blog\/wp-json\/wp\/v2\/posts\/21527"}],"collection":[{"href":"https:\/\/www.visit-ulcinj.com\/blog\/wp-json\/wp\/v2\/posts"}],"about":[{"href":"https:\/\/www.visit-ulcinj.com\/blog\/wp-json\/wp\/v2\/types\/post"}],"author":[{"embeddable":true,"href":"https:\/\/www.visit-ulcinj.com\/blog\/wp-json\/wp\/v2\/users\/1"}],"replies":[{"embeddable":true,"href":"https:\/\/www.visit-ulcinj.com\/blog\/wp-json\/wp\/v2\/comments?post=21527"}],"version-history":[{"count":0,"href":"https:\/\/www.visit-ulcinj.com\/blog\/wp-json\/wp\/v2\/posts\/21527\/revisions"}],"wp:attachment":[{"href":"https:\/\/www.visit-ulcinj.com\/blog\/wp-json\/wp\/v2\/media?parent=21527"}],"wp:term":[{"taxonomy":"category","embeddable":true,"href":"https:\/\/www.visit-ulcinj.com\/blog\/wp-json\/wp\/v2\/categories?post=21527"},{"taxonomy":"post_tag","embeddable":true,"href":"https:\/\/www.visit-ulcinj.com\/blog\/wp-json\/wp\/v2\/tags?post=21527"}],"curies":[{"name":"wp","href":"https:\/\/api.w.org\/{rel}","templated":true}]}}