{"id":21551,"date":"2009-05-16T13:00:36","date_gmt":"2009-05-16T11:00:36","guid":{"rendered":"http:\/\/www.visit-ulcinj.com\/blog\/?p=21551"},"modified":"2009-05-16T12:50:41","modified_gmt":"2009-05-16T10:50:41","slug":"big-brother-albania-2-arjan-bakalli-intervista","status":"publish","type":"post","link":"https:\/\/www.visit-ulcinj.com\/blog\/2009\/05\/16\/big-brother-albania-2-arjan-bakalli-intervista\/","title":{"rendered":"Big Brother Albania 2, Arjan Bakalli, Intervista"},"content":{"rendered":"<p>\u00a0<\/p>\n<p class=\"MsoNormal\"><span><strong><a href=\"http:\/\/www.visit-ulcinj.com\/blog\/wp-content\/uploads\/2009\/05\/arjan-bakalli-big-brother-albania-2-live.jpg\"><img loading=\"lazy\" class=\"alignleft size-full wp-image-21552\" title=\"arjan-bakalli-big-brother-albania-2-live\" src=\"http:\/\/www.visit-ulcinj.com\/blog\/wp-content\/uploads\/2009\/05\/arjan-bakalli-big-brother-albania-2-live.jpg\" alt=\"arjan-bakalli-big-brother-albania-2-live\" width=\"585\" height=\"450\" \/><\/a>A<\/strong><\/span><strong><span>ri, si ishte p\u00ebrballja me jet\u00ebn e v\u00ebrtet\u00eb?<\/span><\/strong><\/p>\n<p class=\"MsoNormal\"><span>E jasht\u00ebzakonshme, nuk m\u00eb besohet q\u00eb njer\u00ebzit jan\u00eb kaq pozitiv\u00eb ndaj meje dhe asaj q\u00eb un\u00eb dhash\u00eb brenda sht\u00ebpis\u00eb, m\u00eb ndalojn\u00eb t\u00eb gjith\u00eb p\u00ebr t\u00eb m\u00eb komplimentuar f\u00ebmij\u00eb, burra, gra, t\u00eb moshuar, por mbi t\u00eb gjitha ndiej se \u00ebsht\u00eb nj\u00eb lloj solidarizimi qytetar dhe vlerash q\u00eb nuk u p\u00eblqen t\u00eb fshihen pas loj\u00ebrave dhe hipokrizis\u00eb. \u00cbsht\u00eb v\u00ebrtet shum\u00eb vler\u00ebsuese p\u00ebr mua, n\u00eb nj\u00eb far\u00eb m\u00ebnyre un\u00eb ndihem fituesi moral i k\u00ebtij \u201cBig Brother\u201d-i.<\/span><\/p>\n<p class=\"MsoNormal\"><strong><span>N\u00eb cilat momente, jeta brenda \u201cBig Brother\u201d-it, ngjan me jet\u00ebn q\u00eb ju lini jasht\u00eb tij?<\/span><\/strong><\/p>\n<p class=\"MsoNormal\"><span>N\u00eb eksperiencat humane n\u00eb marr\u00ebdh\u00ebniet njer\u00ebzore, njer\u00ebzit p\u00ebrfaq\u00ebsojn\u00eb v\u00ebrtet m\u00eb t\u00eb mirat dhe me t\u00eb k\u00ebqijat, pasojat e nj\u00eb kombi q\u00eb ka pasur nj\u00eb histori aq sa t\u00eb \u00e7uditshme aq edhe t\u00eb dhimbshme dhe me keqardhje them q\u00eb n\u00eb Shqip\u00ebri, drejtohemi akoma nga mediokrit, hipokrit\u00ebt.<\/span><\/p>\n<p class=\"MsoNormal\"><strong><span>A mendon se t\u00eb penalizoi fakti q\u00eb hyre me vones\u00eb n\u00eb BB?<\/span><\/strong><\/p>\n<p class=\"MsoNormal\"><span>Sigurisht q\u00eb po, por m\u00eb shum\u00eb m\u00eb penalizoi fakti q\u00eb nuk ndryshova aspak nga Ari q\u00eb un\u00eb jam dhe fakti q\u00eb ne u votuam n\u00eb 30 minuta, n\u00eb nj\u00eb koh\u00eb q\u00eb jasht\u00eb sapo kishte mbaruar eventi sportiv i vitit, ndeshja Milan vs Komb\u00ebtares shqiptare.<\/span><\/p>\n<p class=\"MsoNormal\"><strong><span>E pate t\u00eb v\u00ebshtir\u00eb ambientimin me kamerat?<\/span><\/strong><\/p>\n<p class=\"MsoNormal\"><span>Aspak, ishin pothuajse inegzistente p\u00ebr mua.<\/span><\/p>\n<p class=\"MsoNormal\"><strong><span>Ke menduar ndonj\u00ebher\u00eb p\u00ebr veten se je ekzibicionist?<\/span><\/strong><\/p>\n<p class=\"MsoNormal\"><span>Un\u00eb mendoj se jam nj\u00eb tip introvers, por m\u00eb shum\u00eb se ekzibicionist, mendoj se \u00ebsht\u00eb prezenca ime q\u00eb b\u00ebn p\u00ebrshtypje.<\/span><\/p>\n<p class=\"MsoNormal\"><strong><span>A gjete n\u00eb sht\u00ebpi banor\u00ebt q\u00eb do t\u00eb kishe dashur p\u00ebr nj\u00eb loj\u00eb t\u00eb forte sipas parametrave t\u00eb tu?<\/span><\/strong><\/p>\n<p class=\"MsoNormal\"><span>Jo, absolutisht jo. N\u00eb nj\u00eb far\u00eb m\u00ebnyre, un\u00eb e pata shum\u00eb t\u00eb v\u00ebshtir\u00eb si t\u00eb shprehesha n\u00eb nj\u00eb ambient q\u00eb e kisha t\u00eb v\u00ebshtir\u00eb t\u00eb identifikohesha.<\/span><\/p>\n<p class=\"MsoNormal\"><strong><span lang=\"EN-US\">Ari \u00ebsht\u00eb tip i v\u00ebshtir\u00eb, apo I llastuar?<\/span><\/strong><\/p>\n<p class=\"MsoNormal\"><span lang=\"EN-US\">T\u00eb dyja. Jam shum\u00eb i v\u00ebshtir\u00eb dhe shum\u00eb i llastuar, jo se zgjodha t\u00eb b\u00ebhem i till\u00eb , por i till\u00eb jam gjenetikisht, por edhe nga jeta q\u00eb kam b\u00ebr\u00eb, nd\u00ebrsa i llastuar jam b\u00ebr\u00eb nga ime m\u00eb si fillim, pastaj nga femrat q\u00eb kam pasur pran\u00eb.<\/span><\/p>\n<p class=\"MsoNormal\"><strong><span lang=\"EN-US\">Ku mendon se ke gabuar, apo do t\u00eb doje t\u00eb kishe ndryshuar sjelljen t\u00ebnde, ndaj nj\u00eb banori apo nj\u00eb situate t\u00eb caktuar?<\/span><\/strong><\/p>\n<p class=\"MsoNormal\"><span lang=\"EN-US\">Do kisha dashur t\u00eb isha treguar pak m\u00eb i kujdessh\u00ebm me Moz\u00ebn, t\u00eb kisha nominuar t\u00eb tjer\u00eb n\u00eb vend t\u00eb Qetsorit.<\/span><\/p>\n<p class=\"MsoNormal\"><strong><span lang=\"EN-US\">Kush nga banor\u00ebt t\u00eb ka b\u00ebr\u00eb t\u00eb ndryshosh mendim p\u00ebr t\u00eb (n\u00eb t\u00eb mir\u00eb ose n\u00eb t\u00eb keq)?<\/span><\/strong><\/p>\n<p class=\"MsoNormal\"><span lang=\"EN-US\">Absolutisht Qetsori, i cili vazhdon edhe jasht\u00eb t\u00eb m\u00eb surprizoj\u00eb dhe kjo gjithmon\u00eb pozitivisht.<\/span><\/p>\n<p class=\"MsoNormal\"><strong><span>A b\u00ebre m\u00eb shum\u00eb miq apo armiq aty brenda?<\/span><\/strong><\/p>\n<p class=\"MsoNormal\"><span>Besoj kam b\u00ebr\u00eb nj\u00eb mik dhe ndonj\u00eb admiruese.<\/span><\/p>\n<p class=\"MsoNormal\"><strong><span lang=\"EN-US\">Po n\u00eb publik?<\/span><\/strong><\/p>\n<p class=\"MsoNormal\"><span lang=\"EN-US\">Publiku po m\u00eb surprizon gjithmon\u00eb e m\u00eb shum\u00eb p\u00ebr mb\u00ebshtetjen q\u00eb po m\u00eb japin. \u00cbsht\u00eb e mrekullueshme, e pabesueshme dhe mb\u00ebshtetje po marr masivisht edhe nga Kosova e Maqedonia! E p\u00ebrs\u00ebris nuk e di \u00e7\u2019ndodh me t\u00eb tjer\u00ebt, por mua po m\u00eb b\u00ebjn\u00eb t\u00eb ndihem v\u00ebrtet si fituesi moral i k\u00ebtij \u201cBig Brother\u201d-i.<\/span><\/p>\n<p class=\"MsoNormal\"><strong><span lang=\"EN-US\">Cilat jan\u00eb an\u00ebt e mira dhe t\u00eb k\u00ebqija t\u00eb karakterit t\u00ebnd?<\/span><\/strong><\/p>\n<p class=\"MsoNormal\"><span>E kam t\u00eb v\u00ebshtir\u00eb t\u00eb flas p\u00ebr veten po mund t\u00eb them pak gj\u00ebra: ana pozitive e imja \u00ebsht\u00eb q\u00eb jam i dashuruar me t\u00eb v\u00ebrtet\u00eb, pasi mendoj q\u00eb jeta \u00ebsht\u00eb shum\u00eb e shkurt\u00ebr q\u00eb t\u00eb kalohet duke mashtruar. N\u00ebse mashtrojm\u00eb besoj se n\u00eb radh\u00eb t\u00eb par\u00eb kemi mashtruar veten dhe kemi shtremb\u00ebruar marr\u00ebdh\u00ebniet, rrjedhimisht kemi shtremb\u00ebruar realitetin. Ana negative \u00ebsht\u00eb se urrej banalitetin dhe k\u00ebrkoj gjithmon\u00eb perfekten dhe kjo shpesh m\u00eb krijon nj\u00eb boshll\u00ebk emocional dhe material, me pak fjal\u00eb m\u00eb krijon nj\u00eb distanc\u00eb me realitetin.<\/span><\/p>\n<p class=\"MsoNormal\"><strong><span>Sa p\u00ebr qind luajte p\u00ebr qejf dhe sa p\u00ebr qind p\u00ebr para?<\/span><\/strong><\/p>\n<p class=\"MsoNormal\"><span lang=\"EN-US\">P\u00ebr qejf aspak, nd\u00ebrsa p\u00ebr para do filloja t\u00eb mendoja n\u00ebse do i fitoja. Un\u00eb luajta me veten dhe me \u00e7\u2019po shoh nga realiteti jasht\u00eb sht\u00ebpis\u00eb, besoj se kam fituar dhe p\u00ebr k\u00ebt\u00eb bindem \u00e7do dit\u00eb e m\u00eb shum\u00eb. Faleminderit njer\u00ebzve q\u00eb ndesh gjat\u00eb dit\u00ebs.<\/span><\/p>\n<p class=\"MsoNormal\"><strong><span lang=\"EN-US\">Ari, sipas teje, cila \u00ebsht\u00eb arsyeja q\u00eb Juna, mohon puthjen q\u00eb ju t\u00eb dy keni pasur gjat\u00eb takimit n\u00eb Gjermani?<\/span><\/strong><\/p>\n<p class=\"MsoNormal\"><span lang=\"EN-US\">P\u00ebr k\u00ebt\u00eb duhet t\u00eb pyesni Jun\u00ebn, por kjo \u00ebsht\u00eb nj\u00eb tem\u00eb shum\u00eb e par\u00ebnd\u00ebsishme.<\/span><\/p>\n<p class=\"MsoNormal\"><strong><span lang=\"EN-US\">N\u00ebse do t\u00eb komentoje me dy fjal\u00eb lidhjen e Adel\u00ebs me Bjorin, cilat do t\u00eb ishin ato?<\/span><\/strong><\/p>\n<p class=\"MsoNormal\"><span lang=\"EN-US\">E r\u00ebndomt\u00eb dhe patetike.<\/span><\/p>\n<p class=\"MsoNormal\"><strong><span lang=\"EN-US\">Virusi t\u00eb kritikoi p\u00ebr fjal\u00ebt \u201cbanale\u201d q\u00eb p\u00ebrdore, \u00e7far\u00eb do t\u00eb thoshe p\u00ebr k\u00ebt\u00eb gj\u00eb?<\/span><\/strong><\/p>\n<p class=\"MsoNormal\"><span lang=\"EN-US\">Pyetja q\u00eb po prisja, se nuk pata mund\u00eb si t\u2019i p\u00ebrgjigjesha. Nj\u00eb, un\u00eb fillova t\u00eb akuzohesha n\u00eb sht\u00ebpi p\u00ebr fjal\u00eb banale, pasi p\u00ebrdora nj\u00eb fjal\u00eb t\u00eb huazuar nga Virusi, p\u00ebr k\u00ebt\u00eb i k\u00ebrkoj falje, se duhet t\u2019i paguaj t\u00eb drejtat e autorit. Fjala dhe zanafilla e \u201cvulgaritetit\u201d tim ishte baxhelleske dhe q\u00eb k\u00ebtu mund t\u00eb vazhdoni t\u00eb pyesni Virusin meq\u00eb \u00ebsht\u00eb dhe autori i fjal\u00ebs. Dy, Virusi nuk duhet t\u00eb b\u00ebj\u00eb gabime t\u00eb tilla dhe t\u00eb thot\u00eb q\u00eb djali i tij pes\u00ebvje\u00e7ar nuk shikonte dot BB q\u00eb pas hyrjes time. I kujtoj atij se nj\u00eb f\u00ebmij\u00eb pes\u00ebvje\u00e7ar duhet q\u00eb kontaktin e vet me televizionin ta ket\u00eb p\u00ebr t\u00eb par\u00eb \u201c\u00c7ufo Tv\u201d ose \u201cBang Bang\u201d dhe jo t\u00eb ket\u00eb akses n\u00eb nj\u00eb reality show si BB. Virusit i them ta k\u00ebrkoj\u00eb gabimin te vetja dhe t\u00eb mos b\u00ebj\u00eb m\u00eb gabime t\u00eb tilla se nuk i b\u00ebjn\u00eb mir\u00eb karrier\u00ebs s\u00eb tij t\u00eb re dhe t\u00eb brisht\u00eb televizive\u2026<\/span><\/p>\n<p class=\"MsoNormal\"><strong><span lang=\"EN-US\">T\u00eb jan\u00eb atribuuar, lidhje me prezantuese televizive, me vajza politikan\u00ebsh t\u00eb lart\u00eb, balerina, k\u00ebng\u00ebtare, a do t\u00eb rr\u00ebfesh ndonj\u00ebher\u00eb publikisht p\u00ebr historit\u00eb e tua sentimentale?<\/span><\/strong><\/p>\n<p class=\"MsoNormal\"><span>Pyetje me spec dhe shum\u00eb private, duke marr\u00eb parasysh q\u00eb jan\u00eb dhe njer\u00ebz publik\u00eb, por mund t\u00eb them thjesht q\u00eb \u00ebsht\u00eb shum\u00eb e v\u00ebrtet\u00eb ajo q\u00eb thua dhe ato kan\u00eb qen\u00eb jan\u00eb dhe do t\u00eb mbeten njer\u00ebz shum\u00eb t\u00eb af\u00ebrt p\u00ebr mua, ashtu sikurse jam un\u00eb p\u00ebr to.<\/span><\/p>\n<p class=\"MsoNormal\"><strong><span>Adi apo Qetsori?<\/span><\/strong><\/p>\n<p class=\"MsoNormal\"><span>M\u00eb i v\u00ebrteti dhe m\u00eb i forti n\u00eb fund t\u00eb fundit.<\/span><\/p>\n<p class=\"MsoNormal\"><strong><span lang=\"EN-US\">Do preferoje titullin Kampion n\u00eb tenis, apo vendin e par\u00eb n\u00eb BB?<\/span><\/strong><\/p>\n<p class=\"MsoNormal\"><span lang=\"EN-US\">Kjo \u00ebsht\u00eb nj\u00eb pyetje m\u00eb shum\u00eb se retorike, tenis sigurisht, tenisi \u00ebsht\u00eb filozofia e jet\u00ebs time.<\/span><\/p>\n<p class=\"MsoNormal\"><strong><span lang=\"EN-US\">Cilat jan\u00eb planet e tua p\u00ebr t\u00eb ardhmen?<\/span><\/strong><\/p>\n<p class=\"MsoNormal\"><span>Sh\u00ebndet, sh\u00ebndet, sh\u00ebndet, t\u00eb tjerat i kam m\u00eb shum\u00eb se n\u00eb rregull\u2026<\/span><\/p>\n","protected":false},"excerpt":{"rendered":"<p>\u00a0 Ari, si ishte p\u00ebrballja me jet\u00ebn e v\u00ebrtet\u00eb? E jasht\u00ebzakonshme, nuk m\u00eb besohet q\u00eb njer\u00ebzit jan\u00eb kaq pozitiv\u00eb ndaj meje dhe asaj q\u00eb un\u00eb dhash\u00eb brenda sht\u00ebpis\u00eb, m\u00eb ndalojn\u00eb t\u00eb gjith\u00eb p\u00ebr t\u00eb m\u00eb komplimentuar f\u00ebmij\u00eb, burra, gra, t\u00eb moshuar, por mbi t\u00eb gjitha ndiej se \u00ebsht\u00eb nj\u00eb lloj solidarizimi qytetar dhe vlerash q\u00eb [&hellip;]<\/p>\n","protected":false},"author":1,"featured_media":0,"comment_status":"open","ping_status":"closed","sticky":false,"template":"","format":"standard","meta":{"spay_email":"","jetpack_publicize_message":"","jetpack_is_tweetstorm":false,"jetpack_publicize_feature_enabled":true},"categories":[6502],"tags":[8289,8950,8934,9121,6984,6544,9751],"jetpack_publicize_connections":[],"yoast_head":"<!-- This site is optimized with the Yoast SEO plugin v19.1 - https:\/\/yoast.com\/wordpress\/plugins\/seo\/ -->\n<title>Big Brother Albania 2, Arjan Bakalli, Intervista<\/title>\n<meta name=\"description\" content=\"Big Brother Albania 2, Arjan Bakalli, Intervista\" \/>\n<meta name=\"robots\" content=\"index, follow, max-snippet:-1, max-image-preview:large, max-video-preview:-1\" \/>\n<link rel=\"canonical\" href=\"https:\/\/www.visit-ulcinj.com\/blog\/2009\/05\/16\/big-brother-albania-2-arjan-bakalli-intervista\/\" \/>\n<meta property=\"og:locale\" content=\"en_US\" \/>\n<meta property=\"og:type\" content=\"article\" \/>\n<meta property=\"og:title\" content=\"Big Brother Albania 2, Arjan Bakalli, Intervista\" \/>\n<meta property=\"og:description\" content=\"Big Brother Albania 2, Arjan Bakalli, Intervista\" \/>\n<meta property=\"og:url\" content=\"https:\/\/www.visit-ulcinj.com\/blog\/2009\/05\/16\/big-brother-albania-2-arjan-bakalli-intervista\/\" \/>\n<meta property=\"og:site_name\" content=\"Lajme nga Ulqini\" \/>\n<meta property=\"article:published_time\" content=\"2009-05-16T11:00:36+00:00\" \/>\n<meta property=\"article:modified_time\" content=\"2009-05-16T10:50:41+00:00\" \/>\n<meta property=\"og:image\" content=\"http:\/\/www.visit-ulcinj.com\/blog\/wp-content\/uploads\/2009\/05\/arjan-bakalli-big-brother-albania-2-live.jpg\" \/>\n<meta name=\"twitter:label1\" content=\"Written by\" \/>\n\t<meta name=\"twitter:data1\" content=\"ulqini\" \/>\n\t<meta name=\"twitter:label2\" content=\"Est. reading time\" \/>\n\t<meta name=\"twitter:data2\" content=\"6 minutes\" \/>\n<script type=\"application\/ld+json\" class=\"yoast-schema-graph\">{\"@context\":\"https:\/\/schema.org\",\"@graph\":[{\"@type\":\"WebSite\",\"@id\":\"https:\/\/www.visit-ulcinj.com\/blog\/#website\",\"url\":\"https:\/\/www.visit-ulcinj.com\/blog\/\",\"name\":\"Lajme nga Ulqini\",\"description\":\"Lajme,Vijesti,Ulqini,Ulqin,Crna Gora,Mali i Zi\",\"potentialAction\":[{\"@type\":\"SearchAction\",\"target\":{\"@type\":\"EntryPoint\",\"urlTemplate\":\"https:\/\/www.visit-ulcinj.com\/blog\/?s={search_term_string}\"},\"query-input\":\"required name=search_term_string\"}],\"inLanguage\":\"en-US\"},{\"@type\":\"ImageObject\",\"inLanguage\":\"en-US\",\"@id\":\"https:\/\/www.visit-ulcinj.com\/blog\/2009\/05\/16\/big-brother-albania-2-arjan-bakalli-intervista\/#primaryimage\",\"url\":\"http:\/\/www.visit-ulcinj.com\/blog\/wp-content\/uploads\/2009\/05\/arjan-bakalli-big-brother-albania-2-live.jpg\",\"contentUrl\":\"http:\/\/www.visit-ulcinj.com\/blog\/wp-content\/uploads\/2009\/05\/arjan-bakalli-big-brother-albania-2-live.jpg\"},{\"@type\":\"WebPage\",\"@id\":\"https:\/\/www.visit-ulcinj.com\/blog\/2009\/05\/16\/big-brother-albania-2-arjan-bakalli-intervista\/#webpage\",\"url\":\"https:\/\/www.visit-ulcinj.com\/blog\/2009\/05\/16\/big-brother-albania-2-arjan-bakalli-intervista\/\",\"name\":\"Big Brother Albania 2, Arjan Bakalli, Intervista\",\"isPartOf\":{\"@id\":\"https:\/\/www.visit-ulcinj.com\/blog\/#website\"},\"primaryImageOfPage\":{\"@id\":\"https:\/\/www.visit-ulcinj.com\/blog\/2009\/05\/16\/big-brother-albania-2-arjan-bakalli-intervista\/#primaryimage\"},\"datePublished\":\"2009-05-16T11:00:36+00:00\",\"dateModified\":\"2009-05-16T10:50:41+00:00\",\"author\":{\"@id\":\"https:\/\/www.visit-ulcinj.com\/blog\/#\/schema\/person\/dcab619c614d3038751c63bc2aadc06d\"},\"description\":\"Big Brother Albania 2, Arjan Bakalli, Intervista\",\"breadcrumb\":{\"@id\":\"https:\/\/www.visit-ulcinj.com\/blog\/2009\/05\/16\/big-brother-albania-2-arjan-bakalli-intervista\/#breadcrumb\"},\"inLanguage\":\"en-US\",\"potentialAction\":[{\"@type\":\"ReadAction\",\"target\":[\"https:\/\/www.visit-ulcinj.com\/blog\/2009\/05\/16\/big-brother-albania-2-arjan-bakalli-intervista\/\"]}]},{\"@type\":\"BreadcrumbList\",\"@id\":\"https:\/\/www.visit-ulcinj.com\/blog\/2009\/05\/16\/big-brother-albania-2-arjan-bakalli-intervista\/#breadcrumb\",\"itemListElement\":[{\"@type\":\"ListItem\",\"position\":1,\"name\":\"Big Brother Albania 2, Arjan Bakalli, Intervista\"}]},{\"@type\":\"Person\",\"@id\":\"https:\/\/www.visit-ulcinj.com\/blog\/#\/schema\/person\/dcab619c614d3038751c63bc2aadc06d\",\"name\":\"ulqini\",\"sameAs\":[\"http:\/\/www.visit-ulcinj.com\"],\"url\":\"https:\/\/www.visit-ulcinj.com\/blog\/author\/admin\/\"}]}<\/script>\n<!-- \/ Yoast SEO plugin. -->","yoast_head_json":{"title":"Big Brother Albania 2, Arjan Bakalli, Intervista","description":"Big Brother Albania 2, Arjan Bakalli, Intervista","robots":{"index":"index","follow":"follow","max-snippet":"max-snippet:-1","max-image-preview":"max-image-preview:large","max-video-preview":"max-video-preview:-1"},"canonical":"https:\/\/www.visit-ulcinj.com\/blog\/2009\/05\/16\/big-brother-albania-2-arjan-bakalli-intervista\/","og_locale":"en_US","og_type":"article","og_title":"Big Brother Albania 2, Arjan Bakalli, Intervista","og_description":"Big Brother Albania 2, Arjan Bakalli, Intervista","og_url":"https:\/\/www.visit-ulcinj.com\/blog\/2009\/05\/16\/big-brother-albania-2-arjan-bakalli-intervista\/","og_site_name":"Lajme nga Ulqini","article_published_time":"2009-05-16T11:00:36+00:00","article_modified_time":"2009-05-16T10:50:41+00:00","og_image":[{"url":"http:\/\/www.visit-ulcinj.com\/blog\/wp-content\/uploads\/2009\/05\/arjan-bakalli-big-brother-albania-2-live.jpg"}],"twitter_misc":{"Written by":"ulqini","Est. reading time":"6 minutes"},"schema":{"@context":"https:\/\/schema.org","@graph":[{"@type":"WebSite","@id":"https:\/\/www.visit-ulcinj.com\/blog\/#website","url":"https:\/\/www.visit-ulcinj.com\/blog\/","name":"Lajme nga Ulqini","description":"Lajme,Vijesti,Ulqini,Ulqin,Crna Gora,Mali i Zi","potentialAction":[{"@type":"SearchAction","target":{"@type":"EntryPoint","urlTemplate":"https:\/\/www.visit-ulcinj.com\/blog\/?s={search_term_string}"},"query-input":"required name=search_term_string"}],"inLanguage":"en-US"},{"@type":"ImageObject","inLanguage":"en-US","@id":"https:\/\/www.visit-ulcinj.com\/blog\/2009\/05\/16\/big-brother-albania-2-arjan-bakalli-intervista\/#primaryimage","url":"http:\/\/www.visit-ulcinj.com\/blog\/wp-content\/uploads\/2009\/05\/arjan-bakalli-big-brother-albania-2-live.jpg","contentUrl":"http:\/\/www.visit-ulcinj.com\/blog\/wp-content\/uploads\/2009\/05\/arjan-bakalli-big-brother-albania-2-live.jpg"},{"@type":"WebPage","@id":"https:\/\/www.visit-ulcinj.com\/blog\/2009\/05\/16\/big-brother-albania-2-arjan-bakalli-intervista\/#webpage","url":"https:\/\/www.visit-ulcinj.com\/blog\/2009\/05\/16\/big-brother-albania-2-arjan-bakalli-intervista\/","name":"Big Brother Albania 2, Arjan Bakalli, Intervista","isPartOf":{"@id":"https:\/\/www.visit-ulcinj.com\/blog\/#website"},"primaryImageOfPage":{"@id":"https:\/\/www.visit-ulcinj.com\/blog\/2009\/05\/16\/big-brother-albania-2-arjan-bakalli-intervista\/#primaryimage"},"datePublished":"2009-05-16T11:00:36+00:00","dateModified":"2009-05-16T10:50:41+00:00","author":{"@id":"https:\/\/www.visit-ulcinj.com\/blog\/#\/schema\/person\/dcab619c614d3038751c63bc2aadc06d"},"description":"Big Brother Albania 2, Arjan Bakalli, Intervista","breadcrumb":{"@id":"https:\/\/www.visit-ulcinj.com\/blog\/2009\/05\/16\/big-brother-albania-2-arjan-bakalli-intervista\/#breadcrumb"},"inLanguage":"en-US","potentialAction":[{"@type":"ReadAction","target":["https:\/\/www.visit-ulcinj.com\/blog\/2009\/05\/16\/big-brother-albania-2-arjan-bakalli-intervista\/"]}]},{"@type":"BreadcrumbList","@id":"https:\/\/www.visit-ulcinj.com\/blog\/2009\/05\/16\/big-brother-albania-2-arjan-bakalli-intervista\/#breadcrumb","itemListElement":[{"@type":"ListItem","position":1,"name":"Big Brother Albania 2, Arjan Bakalli, Intervista"}]},{"@type":"Person","@id":"https:\/\/www.visit-ulcinj.com\/blog\/#\/schema\/person\/dcab619c614d3038751c63bc2aadc06d","name":"ulqini","sameAs":["http:\/\/www.visit-ulcinj.com"],"url":"https:\/\/www.visit-ulcinj.com\/blog\/author\/admin\/"}]}},"jetpack_featured_media_url":"","jetpack_sharing_enabled":true,"jetpack_shortlink":"https:\/\/wp.me\/pe6lTn-5BB","_links":{"self":[{"href":"https:\/\/www.visit-ulcinj.com\/blog\/wp-json\/wp\/v2\/posts\/21551"}],"collection":[{"href":"https:\/\/www.visit-ulcinj.com\/blog\/wp-json\/wp\/v2\/posts"}],"about":[{"href":"https:\/\/www.visit-ulcinj.com\/blog\/wp-json\/wp\/v2\/types\/post"}],"author":[{"embeddable":true,"href":"https:\/\/www.visit-ulcinj.com\/blog\/wp-json\/wp\/v2\/users\/1"}],"replies":[{"embeddable":true,"href":"https:\/\/www.visit-ulcinj.com\/blog\/wp-json\/wp\/v2\/comments?post=21551"}],"version-history":[{"count":0,"href":"https:\/\/www.visit-ulcinj.com\/blog\/wp-json\/wp\/v2\/posts\/21551\/revisions"}],"wp:attachment":[{"href":"https:\/\/www.visit-ulcinj.com\/blog\/wp-json\/wp\/v2\/media?parent=21551"}],"wp:term":[{"taxonomy":"category","embeddable":true,"href":"https:\/\/www.visit-ulcinj.com\/blog\/wp-json\/wp\/v2\/categories?post=21551"},{"taxonomy":"post_tag","embeddable":true,"href":"https:\/\/www.visit-ulcinj.com\/blog\/wp-json\/wp\/v2\/tags?post=21551"}],"curies":[{"name":"wp","href":"https:\/\/api.w.org\/{rel}","templated":true}]}}