{"id":21556,"date":"2009-05-16T13:00:40","date_gmt":"2009-05-16T11:00:40","guid":{"rendered":"http:\/\/www.visit-ulcinj.com\/blog\/?p=21556"},"modified":"2009-05-16T12:50:55","modified_gmt":"2009-05-16T10:50:55","slug":"intervista-emocionet-e-nenave-qe-hyne-ne-big-brother-albania-2","status":"publish","type":"post","link":"https:\/\/www.visit-ulcinj.com\/blog\/2009\/05\/16\/intervista-emocionet-e-nenave-qe-hyne-ne-big-brother-albania-2\/","title":{"rendered":"Intervista &#8211; Emocionet e n\u00ebnave q\u00eb hyn\u00eb n\u00eb Big Brother Albania 2"},"content":{"rendered":"<p>\u00a0<\/p>\n<p class=\"MsoNormal\"><strong><em><span><a href=\"http:\/\/www.visit-ulcinj.com\/blog\/wp-content\/uploads\/2009\/05\/sanija-big-brother-albania-2-live.jpg\"><img loading=\"lazy\" class=\"alignleft size-full wp-image-21557\" title=\"sanija-big-brother-albania-2-live\" src=\"http:\/\/www.visit-ulcinj.com\/blog\/wp-content\/uploads\/2009\/05\/sanija-big-brother-albania-2-live.jpg\" alt=\"sanija-big-brother-albania-2-live\" width=\"190\" height=\"182\" \/><\/a>Sanija (n\u00ebna e Adel\u00ebs)<\/span><\/em><\/strong><\/p>\n<p class=\"MsoNormal\"><span><strong>S<\/strong><\/span><strong><span>i e prit\u00ebt surpriz\u00ebn p\u00ebr t\u2019u futur n\u00eb<span>\u00a0 <\/span>sht\u00ebpin\u00eb e BB?<\/span><\/strong><\/p>\n<p class=\"MsoNormal\"><span>T\u00eb them t\u00eb drejt\u00ebn ishte gj\u00ebja m\u00eb e bukur dhe m\u00eb e lumtur, pasi takova vajz\u00ebn, por ishte shum\u00eb emocionuese dhe shum\u00eb e v\u00ebshtir\u00eb. I kishte t\u00eb dyja brenda. Kur takova Adel\u00ebn thash\u00eb se do vdisja n\u00eb at\u00eb moment, zemra m\u00eb rrihte fort, u bllokova komplet. M\u2019u duk vetja sikur nuk isha n\u00eb realitet.<\/span><\/p>\n<p class=\"MsoNormal\"><span>\u00a0<strong>Keni q\u00ebndruar m\u00eb e heshtura nga t\u00eb gjitha aty brenda \u2026<\/strong><\/span><\/p>\n<p class=\"MsoNormal\"><span>N\u00eb t\u00eb v\u00ebrtet\u00eb un\u00eb jam vet\u00eb pak e heshtur edhe n\u00eb jet\u00ebn e p\u00ebrditshme, por ajo q\u00eb m\u00eb b\u00ebnte t\u00eb isha edhe m\u00eb e heshtur ishte fakti q\u00eb e gjith\u00eb bota na v\u00ebzhgonte e na shikonte.<\/span><\/p>\n<p class=\"MsoNormal\"><span>\u00a0<strong>\u00c7uat n\u00eb finale Bjordin. P\u00ebrse?<\/strong><\/span><\/p>\n<p class=\"MsoNormal\"><span>Ishte e kuptueshme q\u00eb un\u00eb do \u00e7oja n\u00eb finale Bjordin, sepse ata ishin shum\u00eb t\u00eb af\u00ebrt me nj\u00ebritjetrin dhe n\u00ebse un\u00eb nuk do \u00e7oja Bjordin aty do ulja veten time dhe vajz\u00ebn time.<\/span><\/p>\n<p class=\"MsoNormal\"><span>\u00a0<strong>Si t\u2019u duk\u00ebn brenda Adela e Bjordi?<\/strong><\/span><\/p>\n<p class=\"MsoNormal\"><span lang=\"EN-US\">Si dy zogj. Bjordi ishte djal\u00eb i mir\u00eb, i edukuar, i men\u00e7ur dhe m\u00eb ka respektuar shum\u00eb. Un\u00eb nuk i afrohesha aq shum\u00eb, sepse atij i vinte shum\u00eb turp. Djal\u00eb shum\u00eb i mir\u00eb.<\/span><\/p>\n<p class=\"MsoNormal\"><span lang=\"EN-US\">\u00a0<strong>Cil\u00ebn nga mamat\u00eb do t\u00eb nxirrnit jasht\u00eb sht\u00ebpis\u00eb?<\/strong><\/span><\/p>\n<p class=\"MsoNormal\"><span lang=\"EN-US\">Do ta nxirrja jasht\u00eb sht\u00ebpis\u00eb Antonet\u00ebn, sepse u tregua pak mendjemadhe me rrobat dhe me at\u00eb sjelljen e saj q\u00eb mua m\u2019u duk pak e tepruar, ndoshta ngaq\u00eb kam tip tjet\u00ebr.<\/span><\/p>\n<p class=\"MsoNormal\"><strong><em><span><a href=\"http:\/\/www.visit-ulcinj.com\/blog\/wp-content\/uploads\/2009\/05\/antoneta-big-brother-albania-2-live.jpg\"><img loading=\"lazy\" class=\"alignleft size-full wp-image-21558\" title=\"antoneta-big-brother-albania-2-live\" src=\"http:\/\/www.visit-ulcinj.com\/blog\/wp-content\/uploads\/2009\/05\/antoneta-big-brother-albania-2-live.jpg\" alt=\"antoneta-big-brother-albania-2-live\" width=\"190\" height=\"182\" \/><\/a>Antoneta (n\u00ebna e Bjordit)<\/span><\/em><\/strong><\/p>\n<p class=\"MsoNormal\"><span><strong>S<\/strong><\/span><strong><span>i e prit\u00ebt surpriz\u00ebn p\u00ebr t\u2019u futur n\u00eb sht\u00ebpin\u00eb e BB?<\/span><\/strong><\/p>\n<p class=\"MsoNormal\"><strong><span>\u00a0<span style=\"font-weight: normal; \"><span>Ishte e mahnitshme, e paimagjinueshme. N\u00eb radh\u00eb t\u00eb par\u00eb, sepse do \u00e7mallesha me Bjordin. Kisha renditur n\u00eb kok\u00ebn time mij\u00ebra k\u00ebshilla, por q\u00eb nuk arrita t\u00eb jepja asnj\u00eb. <\/span><span lang=\"EN-US\">E dyta, sepse t\u00eb gjith\u00eb admiruesit e Bjordit do t\u00eb kishin mund\u00ebsin\u00eb t\u00eb shikonin q\u00eb Bjordi kishte nj\u00eb n\u00ebn\u00eb t\u00eb denj\u00eb.<\/span><\/span><\/span><\/strong><\/p>\n<p class=\"MsoNormal\"><span lang=\"EN-US\">\u00a0<strong>Si ishte kjo p\u00ebrvoj\u00eb p\u00ebr ju?<\/strong><\/span><\/p>\n<p class=\"MsoNormal\"><span lang=\"EN-US\">Nj\u00eb p\u00ebrvoj\u00eb e jasht\u00ebzakonshme, me t\u00eb v\u00ebrtet\u00eb. Or\u00ebt e para m\u00eb dukej sikur isha n\u00eb \u00ebnd\u00ebrr dhe m\u00eb von\u00eb i vura vetes detyr\u00eb q\u00eb t\u00eb tregoj meq\u00eb m\u00eb jepej rasti t\u00eb rrija tri dit\u00eb n\u00eb sht\u00ebpin\u00eb e djemve, por n\u00eb t\u00eb nj\u00ebjt\u00ebn koh\u00eb t\u00eb b\u00ebja detyr\u00ebn time si n\u00ebn\u00eb.<\/span><\/p>\n<p class=\"MsoNormal\"><span lang=\"EN-US\">\u00a0<strong>Si u ndjet\u00eb mes mamave t\u00eb tjera?<\/strong><\/span><\/p>\n<p class=\"MsoNormal\"><span>Me t\u00eb gjitha mamat\u00eb e kam ndier veten jasht\u00ebzakonisht mir\u00eb. Mamaja e Qetsorit, demonstroi q\u00eb me heshtjen e saj ishte nj\u00eb grua shum\u00eb e zgjuar dhe shum\u00eb e vendosur, mamaja e Arit ishte nj\u00eb grua e qytet\u00ebruar dhe e hapur, mamaja e Adel\u00ebs, me syt\u00eb e saj n\u00ebp\u00ebrmjet v\u00ebshtrimit t\u00eb saj, m\u00eb jepte t\u00eb kuptoja shum\u00eb. Besoj se jemi kuptuar t\u00eb dyja dhe k\u00ebt\u00eb e tregoi edhe zgjedhja q\u00eb u b\u00eb n\u00eb dhom\u00ebn e rr\u00ebfimit. Nd\u00ebrsa kunata \u00ebsht\u00eb nj\u00eb grua q\u00eb donte t\u00eb p\u00ebrfaq\u00ebsonte familjen e Adit dhe simpatike. Megjithat\u00eb, nuk m\u00eb p\u00eblqeu q\u00eb ajo nuk votoi p\u00ebr Bjordin. Bjordi ka sakrifikuar fitoren duke ia premtuar Adit, gjithmon\u00eb \u00ebsht\u00eb shprehur. Ajo e dinte k\u00ebt\u00eb sakrific\u00eb t\u00eb madhe t\u00eb Bjordit dhe nuk ia dha vot\u00ebn djalit tim.<\/span><\/p>\n<p class=\"MsoNormal\"><span>\u00a0<strong>Cil\u00ebn nga mamat\u00eb do nxirrnit jasht\u00eb?<\/strong><\/span><\/p>\n<p class=\"MsoNormal\"><span lang=\"EN-US\">Do lija n\u00ebnat dhe jo kunat\u00ebn. Kat\u00ebr n\u00ebnat kishin t\u00eb drejt\u00eb t\u00eb g\u00ebzonin me f\u00ebmij\u00ebt e tyre. T\u00eb kat\u00ebrta i doja aty.<\/span><\/p>\n<p class=\"MsoNormal\"><span lang=\"EN-US\">\u00a0<a href=\"http:\/\/www.visit-ulcinj.com\/blog\/wp-content\/uploads\/2009\/05\/vezira-big-brother-albania-2-live.jpg\"><img loading=\"lazy\" class=\"alignleft size-full wp-image-21559\" title=\"vezira-big-brother-albania-2-live\" src=\"http:\/\/www.visit-ulcinj.com\/blog\/wp-content\/uploads\/2009\/05\/vezira-big-brother-albania-2-live.jpg\" alt=\"vezira-big-brother-albania-2-live\" width=\"190\" height=\"182\" \/><\/a><em>Vezire (n\u00ebna e Sorit)<\/em><\/span><\/p>\n<p class=\"MsoNormal\"><span><strong>S<\/strong><\/span><strong><span>i e prit\u00ebt surpriz\u00ebn p\u00ebr t\u2019u futur n\u00eb BB?<\/span><\/strong><\/p>\n<p class=\"MsoNormal\"><span lang=\"EN-US\">Surpriz\u00ebn e prita me shum\u00eb emocion. Ishte k\u00ebnaq\u00ebsi dhe krenari jo vet\u00ebm p\u00ebr mua, por p\u00ebr t\u00eb gjitha. Ishte e pabesueshme dhe na dukej se ishte nj\u00eb loj\u00eb derisa u fut\u00ebm brenda.<\/span><\/p>\n<p class=\"MsoNormal\"><span lang=\"EN-US\">\u00a0<strong>Si e kaluat gjat\u00eb atyre dit\u00ebve?<\/strong><\/span><\/p>\n<p class=\"MsoNormal\"><span>E kalova shk\u00eblqyesh\u00ebm. Banor\u00ebt m\u2019u duk\u00ebn t\u00eb mrekulluesh\u00ebm, q\u00eb t\u00eb gjith\u00eb. Edhe djali im ishte i nj\u00ebjt\u00eb me t\u00eb tyre. Nuk b\u00ebnte dallim mes banor\u00ebve.<\/span><\/p>\n<p class=\"MsoNormal\"><span>\u00a0<strong>Me cil\u00ebn u ndjet\u00eb m\u00eb mir\u00eb?<\/strong><\/span><\/p>\n<p class=\"MsoNormal\"><span>U ndjeva mir\u00eb me t\u00eb gjitha, por gjuh\u00ebn e p\u00ebrbashk\u00ebt e gjeta me kunat\u00ebn e Adit.. Pata emocion t\u00eb madh kur u fut Agroni, pata emocion shum\u00eb t\u00eb madh kur Adi m\u00eb dha nj\u00eb vler\u00ebsim q\u00eb mua nuk m\u2019u duk i arsyesh\u00ebm, megjithat\u00eb ishte mendimi i Adit. Emocion pata kur u futa n\u00eb dhom\u00ebn e rr\u00ebfimit p\u00ebr t\u2019i dh\u00ebn\u00eb vot\u00ebn Bjordit dhe ia dhash\u00eb me k\u00ebnaq\u00ebsi. P\u00ebr arsye se djali im i kishte dh\u00ebn\u00eb nj\u00eb emocion jo t\u00eb k\u00ebndsh\u00ebm dhe desha q\u00eb un\u00eb t\u2019ia jepja k\u00ebt\u00eb emocion si p\u00ebr t\u00eb b\u00ebr\u00eb nj\u00eb shlyerje.<\/span><\/p>\n<p class=\"MsoNormal\"><span>\u00a0<strong>Cil\u00ebn nga mamat\u00eb do t\u00eb nxirrnit jasht\u00eb sht\u00ebpis\u00eb?<\/strong><\/span><\/p>\n<p class=\"MsoNormal\"><span lang=\"EN-US\">Do i nxirrja jasht\u00eb t\u00eb pesta si\u00e7 ishin, se f\u00ebmij\u00ebt nuk ndien veten e tyre dhe ran\u00eb n\u00eb nj\u00eb qet\u00ebsi loje.<\/span><\/p>\n<p class=\"MsoNormal\"><a href=\"http:\/\/www.visit-ulcinj.com\/blog\/wp-content\/uploads\/2009\/05\/mira-big-brother-albania-2-live.jpg\"><img loading=\"lazy\" class=\"alignleft size-full wp-image-21560\" title=\"mira-big-brother-albania-2-live\" src=\"http:\/\/www.visit-ulcinj.com\/blog\/wp-content\/uploads\/2009\/05\/mira-big-brother-albania-2-live.jpg\" alt=\"mira-big-brother-albania-2-live\" width=\"190\" height=\"182\" \/><\/a><em>Mira (kunata e Adit)<span style=\"font-style: normal; font-weight: normal; \">\u00a0<\/span><\/em><\/p>\n<p class=\"MsoNormal\"><span>S<\/span><strong><span>i kaluan dit\u00ebt n\u00eb BB. <\/span><\/strong><strong><span lang=\"EN-US\">Ju bezdisnin kamerat\u00a0n\u00eb sht\u00ebpi?<\/span><\/strong><\/p>\n<p class=\"MsoNormal\"><span lang=\"EN-US\">Jo fare, e di si \u00ebsht\u00eb puna, mbase po t\u00eb hyja vet\u00ebm do isha shum\u00eb e mpir\u00eb, por ngaq\u00eb e dija q\u00eb aty ishte Adi, isha e lirshme. (Qesh)<\/span><\/p>\n<p class=\"MsoNormal\"><span lang=\"EN-US\">\u00a0<strong>Keni b\u00ebr\u00eb \u201ckomplote\u201d me n\u00ebn\u00ebn e Sorit\u2026<\/strong><\/span><\/p>\n<p class=\"MsoNormal\"><span lang=\"EN-US\">Po bashk\u00eb me n\u00ebn\u00ebn e Sorit&#8230; Kishim r\u00ebn\u00eb pak t\u00eb dyja nj\u00ebsoj (qesh) \u00e7do gj\u00eb e b\u00ebnim t\u00eb dyja ne. I kemi th\u00ebn\u00eb tre prej banor\u00ebve p\u00ebr nj\u00eb surpriz\u00eb t\u00eb dit\u00ebs s\u00eb premte. I merrnim ve\u00e7 e ve\u00e7 dhe u thoshim q\u00eb t\u00eb visheshin mir\u00eb q\u00eb n\u00eb m\u00ebngjesin e t\u00eb premtes\u2026 (qesh) pastaj shkova n\u00eb dhom\u00ebn e rr\u00ebfimit dhe i thash\u00eb V\u00ebllait t\u00eb Madh, se mos ka ndonj\u00eb surpriz\u00eb e po u prishnim pun\u00eb!<\/span><\/p>\n<p class=\"MsoNormal\"><span lang=\"EN-US\">\u00a0<strong>Kur dole kishit ila\u00e7et n\u00eb dor\u00eb?<\/strong><\/span><\/p>\n<p class=\"MsoNormal\"><span>I kam pir\u00eb me t\u00eb v\u00ebrtet\u00eb ila\u00e7et. Q\u00eb kur than\u00eb p\u00ebr<\/span><strong><span> <\/span><\/strong><span>nominimet, nuk doja. Sado q\u00eb Adi mund t\u00eb kishte qejf, un\u00eb nuk e b\u00ebja dot, fillova t\u00eb dridhesha, por kur tha Arbana q\u00eb do e \u00e7onim n\u00eb finale, ishte m\u00eb e thjesht\u00eb. Ndryshe do m\u00eb dukej si thik\u00eb pas shpine. U m\u00ebsova me ata tri dit\u00eb dhe sesi m\u00eb dukej.<\/span><\/p>\n<p class=\"MsoNormal\"><span>\u00a0<strong>\u00c7uat n\u00eb finale Arin dhe u duk si di\u00e7ka shum\u00eb e \u00e7uditshme?<\/strong><\/span><\/p>\n<p class=\"MsoNormal\"><span>N\u00eb fakt, q\u00eb kur e shikoja n\u00eb sht\u00ebpi, e kam p\u00eblqyer shum\u00eb Arin, por para Bjordit nuk e vija dhe nuk e v\u00eb dot. Mir\u00ebpo, kur mendova q\u00eb n\u00ebna e Adel\u00ebs do \u00e7onte Bjordin n\u00eb finale dhe n\u00ebna e Qetsorit do ishte p\u00ebr Bjordin se pash\u00eb disa shenja q\u00eb m\u00eb b\u00ebn\u00eb t\u00eb mendoja k\u00ebshtu, thash\u00eb me vete, se Bjordi ka 2 vota dhe meq\u00eb pas tij un\u00eb v\u00eb Arin, ia dhash\u00eb atij vot\u00ebn time. <\/span><span lang=\"EN-US\">Kur dola jasht\u00eb u habita q\u00eb mami i Arit, kishte votuar Adin.<\/span><\/p>\n<p class=\"MsoNormal\"><span lang=\"EN-US\">\u00a0<strong>Cil\u00ebn zonj\u00eb do kishit nominuar p\u00ebr ta nxjerr\u00eb jasht\u00eb?<\/strong><\/span><\/p>\n<p class=\"MsoNormal\"><span lang=\"EN-US\">Un\u00eb do t\u00eb kisha nominuar Net\u00ebn. Ajo i merrte gj\u00ebrat shum\u00eb seriozisht, rrihte lart. Do e nominoja se na vinte inat q\u00eb kishte shum\u00eb fustane dhe ne nuk ishim p\u00ebrgatitur, kishte shum\u00eb tualete q\u00eb nuk na i jepte t\u2019i p\u00ebrdornim dhe nuk na linte t\u00eb rrinim rehat.<\/span><\/p>\n<p class=\"MsoNormal\"><span lang=\"EN-US\"><em><a href=\"http:\/\/www.visit-ulcinj.com\/blog\/wp-content\/uploads\/2009\/05\/lavdia-big-brother-albania-2-live.jpg\"><img loading=\"lazy\" class=\"alignleft size-full wp-image-21561\" title=\"lavdia-big-brother-albania-2-live\" src=\"http:\/\/www.visit-ulcinj.com\/blog\/wp-content\/uploads\/2009\/05\/lavdia-big-brother-albania-2-live.jpg\" alt=\"lavdia-big-brother-albania-2-live\" width=\"190\" height=\"182\" \/><\/a>Lavdia (n\u00ebna e Arit)<\/em><\/span><\/p>\n<p class=\"MsoNormal\"><span lang=\"EN-US\"><strong>S<\/strong><\/span><strong><span lang=\"EN-US\">i e prit\u00ebt surpriz\u00ebn p\u00ebr t\u2019u futur n\u00eb sht\u00ebpin\u00eb e BB?<\/span><\/strong><\/p>\n<p class=\"MsoNormal\"><span lang=\"EN-US\">Fillimisht e p\u00ebrjetova me shum\u00eb ankth, se ishte nj\u00eb gj\u00eb q\u00eb nuk e kisha eksperimentuar n\u00eb jet\u00ebn time dhe p\u00ebr m\u00eb tep\u00ebr do shkoja n\u00eb nj\u00eb vend ku do t\u00eb gjeja tim bir. Pastaj fillimisht si\u00e7 u pa edhe nga publiku q\u00eb vet\u00eb djemt\u00eb nuk e prit\u00ebn mir\u00eb. Kjo sepse nuk donin q\u00eb t\u00eb na kishin pran\u00eb, por ata mendonin se \u00e7do gabim i b\u00ebr\u00eb prej nesh do t\u2019i penalizonte. Por kur e pan\u00eb q\u00eb ne t\u00eb gjitha n\u00ebnat dham\u00eb nj\u00eb shembull shum\u00eb t\u00eb mir\u00eb, dit\u00ebn e dyt\u00eb ishte krejt ndryshe. Filluam t\u00eb rrinim si n\u00eb sht\u00ebpin\u00eb ton\u00eb dhe t\u00eb gjith\u00eb na u duk\u00ebn si f\u00ebmij\u00ebt tan\u00eb. Filluam t\u00eb \u00e7malleshim, t\u00eb mblidheshin bashk\u00eb e t\u00eb diskutonim p\u00ebr tema t\u00eb ndryshme. Dit\u00ebt u mbush\u00ebn aq plot saq\u00eb nuk arrinim ta merrnin vesh si kalonte koha.<\/span><\/p>\n<p class=\"MsoNormal\"><span lang=\"EN-US\">\u00a0<strong>P\u00ebrjetuat nj\u00eb spektak\u00ebl surpriz\u00eb\u2026<\/strong><\/span><\/p>\n<p class=\"MsoNormal\"><span lang=\"EN-US\">Nuk po e besonim se \u00e7far\u00eb po ndodhte. Na dukej sikur ishte di\u00e7ka p\u00ebr t\u00eb na matur pulsin, p\u00ebr t\u00eb na par\u00eb sesi do reagonim, por kur ndodhi pat\u00ebm emocione mjaft t\u00eb forta. Kisha nj\u00eb rrahje zemre t\u00eb papar\u00eb. U vum\u00eb n\u00eb nj\u00eb pozit\u00eb mjaft t\u00eb v\u00ebshtir\u00eb, por p\u00ebr fat t\u00eb mir\u00eb nominimi ishte p\u00ebr t\u00eb \u00e7uar dik\u00eb n\u00eb finale dhe jo p\u00ebr ta eliminuar p\u00ebrndryshe nuk do kisha zgjedhur dot. E p\u00ebrjetuam aq shum\u00eb sa nuk e b\u00ebnim dot se na dukej sikur hiqnim nj\u00eb pjes\u00ebtar t\u00eb familjes.<\/span><\/p>\n<p class=\"MsoNormal\"><span lang=\"EN-US\">\u00a0<strong>Nominove Adin\u2026<\/strong><\/span><\/p>\n<p class=\"MsoNormal\"><span>Me t h \u00eb n \u00eb t \u00eb drejt\u00ebn ngaq\u00eb \u00ebsht\u00eb tiranas. Sikur shkova m\u00eb mir\u00eb dhe me kunat\u00ebn e Adit sikur gjeta veten nj\u00eb \u00e7ik\u00eb m\u00eb shum\u00eb. U tregova pak lokaliste, por si\u00e7 e thash\u00eb kur b\u00ebra nominimin, ai m\u00eb preku kur m\u00eb puthi duart..<\/span><\/p>\n<p class=\"MsoNormal\"><span>\u00a0<strong>Cil\u00ebn nga mamat\u00eb do t\u00eb eliminonit?<\/strong><\/span><\/p>\n<p class=\"MsoNormal\"><span lang=\"EN-US\">Asnj\u00ebr\u00ebn, t\u00eb betohem se asnj\u00ebra nuk m\u00eb la ndonj\u00eb shije t\u00eb keqe. Kemi kaluar n\u00eb m\u00ebnyr\u00eb t\u00eb shk\u00eblqyer. Nuk them dot.<\/span><\/p>\n","protected":false},"excerpt":{"rendered":"<p>\u00a0 Sanija (n\u00ebna e Adel\u00ebs) Si e prit\u00ebt surpriz\u00ebn p\u00ebr t\u2019u futur n\u00eb\u00a0 sht\u00ebpin\u00eb e BB? T\u00eb them t\u00eb drejt\u00ebn ishte gj\u00ebja m\u00eb e bukur dhe m\u00eb e lumtur, pasi takova vajz\u00ebn, por ishte shum\u00eb emocionuese dhe shum\u00eb e v\u00ebshtir\u00eb. I kishte t\u00eb dyja brenda. Kur takova Adel\u00ebn thash\u00eb se do vdisja n\u00eb at\u00eb moment, [&hellip;]<\/p>\n","protected":false},"author":1,"featured_media":0,"comment_status":"open","ping_status":"closed","sticky":false,"template":"","format":"standard","meta":{"spay_email":"","jetpack_publicize_message":"","jetpack_is_tweetstorm":false,"jetpack_publicize_feature_enabled":true},"categories":[6502],"tags":[6529,8300,6520,8934,9121,6522,10476,10477,10480,8276,10479,9751,10478],"jetpack_publicize_connections":[],"yoast_head":"<!-- This site is optimized with the Yoast SEO plugin v19.1 - https:\/\/yoast.com\/wordpress\/plugins\/seo\/ -->\n<title>Intervista - Emocionet e n\u00c3\u00abnave q\u00c3\u00ab hyn\u00c3\u00ab n\u00c3\u00ab Big Brother Albania 2<\/title>\n<meta name=\"description\" content=\"Intervista - Emocionet e n\u00c3\u00abnave q\u00c3\u00ab hyn\u00c3\u00ab n\u00c3\u00ab Big Brother Albania 2\" \/>\n<meta name=\"robots\" content=\"index, follow, max-snippet:-1, max-image-preview:large, max-video-preview:-1\" \/>\n<link rel=\"canonical\" href=\"https:\/\/www.visit-ulcinj.com\/blog\/2009\/05\/16\/intervista-emocionet-e-nenave-qe-hyne-ne-big-brother-albania-2\/\" \/>\n<meta property=\"og:locale\" content=\"en_US\" \/>\n<meta property=\"og:type\" content=\"article\" \/>\n<meta property=\"og:title\" content=\"Intervista - Emocionet e n\u00c3\u00abnave q\u00c3\u00ab hyn\u00c3\u00ab n\u00c3\u00ab Big Brother Albania 2\" \/>\n<meta property=\"og:description\" content=\"Intervista - Emocionet e n\u00c3\u00abnave q\u00c3\u00ab hyn\u00c3\u00ab n\u00c3\u00ab Big Brother Albania 2\" \/>\n<meta property=\"og:url\" content=\"https:\/\/www.visit-ulcinj.com\/blog\/2009\/05\/16\/intervista-emocionet-e-nenave-qe-hyne-ne-big-brother-albania-2\/\" \/>\n<meta property=\"og:site_name\" content=\"Lajme nga Ulqini\" \/>\n<meta property=\"article:published_time\" content=\"2009-05-16T11:00:40+00:00\" \/>\n<meta property=\"article:modified_time\" content=\"2009-05-16T10:50:55+00:00\" \/>\n<meta property=\"og:image\" content=\"http:\/\/www.visit-ulcinj.com\/blog\/wp-content\/uploads\/2009\/05\/sanija-big-brother-albania-2-live.jpg\" \/>\n<meta name=\"twitter:label1\" content=\"Written by\" \/>\n\t<meta name=\"twitter:data1\" content=\"ulqini\" \/>\n\t<meta name=\"twitter:label2\" content=\"Est. reading time\" \/>\n\t<meta name=\"twitter:data2\" content=\"8 minutes\" \/>\n<script type=\"application\/ld+json\" class=\"yoast-schema-graph\">{\"@context\":\"https:\/\/schema.org\",\"@graph\":[{\"@type\":\"WebSite\",\"@id\":\"https:\/\/www.visit-ulcinj.com\/blog\/#website\",\"url\":\"https:\/\/www.visit-ulcinj.com\/blog\/\",\"name\":\"Lajme nga Ulqini\",\"description\":\"Lajme,Vijesti,Ulqini,Ulqin,Crna Gora,Mali i Zi\",\"potentialAction\":[{\"@type\":\"SearchAction\",\"target\":{\"@type\":\"EntryPoint\",\"urlTemplate\":\"https:\/\/www.visit-ulcinj.com\/blog\/?s={search_term_string}\"},\"query-input\":\"required name=search_term_string\"}],\"inLanguage\":\"en-US\"},{\"@type\":\"ImageObject\",\"inLanguage\":\"en-US\",\"@id\":\"https:\/\/www.visit-ulcinj.com\/blog\/2009\/05\/16\/intervista-emocionet-e-nenave-qe-hyne-ne-big-brother-albania-2\/#primaryimage\",\"url\":\"http:\/\/www.visit-ulcinj.com\/blog\/wp-content\/uploads\/2009\/05\/sanija-big-brother-albania-2-live.jpg\",\"contentUrl\":\"http:\/\/www.visit-ulcinj.com\/blog\/wp-content\/uploads\/2009\/05\/sanija-big-brother-albania-2-live.jpg\"},{\"@type\":\"WebPage\",\"@id\":\"https:\/\/www.visit-ulcinj.com\/blog\/2009\/05\/16\/intervista-emocionet-e-nenave-qe-hyne-ne-big-brother-albania-2\/#webpage\",\"url\":\"https:\/\/www.visit-ulcinj.com\/blog\/2009\/05\/16\/intervista-emocionet-e-nenave-qe-hyne-ne-big-brother-albania-2\/\",\"name\":\"Intervista - Emocionet e n\u00c3\u00abnave q\u00c3\u00ab hyn\u00c3\u00ab n\u00c3\u00ab Big Brother Albania 2\",\"isPartOf\":{\"@id\":\"https:\/\/www.visit-ulcinj.com\/blog\/#website\"},\"primaryImageOfPage\":{\"@id\":\"https:\/\/www.visit-ulcinj.com\/blog\/2009\/05\/16\/intervista-emocionet-e-nenave-qe-hyne-ne-big-brother-albania-2\/#primaryimage\"},\"datePublished\":\"2009-05-16T11:00:40+00:00\",\"dateModified\":\"2009-05-16T10:50:55+00:00\",\"author\":{\"@id\":\"https:\/\/www.visit-ulcinj.com\/blog\/#\/schema\/person\/dcab619c614d3038751c63bc2aadc06d\"},\"description\":\"Intervista - Emocionet e n\u00c3\u00abnave q\u00c3\u00ab hyn\u00c3\u00ab n\u00c3\u00ab Big Brother Albania 2\",\"breadcrumb\":{\"@id\":\"https:\/\/www.visit-ulcinj.com\/blog\/2009\/05\/16\/intervista-emocionet-e-nenave-qe-hyne-ne-big-brother-albania-2\/#breadcrumb\"},\"inLanguage\":\"en-US\",\"potentialAction\":[{\"@type\":\"ReadAction\",\"target\":[\"https:\/\/www.visit-ulcinj.com\/blog\/2009\/05\/16\/intervista-emocionet-e-nenave-qe-hyne-ne-big-brother-albania-2\/\"]}]},{\"@type\":\"BreadcrumbList\",\"@id\":\"https:\/\/www.visit-ulcinj.com\/blog\/2009\/05\/16\/intervista-emocionet-e-nenave-qe-hyne-ne-big-brother-albania-2\/#breadcrumb\",\"itemListElement\":[{\"@type\":\"ListItem\",\"position\":1,\"name\":\"Intervista &#8211; Emocionet e n\u00ebnave q\u00eb hyn\u00eb n\u00eb Big Brother Albania 2\"}]},{\"@type\":\"Person\",\"@id\":\"https:\/\/www.visit-ulcinj.com\/blog\/#\/schema\/person\/dcab619c614d3038751c63bc2aadc06d\",\"name\":\"ulqini\",\"sameAs\":[\"http:\/\/www.visit-ulcinj.com\"],\"url\":\"https:\/\/www.visit-ulcinj.com\/blog\/author\/admin\/\"}]}<\/script>\n<!-- \/ Yoast SEO plugin. -->","yoast_head_json":{"title":"Intervista - Emocionet e n\u00c3\u00abnave q\u00c3\u00ab hyn\u00c3\u00ab n\u00c3\u00ab Big Brother Albania 2","description":"Intervista - Emocionet e n\u00c3\u00abnave q\u00c3\u00ab hyn\u00c3\u00ab n\u00c3\u00ab Big Brother Albania 2","robots":{"index":"index","follow":"follow","max-snippet":"max-snippet:-1","max-image-preview":"max-image-preview:large","max-video-preview":"max-video-preview:-1"},"canonical":"https:\/\/www.visit-ulcinj.com\/blog\/2009\/05\/16\/intervista-emocionet-e-nenave-qe-hyne-ne-big-brother-albania-2\/","og_locale":"en_US","og_type":"article","og_title":"Intervista - Emocionet e n\u00c3\u00abnave q\u00c3\u00ab hyn\u00c3\u00ab n\u00c3\u00ab Big Brother Albania 2","og_description":"Intervista - Emocionet e n\u00c3\u00abnave q\u00c3\u00ab hyn\u00c3\u00ab n\u00c3\u00ab Big Brother Albania 2","og_url":"https:\/\/www.visit-ulcinj.com\/blog\/2009\/05\/16\/intervista-emocionet-e-nenave-qe-hyne-ne-big-brother-albania-2\/","og_site_name":"Lajme nga Ulqini","article_published_time":"2009-05-16T11:00:40+00:00","article_modified_time":"2009-05-16T10:50:55+00:00","og_image":[{"url":"http:\/\/www.visit-ulcinj.com\/blog\/wp-content\/uploads\/2009\/05\/sanija-big-brother-albania-2-live.jpg"}],"twitter_misc":{"Written by":"ulqini","Est. reading time":"8 minutes"},"schema":{"@context":"https:\/\/schema.org","@graph":[{"@type":"WebSite","@id":"https:\/\/www.visit-ulcinj.com\/blog\/#website","url":"https:\/\/www.visit-ulcinj.com\/blog\/","name":"Lajme nga Ulqini","description":"Lajme,Vijesti,Ulqini,Ulqin,Crna Gora,Mali i Zi","potentialAction":[{"@type":"SearchAction","target":{"@type":"EntryPoint","urlTemplate":"https:\/\/www.visit-ulcinj.com\/blog\/?s={search_term_string}"},"query-input":"required name=search_term_string"}],"inLanguage":"en-US"},{"@type":"ImageObject","inLanguage":"en-US","@id":"https:\/\/www.visit-ulcinj.com\/blog\/2009\/05\/16\/intervista-emocionet-e-nenave-qe-hyne-ne-big-brother-albania-2\/#primaryimage","url":"http:\/\/www.visit-ulcinj.com\/blog\/wp-content\/uploads\/2009\/05\/sanija-big-brother-albania-2-live.jpg","contentUrl":"http:\/\/www.visit-ulcinj.com\/blog\/wp-content\/uploads\/2009\/05\/sanija-big-brother-albania-2-live.jpg"},{"@type":"WebPage","@id":"https:\/\/www.visit-ulcinj.com\/blog\/2009\/05\/16\/intervista-emocionet-e-nenave-qe-hyne-ne-big-brother-albania-2\/#webpage","url":"https:\/\/www.visit-ulcinj.com\/blog\/2009\/05\/16\/intervista-emocionet-e-nenave-qe-hyne-ne-big-brother-albania-2\/","name":"Intervista - Emocionet e n\u00c3\u00abnave q\u00c3\u00ab hyn\u00c3\u00ab n\u00c3\u00ab Big Brother Albania 2","isPartOf":{"@id":"https:\/\/www.visit-ulcinj.com\/blog\/#website"},"primaryImageOfPage":{"@id":"https:\/\/www.visit-ulcinj.com\/blog\/2009\/05\/16\/intervista-emocionet-e-nenave-qe-hyne-ne-big-brother-albania-2\/#primaryimage"},"datePublished":"2009-05-16T11:00:40+00:00","dateModified":"2009-05-16T10:50:55+00:00","author":{"@id":"https:\/\/www.visit-ulcinj.com\/blog\/#\/schema\/person\/dcab619c614d3038751c63bc2aadc06d"},"description":"Intervista - Emocionet e n\u00c3\u00abnave q\u00c3\u00ab hyn\u00c3\u00ab n\u00c3\u00ab Big Brother Albania 2","breadcrumb":{"@id":"https:\/\/www.visit-ulcinj.com\/blog\/2009\/05\/16\/intervista-emocionet-e-nenave-qe-hyne-ne-big-brother-albania-2\/#breadcrumb"},"inLanguage":"en-US","potentialAction":[{"@type":"ReadAction","target":["https:\/\/www.visit-ulcinj.com\/blog\/2009\/05\/16\/intervista-emocionet-e-nenave-qe-hyne-ne-big-brother-albania-2\/"]}]},{"@type":"BreadcrumbList","@id":"https:\/\/www.visit-ulcinj.com\/blog\/2009\/05\/16\/intervista-emocionet-e-nenave-qe-hyne-ne-big-brother-albania-2\/#breadcrumb","itemListElement":[{"@type":"ListItem","position":1,"name":"Intervista &#8211; Emocionet e n\u00ebnave q\u00eb hyn\u00eb n\u00eb Big Brother Albania 2"}]},{"@type":"Person","@id":"https:\/\/www.visit-ulcinj.com\/blog\/#\/schema\/person\/dcab619c614d3038751c63bc2aadc06d","name":"ulqini","sameAs":["http:\/\/www.visit-ulcinj.com"],"url":"https:\/\/www.visit-ulcinj.com\/blog\/author\/admin\/"}]}},"jetpack_featured_media_url":"","jetpack_sharing_enabled":true,"jetpack_shortlink":"https:\/\/wp.me\/pe6lTn-5BG","_links":{"self":[{"href":"https:\/\/www.visit-ulcinj.com\/blog\/wp-json\/wp\/v2\/posts\/21556"}],"collection":[{"href":"https:\/\/www.visit-ulcinj.com\/blog\/wp-json\/wp\/v2\/posts"}],"about":[{"href":"https:\/\/www.visit-ulcinj.com\/blog\/wp-json\/wp\/v2\/types\/post"}],"author":[{"embeddable":true,"href":"https:\/\/www.visit-ulcinj.com\/blog\/wp-json\/wp\/v2\/users\/1"}],"replies":[{"embeddable":true,"href":"https:\/\/www.visit-ulcinj.com\/blog\/wp-json\/wp\/v2\/comments?post=21556"}],"version-history":[{"count":0,"href":"https:\/\/www.visit-ulcinj.com\/blog\/wp-json\/wp\/v2\/posts\/21556\/revisions"}],"wp:attachment":[{"href":"https:\/\/www.visit-ulcinj.com\/blog\/wp-json\/wp\/v2\/media?parent=21556"}],"wp:term":[{"taxonomy":"category","embeddable":true,"href":"https:\/\/www.visit-ulcinj.com\/blog\/wp-json\/wp\/v2\/categories?post=21556"},{"taxonomy":"post_tag","embeddable":true,"href":"https:\/\/www.visit-ulcinj.com\/blog\/wp-json\/wp\/v2\/tags?post=21556"}],"curies":[{"name":"wp","href":"https:\/\/api.w.org\/{rel}","templated":true}]}}