{"id":21563,"date":"2009-05-16T13:50:00","date_gmt":"2009-05-16T11:50:00","guid":{"rendered":"http:\/\/www.visit-ulcinj.com\/blog\/?p=21563"},"modified":"2009-05-16T13:41:59","modified_gmt":"2009-05-16T11:41:59","slug":"big-brother-albania-2-mimoza-krasniqi-intervista","status":"publish","type":"post","link":"https:\/\/www.visit-ulcinj.com\/blog\/2009\/05\/16\/big-brother-albania-2-mimoza-krasniqi-intervista\/","title":{"rendered":"Big Brother Albania 2, Mimoza Krasniqi, Intervista"},"content":{"rendered":"<p><em><a href=\"http:\/\/www.visit-ulcinj.com\/blog\/wp-content\/uploads\/2009\/05\/mimoza-krasniqi-intervista-big-brother-albania-2-live.jpg\"><img loading=\"lazy\" class=\"alignleft size-full wp-image-21572\" title=\"mimoza-krasniqi-intervista-big-brother-albania-2-live\" src=\"http:\/\/www.visit-ulcinj.com\/blog\/wp-content\/uploads\/2009\/05\/mimoza-krasniqi-intervista-big-brother-albania-2-live.jpg\" alt=\"mimoza-krasniqi-intervista-big-brother-albania-2-live\" width=\"585\" height=\"450\" \/><\/a>Moza: Takimi im me Polin dhe shkaku i munges\u00ebs s\u00eb tij n\u00eb spektak\u00ebl<\/em><\/p>\n<p><em>Adela m\u00eb ka zhg\u00ebnjyer n\u00eb shum\u00eb raste<\/em><\/p>\n<p><strong>Moza si ndihesh tani q\u00eb dole nga &#8220;Big Brother&#8221;?<\/strong><\/p>\n<p>Shum\u00eb e lumtur dhe \u00ebsht\u00eb nj\u00eb ndjesi shum\u00eb e ve\u00e7ant\u00eb q\u00eb pata nj\u00eb eksperienc\u00eb t\u00eb till\u00eb.<\/p>\n<p><strong>A ndien se ka ndryshuar di\u00e7ka me ty, apo me bot\u00ebn p\u00ebrreth?<\/strong><\/p>\n<p>Tek un\u00eb jo, thjesht tani njer\u00ebzit m\u00eb njohin.<\/p>\n<p><strong>A ishte &#8220;Big Brother&#8221; ashtu si\u00e7 e prisje? <\/strong>Ishte shum\u00eb m\u00eb bukur sesa e mendoja un\u00eb.<\/p>\n<p><strong>A ke derdhur ndonj\u00ebher\u00eb lot atje brenda ?<\/strong><\/p>\n<p>Po.<\/p>\n<p><strong>Cili ka qen\u00eb komenti i familjar\u00ebve t\u00eb tu, p\u00ebr sjelljen t\u00ebnde brenda sht\u00ebpis\u00eb s\u00eb &#8220;Big Brother&#8221;?<\/strong><\/p>\n<p>Kan\u00eb qen\u00eb shum\u00eb krenar\u00eb p\u00ebr sjelljen time aty brenda.<\/p>\n<p><strong>Kur dole a e takove Polin?<\/strong><\/p>\n<p>Po u takuam.<\/p>\n<p><strong>U m\u00ebrzite q\u00eb ai nuk erdhi t\u00eb t\u00eb priste n\u00eb oborrin e sht\u00ebpis\u00eb?<\/strong><\/p>\n<p>N\u00eb fillim u m\u00ebrzita pak, por pastaj mendova q\u00eb mund t\u00eb kishte pasur nj\u00eb arsye t\u00eb fort\u00eb q\u00eb nuk kishte ardhur.<\/p>\n<p><strong>Pse ai nuk erdhi, a e pyete?<\/strong><\/p>\n<p>Kishte arsyet e veta dhe un\u00eb e kuptova.<\/p>\n<p><strong>A beson te dashuria q\u00eb lind brenda &#8220;Big Brother&#8221;?<\/strong><\/p>\n<p>Absolutisht jo .P\u00ebr mendimin tim, \u00ebsht\u00eb e gjitha loj\u00eb.<\/p>\n<p><strong>A mendon se Adel\u00ebn e ke shoqe, apo rivale ?<\/strong><\/p>\n<p>Besoj se e kam shoqe.<\/p>\n<p><strong>Do t\u00eb kishe dashur q\u00eb edhe ti t\u00eb kishe qen\u00eb e ftuar surpriz\u00eb te spektakli &#8220;E Diell&#8221; ashti si ndodhi me Adel\u00ebn?<\/strong><\/p>\n<p>Po shum\u00eb. Do isha g\u00ebzuar shum\u00eb.<\/p>\n<p><strong>T\u00eb kan\u00eb akuzuar se ti ke vazhduar t\u00eb rrish n\u00eb sht\u00ebpi, vet\u00ebm se je e bukur, \u00e7far\u00eb do t\u00eb thoshe p\u00ebr k\u00ebt\u00eb gj\u00eb?<\/strong><\/p>\n<p>E para, un\u00eb shkova deri n\u00eb gjysm\u00ebfinale dhe deri k\u00ebtu arrita fal\u00eb vler\u00ebsimit t\u00eb publikut. E dyta, kjo akuz\u00eb \u00ebsht\u00eb b\u00ebr\u00eb m\u00eb shum\u00eb nga ana e Virusit, por q\u00eb m\u00eb von\u00eb e kuptoi dhe e pranoi q\u00eb nuk kisha ve\u00e7 bukuri, por dhe zgjuarsi.<\/p>\n<p><strong>Moza, cili ka qen\u00eb momenti m\u00eb i bukur brenda &#8220;Big Brother&#8221;?<\/strong><\/p>\n<p>Kam pasur tri momente t\u00eb bukura brenda sht\u00ebpis\u00eb. Momentin kur m\u00eb soll\u00ebn motr\u00ebn, letra dhe arushi q\u00eb m\u00eb d\u00ebrgoi Poli dhe organizimin q\u00eb m\u00eb b\u00ebri Big-u p\u00ebr dit\u00eblindjen time.<\/p>\n<p><strong>Arjoni ka deklaruar se Adela dhe Bjordi kan\u00eb b\u00ebr\u00eb seks brenda sht\u00ebpis\u00eb, ti \u00e7far\u00eb do t\u00eb komentoje p\u00ebr k\u00ebt\u00eb deklarat\u00eb? Ke par\u00eb gj\u00eb?<\/strong><\/p>\n<p>Nuk e kam iden\u00eb.<\/p>\n<p><strong>Gjat\u00eb q\u00ebndrimit n\u00eb sht\u00ebpi, ti pate nj\u00eb incident t\u00eb vog\u00ebl me Adin, po sot \u00e7far\u00eb mendon p\u00ebr at\u00eb ?<\/strong><\/p>\n<p>Ishte thjesht nj\u00eb keqkuptim t\u00eb cilin e sqaruam.<\/p>\n<p><strong>Kush ishte vajza m\u00eb e bukur k\u00ebt\u00eb edicion n\u00eb &#8220;Big Brother&#8221;?<\/strong><\/p>\n<p>Ha ha ha edhe n\u00eb k\u00ebt\u00eb rast po e vler\u00ebsoj veten dhe po them q\u00eb isha un\u00eb m\u00eb e bukura.<\/p>\n<p><strong>Po djali m\u00eb seksi?<\/strong><\/p>\n<p>Qetsori<\/p>\n<p><strong>A ke nd\u00ebrmend ende, t\u00eb merresh me k\u00ebng\u00eb, apo ke ndryshuar mendim?<\/strong><\/p>\n<p>Po shum\u00eb, muzik\u00ebn e kam pasion..<\/p>\n","protected":false},"excerpt":{"rendered":"<p>Moza: Takimi im me Polin dhe shkaku i munges\u00ebs s\u00eb tij n\u00eb spektak\u00ebl Adela m\u00eb ka zhg\u00ebnjyer n\u00eb shum\u00eb raste Moza si ndihesh tani q\u00eb dole nga &#8220;Big Brother&#8221;? Shum\u00eb e lumtur dhe \u00ebsht\u00eb nj\u00eb ndjesi shum\u00eb e ve\u00e7ant\u00eb q\u00eb pata nj\u00eb eksperienc\u00eb t\u00eb till\u00eb. A ndien se ka ndryshuar di\u00e7ka me ty, apo me [&hellip;]<\/p>\n","protected":false},"author":1,"featured_media":0,"comment_status":"open","ping_status":"closed","sticky":false,"template":"","format":"standard","meta":{"spay_email":"","jetpack_publicize_message":"","jetpack_is_tweetstorm":false,"jetpack_publicize_feature_enabled":true},"categories":[6502],"tags":[9121,8966,6544,7969,4980,9751],"jetpack_publicize_connections":[],"yoast_head":"<!-- This site is optimized with the Yoast SEO plugin v19.1 - https:\/\/yoast.com\/wordpress\/plugins\/seo\/ -->\n<title>Big Brother Albania 2, Mimoza Krasniqi, Intervista - Lajme nga Ulqini<\/title>\n<meta name=\"description\" content=\"Moza: Takimi im me Polin dhe shkaku i munges\u00ebs s\u00eb tij n\u00eb spektak\u00ebl Adela m\u00eb ka zhg\u00ebnjyer n\u00eb shum\u00eb raste Moza si ndihesh tani q\u00eb dole nga &quot;Big Brother&quot;?\" \/>\n<meta name=\"robots\" content=\"index, follow, max-snippet:-1, max-image-preview:large, max-video-preview:-1\" \/>\n<link rel=\"canonical\" href=\"https:\/\/www.visit-ulcinj.com\/blog\/2009\/05\/16\/big-brother-albania-2-mimoza-krasniqi-intervista\/\" \/>\n<meta property=\"og:locale\" content=\"en_US\" \/>\n<meta property=\"og:type\" content=\"article\" \/>\n<meta property=\"og:title\" content=\"Big Brother Albania 2, Mimoza Krasniqi, Intervista - Lajme nga Ulqini\" \/>\n<meta property=\"og:description\" content=\"Moza: Takimi im me Polin dhe shkaku i munges\u00ebs s\u00eb tij n\u00eb spektak\u00ebl Adela m\u00eb ka zhg\u00ebnjyer n\u00eb shum\u00eb raste Moza si ndihesh tani q\u00eb dole nga &quot;Big Brother&quot;?\" \/>\n<meta property=\"og:url\" content=\"https:\/\/www.visit-ulcinj.com\/blog\/2009\/05\/16\/big-brother-albania-2-mimoza-krasniqi-intervista\/\" \/>\n<meta property=\"og:site_name\" content=\"Lajme nga Ulqini\" \/>\n<meta property=\"article:published_time\" content=\"2009-05-16T11:50:00+00:00\" \/>\n<meta property=\"article:modified_time\" content=\"2009-05-16T11:41:59+00:00\" \/>\n<meta property=\"og:image\" content=\"http:\/\/www.visit-ulcinj.com\/blog\/wp-content\/uploads\/2009\/05\/mimoza-krasniqi-intervista-big-brother-albania-2-live.jpg\" \/>\n<meta name=\"twitter:label1\" content=\"Written by\" \/>\n\t<meta name=\"twitter:data1\" content=\"ulqini\" \/>\n\t<meta name=\"twitter:label2\" content=\"Est. reading time\" \/>\n\t<meta name=\"twitter:data2\" content=\"2 minutes\" \/>\n<script type=\"application\/ld+json\" class=\"yoast-schema-graph\">{\"@context\":\"https:\/\/schema.org\",\"@graph\":[{\"@type\":\"WebSite\",\"@id\":\"https:\/\/www.visit-ulcinj.com\/blog\/#website\",\"url\":\"https:\/\/www.visit-ulcinj.com\/blog\/\",\"name\":\"Lajme nga Ulqini\",\"description\":\"Lajme,Vijesti,Ulqini,Ulqin,Crna Gora,Mali i Zi\",\"potentialAction\":[{\"@type\":\"SearchAction\",\"target\":{\"@type\":\"EntryPoint\",\"urlTemplate\":\"https:\/\/www.visit-ulcinj.com\/blog\/?s={search_term_string}\"},\"query-input\":\"required name=search_term_string\"}],\"inLanguage\":\"en-US\"},{\"@type\":\"ImageObject\",\"inLanguage\":\"en-US\",\"@id\":\"https:\/\/www.visit-ulcinj.com\/blog\/2009\/05\/16\/big-brother-albania-2-mimoza-krasniqi-intervista\/#primaryimage\",\"url\":\"http:\/\/www.visit-ulcinj.com\/blog\/wp-content\/uploads\/2009\/05\/mimoza-krasniqi-intervista-big-brother-albania-2-live.jpg\",\"contentUrl\":\"http:\/\/www.visit-ulcinj.com\/blog\/wp-content\/uploads\/2009\/05\/mimoza-krasniqi-intervista-big-brother-albania-2-live.jpg\"},{\"@type\":\"WebPage\",\"@id\":\"https:\/\/www.visit-ulcinj.com\/blog\/2009\/05\/16\/big-brother-albania-2-mimoza-krasniqi-intervista\/#webpage\",\"url\":\"https:\/\/www.visit-ulcinj.com\/blog\/2009\/05\/16\/big-brother-albania-2-mimoza-krasniqi-intervista\/\",\"name\":\"Big Brother Albania 2, Mimoza Krasniqi, Intervista - Lajme nga Ulqini\",\"isPartOf\":{\"@id\":\"https:\/\/www.visit-ulcinj.com\/blog\/#website\"},\"primaryImageOfPage\":{\"@id\":\"https:\/\/www.visit-ulcinj.com\/blog\/2009\/05\/16\/big-brother-albania-2-mimoza-krasniqi-intervista\/#primaryimage\"},\"datePublished\":\"2009-05-16T11:50:00+00:00\",\"dateModified\":\"2009-05-16T11:41:59+00:00\",\"author\":{\"@id\":\"https:\/\/www.visit-ulcinj.com\/blog\/#\/schema\/person\/dcab619c614d3038751c63bc2aadc06d\"},\"description\":\"Moza: Takimi im me Polin dhe shkaku i munges\u00ebs s\u00eb tij n\u00eb spektak\u00ebl Adela m\u00eb ka zhg\u00ebnjyer n\u00eb shum\u00eb raste Moza si ndihesh tani q\u00eb dole nga \\\"Big Brother\\\"?\",\"breadcrumb\":{\"@id\":\"https:\/\/www.visit-ulcinj.com\/blog\/2009\/05\/16\/big-brother-albania-2-mimoza-krasniqi-intervista\/#breadcrumb\"},\"inLanguage\":\"en-US\",\"potentialAction\":[{\"@type\":\"ReadAction\",\"target\":[\"https:\/\/www.visit-ulcinj.com\/blog\/2009\/05\/16\/big-brother-albania-2-mimoza-krasniqi-intervista\/\"]}]},{\"@type\":\"BreadcrumbList\",\"@id\":\"https:\/\/www.visit-ulcinj.com\/blog\/2009\/05\/16\/big-brother-albania-2-mimoza-krasniqi-intervista\/#breadcrumb\",\"itemListElement\":[{\"@type\":\"ListItem\",\"position\":1,\"name\":\"Big Brother Albania 2, Mimoza Krasniqi, Intervista\"}]},{\"@type\":\"Person\",\"@id\":\"https:\/\/www.visit-ulcinj.com\/blog\/#\/schema\/person\/dcab619c614d3038751c63bc2aadc06d\",\"name\":\"ulqini\",\"sameAs\":[\"http:\/\/www.visit-ulcinj.com\"],\"url\":\"https:\/\/www.visit-ulcinj.com\/blog\/author\/admin\/\"}]}<\/script>\n<!-- \/ Yoast SEO plugin. -->","yoast_head_json":{"title":"Big Brother Albania 2, Mimoza Krasniqi, Intervista - Lajme nga Ulqini","description":"Moza: Takimi im me Polin dhe shkaku i munges\u00ebs s\u00eb tij n\u00eb spektak\u00ebl Adela m\u00eb ka zhg\u00ebnjyer n\u00eb shum\u00eb raste Moza si ndihesh tani q\u00eb dole nga \"Big Brother\"?","robots":{"index":"index","follow":"follow","max-snippet":"max-snippet:-1","max-image-preview":"max-image-preview:large","max-video-preview":"max-video-preview:-1"},"canonical":"https:\/\/www.visit-ulcinj.com\/blog\/2009\/05\/16\/big-brother-albania-2-mimoza-krasniqi-intervista\/","og_locale":"en_US","og_type":"article","og_title":"Big Brother Albania 2, Mimoza Krasniqi, Intervista - Lajme nga Ulqini","og_description":"Moza: Takimi im me Polin dhe shkaku i munges\u00ebs s\u00eb tij n\u00eb spektak\u00ebl Adela m\u00eb ka zhg\u00ebnjyer n\u00eb shum\u00eb raste Moza si ndihesh tani q\u00eb dole nga \"Big Brother\"?","og_url":"https:\/\/www.visit-ulcinj.com\/blog\/2009\/05\/16\/big-brother-albania-2-mimoza-krasniqi-intervista\/","og_site_name":"Lajme nga Ulqini","article_published_time":"2009-05-16T11:50:00+00:00","article_modified_time":"2009-05-16T11:41:59+00:00","og_image":[{"url":"http:\/\/www.visit-ulcinj.com\/blog\/wp-content\/uploads\/2009\/05\/mimoza-krasniqi-intervista-big-brother-albania-2-live.jpg"}],"twitter_misc":{"Written by":"ulqini","Est. reading time":"2 minutes"},"schema":{"@context":"https:\/\/schema.org","@graph":[{"@type":"WebSite","@id":"https:\/\/www.visit-ulcinj.com\/blog\/#website","url":"https:\/\/www.visit-ulcinj.com\/blog\/","name":"Lajme nga Ulqini","description":"Lajme,Vijesti,Ulqini,Ulqin,Crna Gora,Mali i Zi","potentialAction":[{"@type":"SearchAction","target":{"@type":"EntryPoint","urlTemplate":"https:\/\/www.visit-ulcinj.com\/blog\/?s={search_term_string}"},"query-input":"required name=search_term_string"}],"inLanguage":"en-US"},{"@type":"ImageObject","inLanguage":"en-US","@id":"https:\/\/www.visit-ulcinj.com\/blog\/2009\/05\/16\/big-brother-albania-2-mimoza-krasniqi-intervista\/#primaryimage","url":"http:\/\/www.visit-ulcinj.com\/blog\/wp-content\/uploads\/2009\/05\/mimoza-krasniqi-intervista-big-brother-albania-2-live.jpg","contentUrl":"http:\/\/www.visit-ulcinj.com\/blog\/wp-content\/uploads\/2009\/05\/mimoza-krasniqi-intervista-big-brother-albania-2-live.jpg"},{"@type":"WebPage","@id":"https:\/\/www.visit-ulcinj.com\/blog\/2009\/05\/16\/big-brother-albania-2-mimoza-krasniqi-intervista\/#webpage","url":"https:\/\/www.visit-ulcinj.com\/blog\/2009\/05\/16\/big-brother-albania-2-mimoza-krasniqi-intervista\/","name":"Big Brother Albania 2, Mimoza Krasniqi, Intervista - Lajme nga Ulqini","isPartOf":{"@id":"https:\/\/www.visit-ulcinj.com\/blog\/#website"},"primaryImageOfPage":{"@id":"https:\/\/www.visit-ulcinj.com\/blog\/2009\/05\/16\/big-brother-albania-2-mimoza-krasniqi-intervista\/#primaryimage"},"datePublished":"2009-05-16T11:50:00+00:00","dateModified":"2009-05-16T11:41:59+00:00","author":{"@id":"https:\/\/www.visit-ulcinj.com\/blog\/#\/schema\/person\/dcab619c614d3038751c63bc2aadc06d"},"description":"Moza: Takimi im me Polin dhe shkaku i munges\u00ebs s\u00eb tij n\u00eb spektak\u00ebl Adela m\u00eb ka zhg\u00ebnjyer n\u00eb shum\u00eb raste Moza si ndihesh tani q\u00eb dole nga \"Big Brother\"?","breadcrumb":{"@id":"https:\/\/www.visit-ulcinj.com\/blog\/2009\/05\/16\/big-brother-albania-2-mimoza-krasniqi-intervista\/#breadcrumb"},"inLanguage":"en-US","potentialAction":[{"@type":"ReadAction","target":["https:\/\/www.visit-ulcinj.com\/blog\/2009\/05\/16\/big-brother-albania-2-mimoza-krasniqi-intervista\/"]}]},{"@type":"BreadcrumbList","@id":"https:\/\/www.visit-ulcinj.com\/blog\/2009\/05\/16\/big-brother-albania-2-mimoza-krasniqi-intervista\/#breadcrumb","itemListElement":[{"@type":"ListItem","position":1,"name":"Big Brother Albania 2, Mimoza Krasniqi, Intervista"}]},{"@type":"Person","@id":"https:\/\/www.visit-ulcinj.com\/blog\/#\/schema\/person\/dcab619c614d3038751c63bc2aadc06d","name":"ulqini","sameAs":["http:\/\/www.visit-ulcinj.com"],"url":"https:\/\/www.visit-ulcinj.com\/blog\/author\/admin\/"}]}},"jetpack_featured_media_url":"","jetpack_sharing_enabled":true,"jetpack_shortlink":"https:\/\/wp.me\/pe6lTn-5BN","_links":{"self":[{"href":"https:\/\/www.visit-ulcinj.com\/blog\/wp-json\/wp\/v2\/posts\/21563"}],"collection":[{"href":"https:\/\/www.visit-ulcinj.com\/blog\/wp-json\/wp\/v2\/posts"}],"about":[{"href":"https:\/\/www.visit-ulcinj.com\/blog\/wp-json\/wp\/v2\/types\/post"}],"author":[{"embeddable":true,"href":"https:\/\/www.visit-ulcinj.com\/blog\/wp-json\/wp\/v2\/users\/1"}],"replies":[{"embeddable":true,"href":"https:\/\/www.visit-ulcinj.com\/blog\/wp-json\/wp\/v2\/comments?post=21563"}],"version-history":[{"count":0,"href":"https:\/\/www.visit-ulcinj.com\/blog\/wp-json\/wp\/v2\/posts\/21563\/revisions"}],"wp:attachment":[{"href":"https:\/\/www.visit-ulcinj.com\/blog\/wp-json\/wp\/v2\/media?parent=21563"}],"wp:term":[{"taxonomy":"category","embeddable":true,"href":"https:\/\/www.visit-ulcinj.com\/blog\/wp-json\/wp\/v2\/categories?post=21563"},{"taxonomy":"post_tag","embeddable":true,"href":"https:\/\/www.visit-ulcinj.com\/blog\/wp-json\/wp\/v2\/tags?post=21563"}],"curies":[{"name":"wp","href":"https:\/\/api.w.org\/{rel}","templated":true}]}}