{"id":21564,"date":"2009-05-16T13:01:25","date_gmt":"2009-05-16T11:01:25","guid":{"rendered":"http:\/\/www.visit-ulcinj.com\/blog\/?p=21564"},"modified":"2009-05-16T12:51:07","modified_gmt":"2009-05-16T10:51:07","slug":"big-brother-albania-2-anjeza-intervista","status":"publish","type":"post","link":"https:\/\/www.visit-ulcinj.com\/blog\/2009\/05\/16\/big-brother-albania-2-anjeza-intervista\/","title":{"rendered":"Big Brother Albania 2, Anjeza, Intervista"},"content":{"rendered":"<p><em><a href=\"http:\/\/www.visit-ulcinj.com\/blog\/wp-content\/uploads\/2009\/05\/anjeza_big-brother-albania-2-live.jpg\"><img loading=\"lazy\" class=\"alignleft size-full wp-image-21565\" title=\"anjeza_big-brother-albania-2-live\" src=\"http:\/\/www.visit-ulcinj.com\/blog\/wp-content\/uploads\/2009\/05\/anjeza_big-brother-albania-2-live.jpg\" alt=\"anjeza_big-brother-albania-2-live\" width=\"585\" height=\"430\" \/><\/a>Anjeza jasht\u00eb &#8220;Big Brother 2&#8221;<br \/>\n<\/em><\/p>\n<p><em>M\u00eb thoni Arjoni, ju them romanc\u00eb<\/em><\/p>\n<p><strong>Anjeza si ndihesh?<\/strong><\/p>\n<p>M\u00eb kishte marr\u00eb malli p\u00ebr bot\u00ebn time jasht\u00eb BB, p\u00ebr familjen time, miqt\u00eb mi dhe gj\u00ebrat e mia t\u00eb p\u00ebrditshme. Kam nj\u00eb ndjesi t\u00eb mir\u00eb, e cila ndoshta m\u00eb vjen nga reagimet pozitive q\u00eb marr jo vet\u00ebm nga t\u00eb af\u00ebrmit e mi, por edhe nga njer\u00ebz t\u00eb thjesht\u00eb q\u00eb takoj kudo. Tani po e shoh vet\u00eb njohjen q\u00eb t\u00eb jep kjo reality show.<\/p>\n<p><strong>Anjeza e &#8220;vog\u00ebl&#8221;, por me p\u00ebrvoj\u00ebn e jet\u00ebs mbi supe. A mendon se n\u00eb at\u00eb sht\u00ebpi kishte banor\u00eb apo banore, pak t\u00eb llastuar?<\/strong><\/p>\n<p>Nuk mund t&#8217;i ndaj banor\u00ebt e asaj sht\u00ebpie n\u00eb t\u00eb llastuar ose jo. Kategoria e ndarjes q\u00eb mund t\u00eb p\u00ebrdor \u00ebsht\u00eb: t\u00eb v\u00ebrtet\u00eb dhe t\u00eb pav\u00ebrtet\u00eb.<\/p>\n<p><strong>P\u00ebr \u00e7far\u00eb do t\u00eb doje t\u00eb kujtoheshe n\u00eb k\u00ebt\u00eb loj\u00eb?<\/strong><\/p>\n<p>P\u00ebr v\u00ebrtet\u00ebsin\u00eb time.<\/p>\n<p><strong>Po t\u00eb them Arjoni, ti \u00e7far\u00eb m\u00eb thua?<\/strong><\/p>\n<p>Romanc\u00eb.<\/p>\n<p><strong>Ke menduar ndonj\u00ebher\u00eb se ti e do pak m\u00eb shum\u00eb sesa t\u00eb do ai?<\/strong><\/p>\n<p>Mendoj se p\u00eblqehemi nj\u00ebsoj.<\/p>\n<p><strong>Si ishte takimi mes jush pas spektaklit, si takimi i nj\u00eb \u00e7ifti apo i dy njer\u00ebzve q\u00eb po vazhdojn\u00eb t\u00eb njihen? <\/strong><\/p>\n<p>\u00eb dyja bashk\u00eb, si takim i nj\u00eb \u00e7ifti dhe i dy njer\u00ebzve q\u00eb do vazhdojn\u00eb t\u00eb njihen.<\/p>\n<p><strong>A \u00ebsht\u00eb Arjoni tipi i mashkullit, me t\u00eb cilin mund t\u00eb ishe fejuar?<\/strong><\/p>\n<p>Normalisht un\u00eb nuk krijoj modele n\u00eb mendjen time, t\u00eb cilave duhet t&#8217;ju p\u00ebrmbahem kur njoh dik\u00eb, apo kur krijoj nj\u00eb miq\u00ebsi t\u00eb re. Sipas mendimit tim, simpatia \u00ebsht\u00eb e pakornizuar, ajo mund t\u00eb vij\u00eb edhe nga nj\u00eb veprim fare i r\u00ebndomt\u00eb, nga nj\u00eb fjali e zgjuar apo nga dy sy interesant\u00eb. <strong><\/strong><\/p>\n<p><strong>njeza, kush ishte lojtari m\u00eb i fort\u00eb k\u00ebt\u00eb edicion?<\/strong><\/p>\n<p>Arjoni ishte nj\u00eb lojtar i fort\u00eb, kjo ishte edhe nj\u00eb nga gj\u00ebrat q\u00eb m\u00eb t\u00ebrhoqi tek ai. Gjithashtu, mund t\u00eb vler\u00ebsoj Qetsorin, i cili ka dh\u00ebn\u00eb maksimumin.<\/p>\n<p><strong>Kush luante past\u00ebr dhe kush &#8220;pis\u00ebt&#8221;?<\/strong><\/p>\n<p>Nuk m\u00eb p\u00eblqen t\u00eb paragjykoj ask\u00ebnd. T\u00eb gjith\u00eb kan\u00eb luajtur p\u00ebr nj\u00eb q\u00ebllim, fitoren e nj\u00eb shume t\u00eb konsiderueshme t\u00eb hollash q\u00eb p\u00ebr secilin nga ne nuk kan\u00eb vet\u00ebm vler\u00eb monetare, por edhe njer\u00ebzore. Secili nga ne u p\u00ebrpoq ta fitonte k\u00ebt\u00eb trofe, p\u00ebr t\u00eb ndryshuar di\u00e7ka n\u00eb jet\u00ebt tona dhe t\u00eb af\u00ebrmve tan\u00eb. Un\u00eb persona lisht k\u00ebrkoja t\u00eb krijoja nj\u00eb jet\u00eb m\u00eb komode p\u00ebr maman\u00eb time, e cila ka sakrifikuar gjith\u00eb jet\u00ebn e saj p\u00ebr t\u00eb m\u00eb rritur mua dhe motr\u00ebn time.<\/p>\n<p><strong>Tani q\u00eb dole besoj ke m\u00ebsuar q\u00eb Adela po p\u00ebrflitet shum\u00eb, po komenti yt p\u00ebr k\u00ebt\u00eb vajz\u00eb q\u00eb e njohe nga af\u00ebr cili \u00ebsht\u00eb?<\/strong><\/p>\n<p>Fakti q\u00eb p\u00ebrflitet, nuk krijon asnj\u00eb efekt tek un\u00eb. Brezi im e ka tejkaluar k\u00ebt\u00eb kompleks q\u00eb vazhdon ende t\u00eb qarkulloj\u00eb n\u00eb shoq\u00ebrin\u00eb shqiptare. Shpresoj q\u00eb Adela pas gjith\u00eb k\u00ebtyre jav\u00ebve n\u00eb &#8220;Big Brother&#8221; t&#8217;i ket\u00eb kap\u00ebrcyer muret e ndrydhjes<\/p>\n<p>\u00a0<strong>Po bota e spektaklit t\u00eb t\u00ebrheq?<\/strong><\/p>\n<p>Pa dyshim q\u00eb po, p\u00ebr aq koh\u00eb sa nuk ndikon n\u00eb mbar\u00ebvajtjen e studimeve t\u00eb mia.<\/p>\n","protected":false},"excerpt":{"rendered":"<p>Anjeza jasht\u00eb &#8220;Big Brother 2&#8221; M\u00eb thoni Arjoni, ju them romanc\u00eb Anjeza si ndihesh? M\u00eb kishte marr\u00eb malli p\u00ebr bot\u00ebn time jasht\u00eb BB, p\u00ebr familjen time, miqt\u00eb mi dhe gj\u00ebrat e mia t\u00eb p\u00ebrditshme. Kam nj\u00eb ndjesi t\u00eb mir\u00eb, e cila ndoshta m\u00eb vjen nga reagimet pozitive q\u00eb marr jo vet\u00ebm nga t\u00eb af\u00ebrmit e [&hellip;]<\/p>\n","protected":false},"author":1,"featured_media":0,"comment_status":"open","ping_status":"closed","sticky":false,"template":"","format":"standard","meta":{"spay_email":"","jetpack_publicize_message":"","jetpack_is_tweetstorm":false,"jetpack_publicize_feature_enabled":true},"categories":[6502],"tags":[8289,6516,9121,8966,9751],"jetpack_publicize_connections":[],"yoast_head":"<!-- This site is optimized with the Yoast SEO plugin v19.1 - https:\/\/yoast.com\/wordpress\/plugins\/seo\/ -->\n<title>Big Brother Albania 2, Anjeza, Intervista<\/title>\n<meta name=\"description\" content=\"Big Brother Albania 2, Anjeza, Intervista\" \/>\n<meta name=\"robots\" content=\"index, follow, max-snippet:-1, max-image-preview:large, max-video-preview:-1\" \/>\n<link rel=\"canonical\" href=\"https:\/\/www.visit-ulcinj.com\/blog\/2009\/05\/16\/big-brother-albania-2-anjeza-intervista\/\" \/>\n<meta property=\"og:locale\" content=\"en_US\" \/>\n<meta property=\"og:type\" content=\"article\" \/>\n<meta property=\"og:title\" content=\"Big Brother Albania 2, Anjeza, Intervista\" \/>\n<meta property=\"og:description\" content=\"Big Brother Albania 2, Anjeza, Intervista\" \/>\n<meta property=\"og:url\" content=\"https:\/\/www.visit-ulcinj.com\/blog\/2009\/05\/16\/big-brother-albania-2-anjeza-intervista\/\" \/>\n<meta property=\"og:site_name\" content=\"Lajme nga Ulqini\" \/>\n<meta property=\"article:published_time\" content=\"2009-05-16T11:01:25+00:00\" \/>\n<meta property=\"article:modified_time\" content=\"2009-05-16T10:51:07+00:00\" \/>\n<meta property=\"og:image\" content=\"http:\/\/www.visit-ulcinj.com\/blog\/wp-content\/uploads\/2009\/05\/anjeza_big-brother-albania-2-live.jpg\" \/>\n<meta name=\"twitter:label1\" content=\"Written by\" \/>\n\t<meta name=\"twitter:data1\" content=\"ulqini\" \/>\n\t<meta name=\"twitter:label2\" content=\"Est. reading time\" \/>\n\t<meta name=\"twitter:data2\" content=\"3 minutes\" \/>\n<script type=\"application\/ld+json\" class=\"yoast-schema-graph\">{\"@context\":\"https:\/\/schema.org\",\"@graph\":[{\"@type\":\"WebSite\",\"@id\":\"https:\/\/www.visit-ulcinj.com\/blog\/#website\",\"url\":\"https:\/\/www.visit-ulcinj.com\/blog\/\",\"name\":\"Lajme nga Ulqini\",\"description\":\"Lajme,Vijesti,Ulqini,Ulqin,Crna Gora,Mali i Zi\",\"potentialAction\":[{\"@type\":\"SearchAction\",\"target\":{\"@type\":\"EntryPoint\",\"urlTemplate\":\"https:\/\/www.visit-ulcinj.com\/blog\/?s={search_term_string}\"},\"query-input\":\"required name=search_term_string\"}],\"inLanguage\":\"en-US\"},{\"@type\":\"ImageObject\",\"inLanguage\":\"en-US\",\"@id\":\"https:\/\/www.visit-ulcinj.com\/blog\/2009\/05\/16\/big-brother-albania-2-anjeza-intervista\/#primaryimage\",\"url\":\"http:\/\/www.visit-ulcinj.com\/blog\/wp-content\/uploads\/2009\/05\/anjeza_big-brother-albania-2-live.jpg\",\"contentUrl\":\"http:\/\/www.visit-ulcinj.com\/blog\/wp-content\/uploads\/2009\/05\/anjeza_big-brother-albania-2-live.jpg\"},{\"@type\":\"WebPage\",\"@id\":\"https:\/\/www.visit-ulcinj.com\/blog\/2009\/05\/16\/big-brother-albania-2-anjeza-intervista\/#webpage\",\"url\":\"https:\/\/www.visit-ulcinj.com\/blog\/2009\/05\/16\/big-brother-albania-2-anjeza-intervista\/\",\"name\":\"Big Brother Albania 2, Anjeza, Intervista\",\"isPartOf\":{\"@id\":\"https:\/\/www.visit-ulcinj.com\/blog\/#website\"},\"primaryImageOfPage\":{\"@id\":\"https:\/\/www.visit-ulcinj.com\/blog\/2009\/05\/16\/big-brother-albania-2-anjeza-intervista\/#primaryimage\"},\"datePublished\":\"2009-05-16T11:01:25+00:00\",\"dateModified\":\"2009-05-16T10:51:07+00:00\",\"author\":{\"@id\":\"https:\/\/www.visit-ulcinj.com\/blog\/#\/schema\/person\/dcab619c614d3038751c63bc2aadc06d\"},\"description\":\"Big Brother Albania 2, Anjeza, Intervista\",\"breadcrumb\":{\"@id\":\"https:\/\/www.visit-ulcinj.com\/blog\/2009\/05\/16\/big-brother-albania-2-anjeza-intervista\/#breadcrumb\"},\"inLanguage\":\"en-US\",\"potentialAction\":[{\"@type\":\"ReadAction\",\"target\":[\"https:\/\/www.visit-ulcinj.com\/blog\/2009\/05\/16\/big-brother-albania-2-anjeza-intervista\/\"]}]},{\"@type\":\"BreadcrumbList\",\"@id\":\"https:\/\/www.visit-ulcinj.com\/blog\/2009\/05\/16\/big-brother-albania-2-anjeza-intervista\/#breadcrumb\",\"itemListElement\":[{\"@type\":\"ListItem\",\"position\":1,\"name\":\"Big Brother Albania 2, Anjeza, Intervista\"}]},{\"@type\":\"Person\",\"@id\":\"https:\/\/www.visit-ulcinj.com\/blog\/#\/schema\/person\/dcab619c614d3038751c63bc2aadc06d\",\"name\":\"ulqini\",\"sameAs\":[\"http:\/\/www.visit-ulcinj.com\"],\"url\":\"https:\/\/www.visit-ulcinj.com\/blog\/author\/admin\/\"}]}<\/script>\n<!-- \/ Yoast SEO plugin. -->","yoast_head_json":{"title":"Big Brother Albania 2, Anjeza, Intervista","description":"Big Brother Albania 2, Anjeza, Intervista","robots":{"index":"index","follow":"follow","max-snippet":"max-snippet:-1","max-image-preview":"max-image-preview:large","max-video-preview":"max-video-preview:-1"},"canonical":"https:\/\/www.visit-ulcinj.com\/blog\/2009\/05\/16\/big-brother-albania-2-anjeza-intervista\/","og_locale":"en_US","og_type":"article","og_title":"Big Brother Albania 2, Anjeza, Intervista","og_description":"Big Brother Albania 2, Anjeza, Intervista","og_url":"https:\/\/www.visit-ulcinj.com\/blog\/2009\/05\/16\/big-brother-albania-2-anjeza-intervista\/","og_site_name":"Lajme nga Ulqini","article_published_time":"2009-05-16T11:01:25+00:00","article_modified_time":"2009-05-16T10:51:07+00:00","og_image":[{"url":"http:\/\/www.visit-ulcinj.com\/blog\/wp-content\/uploads\/2009\/05\/anjeza_big-brother-albania-2-live.jpg"}],"twitter_misc":{"Written by":"ulqini","Est. reading time":"3 minutes"},"schema":{"@context":"https:\/\/schema.org","@graph":[{"@type":"WebSite","@id":"https:\/\/www.visit-ulcinj.com\/blog\/#website","url":"https:\/\/www.visit-ulcinj.com\/blog\/","name":"Lajme nga Ulqini","description":"Lajme,Vijesti,Ulqini,Ulqin,Crna Gora,Mali i Zi","potentialAction":[{"@type":"SearchAction","target":{"@type":"EntryPoint","urlTemplate":"https:\/\/www.visit-ulcinj.com\/blog\/?s={search_term_string}"},"query-input":"required name=search_term_string"}],"inLanguage":"en-US"},{"@type":"ImageObject","inLanguage":"en-US","@id":"https:\/\/www.visit-ulcinj.com\/blog\/2009\/05\/16\/big-brother-albania-2-anjeza-intervista\/#primaryimage","url":"http:\/\/www.visit-ulcinj.com\/blog\/wp-content\/uploads\/2009\/05\/anjeza_big-brother-albania-2-live.jpg","contentUrl":"http:\/\/www.visit-ulcinj.com\/blog\/wp-content\/uploads\/2009\/05\/anjeza_big-brother-albania-2-live.jpg"},{"@type":"WebPage","@id":"https:\/\/www.visit-ulcinj.com\/blog\/2009\/05\/16\/big-brother-albania-2-anjeza-intervista\/#webpage","url":"https:\/\/www.visit-ulcinj.com\/blog\/2009\/05\/16\/big-brother-albania-2-anjeza-intervista\/","name":"Big Brother Albania 2, Anjeza, Intervista","isPartOf":{"@id":"https:\/\/www.visit-ulcinj.com\/blog\/#website"},"primaryImageOfPage":{"@id":"https:\/\/www.visit-ulcinj.com\/blog\/2009\/05\/16\/big-brother-albania-2-anjeza-intervista\/#primaryimage"},"datePublished":"2009-05-16T11:01:25+00:00","dateModified":"2009-05-16T10:51:07+00:00","author":{"@id":"https:\/\/www.visit-ulcinj.com\/blog\/#\/schema\/person\/dcab619c614d3038751c63bc2aadc06d"},"description":"Big Brother Albania 2, Anjeza, Intervista","breadcrumb":{"@id":"https:\/\/www.visit-ulcinj.com\/blog\/2009\/05\/16\/big-brother-albania-2-anjeza-intervista\/#breadcrumb"},"inLanguage":"en-US","potentialAction":[{"@type":"ReadAction","target":["https:\/\/www.visit-ulcinj.com\/blog\/2009\/05\/16\/big-brother-albania-2-anjeza-intervista\/"]}]},{"@type":"BreadcrumbList","@id":"https:\/\/www.visit-ulcinj.com\/blog\/2009\/05\/16\/big-brother-albania-2-anjeza-intervista\/#breadcrumb","itemListElement":[{"@type":"ListItem","position":1,"name":"Big Brother Albania 2, Anjeza, Intervista"}]},{"@type":"Person","@id":"https:\/\/www.visit-ulcinj.com\/blog\/#\/schema\/person\/dcab619c614d3038751c63bc2aadc06d","name":"ulqini","sameAs":["http:\/\/www.visit-ulcinj.com"],"url":"https:\/\/www.visit-ulcinj.com\/blog\/author\/admin\/"}]}},"jetpack_featured_media_url":"","jetpack_sharing_enabled":true,"jetpack_shortlink":"https:\/\/wp.me\/pe6lTn-5BO","_links":{"self":[{"href":"https:\/\/www.visit-ulcinj.com\/blog\/wp-json\/wp\/v2\/posts\/21564"}],"collection":[{"href":"https:\/\/www.visit-ulcinj.com\/blog\/wp-json\/wp\/v2\/posts"}],"about":[{"href":"https:\/\/www.visit-ulcinj.com\/blog\/wp-json\/wp\/v2\/types\/post"}],"author":[{"embeddable":true,"href":"https:\/\/www.visit-ulcinj.com\/blog\/wp-json\/wp\/v2\/users\/1"}],"replies":[{"embeddable":true,"href":"https:\/\/www.visit-ulcinj.com\/blog\/wp-json\/wp\/v2\/comments?post=21564"}],"version-history":[{"count":0,"href":"https:\/\/www.visit-ulcinj.com\/blog\/wp-json\/wp\/v2\/posts\/21564\/revisions"}],"wp:attachment":[{"href":"https:\/\/www.visit-ulcinj.com\/blog\/wp-json\/wp\/v2\/media?parent=21564"}],"wp:term":[{"taxonomy":"category","embeddable":true,"href":"https:\/\/www.visit-ulcinj.com\/blog\/wp-json\/wp\/v2\/categories?post=21564"},{"taxonomy":"post_tag","embeddable":true,"href":"https:\/\/www.visit-ulcinj.com\/blog\/wp-json\/wp\/v2\/tags?post=21564"}],"curies":[{"name":"wp","href":"https:\/\/api.w.org\/{rel}","templated":true}]}}