{"id":216,"date":"2008-01-19T17:41:49","date_gmt":"2008-01-19T22:41:49","guid":{"rendered":"http:\/\/www.visit-ulcinj.com\/blog\/2008\/01\/19\/216\/"},"modified":"2008-02-12T19:12:29","modified_gmt":"2008-02-13T00:12:29","slug":"mal-i-zi-shqiptaret-kerkojne-zyrtarizim-te-gjuhes-shqipe","status":"publish","type":"post","link":"https:\/\/www.visit-ulcinj.com\/blog\/2008\/01\/19\/mal-i-zi-shqiptaret-kerkojne-zyrtarizim-te-gjuhes-shqipe\/","title":{"rendered":"Mal I Zi, Shqiptaret kerkojne zyrtarizim te gjuhes shqipe"},"content":{"rendered":"<h4> Mal I Zi, Shqiptaret kerkojne zyrtarizim te gjuhes shqipe<\/h4>\n<p>[googlevideo]http:\/\/video.google.com\/videoplay?docid=2007174259741795559&amp;hl=en[\/googlevideo]<\/p>\n<p>Perfaqesuesit shqiptare ne Mal te Zi kane kerkuar sot qe gjuha shqipe te jete gjuhe zyrtare ne kete vend.<br \/>\n&#8220;Ne komunat ku ka shumice apo numer te konsiderueshem shqiptaresh, gjuha dhe shkrimi shqip duhet te kene perdorim zyrtar&#8221;, deklaroi lideri i Lidhjes Demokratike te Shqiptareve (LDSH) ne Mal te Zi, Mehmed Bardhi.<!--more--> Ai kerkoi qe me kushtetuten e re malazeze te percaktohet se shqiptaret jane minoriteti me i madh qe jeton ne kete vend me shekuj. Lidhja Demokratike e Shqiptareve propozoi qe me nenin e pare te kushtetutes Malit te Zi te percaktohet si shtet i pavarur per te gjithe qytetaret e saj, popujt autokton dhe minoritete nacionale autoktone shqiptare dhe te tjere, te cilet jetojne ne Mal te Zi apo kane lindur ne te, ndersa jetojne ne vende tjera. Sipas liderit te LDSH-se, ne Mal te Zi duhet te zbatohet edhe ndarje territoriale ne rajone dhe komuna. Bardhi permedi edhe faktin se pamja dhe simbolet shteterore te Malit te Zi nuk duhet ta irritojne popullaten jomalazeze.<\/p>\n<h5><strong>LD n\u00eb MZ I D\u00cbRGOI K\u00cbSHILLIT KUSHTETUES T\u00cb PARLAMENTIT T\u00cb MALIT T\u00cb ZI PROPOZIMET DHE V\u00cbREJTJET NDAJ PROJEKTKUSHTETUT\u00cbS S\u00cb MALIT T\u00cb ZI <\/strong><\/h5>\n<h5><strong>Propozime dhe v\u00ebrejtje t\u00eb shumta<\/strong>Ulqin<\/h5>\n<p>&#8211; LD n\u00eb MZ i ka d\u00ebrguar K\u00ebshillit Kushtetues t\u00eb Parlamentit t\u00eb Malit t\u00eb Zi propozimet dhe v\u00ebrejtjet e k\u00ebsaj partie lidhur me Projektin e Kushtetut\u00ebs s\u00eb re t\u00eb Malit t\u00eb Zi. Propozimet dhe v\u00ebrejtjet u b\u00ebn\u00eb publike nga kryetari i LD n\u00eb MZ, Mehmet Bardhi, n\u00eb nj\u00eb konferenc\u00eb p\u00ebr shtyp t\u00eb mbajtur dje.<br \/>\nLD n\u00eb MZ ka b\u00ebr\u00eb v\u00ebrejtje dhe ka dh\u00ebn\u00eb propozime p\u00ebr ndryshime n\u00eb paragrafin e par\u00eb t\u00eb Preambul\u00ebs s\u00eb Projektit t\u00eb Kushtetut\u00ebs s\u00eb re si dhe n\u00eb 36 nene t\u00eb saj.<br \/>\nLD propozon nd\u00ebr t\u00eb tjera q\u00eb t\u00eb ndryshohet neni i par\u00eb dhe t\u00eb thuhet se &#8220;Mali i Zi \u00ebsht\u00eb shtet i pavarur dhe sovran i t\u00eb gjith\u00eb qytetar\u00ebve, popujve autokton\u00eb dhe pakicave nacionale autoktone (shqiptar\u00ebve apo t\u00eb tjer\u00ebve), t\u00eb cil\u00ebt jetojn\u00eb apo kan\u00eb lindur n\u00eb Mal t\u00eb Zi dhe atyre q\u00eb ndodhen dhe jetojn\u00eb n\u00eb vendet tjera, me form\u00eb republikane t\u00eb pushtetit.&#8221;<br \/>\nLD n\u00eb MZ propozon po ashtu q\u00eb n\u00eb nenin 3, pas paragrafit t\u00eb par\u00eb t\u00eb shtohet paragrafi 2 me k\u00ebt\u00eb p\u00ebrmbajtje: &#8220;Mali i Zi organizohet territorialisht n\u00eb rajone dhe komuna&#8221;.<br \/>\nLD n\u00eb MZ sugjeron q\u00eb simbolet shtet\u00ebrore t\u00eb Malit t\u00eb Zi, pasi q\u00eb kemi t\u00eb b\u00ebjm\u00eb me nj\u00eb shtet shum\u00ebnacional, multikonfesional dhe multikulturor, duhet t\u00eb jen\u00eb t\u00eb pranueshme p\u00ebr t\u00eb gjith\u00eb pjes\u00ebtar\u00ebt si dhe q\u00eb me pamjen dhe form\u00ebn e tyre t\u00eb mos i iritojn\u00eb t\u00eb tjer\u00ebt.&#8221;<\/p>\n<p>(kohapress)<\/p>\n<p><span style=\"background-color: #ff0000\"><\/span><\/p>\n","protected":false},"excerpt":{"rendered":"<p>NOT IMAGE<\/p>\n","protected":false},"author":1,"featured_media":0,"comment_status":"open","ping_status":"closed","sticky":false,"template":"","format":"standard","meta":{"spay_email":"","jetpack_publicize_message":"","jetpack_is_tweetstorm":false,"jetpack_publicize_feature_enabled":true},"categories":[],"tags":[],"jetpack_publicize_connections":[],"yoast_head":"<!-- This site is optimized with the Yoast SEO plugin v19.1 - https:\/\/yoast.com\/wordpress\/plugins\/seo\/ -->\n<title>Mal I Zi, Shqiptaret kerkojne zyrtarizim te gjuhes shqipe - Lajme nga Ulqini<\/title>\n<meta name=\"description\" content=\"NOT IMAGE\" \/>\n<meta name=\"robots\" content=\"index, follow, max-snippet:-1, max-image-preview:large, max-video-preview:-1\" \/>\n<link rel=\"canonical\" href=\"https:\/\/www.visit-ulcinj.com\/blog\/2008\/01\/19\/mal-i-zi-shqiptaret-kerkojne-zyrtarizim-te-gjuhes-shqipe\/\" \/>\n<meta property=\"og:locale\" content=\"en_US\" \/>\n<meta property=\"og:type\" content=\"article\" \/>\n<meta property=\"og:title\" content=\"Mal I Zi, Shqiptaret kerkojne zyrtarizim te gjuhes shqipe - Lajme nga Ulqini\" \/>\n<meta property=\"og:description\" content=\"NOT IMAGE\" \/>\n<meta property=\"og:url\" content=\"https:\/\/www.visit-ulcinj.com\/blog\/2008\/01\/19\/mal-i-zi-shqiptaret-kerkojne-zyrtarizim-te-gjuhes-shqipe\/\" \/>\n<meta property=\"og:site_name\" content=\"Lajme nga Ulqini\" \/>\n<meta property=\"article:published_time\" content=\"2008-01-19T22:41:49+00:00\" \/>\n<meta property=\"article:modified_time\" content=\"2008-02-13T00:12:29+00:00\" \/>\n<meta name=\"twitter:label1\" content=\"Written by\" \/>\n\t<meta name=\"twitter:data1\" content=\"ulqini\" \/>\n\t<meta name=\"twitter:label2\" content=\"Est. reading time\" \/>\n\t<meta name=\"twitter:data2\" content=\"2 minutes\" \/>\n<script type=\"application\/ld+json\" class=\"yoast-schema-graph\">{\"@context\":\"https:\/\/schema.org\",\"@graph\":[{\"@type\":\"WebSite\",\"@id\":\"https:\/\/www.visit-ulcinj.com\/blog\/#website\",\"url\":\"https:\/\/www.visit-ulcinj.com\/blog\/\",\"name\":\"Lajme nga Ulqini\",\"description\":\"Lajme,Vijesti,Ulqini,Ulqin,Crna Gora,Mali i Zi\",\"potentialAction\":[{\"@type\":\"SearchAction\",\"target\":{\"@type\":\"EntryPoint\",\"urlTemplate\":\"https:\/\/www.visit-ulcinj.com\/blog\/?s={search_term_string}\"},\"query-input\":\"required name=search_term_string\"}],\"inLanguage\":\"en-US\"},{\"@type\":\"WebPage\",\"@id\":\"https:\/\/www.visit-ulcinj.com\/blog\/2008\/01\/19\/mal-i-zi-shqiptaret-kerkojne-zyrtarizim-te-gjuhes-shqipe\/#webpage\",\"url\":\"https:\/\/www.visit-ulcinj.com\/blog\/2008\/01\/19\/mal-i-zi-shqiptaret-kerkojne-zyrtarizim-te-gjuhes-shqipe\/\",\"name\":\"Mal I Zi, Shqiptaret kerkojne zyrtarizim te gjuhes shqipe - Lajme nga Ulqini\",\"isPartOf\":{\"@id\":\"https:\/\/www.visit-ulcinj.com\/blog\/#website\"},\"datePublished\":\"2008-01-19T22:41:49+00:00\",\"dateModified\":\"2008-02-13T00:12:29+00:00\",\"author\":{\"@id\":\"https:\/\/www.visit-ulcinj.com\/blog\/#\/schema\/person\/dcab619c614d3038751c63bc2aadc06d\"},\"description\":\"NOT IMAGE\",\"breadcrumb\":{\"@id\":\"https:\/\/www.visit-ulcinj.com\/blog\/2008\/01\/19\/mal-i-zi-shqiptaret-kerkojne-zyrtarizim-te-gjuhes-shqipe\/#breadcrumb\"},\"inLanguage\":\"en-US\",\"potentialAction\":[{\"@type\":\"ReadAction\",\"target\":[\"https:\/\/www.visit-ulcinj.com\/blog\/2008\/01\/19\/mal-i-zi-shqiptaret-kerkojne-zyrtarizim-te-gjuhes-shqipe\/\"]}]},{\"@type\":\"BreadcrumbList\",\"@id\":\"https:\/\/www.visit-ulcinj.com\/blog\/2008\/01\/19\/mal-i-zi-shqiptaret-kerkojne-zyrtarizim-te-gjuhes-shqipe\/#breadcrumb\",\"itemListElement\":[{\"@type\":\"ListItem\",\"position\":1,\"name\":\"Mal I Zi, Shqiptaret kerkojne zyrtarizim te gjuhes shqipe\"}]},{\"@type\":\"Person\",\"@id\":\"https:\/\/www.visit-ulcinj.com\/blog\/#\/schema\/person\/dcab619c614d3038751c63bc2aadc06d\",\"name\":\"ulqini\",\"sameAs\":[\"http:\/\/www.visit-ulcinj.com\"],\"url\":\"https:\/\/www.visit-ulcinj.com\/blog\/author\/admin\/\"}]}<\/script>\n<!-- \/ Yoast SEO plugin. -->","yoast_head_json":{"title":"Mal I Zi, Shqiptaret kerkojne zyrtarizim te gjuhes shqipe - Lajme nga Ulqini","description":"NOT IMAGE","robots":{"index":"index","follow":"follow","max-snippet":"max-snippet:-1","max-image-preview":"max-image-preview:large","max-video-preview":"max-video-preview:-1"},"canonical":"https:\/\/www.visit-ulcinj.com\/blog\/2008\/01\/19\/mal-i-zi-shqiptaret-kerkojne-zyrtarizim-te-gjuhes-shqipe\/","og_locale":"en_US","og_type":"article","og_title":"Mal I Zi, Shqiptaret kerkojne zyrtarizim te gjuhes shqipe - Lajme nga Ulqini","og_description":"NOT IMAGE","og_url":"https:\/\/www.visit-ulcinj.com\/blog\/2008\/01\/19\/mal-i-zi-shqiptaret-kerkojne-zyrtarizim-te-gjuhes-shqipe\/","og_site_name":"Lajme nga Ulqini","article_published_time":"2008-01-19T22:41:49+00:00","article_modified_time":"2008-02-13T00:12:29+00:00","twitter_misc":{"Written by":"ulqini","Est. reading time":"2 minutes"},"schema":{"@context":"https:\/\/schema.org","@graph":[{"@type":"WebSite","@id":"https:\/\/www.visit-ulcinj.com\/blog\/#website","url":"https:\/\/www.visit-ulcinj.com\/blog\/","name":"Lajme nga Ulqini","description":"Lajme,Vijesti,Ulqini,Ulqin,Crna Gora,Mali i Zi","potentialAction":[{"@type":"SearchAction","target":{"@type":"EntryPoint","urlTemplate":"https:\/\/www.visit-ulcinj.com\/blog\/?s={search_term_string}"},"query-input":"required name=search_term_string"}],"inLanguage":"en-US"},{"@type":"WebPage","@id":"https:\/\/www.visit-ulcinj.com\/blog\/2008\/01\/19\/mal-i-zi-shqiptaret-kerkojne-zyrtarizim-te-gjuhes-shqipe\/#webpage","url":"https:\/\/www.visit-ulcinj.com\/blog\/2008\/01\/19\/mal-i-zi-shqiptaret-kerkojne-zyrtarizim-te-gjuhes-shqipe\/","name":"Mal I Zi, Shqiptaret kerkojne zyrtarizim te gjuhes shqipe - Lajme nga Ulqini","isPartOf":{"@id":"https:\/\/www.visit-ulcinj.com\/blog\/#website"},"datePublished":"2008-01-19T22:41:49+00:00","dateModified":"2008-02-13T00:12:29+00:00","author":{"@id":"https:\/\/www.visit-ulcinj.com\/blog\/#\/schema\/person\/dcab619c614d3038751c63bc2aadc06d"},"description":"NOT IMAGE","breadcrumb":{"@id":"https:\/\/www.visit-ulcinj.com\/blog\/2008\/01\/19\/mal-i-zi-shqiptaret-kerkojne-zyrtarizim-te-gjuhes-shqipe\/#breadcrumb"},"inLanguage":"en-US","potentialAction":[{"@type":"ReadAction","target":["https:\/\/www.visit-ulcinj.com\/blog\/2008\/01\/19\/mal-i-zi-shqiptaret-kerkojne-zyrtarizim-te-gjuhes-shqipe\/"]}]},{"@type":"BreadcrumbList","@id":"https:\/\/www.visit-ulcinj.com\/blog\/2008\/01\/19\/mal-i-zi-shqiptaret-kerkojne-zyrtarizim-te-gjuhes-shqipe\/#breadcrumb","itemListElement":[{"@type":"ListItem","position":1,"name":"Mal I Zi, Shqiptaret kerkojne zyrtarizim te gjuhes shqipe"}]},{"@type":"Person","@id":"https:\/\/www.visit-ulcinj.com\/blog\/#\/schema\/person\/dcab619c614d3038751c63bc2aadc06d","name":"ulqini","sameAs":["http:\/\/www.visit-ulcinj.com"],"url":"https:\/\/www.visit-ulcinj.com\/blog\/author\/admin\/"}]}},"jetpack_featured_media_url":"","jetpack_sharing_enabled":true,"jetpack_shortlink":"https:\/\/wp.me\/pe6lTn-3u","_links":{"self":[{"href":"https:\/\/www.visit-ulcinj.com\/blog\/wp-json\/wp\/v2\/posts\/216"}],"collection":[{"href":"https:\/\/www.visit-ulcinj.com\/blog\/wp-json\/wp\/v2\/posts"}],"about":[{"href":"https:\/\/www.visit-ulcinj.com\/blog\/wp-json\/wp\/v2\/types\/post"}],"author":[{"embeddable":true,"href":"https:\/\/www.visit-ulcinj.com\/blog\/wp-json\/wp\/v2\/users\/1"}],"replies":[{"embeddable":true,"href":"https:\/\/www.visit-ulcinj.com\/blog\/wp-json\/wp\/v2\/comments?post=216"}],"version-history":[{"count":0,"href":"https:\/\/www.visit-ulcinj.com\/blog\/wp-json\/wp\/v2\/posts\/216\/revisions"}],"wp:attachment":[{"href":"https:\/\/www.visit-ulcinj.com\/blog\/wp-json\/wp\/v2\/media?parent=216"}],"wp:term":[{"taxonomy":"category","embeddable":true,"href":"https:\/\/www.visit-ulcinj.com\/blog\/wp-json\/wp\/v2\/categories?post=216"},{"taxonomy":"post_tag","embeddable":true,"href":"https:\/\/www.visit-ulcinj.com\/blog\/wp-json\/wp\/v2\/tags?post=216"}],"curies":[{"name":"wp","href":"https:\/\/api.w.org\/{rel}","templated":true}]}}