{"id":2160,"date":"2008-07-06T13:00:24","date_gmt":"2008-07-06T18:00:24","guid":{"rendered":"http:\/\/www.visit-ulcinj.com\/blog\/?p=2160"},"modified":"2008-07-06T13:01:38","modified_gmt":"2008-07-06T18:01:38","slug":"projekt-ligji-i-kultures-te-terhiqet","status":"publish","type":"post","link":"https:\/\/www.visit-ulcinj.com\/blog\/2008\/07\/06\/projekt-ligji-i-kultures-te-terhiqet\/","title":{"rendered":"Projekt Ligji i Kultures te terhiqet!"},"content":{"rendered":"<p><img loading=\"lazy\" class=\"alignleft\" style=\"float: left;\" src=\"http:\/\/www.visit-ulcinj.com\/blog\/wp-content\/uploads\/2008\/02\/forca-e-re-demokratike-logo.thumbnail.gif\" alt=\"forca _ ulqin_ulcinj\" width=\"128\" height=\"128\" \/><strong>KUMTES\u00cb P\u00cbR OPINION<\/strong><br \/>\nNe lidhje mbi projekt ligjin p\u00ebr kultur\u00eb t\u00eb hartuar dhe l\u00ebshuar n\u00eb diskutim publik nga Ministria e kultur\u00ebs, sportit dhe mediave Forca e re demoktarike paraqitet me ket\u00eb kumtes\u00eb p\u00ebr opinion:<br \/>\nDuke e vler\u00ebsuar kultur\u00ebn si nj\u00eb dimension me vler\u00eb t\u00eb ve\u00e7ant\u00eb shoq\u00ebrore, komb\u00ebtare e shtet\u00ebrore, me keqardhje konstatojm\u00eb se nj\u00eb materie te till\u00eb nuk iu jan\u00eb qasur n\u00eb m\u00ebnyr\u00eb serioze, q\u00eb d\u00ebshmohet edhe me intervalin kohor t\u00eb diskutimit publik prej 15 dit\u00ebsh, q\u00eb \u00ebsht\u00eb afat shum\u00eb i shkurt\u00ebr, p\u00ebt t\u00eb trajtuar ket\u00eb \u00e7\u00ebshtje n\u00eb m\u00ebnyr\u00eb serioze dhe profesionale, nga subjektet e ndryshme relevante.<br \/>\nJemi t\u00eb befasuar se si hartuesit e k\u00ebti projekt-ligji kan\u00eb harruar realitetin kulturor n\u00eb Mal t\u00eb Zi, kur dihet se Mali i Zi \u00ebsht\u00eb mjedis multikulturor, nd\u00ebrsa sintagma e njohur \u201cmultikultura\u201d ne ket\u00eb projekt-ligj mungon fare, andaj nuk \u00ebsht\u00eb p\u00ebr tu \u00e7uditur q\u00eb p\u00ebr kulturat e popujve pakic\u00eb nuk beh\u00ebt fjal\u00eb fare, nd\u00ebrsa kultura shqiptare si specifike p\u00ebr k\u00ebt\u00eb mjedis \u00ebsht\u00eb anashkaluar n\u00eb t\u00ebr\u00ebsi.<br \/>\nN\u00eb m\u00ebnyr\u00eb transparente \u00ebsht\u00eb prezentuar monopoli i shtetit mbi kultur\u00ebn, pra kemi nj\u00eb qasje unitare q\u00eb \u00ebsht\u00eb e pa pranueshme p\u00ebr mjediset multinacionale e multikulturore sikurse \u00ebsht\u00eb Mali i Zi.<br \/>\nEsht\u00eb shum\u00eb e diskutueshme edhe p\u00ebrkrahja e veprimtarive kulturore ne aspektin material, sepse n\u00eb vend t\u00eb financimit t\u00eb projekt\u00ebve p\u00ebrkat\u00ebse vend dominues ka sufinancimi i tyre nga del se e ardhmja e kultur\u00ebs \u00ebsht\u00eb e pap\u00ebrspektiv\u00eb, sepse pa p\u00ebrkrahje financiare nuk do t\u00eb ket\u00eb zhvillim t\u00eb mir\u00ebfillt\u00eb kulturor.<br \/>\nAndaj, duke marr\u00eb parasysh nj\u00eb konstatim t\u00eb till\u00eb financimi i kultur\u00ebs nga buxheti prej 2,5% sa \u00ebsht\u00eb tash kjo shif\u00ebr duhet t\u00eb rritet n\u00eb 4% t\u00eb buxhetit, pra t\u00eb ndahen mjete m\u00eb tep\u00ebr s\u00eb deri m\u00eb tash.<br \/>\nDuke marr\u00eb parasysh v\u00ebrejtjet e cekura, jemi t\u00eb mendimit q\u00eb ky projek-ligj i cili \u00ebsht\u00eb version pune t\u00eb t\u00ebrhiqet nga diskutimi publik, t\u00eb punohet nj\u00eb tjet\u00ebr n\u00eb nj\u00eb afat optimal, ku do t\u00eb marrin pjes\u00eb individ me autoritet nga fusha e kultur\u00ebs, duke p\u00ebrfshi k\u00ebtu edhe p\u00ebrfaq\u00ebsues nga pjes\u00ebtar\u00ebt e popujve pakic\u00eb n\u00eb Mal t\u00eb Zi.<br \/>\n<strong> Autor\/Sh\u00ebrbimi p\u00ebr informim<br \/>\nBurimi \/Forca<\/strong><\/p>\n<p><!-- vimeo error: not a vimeo video --><br \/>\n<a class=\"aligncenter\" title=\"???? ????,?????,Ulcinj,Montenegru,??????????,\u00c7ernoqoriya,???????????,Montenegiro,?ern\u00e1 Hora,??????????,Cz\u00f4rnog\u00f3ra,Cz\u00f4rn\u00f4 G\u00f3ra,Carna G\u00f3ra,T\u0161ernogooria,\u00c7ernogoriya,Montain\u00e9agr\u00f3,Montenegwo,?orna Hora,Montenegr\u00f3,M?ntenigro,Chernogoriya ,\u00c7\u00earnogor\u00ee ,?????????,????????? ,??????? ,Montes Nigrae,Mons Niger,M\u00f4ntenegr\u00f4,Muntenegru,??????????,Czarnog\u00f3ra,Muntinigru,Muntenegro,&lt;br &gt;&lt;\/a&gt;\" href=\"http:\/\/www.visit-ulcinj.com\/tourism\/\" target=\"_blank\"><img loading=\"lazy\" style=\"float: right;\" src=\"http:\/\/www.visit-ulcinj.com\/blog\/wp-content\/uploads\/2008\/06\/holiday-rental-ulcinj-ulqini_ulqin_logo.gif\" alt=\"Apatin,  Aran?elovac,  ?uprija,  ?a?ak,  ?apljina,  ?itluk,  \u0160abac,  \u0160ipovo,  \u0160iroki Brijeg,  \u017dep?e,  \u017divinice,  Ba?ka Palanka,  Banja Luka,  Banovi?i,  Be?ej,  beograd,  Biha?,  Bijeljina,  Bor,  Bor?a,  Bosanska Gradi\u0161ka,  Bosanska Krupa,  Bosanski \u0160amac,  Bosanski Brod,  Bosanski Novi,  Br?ko,  Bu\u017eim,  Bugojno,  Cazin,  Crna Gora,  Derventa,  Doboj,  Donji Vakuf,  Drvar,  Dubrovnik,  Fo?a,  Fojnica,  Glamo?,  Gora\u017ede,  Gornji Milanovac,  Gornji Vakuf,  gostivar,  Gra?anica,  Grada?ac,  Gradiska,  Grahovo,  Had\u017ei?i,  Ilid\u017ea,  In?ija,  Jablanica,  Jagodina,  Jajce,  Kakanj,  Kalu?erica,  Kikinda,  Klju?,  Konjic,  Kotor Varo\u0161,  Kragujevac,  Kraljevo,  Kru\u0161evac,  Kula,  Kupres,  Lakta\u0161i,  Lazarevac,  Leskovac,  Livno,  Ljubinje,  ljublana,  Ljubu\u0161ki,  Loznica,  Lukavac,  Maglaj,  Mladenovac,  Modri?a,  montenegro erlajnz,  mostar,  Mrkonji? Grad,  Neum,  Ni\u0161,  Novi Pazar,  Novi Sad,  Novi Travnik,  Obrenovac,  Od\u017eak,  ohrid,  Ora\u0161je,  Pale,  Pan?evo,  Para?in,  Pirot,  Po\u017earevac,  Podgorica,  Priboj,  Prijedor,  Prokuplje,  Prozor,  pula,  rijeka,  Ruma,  Sanski Most,  Sarajevo,  Senta,  serbija,  sibenik,  skopje,  Smederevo,  Smederevska Palanka,  Sokolac,  Sombor,  split,  Srebrenica,  Srebrenik,  Sremska Mitrovica,  Stolac,  Struga,  Subotica,  Temerin,  Tesli?,  tetovo,  Travnik,  Trebinje,  tuzla,  U\u017eice,  ulcinj,  Valjevo,  Velika Kladu\u0161a,  Vi\u0161egrad,  Visoko,  Vitez,  Vogo\u0161?a,  vojvodina,  Vranje,  Vr\u0161ac,  Vrbas,  zadar,  Zagreb,  Zaje?ar,  Zavidovi?i,  Zenica,  Zrenjanin,  Zvornik,copacabana ulcinj,  h\u00f4tels,  hotel ulqin,  Kosova,  Mali i Zi,  Maqedonija,  Montenegro,  montenegro tourisme plage,  montenegro ulcinj,  Shpallje Falas,  Shpallje Falas per shitjen e shtepis se juaj,  Shpallje Falas per villat e juaj,  Shpallje Falas Real Estate,  Shpallje Falas turistike,  shqiperija,  tourisme,  Ulci?,  ulcinj,  ulqin,  ulqin hotel,  ulqini,  ulqini 2007,Ada Bojana,  Alba?czyk,  Cita di Dolcino,  Copacabana,  Czarnog\u00f3ra,  Czarnog\u00f3rzec,  Don Kichota,  Ma?a Pla?a,  Mandra,  MIGUEL DE SERVANTES,  p\u00f3?wyspy Marjan,  Pla?a Valdanos,  Rzeka Bojana,  Shas \/ \u0160as \/ Sva?,  Ulci?,  Ulcinjsk? Riwier?,  Wielka Pla?a,  Wyspa Bojana,GORA,??????????,???????,??????????, ?ern\u00e1 Hora,TO ULCINJ \/ ULQIN,MONTENEGRO, Czarnog\u00f3ra, Muntenegru, ????? ????, Montenegr\u00f3,villa \u00e0 louer \u00e0 ulcinj, location de vacance, location saisonni\u00e8res, louer chambres,location de vacance, Locations vacance, h\u00e9bergements vacances, locations villa, logements de vacances, location maison avec piscine, Location vacance, locations de vacance, h\u00e9bergements de vacances, location, locations entre particulier, logements vacance, vacances \u00e0 Mont\u00e9n\u00e9gro - location \u00e0 Ulcinj ,location  de bigorre.\" width=\"510\" height=\"145\" \/><\/a><\/p>\n","protected":false},"excerpt":{"rendered":"<p><img loading=\"lazy\" class=\"alignleft\" style=\"float: left;\" src=\"http:\/\/www.visit-ulcinj.com\/blog\/wp-content\/uploads\/2008\/02\/forca-e-re-demokratike-logo.thumbnail.gif\" alt=\"forca _ ulqin_ulcinj\" width=\"140\" height=\"140\" \/><\/p>\n","protected":false},"author":1,"featured_media":0,"comment_status":"open","ping_status":"closed","sticky":false,"template":"","format":"standard","meta":{"spay_email":"","jetpack_publicize_message":"","jetpack_is_tweetstorm":false,"jetpack_publicize_feature_enabled":true},"categories":[1,12],"tags":[672,4228],"jetpack_publicize_connections":[],"yoast_head":"<!-- This site is optimized with the Yoast SEO plugin v19.1 - https:\/\/yoast.com\/wordpress\/plugins\/seo\/ -->\n<title>Projekt Ligji i Kultures te terhiqet! - Lajme nga Ulqini<\/title>\n<meta name=\"robots\" content=\"index, follow, max-snippet:-1, max-image-preview:large, max-video-preview:-1\" \/>\n<link rel=\"canonical\" href=\"https:\/\/www.visit-ulcinj.com\/blog\/2008\/07\/06\/projekt-ligji-i-kultures-te-terhiqet\/\" \/>\n<meta property=\"og:locale\" content=\"en_US\" \/>\n<meta property=\"og:type\" content=\"article\" \/>\n<meta property=\"og:title\" content=\"Projekt Ligji i Kultures te terhiqet! - Lajme nga Ulqini\" \/>\n<meta property=\"og:url\" content=\"https:\/\/www.visit-ulcinj.com\/blog\/2008\/07\/06\/projekt-ligji-i-kultures-te-terhiqet\/\" \/>\n<meta property=\"og:site_name\" content=\"Lajme nga Ulqini\" \/>\n<meta property=\"article:published_time\" content=\"2008-07-06T18:00:24+00:00\" \/>\n<meta property=\"article:modified_time\" content=\"2008-07-06T18:01:38+00:00\" \/>\n<meta property=\"og:image\" content=\"http:\/\/www.visit-ulcinj.com\/blog\/wp-content\/uploads\/2008\/02\/forca-e-re-demokratike-logo.thumbnail.gif\" \/>\n<meta name=\"twitter:label1\" content=\"Written by\" \/>\n\t<meta name=\"twitter:data1\" content=\"ulqini\" \/>\n\t<meta name=\"twitter:label2\" content=\"Est. reading time\" \/>\n\t<meta name=\"twitter:data2\" content=\"2 minutes\" \/>\n<script type=\"application\/ld+json\" class=\"yoast-schema-graph\">{\"@context\":\"https:\/\/schema.org\",\"@graph\":[{\"@type\":\"WebSite\",\"@id\":\"https:\/\/www.visit-ulcinj.com\/blog\/#website\",\"url\":\"https:\/\/www.visit-ulcinj.com\/blog\/\",\"name\":\"Lajme nga Ulqini\",\"description\":\"Lajme,Vijesti,Ulqini,Ulqin,Crna Gora,Mali i Zi\",\"potentialAction\":[{\"@type\":\"SearchAction\",\"target\":{\"@type\":\"EntryPoint\",\"urlTemplate\":\"https:\/\/www.visit-ulcinj.com\/blog\/?s={search_term_string}\"},\"query-input\":\"required name=search_term_string\"}],\"inLanguage\":\"en-US\"},{\"@type\":\"ImageObject\",\"inLanguage\":\"en-US\",\"@id\":\"https:\/\/www.visit-ulcinj.com\/blog\/2008\/07\/06\/projekt-ligji-i-kultures-te-terhiqet\/#primaryimage\",\"url\":\"http:\/\/www.visit-ulcinj.com\/blog\/wp-content\/uploads\/2008\/02\/forca-e-re-demokratike-logo.thumbnail.gif\",\"contentUrl\":\"http:\/\/www.visit-ulcinj.com\/blog\/wp-content\/uploads\/2008\/02\/forca-e-re-demokratike-logo.thumbnail.gif\"},{\"@type\":\"WebPage\",\"@id\":\"https:\/\/www.visit-ulcinj.com\/blog\/2008\/07\/06\/projekt-ligji-i-kultures-te-terhiqet\/#webpage\",\"url\":\"https:\/\/www.visit-ulcinj.com\/blog\/2008\/07\/06\/projekt-ligji-i-kultures-te-terhiqet\/\",\"name\":\"Projekt Ligji i Kultures te terhiqet! - Lajme nga Ulqini\",\"isPartOf\":{\"@id\":\"https:\/\/www.visit-ulcinj.com\/blog\/#website\"},\"primaryImageOfPage\":{\"@id\":\"https:\/\/www.visit-ulcinj.com\/blog\/2008\/07\/06\/projekt-ligji-i-kultures-te-terhiqet\/#primaryimage\"},\"datePublished\":\"2008-07-06T18:00:24+00:00\",\"dateModified\":\"2008-07-06T18:01:38+00:00\",\"author\":{\"@id\":\"https:\/\/www.visit-ulcinj.com\/blog\/#\/schema\/person\/dcab619c614d3038751c63bc2aadc06d\"},\"breadcrumb\":{\"@id\":\"https:\/\/www.visit-ulcinj.com\/blog\/2008\/07\/06\/projekt-ligji-i-kultures-te-terhiqet\/#breadcrumb\"},\"inLanguage\":\"en-US\",\"potentialAction\":[{\"@type\":\"ReadAction\",\"target\":[\"https:\/\/www.visit-ulcinj.com\/blog\/2008\/07\/06\/projekt-ligji-i-kultures-te-terhiqet\/\"]}]},{\"@type\":\"BreadcrumbList\",\"@id\":\"https:\/\/www.visit-ulcinj.com\/blog\/2008\/07\/06\/projekt-ligji-i-kultures-te-terhiqet\/#breadcrumb\",\"itemListElement\":[{\"@type\":\"ListItem\",\"position\":1,\"name\":\"Projekt Ligji i Kultures te terhiqet!\"}]},{\"@type\":\"Person\",\"@id\":\"https:\/\/www.visit-ulcinj.com\/blog\/#\/schema\/person\/dcab619c614d3038751c63bc2aadc06d\",\"name\":\"ulqini\",\"sameAs\":[\"http:\/\/www.visit-ulcinj.com\"],\"url\":\"https:\/\/www.visit-ulcinj.com\/blog\/author\/admin\/\"}]}<\/script>\n<!-- \/ Yoast SEO plugin. -->","yoast_head_json":{"title":"Projekt Ligji i Kultures te terhiqet! - Lajme nga Ulqini","robots":{"index":"index","follow":"follow","max-snippet":"max-snippet:-1","max-image-preview":"max-image-preview:large","max-video-preview":"max-video-preview:-1"},"canonical":"https:\/\/www.visit-ulcinj.com\/blog\/2008\/07\/06\/projekt-ligji-i-kultures-te-terhiqet\/","og_locale":"en_US","og_type":"article","og_title":"Projekt Ligji i Kultures te terhiqet! - Lajme nga Ulqini","og_url":"https:\/\/www.visit-ulcinj.com\/blog\/2008\/07\/06\/projekt-ligji-i-kultures-te-terhiqet\/","og_site_name":"Lajme nga Ulqini","article_published_time":"2008-07-06T18:00:24+00:00","article_modified_time":"2008-07-06T18:01:38+00:00","og_image":[{"url":"http:\/\/www.visit-ulcinj.com\/blog\/wp-content\/uploads\/2008\/02\/forca-e-re-demokratike-logo.thumbnail.gif"}],"twitter_misc":{"Written by":"ulqini","Est. reading time":"2 minutes"},"schema":{"@context":"https:\/\/schema.org","@graph":[{"@type":"WebSite","@id":"https:\/\/www.visit-ulcinj.com\/blog\/#website","url":"https:\/\/www.visit-ulcinj.com\/blog\/","name":"Lajme nga Ulqini","description":"Lajme,Vijesti,Ulqini,Ulqin,Crna Gora,Mali i Zi","potentialAction":[{"@type":"SearchAction","target":{"@type":"EntryPoint","urlTemplate":"https:\/\/www.visit-ulcinj.com\/blog\/?s={search_term_string}"},"query-input":"required name=search_term_string"}],"inLanguage":"en-US"},{"@type":"ImageObject","inLanguage":"en-US","@id":"https:\/\/www.visit-ulcinj.com\/blog\/2008\/07\/06\/projekt-ligji-i-kultures-te-terhiqet\/#primaryimage","url":"http:\/\/www.visit-ulcinj.com\/blog\/wp-content\/uploads\/2008\/02\/forca-e-re-demokratike-logo.thumbnail.gif","contentUrl":"http:\/\/www.visit-ulcinj.com\/blog\/wp-content\/uploads\/2008\/02\/forca-e-re-demokratike-logo.thumbnail.gif"},{"@type":"WebPage","@id":"https:\/\/www.visit-ulcinj.com\/blog\/2008\/07\/06\/projekt-ligji-i-kultures-te-terhiqet\/#webpage","url":"https:\/\/www.visit-ulcinj.com\/blog\/2008\/07\/06\/projekt-ligji-i-kultures-te-terhiqet\/","name":"Projekt Ligji i Kultures te terhiqet! - Lajme nga Ulqini","isPartOf":{"@id":"https:\/\/www.visit-ulcinj.com\/blog\/#website"},"primaryImageOfPage":{"@id":"https:\/\/www.visit-ulcinj.com\/blog\/2008\/07\/06\/projekt-ligji-i-kultures-te-terhiqet\/#primaryimage"},"datePublished":"2008-07-06T18:00:24+00:00","dateModified":"2008-07-06T18:01:38+00:00","author":{"@id":"https:\/\/www.visit-ulcinj.com\/blog\/#\/schema\/person\/dcab619c614d3038751c63bc2aadc06d"},"breadcrumb":{"@id":"https:\/\/www.visit-ulcinj.com\/blog\/2008\/07\/06\/projekt-ligji-i-kultures-te-terhiqet\/#breadcrumb"},"inLanguage":"en-US","potentialAction":[{"@type":"ReadAction","target":["https:\/\/www.visit-ulcinj.com\/blog\/2008\/07\/06\/projekt-ligji-i-kultures-te-terhiqet\/"]}]},{"@type":"BreadcrumbList","@id":"https:\/\/www.visit-ulcinj.com\/blog\/2008\/07\/06\/projekt-ligji-i-kultures-te-terhiqet\/#breadcrumb","itemListElement":[{"@type":"ListItem","position":1,"name":"Projekt Ligji i Kultures te terhiqet!"}]},{"@type":"Person","@id":"https:\/\/www.visit-ulcinj.com\/blog\/#\/schema\/person\/dcab619c614d3038751c63bc2aadc06d","name":"ulqini","sameAs":["http:\/\/www.visit-ulcinj.com"],"url":"https:\/\/www.visit-ulcinj.com\/blog\/author\/admin\/"}]}},"jetpack_featured_media_url":"","jetpack_sharing_enabled":true,"jetpack_shortlink":"https:\/\/wp.me\/pe6lTn-yQ","_links":{"self":[{"href":"https:\/\/www.visit-ulcinj.com\/blog\/wp-json\/wp\/v2\/posts\/2160"}],"collection":[{"href":"https:\/\/www.visit-ulcinj.com\/blog\/wp-json\/wp\/v2\/posts"}],"about":[{"href":"https:\/\/www.visit-ulcinj.com\/blog\/wp-json\/wp\/v2\/types\/post"}],"author":[{"embeddable":true,"href":"https:\/\/www.visit-ulcinj.com\/blog\/wp-json\/wp\/v2\/users\/1"}],"replies":[{"embeddable":true,"href":"https:\/\/www.visit-ulcinj.com\/blog\/wp-json\/wp\/v2\/comments?post=2160"}],"version-history":[{"count":0,"href":"https:\/\/www.visit-ulcinj.com\/blog\/wp-json\/wp\/v2\/posts\/2160\/revisions"}],"wp:attachment":[{"href":"https:\/\/www.visit-ulcinj.com\/blog\/wp-json\/wp\/v2\/media?parent=2160"}],"wp:term":[{"taxonomy":"category","embeddable":true,"href":"https:\/\/www.visit-ulcinj.com\/blog\/wp-json\/wp\/v2\/categories?post=2160"},{"taxonomy":"post_tag","embeddable":true,"href":"https:\/\/www.visit-ulcinj.com\/blog\/wp-json\/wp\/v2\/tags?post=2160"}],"curies":[{"name":"wp","href":"https:\/\/api.w.org\/{rel}","templated":true}]}}