{"id":21602,"date":"2009-05-16T19:35:57","date_gmt":"2009-05-16T17:35:57","guid":{"rendered":"http:\/\/www.visit-ulcinj.com\/blog\/?p=21602"},"modified":"2009-05-16T19:35:57","modified_gmt":"2009-05-16T17:35:57","slug":"kengetaret-kosovare-te-kenaqur-me-vleresimet-nga-%e2%80%9ctop-fest-6%e2%80%9d","status":"publish","type":"post","link":"https:\/\/www.visit-ulcinj.com\/blog\/2009\/05\/16\/kengetaret-kosovare-te-kenaqur-me-vleresimet-nga-%e2%80%9ctop-fest-6%e2%80%9d\/","title":{"rendered":"K\u00ebng\u00ebtar\u00ebt kosovar\u00eb t\u00eb k\u00ebnaqur me vler\u00ebsimet nga \u201cTop Fest 6\u201d"},"content":{"rendered":"<p><a href=\"http:\/\/www.visit-ulcinj.com\/blog\/wp-content\/uploads\/2009\/05\/dafina-zeqiri6.jpg\"><img loading=\"lazy\" class=\"alignleft size-full wp-image-21605\" title=\"dafina-zeqiri6\" src=\"http:\/\/www.visit-ulcinj.com\/blog\/wp-content\/uploads\/2009\/05\/dafina-zeqiri6.jpg\" alt=\"dafina-zeqiri6\" width=\"580\" height=\"400\" \/><\/a>KT\u00eb fresk\u00ebt dhe me emocione t\u00eb \u201cTop Fest\u201d-it, shum\u00eb prej k\u00ebng\u00ebtar\u00ebve q\u00eb fituan n\u00eb k\u00ebt\u00eb festival, ishin t\u00eb pranish\u00ebm t\u00eb mart\u00ebn mbr\u00ebma n\u00eb ceremonin\u00eb e ndarjes s\u00eb shp\u00ebrblimeve videomuzikore \u201cVideofesti muzikor 2009\u201d. K\u00ebng\u00ebtar\u00ebt kosovar\u00eb k\u00ebt\u00eb vit dominuan me shp\u00ebrblime n\u00eb \u201cTop Fest\u201d. Madje, edhe \u00e7mimin kryesor e fitoi k\u00ebng\u00ebtarja e re nga Kosova, Linda, me k\u00ebng\u00ebn \u201c\u00cbnd\u00ebrroj\u201d. K\u00ebng\u00ebtar\u00ebt jan\u00eb shprehur t\u00eb k\u00ebnaqur me vler\u00ebsimin q\u00eb u \u00ebsht\u00eb b\u00ebr\u00eb. Gili dhe Enis Potoku, t\u00eb cil\u00ebt me k\u00ebng\u00ebn \u201cKur u ndam\u00eb\u201d fituan \u201c\u00e7mimin e internetit\u201d, kan\u00eb th\u00ebn\u00eb, se ky ka qen\u00eb \u00e7mimi q\u00eb e kan\u00eb d\u00ebshiruar. Mir\u00ebpritja q\u00eb i \u00ebsht\u00eb b\u00ebr\u00eb nga ana e publikut n\u00eb finalen e \u201cTop Fest\u201d-it, sipas Gilit, ka treguar se ata e kan\u00eb pasur vendin atje. I k\u00ebnaqur me vler\u00ebsimin \u00ebsht\u00eb shprehur edhe autori i k\u00ebng\u00ebs \u201cKur u ndam\u00eb\u201d, Ilir Berani. K\u00ebng\u00ebtarja Jehona Sopi me k\u00ebng\u00ebn \u201cBashk\u00eb a do t\u00eb plakemi\u201d, ka fituar \u00e7mimin \u201cBest female\u201d. Jehona beson se vler\u00ebsimi ka qen\u00eb korrekt.P\u00ebr Besnik \u00c7ak\u00ebn, konkurrenca n\u00eb kategorin\u00eb q\u00eb fituan ka qen\u00eb shum\u00eb e fort\u00eb. NRG Band me sing\u00ebllin \u201cNina\u201d rr\u00ebmbyen \u00e7mimin \u201cBest Grup\u201d. Nd\u00ebrsa, p\u00ebr reperin F-Kay, \u00e7mimi \u201cBest hip &#8211; hop\u201d ka qen\u00eb befasi. Edhe Dafina Zeqiri \u00ebsht\u00eb e k\u00ebnaqur me \u00e7mimin q\u00eb fitoi, at\u00eb \u201cBest R\u2019n\u2019B\u201d. N\u00eb mesin e k\u00ebng\u00ebtareve t\u00eb njohura nga Kosova n\u00eb \u201cTop Fest 6\u201d ishte edhe Nora Istrefi. Me k\u00ebng\u00ebn pjes\u00ebmarr\u00ebse \u201cKeq u pafshim\u201d, Nora ishte e nominaur vet\u00ebm n\u00eb kategorin\u00eb \u201cBest female\u201d, por nuk arriti t\u00eb fitoi. Nora thot\u00eb se ajo e ka kryer pun\u00ebn e saj. Edhe pjes\u00ebmarr\u00ebs t\u00eb tjer\u00eb nga Kosova jan\u00eb vler\u00ebsuar me \u00e7mime: Eliza Hoxha me \u201cBest Dance\u201d, nd\u00ebrsa Andos dhe Xuxi fituan \u00e7mimin \u201cBest song\u201d me k\u00ebng\u00ebn \u201cFree Spirit\u201d. Nata finale e \u201cTop Fest 6\u201d u mbajt t\u00eb diel\u00ebn n\u00eb Pallatin e Sporteve \u201cAsllan Rusi\u201d. P\u00ebr k\u00ebt\u00eb edicion t\u00eb festivalit kan\u00eb konkurruar 269 artist\u00eb nga t\u00eb gjitha trevat shqiptare.<\/p>\n\n<!--YouTube Error: bad URL entered-->\n","protected":false},"excerpt":{"rendered":"<p>KT\u00eb fresk\u00ebt dhe me emocione t\u00eb \u201cTop Fest\u201d-it, shum\u00eb prej k\u00ebng\u00ebtar\u00ebve q\u00eb fituan n\u00eb k\u00ebt\u00eb festival, ishin t\u00eb pranish\u00ebm t\u00eb mart\u00ebn mbr\u00ebma n\u00eb ceremonin\u00eb e ndarjes s\u00eb shp\u00ebrblimeve videomuzikore \u201cVideofesti muzikor 2009\u201d. K\u00ebng\u00ebtar\u00ebt kosovar\u00eb k\u00ebt\u00eb vit dominuan me shp\u00ebrblime n\u00eb \u201cTop Fest\u201d. Madje, edhe \u00e7mimin kryesor e fitoi k\u00ebng\u00ebtarja e re nga Kosova, Linda, me [&hellip;]<\/p>\n","protected":false},"author":1,"featured_media":0,"comment_status":"open","ping_status":"closed","sticky":false,"template":"","format":"standard","meta":{"spay_email":"","jetpack_publicize_message":"","jetpack_is_tweetstorm":false,"jetpack_publicize_feature_enabled":true},"categories":[1],"tags":[2362,4926,10488],"jetpack_publicize_connections":[],"yoast_head":"<!-- This site is optimized with the Yoast SEO plugin v19.1 - https:\/\/yoast.com\/wordpress\/plugins\/seo\/ -->\n<title>K\u00ebng\u00ebtar\u00ebt kosovar\u00eb t\u00eb k\u00ebnaqur me vler\u00ebsimet nga \u201cTop Fest 6\u201d - Lajme nga Ulqini<\/title>\n<meta name=\"description\" content=\"KT\u00eb fresk\u00ebt dhe me emocione t\u00eb \u201cTop Fest\u201d-it, shum\u00eb prej k\u00ebng\u00ebtar\u00ebve q\u00eb fituan n\u00eb k\u00ebt\u00eb festival, ishin t\u00eb pranish\u00ebm t\u00eb mart\u00ebn mbr\u00ebma n\u00eb ceremonin\u00eb e\" \/>\n<meta name=\"robots\" content=\"index, follow, max-snippet:-1, max-image-preview:large, max-video-preview:-1\" \/>\n<link rel=\"canonical\" href=\"https:\/\/www.visit-ulcinj.com\/blog\/2009\/05\/16\/kengetaret-kosovare-te-kenaqur-me-vleresimet-nga-\u201ctop-fest-6\u201d\/\" \/>\n<meta property=\"og:locale\" content=\"en_US\" \/>\n<meta property=\"og:type\" content=\"article\" \/>\n<meta property=\"og:title\" content=\"K\u00ebng\u00ebtar\u00ebt kosovar\u00eb t\u00eb k\u00ebnaqur me vler\u00ebsimet nga \u201cTop Fest 6\u201d - Lajme nga Ulqini\" \/>\n<meta property=\"og:description\" content=\"KT\u00eb fresk\u00ebt dhe me emocione t\u00eb \u201cTop Fest\u201d-it, shum\u00eb prej k\u00ebng\u00ebtar\u00ebve q\u00eb fituan n\u00eb k\u00ebt\u00eb festival, ishin t\u00eb pranish\u00ebm t\u00eb mart\u00ebn mbr\u00ebma n\u00eb ceremonin\u00eb e\" \/>\n<meta property=\"og:url\" content=\"https:\/\/www.visit-ulcinj.com\/blog\/2009\/05\/16\/kengetaret-kosovare-te-kenaqur-me-vleresimet-nga-\u201ctop-fest-6\u201d\/\" \/>\n<meta property=\"og:site_name\" content=\"Lajme nga Ulqini\" \/>\n<meta property=\"article:published_time\" content=\"2009-05-16T17:35:57+00:00\" \/>\n<meta property=\"og:image\" content=\"https:\/\/www.visit-ulcinj.com\/blog\/wp-content\/uploads\/2009\/05\/dafina-zeqiri6-150x150.jpg\" \/>\n<meta name=\"twitter:label1\" content=\"Written by\" \/>\n\t<meta name=\"twitter:data1\" content=\"ulqini\" \/>\n\t<meta name=\"twitter:label2\" content=\"Est. reading time\" \/>\n\t<meta name=\"twitter:data2\" content=\"2 minutes\" \/>\n<script type=\"application\/ld+json\" class=\"yoast-schema-graph\">{\"@context\":\"https:\/\/schema.org\",\"@graph\":[{\"@type\":\"WebSite\",\"@id\":\"https:\/\/www.visit-ulcinj.com\/blog\/#website\",\"url\":\"https:\/\/www.visit-ulcinj.com\/blog\/\",\"name\":\"Lajme nga Ulqini\",\"description\":\"Lajme,Vijesti,Ulqini,Ulqin,Crna Gora,Mali i Zi\",\"potentialAction\":[{\"@type\":\"SearchAction\",\"target\":{\"@type\":\"EntryPoint\",\"urlTemplate\":\"https:\/\/www.visit-ulcinj.com\/blog\/?s={search_term_string}\"},\"query-input\":\"required name=search_term_string\"}],\"inLanguage\":\"en-US\"},{\"@type\":\"ImageObject\",\"inLanguage\":\"en-US\",\"@id\":\"https:\/\/www.visit-ulcinj.com\/blog\/2009\/05\/16\/kengetaret-kosovare-te-kenaqur-me-vleresimet-nga-%e2%80%9ctop-fest-6%e2%80%9d\/#primaryimage\",\"url\":\"http:\/\/www.visit-ulcinj.com\/blog\/wp-content\/uploads\/2009\/05\/dafina-zeqiri6.jpg\",\"contentUrl\":\"http:\/\/www.visit-ulcinj.com\/blog\/wp-content\/uploads\/2009\/05\/dafina-zeqiri6.jpg\"},{\"@type\":\"WebPage\",\"@id\":\"https:\/\/www.visit-ulcinj.com\/blog\/2009\/05\/16\/kengetaret-kosovare-te-kenaqur-me-vleresimet-nga-%e2%80%9ctop-fest-6%e2%80%9d\/#webpage\",\"url\":\"https:\/\/www.visit-ulcinj.com\/blog\/2009\/05\/16\/kengetaret-kosovare-te-kenaqur-me-vleresimet-nga-%e2%80%9ctop-fest-6%e2%80%9d\/\",\"name\":\"K\u00ebng\u00ebtar\u00ebt kosovar\u00eb t\u00eb k\u00ebnaqur me vler\u00ebsimet nga \u201cTop Fest 6\u201d - Lajme nga Ulqini\",\"isPartOf\":{\"@id\":\"https:\/\/www.visit-ulcinj.com\/blog\/#website\"},\"primaryImageOfPage\":{\"@id\":\"https:\/\/www.visit-ulcinj.com\/blog\/2009\/05\/16\/kengetaret-kosovare-te-kenaqur-me-vleresimet-nga-%e2%80%9ctop-fest-6%e2%80%9d\/#primaryimage\"},\"datePublished\":\"2009-05-16T17:35:57+00:00\",\"dateModified\":\"2009-05-16T17:35:57+00:00\",\"author\":{\"@id\":\"https:\/\/www.visit-ulcinj.com\/blog\/#\/schema\/person\/dcab619c614d3038751c63bc2aadc06d\"},\"description\":\"KT\u00eb fresk\u00ebt dhe me emocione t\u00eb \u201cTop Fest\u201d-it, shum\u00eb prej k\u00ebng\u00ebtar\u00ebve q\u00eb fituan n\u00eb k\u00ebt\u00eb festival, ishin t\u00eb pranish\u00ebm t\u00eb mart\u00ebn mbr\u00ebma n\u00eb ceremonin\u00eb e\",\"breadcrumb\":{\"@id\":\"https:\/\/www.visit-ulcinj.com\/blog\/2009\/05\/16\/kengetaret-kosovare-te-kenaqur-me-vleresimet-nga-%e2%80%9ctop-fest-6%e2%80%9d\/#breadcrumb\"},\"inLanguage\":\"en-US\",\"potentialAction\":[{\"@type\":\"ReadAction\",\"target\":[\"https:\/\/www.visit-ulcinj.com\/blog\/2009\/05\/16\/kengetaret-kosovare-te-kenaqur-me-vleresimet-nga-%e2%80%9ctop-fest-6%e2%80%9d\/\"]}]},{\"@type\":\"BreadcrumbList\",\"@id\":\"https:\/\/www.visit-ulcinj.com\/blog\/2009\/05\/16\/kengetaret-kosovare-te-kenaqur-me-vleresimet-nga-%e2%80%9ctop-fest-6%e2%80%9d\/#breadcrumb\",\"itemListElement\":[{\"@type\":\"ListItem\",\"position\":1,\"name\":\"K\u00ebng\u00ebtar\u00ebt kosovar\u00eb t\u00eb k\u00ebnaqur me vler\u00ebsimet nga \u201cTop Fest 6\u201d\"}]},{\"@type\":\"Person\",\"@id\":\"https:\/\/www.visit-ulcinj.com\/blog\/#\/schema\/person\/dcab619c614d3038751c63bc2aadc06d\",\"name\":\"ulqini\",\"sameAs\":[\"http:\/\/www.visit-ulcinj.com\"],\"url\":\"https:\/\/www.visit-ulcinj.com\/blog\/author\/admin\/\"}]}<\/script>\n<!-- \/ Yoast SEO plugin. -->","yoast_head_json":{"title":"K\u00ebng\u00ebtar\u00ebt kosovar\u00eb t\u00eb k\u00ebnaqur me vler\u00ebsimet nga \u201cTop Fest 6\u201d - Lajme nga Ulqini","description":"KT\u00eb fresk\u00ebt dhe me emocione t\u00eb \u201cTop Fest\u201d-it, shum\u00eb prej k\u00ebng\u00ebtar\u00ebve q\u00eb fituan n\u00eb k\u00ebt\u00eb festival, ishin t\u00eb pranish\u00ebm t\u00eb mart\u00ebn mbr\u00ebma n\u00eb ceremonin\u00eb e","robots":{"index":"index","follow":"follow","max-snippet":"max-snippet:-1","max-image-preview":"max-image-preview:large","max-video-preview":"max-video-preview:-1"},"canonical":"https:\/\/www.visit-ulcinj.com\/blog\/2009\/05\/16\/kengetaret-kosovare-te-kenaqur-me-vleresimet-nga-\u201ctop-fest-6\u201d\/","og_locale":"en_US","og_type":"article","og_title":"K\u00ebng\u00ebtar\u00ebt kosovar\u00eb t\u00eb k\u00ebnaqur me vler\u00ebsimet nga \u201cTop Fest 6\u201d - Lajme nga Ulqini","og_description":"KT\u00eb fresk\u00ebt dhe me emocione t\u00eb \u201cTop Fest\u201d-it, shum\u00eb prej k\u00ebng\u00ebtar\u00ebve q\u00eb fituan n\u00eb k\u00ebt\u00eb festival, ishin t\u00eb pranish\u00ebm t\u00eb mart\u00ebn mbr\u00ebma n\u00eb ceremonin\u00eb e","og_url":"https:\/\/www.visit-ulcinj.com\/blog\/2009\/05\/16\/kengetaret-kosovare-te-kenaqur-me-vleresimet-nga-\u201ctop-fest-6\u201d\/","og_site_name":"Lajme nga Ulqini","article_published_time":"2009-05-16T17:35:57+00:00","og_image":[{"url":"https:\/\/www.visit-ulcinj.com\/blog\/wp-content\/uploads\/2009\/05\/dafina-zeqiri6-150x150.jpg"}],"twitter_misc":{"Written by":"ulqini","Est. reading time":"2 minutes"},"schema":{"@context":"https:\/\/schema.org","@graph":[{"@type":"WebSite","@id":"https:\/\/www.visit-ulcinj.com\/blog\/#website","url":"https:\/\/www.visit-ulcinj.com\/blog\/","name":"Lajme nga Ulqini","description":"Lajme,Vijesti,Ulqini,Ulqin,Crna Gora,Mali i Zi","potentialAction":[{"@type":"SearchAction","target":{"@type":"EntryPoint","urlTemplate":"https:\/\/www.visit-ulcinj.com\/blog\/?s={search_term_string}"},"query-input":"required name=search_term_string"}],"inLanguage":"en-US"},{"@type":"ImageObject","inLanguage":"en-US","@id":"https:\/\/www.visit-ulcinj.com\/blog\/2009\/05\/16\/kengetaret-kosovare-te-kenaqur-me-vleresimet-nga-%e2%80%9ctop-fest-6%e2%80%9d\/#primaryimage","url":"http:\/\/www.visit-ulcinj.com\/blog\/wp-content\/uploads\/2009\/05\/dafina-zeqiri6.jpg","contentUrl":"http:\/\/www.visit-ulcinj.com\/blog\/wp-content\/uploads\/2009\/05\/dafina-zeqiri6.jpg"},{"@type":"WebPage","@id":"https:\/\/www.visit-ulcinj.com\/blog\/2009\/05\/16\/kengetaret-kosovare-te-kenaqur-me-vleresimet-nga-%e2%80%9ctop-fest-6%e2%80%9d\/#webpage","url":"https:\/\/www.visit-ulcinj.com\/blog\/2009\/05\/16\/kengetaret-kosovare-te-kenaqur-me-vleresimet-nga-%e2%80%9ctop-fest-6%e2%80%9d\/","name":"K\u00ebng\u00ebtar\u00ebt kosovar\u00eb t\u00eb k\u00ebnaqur me vler\u00ebsimet nga \u201cTop Fest 6\u201d - Lajme nga Ulqini","isPartOf":{"@id":"https:\/\/www.visit-ulcinj.com\/blog\/#website"},"primaryImageOfPage":{"@id":"https:\/\/www.visit-ulcinj.com\/blog\/2009\/05\/16\/kengetaret-kosovare-te-kenaqur-me-vleresimet-nga-%e2%80%9ctop-fest-6%e2%80%9d\/#primaryimage"},"datePublished":"2009-05-16T17:35:57+00:00","dateModified":"2009-05-16T17:35:57+00:00","author":{"@id":"https:\/\/www.visit-ulcinj.com\/blog\/#\/schema\/person\/dcab619c614d3038751c63bc2aadc06d"},"description":"KT\u00eb fresk\u00ebt dhe me emocione t\u00eb \u201cTop Fest\u201d-it, shum\u00eb prej k\u00ebng\u00ebtar\u00ebve q\u00eb fituan n\u00eb k\u00ebt\u00eb festival, ishin t\u00eb pranish\u00ebm t\u00eb mart\u00ebn mbr\u00ebma n\u00eb ceremonin\u00eb e","breadcrumb":{"@id":"https:\/\/www.visit-ulcinj.com\/blog\/2009\/05\/16\/kengetaret-kosovare-te-kenaqur-me-vleresimet-nga-%e2%80%9ctop-fest-6%e2%80%9d\/#breadcrumb"},"inLanguage":"en-US","potentialAction":[{"@type":"ReadAction","target":["https:\/\/www.visit-ulcinj.com\/blog\/2009\/05\/16\/kengetaret-kosovare-te-kenaqur-me-vleresimet-nga-%e2%80%9ctop-fest-6%e2%80%9d\/"]}]},{"@type":"BreadcrumbList","@id":"https:\/\/www.visit-ulcinj.com\/blog\/2009\/05\/16\/kengetaret-kosovare-te-kenaqur-me-vleresimet-nga-%e2%80%9ctop-fest-6%e2%80%9d\/#breadcrumb","itemListElement":[{"@type":"ListItem","position":1,"name":"K\u00ebng\u00ebtar\u00ebt kosovar\u00eb t\u00eb k\u00ebnaqur me vler\u00ebsimet nga \u201cTop Fest 6\u201d"}]},{"@type":"Person","@id":"https:\/\/www.visit-ulcinj.com\/blog\/#\/schema\/person\/dcab619c614d3038751c63bc2aadc06d","name":"ulqini","sameAs":["http:\/\/www.visit-ulcinj.com"],"url":"https:\/\/www.visit-ulcinj.com\/blog\/author\/admin\/"}]}},"jetpack_featured_media_url":"","jetpack_sharing_enabled":true,"jetpack_shortlink":"https:\/\/wp.me\/pe6lTn-5Cq","_links":{"self":[{"href":"https:\/\/www.visit-ulcinj.com\/blog\/wp-json\/wp\/v2\/posts\/21602"}],"collection":[{"href":"https:\/\/www.visit-ulcinj.com\/blog\/wp-json\/wp\/v2\/posts"}],"about":[{"href":"https:\/\/www.visit-ulcinj.com\/blog\/wp-json\/wp\/v2\/types\/post"}],"author":[{"embeddable":true,"href":"https:\/\/www.visit-ulcinj.com\/blog\/wp-json\/wp\/v2\/users\/1"}],"replies":[{"embeddable":true,"href":"https:\/\/www.visit-ulcinj.com\/blog\/wp-json\/wp\/v2\/comments?post=21602"}],"version-history":[{"count":0,"href":"https:\/\/www.visit-ulcinj.com\/blog\/wp-json\/wp\/v2\/posts\/21602\/revisions"}],"wp:attachment":[{"href":"https:\/\/www.visit-ulcinj.com\/blog\/wp-json\/wp\/v2\/media?parent=21602"}],"wp:term":[{"taxonomy":"category","embeddable":true,"href":"https:\/\/www.visit-ulcinj.com\/blog\/wp-json\/wp\/v2\/categories?post=21602"},{"taxonomy":"post_tag","embeddable":true,"href":"https:\/\/www.visit-ulcinj.com\/blog\/wp-json\/wp\/v2\/tags?post=21602"}],"curies":[{"name":"wp","href":"https:\/\/api.w.org\/{rel}","templated":true}]}}