{"id":2164,"date":"2008-07-07T09:16:22","date_gmt":"2008-07-07T14:16:22","guid":{"rendered":"http:\/\/www.visit-ulcinj.com\/blog\/?p=2164"},"modified":"2008-07-07T09:16:22","modified_gmt":"2008-07-07T14:16:22","slug":"diaspora-te-marre-pjese-ne-projekte-te-perbashketa-ne-ulqin","status":"publish","type":"post","link":"https:\/\/www.visit-ulcinj.com\/blog\/2008\/07\/07\/diaspora-te-marre-pjese-ne-projekte-te-perbashketa-ne-ulqin\/","title":{"rendered":"Diaspora t\u00eb marr\u00eb pjes\u00eb n\u00eb projekte t\u00eb p\u00ebrbashk\u00ebta n\u00eb Ulqin"},"content":{"rendered":"<p><a title=\"richard  lukaj _ulqin\" href=\"http:\/\/podgorica.usembassy.gov\/uploads\/To\/oP\/TooPjMSkiVV1hPiAR5d8TA\/krytha-donation.jpg\" target=\"_blank\"><img loading=\"lazy\" class=\"alignleft\" style=\"float: left;\" src=\"http:\/\/podgorica.usembassy.gov\/uploads\/To\/oP\/TooPjMSkiVV1hPiAR5d8TA\/krytha-donation.jpg\" alt=\"richard  lukaj_ulqin\" width=\"297\" height=\"222\" \/><\/a><strong>Kryetari i komun\u00ebs s\u00eb ulqinit, G\u00ebzim Hajdinaga, priti t\u00eb h\u00ebn\u00ebn kryetarin e KKSHA-s\u00eb, Ri\u00e7ard Lukaj<\/strong><br \/>\nUlqin &#8211; Kryetari i Komun\u00ebs s\u00eb Ulqinit, G\u00ebzim Hajdinaga dhe bashk\u00ebpun\u00ebtor\u00ebt e tij prit\u00ebn t\u00eb h\u00ebn\u00ebn n\u00eb nj\u00eb takim pune z. Ri\u00e7ard Lukaj, kryetar i K\u00ebshillit Komb\u00ebtar Shqiptaro-Amerikan.<br \/>\nN\u00eb kumtes\u00ebn p\u00ebr opinion t\u00eb l\u00ebshuar pas k\u00ebtij takimi nga kabineti i kryetarit t\u00eb Komun\u00ebs s\u00eb Ulqinit thuhet se n\u00eb k\u00ebt\u00eb takim u prek\u00ebn nj\u00eb s\u00ebr\u00eb \u00e7\u00ebshtjesh t\u00eb r\u00ebnd\u00ebsishme, t\u00eb inicuara n\u00eb takimet e m\u00ebparshme ku edhe dispora mund t\u00eb luaj\u00eb rol t\u00eb r\u00ebnd\u00ebsish\u00ebm.<br \/>\nV\u00ebmendje e ve\u00e7ant\u00eb iu kushtua realizimit t\u00eb ides\u00eb p\u00ebr nd\u00ebrtimin e godin\u00ebs s\u00eb re t\u00eb shkoll\u00ebs n\u00eb Sukubin\u00eb, projekt ky q\u00eb do t\u00eb realizohet n\u00eb bashk\u00ebpunimin<a title=\"Richard Lukaj  \" href=\"http:\/\/mycrains.crainsnewyork.com\/40under40\/profile_images\/2001\/thumbs\/402001lukaj.jpg\" target=\"_blank\"><img loading=\"lazy\" class=\"alignright\" style=\"float: right;\" src=\"http:\/\/mycrains.crainsnewyork.com\/40under40\/profile_images\/2001\/thumbs\/402001lukaj.jpg\" alt=\"Richard Lukaj  \" width=\"159\" height=\"184\" \/><\/a> tripal\u00ebsh nd\u00ebrmjet Komun\u00ebs s\u00eb Ulqinit, Ministris\u00eb s\u00eb Arsimit dhe Shkenc\u00ebs dhe diaspor\u00ebs son\u00eb n\u00eb SHBA.<br \/>\nLidhur me k\u00ebt\u00eb u la q\u00eb sa m\u00eb par\u00eb t\u00eb hartohet projekti detaj, i bazuar n\u00eb at\u00eb ideor, t\u00eb p\u00ebrgatitet dokumentacioni i duhur dhe menj\u00ebher\u00eb t\u00eb fillohet realizimi i tij.<br \/>\nKryetari i Komun\u00ebs s\u00eb Ulqinit, G\u00ebzim Hajdinaga, lidhur me k\u00ebt\u00eb \u00e7\u00ebshtje paralajm\u00ebroi nj\u00eb takim me ministrin e Arsimit, nd\u00ebrkoh\u00eb q\u00eb autorizoi Sekretariatin p\u00ebr Urbaniz\u00ebm pran\u00eb Komun\u00ebs s\u00eb Ulqinit q\u00eb t\u00eb b\u00ebj\u00eb kompletimin e dokumentacionit p\u00ebrkat\u00ebs.<br \/>\nHajdinaga dhe Lukaj edhe n\u00eb k\u00ebt\u00eb takim shpreh\u00ebn gatishm\u00ebrin\u00eb e tyre p\u00ebr jet\u00ebsimin e projekteve t\u00eb p\u00ebrbashk\u00ebta, respektivisht pranin\u00eb m\u00eb t\u00eb madhe t\u00eb diaspor\u00ebs ton\u00eb n\u00eb to.<br \/>\n<strong>Burimi \/ Kohapress<\/strong><\/p>\n<!-- vimeo error: not a vimeo video -->\n<p><a class=\"aligncenter\" title=\"???? ????,?????,Ulcinj,Montenegru,??????????,\u00c7ernoqoriya,???????????,Montenegiro,?ern\u00e1 Hora,??????????,Cz\u00f4rnog\u00f3ra,Cz\u00f4rn\u00f4 G\u00f3ra,Carna G\u00f3ra,T\u0161ernogooria,\u00c7ernogoriya,Montain\u00e9agr\u00f3,Montenegwo,?orna Hora,Montenegr\u00f3,M?ntenigro,Chernogoriya ,\u00c7\u00earnogor\u00ee ,?????????,????????? ,??????? ,Montes Nigrae,Mons Niger,M\u00f4ntenegr\u00f4,Muntenegru,??????????,Czarnog\u00f3ra,Muntinigru,Muntenegro,&lt;br &gt;&lt;\/a&gt;\" href=\"http:\/\/www.visit-ulcinj.com\/tourism\/\" target=\"_blank\"><img loading=\"lazy\" style=\"float: right;\" src=\"http:\/\/www.visit-ulcinj.com\/blog\/wp-content\/uploads\/2008\/06\/holiday-rental-ulcinj-ulqini_ulqin_logo.gif\" alt=\"Apatin,  Aran?elovac,  ?uprija,  ?a?ak,  ?apljina,  ?itluk,  \u0160abac,  \u0160ipovo,  \u0160iroki Brijeg,  \u017dep?e,  \u017divinice,  Ba?ka Palanka,  Banja Luka,  Banovi?i,  Be?ej,  beograd,  Biha?,  Bijeljina,  Bor,  Bor?a,  Bosanska Gradi\u0161ka,  Bosanska Krupa,  Bosanski \u0160amac,  Bosanski Brod,  Bosanski Novi,  Br?ko,  Bu\u017eim,  Bugojno,  Cazin,  Crna Gora,  Derventa,  Doboj,  Donji Vakuf,  Drvar,  Dubrovnik,  Fo?a,  Fojnica,  Glamo?,  Gora\u017ede,  Gornji Milanovac,  Gornji Vakuf,  gostivar,  Gra?anica,  Grada?ac,  Gradiska,  Grahovo,  Had\u017ei?i,  Ilid\u017ea,  In?ija,  Jablanica,  Jagodina,  Jajce,  Kakanj,  Kalu?erica,  Kikinda,  Klju?,  Konjic,  Kotor Varo\u0161,  Kragujevac,  Kraljevo,  Kru\u0161evac,  Kula,  Kupres,  Lakta\u0161i,  Lazarevac,  Leskovac,  Livno,  Ljubinje,  ljublana,  Ljubu\u0161ki,  Loznica,  Lukavac,  Maglaj,  Mladenovac,  Modri?a,  montenegro erlajnz,  mostar,  Mrkonji? Grad,  Neum,  Ni\u0161,  Novi Pazar,  Novi Sad,  Novi Travnik,  Obrenovac,  Od\u017eak,  ohrid,  Ora\u0161je,  Pale,  Pan?evo,  Para?in,  Pirot,  Po\u017earevac,  Podgorica,  Priboj,  Prijedor,  Prokuplje,  Prozor,  pula,  rijeka,  Ruma,  Sanski Most,  Sarajevo,  Senta,  serbija,  sibenik,  skopje,  Smederevo,  Smederevska Palanka,  Sokolac,  Sombor,  split,  Srebrenica,  Srebrenik,  Sremska Mitrovica,  Stolac,  Struga,  Subotica,  Temerin,  Tesli?,  tetovo,  Travnik,  Trebinje,  tuzla,  U\u017eice,  ulcinj,  Valjevo,  Velika Kladu\u0161a,  Vi\u0161egrad,  Visoko,  Vitez,  Vogo\u0161?a,  vojvodina,  Vranje,  Vr\u0161ac,  Vrbas,  zadar,  Zagreb,  Zaje?ar,  Zavidovi?i,  Zenica,  Zrenjanin,  Zvornik,copacabana ulcinj,  h\u00f4tels,  hotel ulqin,  Kosova,  Mali i Zi,  Maqedonija,  Montenegro,  montenegro tourisme plage,  montenegro ulcinj,  Shpallje Falas,  Shpallje Falas per shitjen e shtepis se juaj,  Shpallje Falas per apartamentet e juaj,  Shpallje Falas Real Estate,  Shpallje Falas turistike,  shqiperija,  tourisme,  Ulci?,  ulcinj,  ulqin,  ulqin hotel,  ulqini,  ulqini 2007,Ada Bojana,  Alba?czyk,  Cita di Dolcino,  Copacabana,  Czarnog\u00f3ra,  Czarnog\u00f3rzec,  Don Kichota,  Ma?a Pla?a,  Mandra,  MIGUEL DE SERVANTES,  p\u00f3?wyspy Marjan,  Pla?a Valdanos,  Rzeka Bojana,  Shas \/ \u0160as \/ Sva?,  Ulci?,  Ulcinjsk? Riwier?,  Wielka Pla?a,  Wyspa Bojana,GORA,??????????,???????,??????????, ?ern\u00e1 Hora,TO ULCINJ \/ ULQIN,MONTENEGRO, Czarnog\u00f3ra, Muntenegru, ????? ????, Montenegr\u00f3,appartement \u00e0 louer \u00e0 ulcinj, location de vacance, location saisonni\u00e8res, louer chambres,location de vacance, Locations vacance, h\u00e9bergements vacances, locations villa, logements de vacances, location maison avec piscine, Location vacance, locations de vacance, h\u00e9bergements de vacances, location, locations entre particulier, logements vacance, vacances \u00e0 Mont\u00e9n\u00e9gro - location \u00e0 Ulcinj ,location  de bigorre.\" width=\"510\" height=\"145\" \/><\/a><\/p>\n","protected":false},"excerpt":{"rendered":"<p><img loading=\"lazy\" class=\"alignleft\" style=\"float: left;\" src=\"http:\/\/podgorica.usembassy.gov\/uploads\/To\/oP\/TooPjMSkiVV1hPiAR5d8TA\/krytha-donation.jpg\" alt=\"richard  lukaj_ulqin\" width=\"140\" height=\"140\" \/><\/p>\n","protected":false},"author":1,"featured_media":0,"comment_status":"open","ping_status":"closed","sticky":false,"template":"","format":"standard","meta":{"spay_email":"","jetpack_publicize_message":"","jetpack_is_tweetstorm":false,"jetpack_publicize_feature_enabled":true},"categories":[11,12],"tags":[222,4236,200],"jetpack_publicize_connections":[],"yoast_head":"<!-- This site is optimized with the Yoast SEO plugin v19.1 - https:\/\/yoast.com\/wordpress\/plugins\/seo\/ -->\n<title>Diaspora t\u00eb marr\u00eb pjes\u00eb n\u00eb projekte t\u00eb p\u00ebrbashk\u00ebta n\u00eb Ulqin - Lajme nga Ulqini<\/title>\n<meta name=\"robots\" content=\"index, follow, max-snippet:-1, max-image-preview:large, max-video-preview:-1\" \/>\n<link rel=\"canonical\" href=\"https:\/\/www.visit-ulcinj.com\/blog\/2008\/07\/07\/diaspora-te-marre-pjese-ne-projekte-te-perbashketa-ne-ulqin\/\" \/>\n<meta property=\"og:locale\" content=\"en_US\" \/>\n<meta property=\"og:type\" content=\"article\" \/>\n<meta property=\"og:title\" content=\"Diaspora t\u00eb marr\u00eb pjes\u00eb n\u00eb projekte t\u00eb p\u00ebrbashk\u00ebta n\u00eb Ulqin - Lajme nga Ulqini\" \/>\n<meta property=\"og:url\" content=\"https:\/\/www.visit-ulcinj.com\/blog\/2008\/07\/07\/diaspora-te-marre-pjese-ne-projekte-te-perbashketa-ne-ulqin\/\" \/>\n<meta property=\"og:site_name\" content=\"Lajme nga Ulqini\" \/>\n<meta property=\"article:published_time\" content=\"2008-07-07T14:16:22+00:00\" \/>\n<meta property=\"og:image\" content=\"http:\/\/podgorica.usembassy.gov\/uploads\/To\/oP\/TooPjMSkiVV1hPiAR5d8TA\/krytha-donation.jpg\" \/>\n<meta name=\"twitter:label1\" content=\"Written by\" \/>\n\t<meta name=\"twitter:data1\" content=\"ulqini\" \/>\n\t<meta name=\"twitter:label2\" content=\"Est. reading time\" \/>\n\t<meta name=\"twitter:data2\" content=\"1 minute\" \/>\n<script type=\"application\/ld+json\" class=\"yoast-schema-graph\">{\"@context\":\"https:\/\/schema.org\",\"@graph\":[{\"@type\":\"WebSite\",\"@id\":\"https:\/\/www.visit-ulcinj.com\/blog\/#website\",\"url\":\"https:\/\/www.visit-ulcinj.com\/blog\/\",\"name\":\"Lajme nga Ulqini\",\"description\":\"Lajme,Vijesti,Ulqini,Ulqin,Crna Gora,Mali i Zi\",\"potentialAction\":[{\"@type\":\"SearchAction\",\"target\":{\"@type\":\"EntryPoint\",\"urlTemplate\":\"https:\/\/www.visit-ulcinj.com\/blog\/?s={search_term_string}\"},\"query-input\":\"required name=search_term_string\"}],\"inLanguage\":\"en-US\"},{\"@type\":\"ImageObject\",\"inLanguage\":\"en-US\",\"@id\":\"https:\/\/www.visit-ulcinj.com\/blog\/2008\/07\/07\/diaspora-te-marre-pjese-ne-projekte-te-perbashketa-ne-ulqin\/#primaryimage\",\"url\":\"http:\/\/podgorica.usembassy.gov\/uploads\/To\/oP\/TooPjMSkiVV1hPiAR5d8TA\/krytha-donation.jpg\",\"contentUrl\":\"http:\/\/podgorica.usembassy.gov\/uploads\/To\/oP\/TooPjMSkiVV1hPiAR5d8TA\/krytha-donation.jpg\"},{\"@type\":\"WebPage\",\"@id\":\"https:\/\/www.visit-ulcinj.com\/blog\/2008\/07\/07\/diaspora-te-marre-pjese-ne-projekte-te-perbashketa-ne-ulqin\/#webpage\",\"url\":\"https:\/\/www.visit-ulcinj.com\/blog\/2008\/07\/07\/diaspora-te-marre-pjese-ne-projekte-te-perbashketa-ne-ulqin\/\",\"name\":\"Diaspora t\u00eb marr\u00eb pjes\u00eb n\u00eb projekte t\u00eb p\u00ebrbashk\u00ebta n\u00eb Ulqin - Lajme nga Ulqini\",\"isPartOf\":{\"@id\":\"https:\/\/www.visit-ulcinj.com\/blog\/#website\"},\"primaryImageOfPage\":{\"@id\":\"https:\/\/www.visit-ulcinj.com\/blog\/2008\/07\/07\/diaspora-te-marre-pjese-ne-projekte-te-perbashketa-ne-ulqin\/#primaryimage\"},\"datePublished\":\"2008-07-07T14:16:22+00:00\",\"dateModified\":\"2008-07-07T14:16:22+00:00\",\"author\":{\"@id\":\"https:\/\/www.visit-ulcinj.com\/blog\/#\/schema\/person\/dcab619c614d3038751c63bc2aadc06d\"},\"breadcrumb\":{\"@id\":\"https:\/\/www.visit-ulcinj.com\/blog\/2008\/07\/07\/diaspora-te-marre-pjese-ne-projekte-te-perbashketa-ne-ulqin\/#breadcrumb\"},\"inLanguage\":\"en-US\",\"potentialAction\":[{\"@type\":\"ReadAction\",\"target\":[\"https:\/\/www.visit-ulcinj.com\/blog\/2008\/07\/07\/diaspora-te-marre-pjese-ne-projekte-te-perbashketa-ne-ulqin\/\"]}]},{\"@type\":\"BreadcrumbList\",\"@id\":\"https:\/\/www.visit-ulcinj.com\/blog\/2008\/07\/07\/diaspora-te-marre-pjese-ne-projekte-te-perbashketa-ne-ulqin\/#breadcrumb\",\"itemListElement\":[{\"@type\":\"ListItem\",\"position\":1,\"name\":\"Diaspora t\u00eb marr\u00eb pjes\u00eb n\u00eb projekte t\u00eb p\u00ebrbashk\u00ebta n\u00eb Ulqin\"}]},{\"@type\":\"Person\",\"@id\":\"https:\/\/www.visit-ulcinj.com\/blog\/#\/schema\/person\/dcab619c614d3038751c63bc2aadc06d\",\"name\":\"ulqini\",\"sameAs\":[\"http:\/\/www.visit-ulcinj.com\"],\"url\":\"https:\/\/www.visit-ulcinj.com\/blog\/author\/admin\/\"}]}<\/script>\n<!-- \/ Yoast SEO plugin. -->","yoast_head_json":{"title":"Diaspora t\u00eb marr\u00eb pjes\u00eb n\u00eb projekte t\u00eb p\u00ebrbashk\u00ebta n\u00eb Ulqin - Lajme nga Ulqini","robots":{"index":"index","follow":"follow","max-snippet":"max-snippet:-1","max-image-preview":"max-image-preview:large","max-video-preview":"max-video-preview:-1"},"canonical":"https:\/\/www.visit-ulcinj.com\/blog\/2008\/07\/07\/diaspora-te-marre-pjese-ne-projekte-te-perbashketa-ne-ulqin\/","og_locale":"en_US","og_type":"article","og_title":"Diaspora t\u00eb marr\u00eb pjes\u00eb n\u00eb projekte t\u00eb p\u00ebrbashk\u00ebta n\u00eb Ulqin - Lajme nga Ulqini","og_url":"https:\/\/www.visit-ulcinj.com\/blog\/2008\/07\/07\/diaspora-te-marre-pjese-ne-projekte-te-perbashketa-ne-ulqin\/","og_site_name":"Lajme nga Ulqini","article_published_time":"2008-07-07T14:16:22+00:00","og_image":[{"url":"http:\/\/podgorica.usembassy.gov\/uploads\/To\/oP\/TooPjMSkiVV1hPiAR5d8TA\/krytha-donation.jpg"}],"twitter_misc":{"Written by":"ulqini","Est. reading time":"1 minute"},"schema":{"@context":"https:\/\/schema.org","@graph":[{"@type":"WebSite","@id":"https:\/\/www.visit-ulcinj.com\/blog\/#website","url":"https:\/\/www.visit-ulcinj.com\/blog\/","name":"Lajme nga Ulqini","description":"Lajme,Vijesti,Ulqini,Ulqin,Crna Gora,Mali i Zi","potentialAction":[{"@type":"SearchAction","target":{"@type":"EntryPoint","urlTemplate":"https:\/\/www.visit-ulcinj.com\/blog\/?s={search_term_string}"},"query-input":"required name=search_term_string"}],"inLanguage":"en-US"},{"@type":"ImageObject","inLanguage":"en-US","@id":"https:\/\/www.visit-ulcinj.com\/blog\/2008\/07\/07\/diaspora-te-marre-pjese-ne-projekte-te-perbashketa-ne-ulqin\/#primaryimage","url":"http:\/\/podgorica.usembassy.gov\/uploads\/To\/oP\/TooPjMSkiVV1hPiAR5d8TA\/krytha-donation.jpg","contentUrl":"http:\/\/podgorica.usembassy.gov\/uploads\/To\/oP\/TooPjMSkiVV1hPiAR5d8TA\/krytha-donation.jpg"},{"@type":"WebPage","@id":"https:\/\/www.visit-ulcinj.com\/blog\/2008\/07\/07\/diaspora-te-marre-pjese-ne-projekte-te-perbashketa-ne-ulqin\/#webpage","url":"https:\/\/www.visit-ulcinj.com\/blog\/2008\/07\/07\/diaspora-te-marre-pjese-ne-projekte-te-perbashketa-ne-ulqin\/","name":"Diaspora t\u00eb marr\u00eb pjes\u00eb n\u00eb projekte t\u00eb p\u00ebrbashk\u00ebta n\u00eb Ulqin - Lajme nga Ulqini","isPartOf":{"@id":"https:\/\/www.visit-ulcinj.com\/blog\/#website"},"primaryImageOfPage":{"@id":"https:\/\/www.visit-ulcinj.com\/blog\/2008\/07\/07\/diaspora-te-marre-pjese-ne-projekte-te-perbashketa-ne-ulqin\/#primaryimage"},"datePublished":"2008-07-07T14:16:22+00:00","dateModified":"2008-07-07T14:16:22+00:00","author":{"@id":"https:\/\/www.visit-ulcinj.com\/blog\/#\/schema\/person\/dcab619c614d3038751c63bc2aadc06d"},"breadcrumb":{"@id":"https:\/\/www.visit-ulcinj.com\/blog\/2008\/07\/07\/diaspora-te-marre-pjese-ne-projekte-te-perbashketa-ne-ulqin\/#breadcrumb"},"inLanguage":"en-US","potentialAction":[{"@type":"ReadAction","target":["https:\/\/www.visit-ulcinj.com\/blog\/2008\/07\/07\/diaspora-te-marre-pjese-ne-projekte-te-perbashketa-ne-ulqin\/"]}]},{"@type":"BreadcrumbList","@id":"https:\/\/www.visit-ulcinj.com\/blog\/2008\/07\/07\/diaspora-te-marre-pjese-ne-projekte-te-perbashketa-ne-ulqin\/#breadcrumb","itemListElement":[{"@type":"ListItem","position":1,"name":"Diaspora t\u00eb marr\u00eb pjes\u00eb n\u00eb projekte t\u00eb p\u00ebrbashk\u00ebta n\u00eb Ulqin"}]},{"@type":"Person","@id":"https:\/\/www.visit-ulcinj.com\/blog\/#\/schema\/person\/dcab619c614d3038751c63bc2aadc06d","name":"ulqini","sameAs":["http:\/\/www.visit-ulcinj.com"],"url":"https:\/\/www.visit-ulcinj.com\/blog\/author\/admin\/"}]}},"jetpack_featured_media_url":"","jetpack_sharing_enabled":true,"jetpack_shortlink":"https:\/\/wp.me\/pe6lTn-yU","_links":{"self":[{"href":"https:\/\/www.visit-ulcinj.com\/blog\/wp-json\/wp\/v2\/posts\/2164"}],"collection":[{"href":"https:\/\/www.visit-ulcinj.com\/blog\/wp-json\/wp\/v2\/posts"}],"about":[{"href":"https:\/\/www.visit-ulcinj.com\/blog\/wp-json\/wp\/v2\/types\/post"}],"author":[{"embeddable":true,"href":"https:\/\/www.visit-ulcinj.com\/blog\/wp-json\/wp\/v2\/users\/1"}],"replies":[{"embeddable":true,"href":"https:\/\/www.visit-ulcinj.com\/blog\/wp-json\/wp\/v2\/comments?post=2164"}],"version-history":[{"count":0,"href":"https:\/\/www.visit-ulcinj.com\/blog\/wp-json\/wp\/v2\/posts\/2164\/revisions"}],"wp:attachment":[{"href":"https:\/\/www.visit-ulcinj.com\/blog\/wp-json\/wp\/v2\/media?parent=2164"}],"wp:term":[{"taxonomy":"category","embeddable":true,"href":"https:\/\/www.visit-ulcinj.com\/blog\/wp-json\/wp\/v2\/categories?post=2164"},{"taxonomy":"post_tag","embeddable":true,"href":"https:\/\/www.visit-ulcinj.com\/blog\/wp-json\/wp\/v2\/tags?post=2164"}],"curies":[{"name":"wp","href":"https:\/\/api.w.org\/{rel}","templated":true}]}}