{"id":2166,"date":"2008-07-07T09:48:34","date_gmt":"2008-07-07T14:48:34","guid":{"rendered":"http:\/\/www.visit-ulcinj.com\/blog\/?p=2166"},"modified":"2008-07-07T10:05:53","modified_gmt":"2008-07-07T15:05:53","slug":"fluturimi-i-shqiponjes-gabim-i-madh-i-pushtetit-malazias","status":"publish","type":"post","link":"https:\/\/www.visit-ulcinj.com\/blog\/2008\/07\/07\/fluturimi-i-shqiponjes-gabim-i-madh-i-pushtetit-malazias\/","title":{"rendered":"&#8220;Fluturimi i shqiponj\u00ebs&#8221;, gabim i madh i pushtetit malazias"},"content":{"rendered":"<p><img loading=\"lazy\" class=\"alignleft\" style=\"float: left;\" src=\"http:\/\/www.stern.de\/_content\/56\/15\/561580\/montenegro_500.jpg\" alt=\"referdumi malazez_shqiptar\" width=\"300\" height=\"239\" \/><span><span style=\"font-size: x-small;\"><span style=\"font-family: Verdana;\"><strong>Me rastin e fillimit t\u00eb fjal\u00ebs p\u00ebrfundimtare n\u00eb gjykimin e shqiptar\u00ebve nga mal\u00ebsia t\u00eb arrestuar n\u00eb aksionin policor<\/strong><br \/>\nMe k\u00ebt\u00eb rast dua t\u00eb them edhe k\u00ebt\u00eb: pik\u00ebs\u00ebpari duhet par\u00eb shkaqet e \u00e7do problemi dhe pastaj t\u00eb fillojm\u00eb ta zgjidhim. Pushteti malazias i di problemet, por p\u00ebr fat t\u00eb keq deri tani nuk ka qen\u00eb i gatsh\u00ebm q\u00eb t`i kuptoj\u00eb dhe t`i zgjidh\u00eb!? P\u00ebrse, ky \u00ebsht\u00eb thelbi i \u00e7\u00ebshtjes? Konsideroj se problemet nuk mund t\u00eb zgjidhen me aksione policore.<br \/>\nAksioni policor, p\u00ebrkat\u00ebsisht aksioni i pushtetit t\u00eb Malit t\u00eb Zi u krye m\u00eb 09.09.2006 n\u00eb Mal\u00ebsi, n\u00eb dit\u00ebn e themelimit t\u00eb Lidhjes Demokratike n\u00eb Mal t\u00eb Zi, n\u00eb 16 &#8211; vjetorin e themelimit t\u00eb partis\u00eb s\u00eb par\u00eb politike t\u00eb shqiptar\u00ebve n\u00eb Malin e Zi, nj\u00eb dit\u00eb para zgjedhjeve parlamentare dhe lokale n\u00eb Mal t\u00eb Zi, kur i t\u00ebr\u00eb rajoni i Mal\u00ebsis\u00eb gdhiu pothuajse i bllokuar totalisht nga forcat policore t\u00eb armatosura deri n\u00eb dh\u00ebmb\u00eb dhe t\u00eb motorizuara, nj\u00eb pjes\u00eb e t\u00eb cil\u00ebve me maska, n\u00eb t\u00eb cilin aksion, sipas disa informacioneve jozyrtare, mjerisht mor\u00ebn pjes\u00eb edhe disa polic\u00eb shqiptar\u00eb?!&#8230; T\u00eb nes\u00ebrmen mu n\u00eb dit\u00ebn e zgjedhjeve, un\u00eb po citoj vetveten, aksionin policor e karakterizova si aksion p\u00ebr disiplinimin e Mal\u00ebsis\u00eb, p\u00ebrkat\u00ebsisht p\u00ebr disiplinimin e shqiptar\u00ebve.<\/span><\/span><\/span><a title=\"mehmet bardhi\" href=\"http:\/\/www.visit-ulcinj.com\/blog\/wp-content\/uploads\/2008\/01\/kryetari-i-ld-ne-mz-mehmet-bardhi.jpg\" target=\"_blank\"><img loading=\"lazy\" class=\"alignright\" style=\"float: right;\" src=\"http:\/\/www.visit-ulcinj.com\/blog\/wp-content\/uploads\/2008\/01\/kryetari-i-ld-ne-mz-mehmet-bardhi.jpg\" alt=\"MEHMET BARDHI_24\" width=\"190\" height=\"211\" \/><\/a><br \/>\n<span><span style=\"font-size: x-small;\"><span style=\"font-family: Verdana;\">Dit\u00ebt q\u00eb pasuan pas aksionit policor, pas arrestimeve, ishin p\u00ebrplot informacione mbi tortur\u00ebn e ushtruar mbi t\u00eb arrestuarit: gjat\u00eb bastisjes s\u00eb sht\u00ebpive dhe banesave t\u00eb tyre ku u kap\u00ebn befasisht n\u00eb gjum\u00eb dhe tek t\u00eb af\u00ebrmit e tyre, gjat\u00eb rrug\u00ebs deri n\u00eb bodrumet e policis\u00eb, n\u00eb paraburgim dhe n\u00eb burg, me rastin e sjelljes tek gjyqtari hetues dhe n\u00eb vet\u00eb hap\u00ebsirat e gjykat\u00ebs, keqtrajtimi fizik dhe psikik i tyre, fyerja mbi baza nacionale dhe fetare, madje kishte edhe raste t\u00eb fyerjes s\u00eb SHBA-s\u00eb, q\u00eb iu drejtua atyre q\u00eb ishin shtetas amerikan\u00eb, t\u00eb cil\u00ebt punojn\u00eb dhe jetojn\u00eb n\u00eb SHBA etj., tortura ndaj familjar\u00ebve, personave t\u00eb moshuar dhe t\u00eb pafuqish\u00ebm dhe f\u00ebmij\u00ebve&#8230; q\u00eb d\u00ebshmonte se aksioni policor \u00ebsht\u00eb kryer me dijen dhe p\u00eblqimin e kreut t\u00eb shtetit, t\u00eb policis\u00eb dhe t\u00eb Agjencis\u00eb s\u00eb Sigurimit Komb\u00ebtar, zvarritja e procesit gjyq\u00ebsor (ndon\u00ebse kompetent\u00ebt nga policia, prokuroria por edhe nga politikan\u00ebt n\u00eb pushtet, kan\u00eb deklaruar shum\u00eb her\u00eb publikisht se kan\u00eb prova t\u00eb forta&#8230;, e n\u00ebse i kan\u00eb pasur, p\u00ebrse nuk i dhan\u00eb fund shpejt k\u00ebtij procesi, por ai po zvarritet pothuajse dy vite, deri n\u00eb dit\u00ebn e sotme), jep plot\u00ebsisht t\u00eb drejt\u00eb p\u00ebr t\u00eb nxjerr\u00eb p\u00ebrfundim se aksioni policor ka patur motiv politik, pra ka qen\u00eb politikisht i motivizuar.<br \/>\n<\/span><\/span><\/span><a title=\"vaselj sinishtaj\" href=\"http:\/\/malesia.org\/ngjarjet\/2008\/maj\/podgoric\/medium_medium_Foto%2036.jpg\" target=\"_blank\"><img loading=\"lazy\" class=\"alignleft\" style=\"float: left;\" src=\"http:\/\/malesia.org\/ngjarjet\/2008\/maj\/podgoric\/medium_medium_Foto%2036.jpg\" alt=\"vasel sinishtaj01\" width=\"214\" height=\"151\" \/><\/a><span><span style=\"font-size: x-small;\"><span style=\"font-family: Verdana;\">Suma sumarum, n\u00ebse hedhim nj\u00eb shikim sado sip\u00ebrfaq\u00ebsor n\u00eb histori, shohim se me k\u00ebt\u00eb aksion politiko-policor pushteti i Malit t\u00eb Zi ndjek vazhdim\u00ebsin\u00eb e pushteteve t\u00eb deritashme malazeze, kur \u00ebsht\u00eb fjala p\u00ebr shqiptar\u00ebt: t`i mbaj\u00eb ata n\u00ebn zgjedh\u00eb&#8230; me q\u00ebllim t\u00eb fundit p\u00ebr t`i pasur k\u00ebto territore, por pa ne shqiptar\u00ebt.<br \/>\nN\u00eb lidhje me k\u00ebt\u00eb ngjarje, nj\u00eb nga detajet q\u00eb do ta paraqes mendoj se tregon shum\u00eb, e ky \u00ebsht\u00eb veprimi i Presidentit t\u00eb Malit t\u00eb Zi Filip Vujanoviq, i cili mori pjes\u00eb n\u00eb ceremonin\u00eb e varrimit t\u00eb nj\u00eb prindi t\u00eb nj\u00eb t\u00eb arrestuari, konkretisht n\u00eb varrimin e mal\u00ebsorit t\u00eb moshuar Pjet\u00ebr Zef Ka\u00e7elit, mbi t\u00eb cilin polic\u00ebt (lexo Vujanoviqi), me kapela t\u00eb zeza n\u00eb kok\u00eb, at\u00eb dit\u00eb ogurzez\u00eb ushtruan tortur\u00eb t\u00eb hatashme fizike dhe psikike (opinioni publik i ka t\u00eb fresk\u00ebta pamjet e l\u00ebndimeve nga fotografit\u00eb e tashm\u00eb t\u00eb ndjerit plak) n\u00eb sht\u00ebpin\u00eb e tij, me rastin e bastisjes dhe burgosjes s\u00eb dy bij\u00ebve t\u00eb tij: Antonit dhe Viktorit, t\u00eb cil\u00ebn dit\u00eb ata i l\u00ebshojn\u00eb nga burgu p\u00ebr t\u00eb marr\u00eb pjes\u00eb n\u00eb varrimin e babait t\u00eb tyre, kurse z. Vujanoviq falet me ta dhe u shpreh ngush\u00ebllime, n\u00eb em\u00ebr t\u00eb vet dhe t\u00eb Malit t\u00eb Zi (!?).<\/span><\/span><\/span><a title=\"dinosha\" href=\"http:\/\/www.visit-ulcinj.com\/blog\/wp-content\/uploads\/2008\/05\/ferhat-dinosha-001-2.jpg\" target=\"_blank\"><img loading=\"lazy\" class=\"alignright\" style=\"float: right;\" src=\"http:\/\/www.visit-ulcinj.com\/blog\/wp-content\/uploads\/2008\/05\/ferhat-dinosha-001-2.jpg\" alt=\"DINOSHA_\" width=\"248\" height=\"191\" \/><\/a><span><span style=\"font-size: x-small;\"><span style=\"font-family: Verdana;\"><br \/>\nShtrohet pyetja logjike si t\u00eb interpretohet kjo, ve\u00e7se n\u00eb baz\u00eb t\u00eb fjal\u00ebs s\u00eb vjet\u00ebr t\u00eb urt\u00eb se autoritetet jodemokratike (zullumqare) nat\u00ebn t\u00eb rrahin fshehurazi, at\u00ebher\u00eb kur t\u00eb arrestojn\u00eb, kurse dit\u00ebn t\u00eb qajn\u00eb dhe t\u00eb ankojn\u00eb publikisht! Megjith\u00ebse n\u00eb k\u00ebt\u00eb rast si\u00e7 duket nuk kan\u00eb mbetur t\u00eb pazbuluara shum\u00eb sekrete.<br \/>\nN\u00eb fund, n\u00ebse sublimojm\u00eb se sa dhe \u00e7far\u00eb kam lexuar n\u00eb shtypin malazias dhe t\u00eb huaj, gjat\u00eb burgosjes dhe pastaj gjat\u00eb gjykimit, nga ato q\u00eb m\u00eb kan\u00eb deklaruar t\u00eb arrestuarit, respektivisht t\u00eb pandehurit me rastin e vizit\u00ebs q\u00eb iu b\u00ebra n\u00eb burgun e Spuzhit nga ajo q\u00eb kam d\u00ebgjuar nga an\u00ebtar\u00ebt e farefisit t\u00eb tyre, nga qytetar\u00ebt shqiptar\u00eb por edhe nga t\u00eb tjer\u00ebt, duke marr\u00eb parasysh p\u00ebrvoj\u00ebn time jet\u00ebsore (madje edhe at\u00eb t\u00eb burgut) dhe politike &#8230;, aksionin policor &#8220;Fluturimi i Shqiponj\u00ebs&#8221; e konsideroj gabim t\u00eb madh t\u00eb pushtetit malazias, gabim t\u00eb madh t\u00eb Malit t\u00eb Zi, nj\u00eb lajthitje t\u00eb madhe, edhe pse n\u00eb fund t\u00eb fundit, pse jo edhe shkas, p\u00ebrkat\u00ebsisht rast p\u00ebr kthjellimin e popullat\u00ebs shqiptare.<br \/>\nMe k\u00ebt\u00eb rast dua t\u00eb them edhe k\u00ebt\u00eb: pik\u00ebs\u00ebpari duhet par\u00eb shkaqet e \u00e7do problemi dhe pastaj t\u00eb fillojm\u00eb ta zgjidhim. Pushteti malazias i di problemet, por p\u00ebr fat t\u00eb keq deri tani nuk ka qen\u00eb i gatsh\u00ebm q\u00eb t`i kuptoj\u00eb dhe t`i zgjidh\u00eb!? P\u00ebrse, ky \u00ebsht\u00eb thelbi i \u00e7\u00ebshtjes? Konsideroj se problemet nuk mund t\u00eb zgjidhen me aksione policore. P\u00ebrvojat e shumta te ne dhe n\u00eb bot\u00eb d\u00ebshmojn\u00eb nj\u00eb gj\u00eb t\u00eb till\u00eb.<br \/>\n<\/span><\/span><\/span><span><span style=\"font-size: x-small;\"><span style=\"font-family: Verdana;\">Edhe ngjarjet n\u00eb ish-Jugosllavit\u00eb. P\u00ebrkundrazi, ato mund t\u00eb zgjidhen mbi baza t\u00eb barabarta, me bisedime, negociata dhe marr\u00ebveshje. Me shum\u00eb durim mund t\u00eb zgjidhen \u00e7\u00ebshtjet e hapura, madje edhe \u00e7\u00ebshtjet e marr\u00ebdh\u00ebnieve nd\u00ebrnacionale, t\u00eb marr\u00ebdh\u00ebnieve malazezo-shqiptare, statusi i pakic\u00ebs komb\u00ebtare shqiptare n\u00eb Mal t\u00eb Zi etj.<br \/>\nShqiptar\u00ebt n\u00eb Mal t\u00eb Zi jan\u00eb n\u00eb vatrat e veta shekullore. Mali i Zi duhet medoemos t\u00eb ket\u00eb sens politik, fqinj\u00ebsor, njer\u00ebzor dhe demokratik p\u00ebr realitetin. Lirit\u00eb dhe t\u00eb drejtat njer\u00ebzore, nacionale, ekonomike&#8230; t\u00eb shqiptar\u00ebve duhet t\u00eb respektohen n\u00eb dobi t\u00eb paqes dhe t\u00eb prosperitetit t\u00eb t\u00eb gjith\u00ebve.<br \/>\n<strong>Autor \/ Mehmet Bardhi<br \/>\n(Autori \u00ebsht\u00eb kryetar i LDMZ dhe deputet i k\u00ebsaj partie n\u00eb Kuvendin e Malit t\u00eb Zi)<br \/>\nBurimi \/ Koha Javore<\/strong><\/span><\/span><\/span><\/p>\n<!-- vimeo error: not a vimeo video -->\n<p><a class=\"aligncenter\" title=\"???? ????,?????,Ulcinj,Montenegru,??????????,\u00c7ernoqoriya,???????????,Montenegiro,?ern\u00e1 Hora,??????????,Cz\u00f4rnog\u00f3ra,Cz\u00f4rn\u00f4 G\u00f3ra,Carna G\u00f3ra,T\u0161ernogooria,\u00c7ernogoriya,Montain\u00e9agr\u00f3,Montenegwo,?orna Hora,Montenegr\u00f3,M?ntenigro,Chernogoriya ,\u00c7\u00earnogor\u00ee ,?????????,????????? ,??????? ,Montes Nigrae,Mons Niger,M\u00f4ntenegr\u00f4,Muntenegru,??????????,Czarnog\u00f3ra,Muntinigru,Muntenegro,&lt;br &gt;&lt;\/a&gt;\" href=\"http:\/\/www.visit-ulcinj.com\/tourism\/\" target=\"_blank\"><img loading=\"lazy\" style=\"float: right;\" src=\"http:\/\/www.visit-ulcinj.com\/blog\/wp-content\/uploads\/2008\/06\/holiday-rental-ulcinj-ulqini_ulqin_logo.gif\" alt=\"Apatin,  Aran?elovac,  ?uprija,  ?a?ak,  ?apljina,  ?itluk,  \u0160abac,  \u0160ipovo,  \u0160iroki Brijeg,  \u017dep?e,  \u017divinice,  Ba?ka Palanka,  Banja Luka,  Banovi?i,  Be?ej,  beograd,  Biha?,  Bijeljina,  Bor,  Bor?a,  Bosanska Gradi\u0161ka,  Bosanska Krupa,  Bosanski \u0160amac,  Bosanski Brod,  Bosanski Novi,  Br?ko,  Bu\u017eim,  Bugojno,  Cazin,  Crna Gora,  Derventa,  Doboj,  Donji Vakuf,  Drvar,  Dubrovnik,  Fo?a,  Fojnica,  Glamo?,  Gora\u017ede,  Gornji Milanovac,  Gornji Vakuf,  gostivar,  Gra?anica,  Grada?ac,  Gradiska,  Grahovo,  Had\u017ei?i,  Ilid\u017ea,  In?ija,  Jablanica,  Jagodina,  Jajce,  Kakanj,  Kalu?erica,  Kikinda,  Klju?,  Konjic,  Kotor Varo\u0161,  Kragujevac,  Kraljevo,  Kru\u0161evac,  Kula,  Kupres,  Lakta\u0161i,  Lazarevac,  Leskovac,  Livno,  Ljubinje,  ljublana,  Ljubu\u0161ki,  Loznica,  Lukavac,  Maglaj,  Mladenovac,  Modri?a,  montenegro erlajnz,  mostar,  Mrkonji? Grad,  Neum,  Ni\u0161,  Novi Pazar,  Novi Sad,  Novi Travnik,  Obrenovac,  Od\u017eak,  ohrid,  Ora\u0161je,  Pale,  Pan?evo,  Para?in,  Pirot,  Po\u017earevac,  Podgorica,  Priboj,  Prijedor,  Prokuplje,  Prozor,  pula,  rijeka,  Ruma,  Sanski Most,  Sarajevo,  Senta,  serbija,  sibenik,  skopje,  Smederevo,  Smederevska Palanka,  Sokolac,  Sombor,  split,  Srebrenica,  Srebrenik,  Sremska Mitrovica,  Stolac,  Struga,  Subotica,  Temerin,  Tesli?,  tetovo,  Travnik,  Trebinje,  tuzla,  U\u017eice,  ulcinj,  Valjevo,  Velika Kladu\u0161a,  Vi\u0161egrad,  Visoko,  Vitez,  Vogo\u0161?a,  vojvodina,  Vranje,  Vr\u0161ac,  Vrbas,  zadar,  Zagreb,  Zaje?ar,  Zavidovi?i,  Zenica,  Zrenjanin,  Zvornik,copacabana ulcinj,  h\u00f4tels,  hotel ulqin,  Kosova,  Mali i Zi,  Maqedonija,  Montenegro,  montenegro tourisme plage,  montenegro ulcinj,  Shpallje Falas,  Shpallje Falas per shitjen e shtepis se juaj,  Shpallje Falas per apartamentet e juaj,  Shpallje Falas Real Estate,  Shpallje Falas turistike,  shqiperija,  tourisme,  Ulci?,  ulcinj,  ulqin,  ulqin hotel,  ulqini,  ulqini 2007,Ada Bojana,  Alba?czyk,  Cita di Dolcino,  Copacabana,  Czarnog\u00f3ra,  Czarnog\u00f3rzec,  Don Kichota,  Ma?a Pla?a,  Mandra,  MIGUEL DE SERVANTES,  p\u00f3?wyspy Marjan,  Pla?a Valdanos,  Rzeka Bojana,  Shas \/ \u0160as \/ Sva?,  Ulci?,  Ulcinjsk? Riwier?,  Wielka Pla?a,  Wyspa Bojana,GORA,??????????,???????,??????????, ?ern\u00e1 Hora,TO ULCINJ \/ ULQIN,MONTENEGRO, Czarnog\u00f3ra, Muntenegru, ????? ????, Montenegr\u00f3,appartement \u00e0 louer \u00e0 ulcinj, location de vacance, location saisonni\u00e8res, louer chambres,location de vacance, Locations vacance, h\u00e9bergements vacances, locations villa, logements de vacances, location maison avec piscine, Location vacance, locations de vacance, h\u00e9bergements de vacances, location, locations entre particulier, logements vacance, vacances \u00e0 Mont\u00e9n\u00e9gro - location \u00e0 Ulcinj ,location  de bigorre.\" width=\"510\" height=\"145\" \/><\/a><\/p>\n","protected":false},"excerpt":{"rendered":"<p><img loading=\"lazy\" class=\"alignleft\" style=\"float: left;\" src=\"http:\/\/www.stern.de\/_content\/56\/15\/561580\/montenegro_500.jpg\" alt=\"referdumi malazez_shqiptar\" width=\"140\" height=\"140\" \/><\/p>\n","protected":false},"author":1,"featured_media":0,"comment_status":"open","ping_status":"closed","sticky":false,"template":"","format":"standard","meta":{"spay_email":"","jetpack_publicize_message":"","jetpack_is_tweetstorm":false,"jetpack_publicize_feature_enabled":true},"categories":[6,11,12],"tags":[],"jetpack_publicize_connections":[],"yoast_head":"<!-- This site is optimized with the Yoast SEO plugin v19.1 - https:\/\/yoast.com\/wordpress\/plugins\/seo\/ -->\n<title>&quot;Fluturimi i shqiponj\u00ebs&quot;, gabim i madh i pushtetit malazias - Lajme nga Ulqini<\/title>\n<meta name=\"robots\" content=\"index, follow, max-snippet:-1, max-image-preview:large, max-video-preview:-1\" \/>\n<link rel=\"canonical\" href=\"https:\/\/www.visit-ulcinj.com\/blog\/2008\/07\/07\/fluturimi-i-shqiponjes-gabim-i-madh-i-pushtetit-malazias\/\" \/>\n<meta property=\"og:locale\" content=\"en_US\" \/>\n<meta property=\"og:type\" content=\"article\" \/>\n<meta property=\"og:title\" content=\"&quot;Fluturimi i shqiponj\u00ebs&quot;, gabim i madh i pushtetit malazias - Lajme nga Ulqini\" \/>\n<meta property=\"og:url\" content=\"https:\/\/www.visit-ulcinj.com\/blog\/2008\/07\/07\/fluturimi-i-shqiponjes-gabim-i-madh-i-pushtetit-malazias\/\" \/>\n<meta property=\"og:site_name\" content=\"Lajme nga Ulqini\" \/>\n<meta property=\"article:published_time\" content=\"2008-07-07T14:48:34+00:00\" \/>\n<meta property=\"article:modified_time\" content=\"2008-07-07T15:05:53+00:00\" \/>\n<meta property=\"og:image\" content=\"http:\/\/www.stern.de\/_content\/56\/15\/561580\/montenegro_500.jpg\" \/>\n<meta name=\"twitter:label1\" content=\"Written by\" \/>\n\t<meta name=\"twitter:data1\" content=\"ulqini\" \/>\n\t<meta name=\"twitter:label2\" content=\"Est. reading time\" \/>\n\t<meta name=\"twitter:data2\" content=\"6 minutes\" \/>\n<script type=\"application\/ld+json\" class=\"yoast-schema-graph\">{\"@context\":\"https:\/\/schema.org\",\"@graph\":[{\"@type\":\"WebSite\",\"@id\":\"https:\/\/www.visit-ulcinj.com\/blog\/#website\",\"url\":\"https:\/\/www.visit-ulcinj.com\/blog\/\",\"name\":\"Lajme nga Ulqini\",\"description\":\"Lajme,Vijesti,Ulqini,Ulqin,Crna Gora,Mali i Zi\",\"potentialAction\":[{\"@type\":\"SearchAction\",\"target\":{\"@type\":\"EntryPoint\",\"urlTemplate\":\"https:\/\/www.visit-ulcinj.com\/blog\/?s={search_term_string}\"},\"query-input\":\"required name=search_term_string\"}],\"inLanguage\":\"en-US\"},{\"@type\":\"ImageObject\",\"inLanguage\":\"en-US\",\"@id\":\"https:\/\/www.visit-ulcinj.com\/blog\/2008\/07\/07\/fluturimi-i-shqiponjes-gabim-i-madh-i-pushtetit-malazias\/#primaryimage\",\"url\":\"http:\/\/www.stern.de\/_content\/56\/15\/561580\/montenegro_500.jpg\",\"contentUrl\":\"http:\/\/www.stern.de\/_content\/56\/15\/561580\/montenegro_500.jpg\"},{\"@type\":\"WebPage\",\"@id\":\"https:\/\/www.visit-ulcinj.com\/blog\/2008\/07\/07\/fluturimi-i-shqiponjes-gabim-i-madh-i-pushtetit-malazias\/#webpage\",\"url\":\"https:\/\/www.visit-ulcinj.com\/blog\/2008\/07\/07\/fluturimi-i-shqiponjes-gabim-i-madh-i-pushtetit-malazias\/\",\"name\":\"\\\"Fluturimi i shqiponj\u00ebs\\\", gabim i madh i pushtetit malazias - Lajme nga Ulqini\",\"isPartOf\":{\"@id\":\"https:\/\/www.visit-ulcinj.com\/blog\/#website\"},\"primaryImageOfPage\":{\"@id\":\"https:\/\/www.visit-ulcinj.com\/blog\/2008\/07\/07\/fluturimi-i-shqiponjes-gabim-i-madh-i-pushtetit-malazias\/#primaryimage\"},\"datePublished\":\"2008-07-07T14:48:34+00:00\",\"dateModified\":\"2008-07-07T15:05:53+00:00\",\"author\":{\"@id\":\"https:\/\/www.visit-ulcinj.com\/blog\/#\/schema\/person\/dcab619c614d3038751c63bc2aadc06d\"},\"breadcrumb\":{\"@id\":\"https:\/\/www.visit-ulcinj.com\/blog\/2008\/07\/07\/fluturimi-i-shqiponjes-gabim-i-madh-i-pushtetit-malazias\/#breadcrumb\"},\"inLanguage\":\"en-US\",\"potentialAction\":[{\"@type\":\"ReadAction\",\"target\":[\"https:\/\/www.visit-ulcinj.com\/blog\/2008\/07\/07\/fluturimi-i-shqiponjes-gabim-i-madh-i-pushtetit-malazias\/\"]}]},{\"@type\":\"BreadcrumbList\",\"@id\":\"https:\/\/www.visit-ulcinj.com\/blog\/2008\/07\/07\/fluturimi-i-shqiponjes-gabim-i-madh-i-pushtetit-malazias\/#breadcrumb\",\"itemListElement\":[{\"@type\":\"ListItem\",\"position\":1,\"name\":\"&#8220;Fluturimi i shqiponj\u00ebs&#8221;, gabim i madh i pushtetit malazias\"}]},{\"@type\":\"Person\",\"@id\":\"https:\/\/www.visit-ulcinj.com\/blog\/#\/schema\/person\/dcab619c614d3038751c63bc2aadc06d\",\"name\":\"ulqini\",\"sameAs\":[\"http:\/\/www.visit-ulcinj.com\"],\"url\":\"https:\/\/www.visit-ulcinj.com\/blog\/author\/admin\/\"}]}<\/script>\n<!-- \/ Yoast SEO plugin. -->","yoast_head_json":{"title":"\"Fluturimi i shqiponj\u00ebs\", gabim i madh i pushtetit malazias - Lajme nga Ulqini","robots":{"index":"index","follow":"follow","max-snippet":"max-snippet:-1","max-image-preview":"max-image-preview:large","max-video-preview":"max-video-preview:-1"},"canonical":"https:\/\/www.visit-ulcinj.com\/blog\/2008\/07\/07\/fluturimi-i-shqiponjes-gabim-i-madh-i-pushtetit-malazias\/","og_locale":"en_US","og_type":"article","og_title":"\"Fluturimi i shqiponj\u00ebs\", gabim i madh i pushtetit malazias - Lajme nga Ulqini","og_url":"https:\/\/www.visit-ulcinj.com\/blog\/2008\/07\/07\/fluturimi-i-shqiponjes-gabim-i-madh-i-pushtetit-malazias\/","og_site_name":"Lajme nga Ulqini","article_published_time":"2008-07-07T14:48:34+00:00","article_modified_time":"2008-07-07T15:05:53+00:00","og_image":[{"url":"http:\/\/www.stern.de\/_content\/56\/15\/561580\/montenegro_500.jpg"}],"twitter_misc":{"Written by":"ulqini","Est. reading time":"6 minutes"},"schema":{"@context":"https:\/\/schema.org","@graph":[{"@type":"WebSite","@id":"https:\/\/www.visit-ulcinj.com\/blog\/#website","url":"https:\/\/www.visit-ulcinj.com\/blog\/","name":"Lajme nga Ulqini","description":"Lajme,Vijesti,Ulqini,Ulqin,Crna Gora,Mali i Zi","potentialAction":[{"@type":"SearchAction","target":{"@type":"EntryPoint","urlTemplate":"https:\/\/www.visit-ulcinj.com\/blog\/?s={search_term_string}"},"query-input":"required name=search_term_string"}],"inLanguage":"en-US"},{"@type":"ImageObject","inLanguage":"en-US","@id":"https:\/\/www.visit-ulcinj.com\/blog\/2008\/07\/07\/fluturimi-i-shqiponjes-gabim-i-madh-i-pushtetit-malazias\/#primaryimage","url":"http:\/\/www.stern.de\/_content\/56\/15\/561580\/montenegro_500.jpg","contentUrl":"http:\/\/www.stern.de\/_content\/56\/15\/561580\/montenegro_500.jpg"},{"@type":"WebPage","@id":"https:\/\/www.visit-ulcinj.com\/blog\/2008\/07\/07\/fluturimi-i-shqiponjes-gabim-i-madh-i-pushtetit-malazias\/#webpage","url":"https:\/\/www.visit-ulcinj.com\/blog\/2008\/07\/07\/fluturimi-i-shqiponjes-gabim-i-madh-i-pushtetit-malazias\/","name":"\"Fluturimi i shqiponj\u00ebs\", gabim i madh i pushtetit malazias - Lajme nga Ulqini","isPartOf":{"@id":"https:\/\/www.visit-ulcinj.com\/blog\/#website"},"primaryImageOfPage":{"@id":"https:\/\/www.visit-ulcinj.com\/blog\/2008\/07\/07\/fluturimi-i-shqiponjes-gabim-i-madh-i-pushtetit-malazias\/#primaryimage"},"datePublished":"2008-07-07T14:48:34+00:00","dateModified":"2008-07-07T15:05:53+00:00","author":{"@id":"https:\/\/www.visit-ulcinj.com\/blog\/#\/schema\/person\/dcab619c614d3038751c63bc2aadc06d"},"breadcrumb":{"@id":"https:\/\/www.visit-ulcinj.com\/blog\/2008\/07\/07\/fluturimi-i-shqiponjes-gabim-i-madh-i-pushtetit-malazias\/#breadcrumb"},"inLanguage":"en-US","potentialAction":[{"@type":"ReadAction","target":["https:\/\/www.visit-ulcinj.com\/blog\/2008\/07\/07\/fluturimi-i-shqiponjes-gabim-i-madh-i-pushtetit-malazias\/"]}]},{"@type":"BreadcrumbList","@id":"https:\/\/www.visit-ulcinj.com\/blog\/2008\/07\/07\/fluturimi-i-shqiponjes-gabim-i-madh-i-pushtetit-malazias\/#breadcrumb","itemListElement":[{"@type":"ListItem","position":1,"name":"&#8220;Fluturimi i shqiponj\u00ebs&#8221;, gabim i madh i pushtetit malazias"}]},{"@type":"Person","@id":"https:\/\/www.visit-ulcinj.com\/blog\/#\/schema\/person\/dcab619c614d3038751c63bc2aadc06d","name":"ulqini","sameAs":["http:\/\/www.visit-ulcinj.com"],"url":"https:\/\/www.visit-ulcinj.com\/blog\/author\/admin\/"}]}},"jetpack_featured_media_url":"","jetpack_sharing_enabled":true,"jetpack_shortlink":"https:\/\/wp.me\/pe6lTn-yW","_links":{"self":[{"href":"https:\/\/www.visit-ulcinj.com\/blog\/wp-json\/wp\/v2\/posts\/2166"}],"collection":[{"href":"https:\/\/www.visit-ulcinj.com\/blog\/wp-json\/wp\/v2\/posts"}],"about":[{"href":"https:\/\/www.visit-ulcinj.com\/blog\/wp-json\/wp\/v2\/types\/post"}],"author":[{"embeddable":true,"href":"https:\/\/www.visit-ulcinj.com\/blog\/wp-json\/wp\/v2\/users\/1"}],"replies":[{"embeddable":true,"href":"https:\/\/www.visit-ulcinj.com\/blog\/wp-json\/wp\/v2\/comments?post=2166"}],"version-history":[{"count":0,"href":"https:\/\/www.visit-ulcinj.com\/blog\/wp-json\/wp\/v2\/posts\/2166\/revisions"}],"wp:attachment":[{"href":"https:\/\/www.visit-ulcinj.com\/blog\/wp-json\/wp\/v2\/media?parent=2166"}],"wp:term":[{"taxonomy":"category","embeddable":true,"href":"https:\/\/www.visit-ulcinj.com\/blog\/wp-json\/wp\/v2\/categories?post=2166"},{"taxonomy":"post_tag","embeddable":true,"href":"https:\/\/www.visit-ulcinj.com\/blog\/wp-json\/wp\/v2\/tags?post=2166"}],"curies":[{"name":"wp","href":"https:\/\/api.w.org\/{rel}","templated":true}]}}