{"id":2169,"date":"2008-07-07T10:31:32","date_gmt":"2008-07-07T15:31:32","guid":{"rendered":"http:\/\/www.visit-ulcinj.com\/blog\/?p=2169"},"modified":"2008-07-07T10:31:32","modified_gmt":"2008-07-07T15:31:32","slug":"budvanski-hotelijeri-zabrinuto-u-sezonu","status":"publish","type":"post","link":"https:\/\/www.visit-ulcinj.com\/blog\/2008\/07\/07\/budvanski-hotelijeri-zabrinuto-u-sezonu\/","title":{"rendered":"Budvanski hotelijeri zabrinuto u sezonu"},"content":{"rendered":"<p><a title=\"Budva\" href=\"http:\/\/photos.igougo.com\/images\/p7093-Yugoslavia-Budva.jpg\" target=\"_blank\"><img loading=\"lazy\" class=\"alignleft\" style=\"float: left;\" src=\"http:\/\/photos.igougo.com\/images\/p7093-Yugoslavia-Budva.jpg\" alt=\"Budva_montenegro\" width=\"374\" height=\"249\" \/><\/a>BUDVA &#8211; Dobar po?etak predsezone i odli?na popunjenost u aprilu i maju, kao i zna?ajan pad posete u junu, uprkos optimisti?kih izjava zvani?nika, izazvali su opravdanu zabrinutost jednog broja hotelijera i turisti?kih radnika, zbog mogu?eg lo\u0161ijeg ishoda ovogodi\u0161nje turisti?ke sezone na Budvanskoj rivijeri<br \/>\nPrema pokazateljima Turisti?ke organizacije Budve, u prvih pet mjeseci na Budvanskoj rivijeri boravilo je 14 odsto vi\u0161e turista nego u istom periodu pro\u0161le godine, dok je ostvareno 16 odsto vi\u0161e no?enja. Prema najnovijim podacima ove turisti?ke organizacije u svim vidovima smje\u0161taja poslednjih dana juna na Budvanskoj rivijeri je boravilo ukupno 25.461 turista, dok na kraju prve sedmice jula njihov broj iznosi 29.000, \u0161to je dva odsto vi\u0161e nego u istom periodu lane. Me?utim, ne mali broj turista i turisti?kih poslenika na Budvanskoj rivijeri smatra da je po?etak turisti?ke sezone lo\u0161iji od o?ekivanog te da je podbacila, pre svega, poseta u hotelima.<br \/>\nOni to obrazla\u017eu ponovljenim gre\u0161kama, koje inostrani gosti ne?e da pra\u0161taju, pa je zbog toga, kako isti?u, do\u0161lo i do otkazivanja pojedinih ugovorenih aran\u017emana, ?ak i za naredno ljeto. Turisti?ki radnici na Budvanskoj rivijeri isti?u da se ponovilo i ove godine da turisti?ka i gra?evinska sezona idu zajedno &#8220;ruku pod ruku&#8221;, \u0161to je nespojivo, pa je to, uz visoke cijene usluga, glavni razlog \u0161to je junska i, naravno, julska &#8220;rupa&#8221; u hotelima znatno ve?a nego ranije.<br \/>\nNa sjednici Upravnog odbora Turisti?kog udru\u017eenja Crne Gore, konstatovano je, na primer, da se i ove sezone pojavljuju problemi sa gradnjom, bukom i pra\u0161inom du\u017e obale, \u0161to sve uti?e na lo\u0161e utiske gostiju o destinaciji koja je svrstana u najzanimljivija turisti?ka odredi\u0161ta. Pored toga, kako je re?eno, pad interesovanja inostranih gostiju mo\u017ee se tuma?iti i neujedna?enim odnosom cijene i kvaliteta ponude kao i nedostatkom kvalitetnih hotelsko-ugostiteljskih sadr\u017eaja.<br \/>\nO\u0161tre kritike po?etka ovogodi\u0161nje turisti?ke sezone izra\u017eene su i na sastanku Odbora za turizam Privredne komore Crne Gore gde je konstatovano da, ako se \u017eeli turisti?ka, a ne gra?evinska sezona, onda bi krajnji rok zavr\u0161etka svih infrastrukturnih radova trebao biti 1. maj.<br \/>\nDirektor hotela &#8220;Queen of Montenegro&#8221; u Be?i?ima Dragan Ivan?evi? isti?e da je poseta u hotelima podbacila upravo zbog izvo?enja gra?evinskih radova kada im vrijeme nije, a takva praksa ?e se dugoro?no lo\u0161e odraziti na turizam na Budvanskoj rivijeri.<br \/>\n&#8220;Obe?anje nadle\u017enih da ?e gra?evinska sezona trajati najkasnije do 15. juna nisu ispunjena, pa su turisti, koji su bili iznevjereni i pro\u0161le godine, i ovom prilikom nai\u0161li na neispunjena obe?anja, \u0161to je velika \u0161teta za sve koji se bave turizmom&#8221;, ka\u017ee Ivan?evi?.<br \/>\nOn poja\u0161njava da je u njegovom hotelu, zbog neturisti?kog ambijenta i okru\u017eenja, poseta znatno lo\u0161ija od pro\u0161logodi\u0161nje u ovo doba, a buking je kod jednog broja tour-operatora stopiran. Inostrani partneri su zbog lo\u0161e pripreme sezone izgubili poverenje u nas, pa ?e se situacija sa po?etka sezone odraziti na njen tok, jer ?e gostiju u hotelima biti manje nego u 2007., ka\u017ee Ivan?evi?. Gradona?elnik Budve Rajko Kulja?a, me?utim, ocjenjuje da ?e ovogodi\u0161nja sezona biti znatno uspe\u0161nija od prethodne, koja se ra?una rekordnom, potkrepljuju?i to podacima o broju no?enja i poseti turista Budvanskoj Rivijeri u prvih pet meseci ove godine.<br \/>\nPrema rije?ima vlasnika Turisti?ke agencije &#8220;Ekskluziv tours&#8221; iz Budve Vuka\u0161ina ?ulafi?a, &#8220;gradili\u0161ta na primorju ?e maksimalno uticati na imid\u017e cele regije i nepovjerenje turista prema nama&#8221;.<br \/>\n&#8220;Gradili\u0161ta ne idu zajedno sa turizmom, pa inostrani turisti, zbog buke i pra\u0161ine, koje se stvaraju, sigurno ?e potra\u017eiti nove destinacije, gde ?e mo?i da se odmaraju i u\u017eivaju u toplom moru i mirnoj sredini&#8221;, smatra ?ulafi?, isti?u?i da je logi?no da ?e u ovakvoj situaciji i turisti?ka sezona podbaciti.<br \/>\nPrema ocenama predsednice Udru\u017eenja turisti?kih agencija Budve Sne\u017eane Vejnovi?, pojavilo se nekoliko problema koji bi mogli uticati na ukupne efekte ovogodi\u0161nje turisti?ke sezone. Cijene usluga, predo?ila je ona, pove?ane su 20 do 30 odsto u odnosu na isti period lani, kako u hotelima, tako i u privatnom sme\u0161taju, a poskupjelo je i gorivo, \u0161to je sve doprinelo da je Crna Gora postala skupa. I Vejnovi? je upozorila da su negativni o?ek imali gra?evinski radovi, koji su jo\u0161 u toku, iako je jul, pa je sve to uticalo na pad posjete, pogotovo sa ruskog tr\u017ei\u0161ta.<br \/>\n<strong>Izvor \/ Tanjug<\/strong><\/p>\n<!-- vimeo error: not a vimeo video -->\n<p><a class=\"aligncenter\" title=\"???? ????,?????,Ulcinj,Montenegru,??????????,\u00c7ernoqoriya,???????????,Montenegiro,?ern\u00e1 Hora,??????????,Cz\u00f4rnog\u00f3ra,Cz\u00f4rn\u00f4 G\u00f3ra,Carna G\u00f3ra,T\u0161ernogooria,\u00c7ernogoriya,Montain\u00e9agr\u00f3,Montenegwo,?orna Hora,Montenegr\u00f3,M?ntenigro,Chernogoriya ,\u00c7\u00earnogor\u00ee ,?????????,????????? ,??????? ,Montes Nigrae,Mons Niger,M\u00f4ntenegr\u00f4,Muntenegru,??????????,Czarnog\u00f3ra,Muntinigru,Muntenegro,&lt;br &gt;&lt;\/a&gt; Muntenegru,\t?ierna Hora,Cxerngora,????????,?rna gora,Moontineegro,?ornog?ra,\u00c7ernogori\u00fda,Chernogoriya,Mont\u00f5negro,????? ???? ,?r?na Gora,?r?nogorije,?ernogorija,?arnahoryja,??????????,???????????????????? ,?ern?g?riy\u00e2,M?nt?n??r?,????? ?????? ,????????,??????????,???????????,M?nten?gro,???? ????? ,????????,M\u00f4ntenegr\u00f4,????????????,???????????,????????????, ??????????? ,????????????,??????????? ,??\/?? ,??????,????? ,Muntenegru, ????? ????, Montenegr?,chambres \u00e0 louer \u00e0 ulcinj, location de vacance, location saisonni\u00e8res, louer villa,location de vacance, Locations vacance, h\u00e9bergements vacances, locations villa, logements de vacances, location maison avec piscine, Location vacance, locations de vacance, h\u00e9bergements de vacances, location villa, locations entre particulier, logements vacance, vacances \u00e0 Mont\u00e9n\u00e9gro - location \u00e0 Ulcinj ,location  de bigorre,Urlaub in Ulcinj -Montenegro,Hotelbewertungen Ulcinj,Reisen Ulcinj, Urlaub Ulcinj,Hotel in Serbien und Montenegro von Urlaubern bewertet,Wohnungen,Kurorte,Reservierung,Hotels,Zimmer,studio,?ern? Hora, Chaty a byty, Hotely a penziony, Priv?ty, L?zn?, rezervace ubytov?n?,apartm?n\u00ad,noc,pokoj\u00ad,v?hled na mo?e,noc p??zem?,v?hled na hory,l??ko\u00ad,Hotel Priv?t,l??ko\u00ad+sn?dan?\u00ad,dovolen?,studio penzion,Ulcinj ubytov?n?,?ern? Hora,ubytov?n?,apartm?ny,Turistick? komplex Ada na ostrov? Ada Bojana,Pobyty u mo?e,hit sez?ny 2008,FKK nudistick\u00e9ho ada bojana,bungalovy,Velkou pl??,ubytov?n?,Fotografie m?ste?ka Ulcinj,Ada Bojana hotelov? nudistick?,Pl??e a koup?n?,Montenegr?,Sz?lloda,Fizet?vend\u00e9gl?t?,szoba\u00ad,\u00e9jszaka,st?di?,F?ldszint,kil?t?s a hegyekre,F?ldszint,kil?t?s a tengerre,\u00e9jszaka erk\u00e9ly, kil?t?s a tengerre,Ulcinj, Vend\u00e9gh?zak \u00e9s apartmanok, Sz?llod?k, Fizet?vend\u00e9gl?t?s, Gy?gyf\u00fcrd?k,?sszes, Aparthotel, Apartman, Bungal?, Fah?z, Fogad?, Haj?, Hotel, Kast\u00e9lysz?ll?, nincs sz?ll?s, P?lyasz?ll?s, Panzi?, Vend\u00e9gh?z, Wellness Sz?lloda,Camer? Accommodation,De coast? Ulcinj,apartmanh?z,Preno?i??e,Vend\u00e9gh?z,Szoba,Szobe ulcinj,Czarnog?ra, Domki i kwatery, Hotele, Pensjonaty rodzinne, Uzdrowiska - ulcinj rezerwacja nocleg?w,Vend\u00e9gh?zak \u00e9s apartmanok,Sz?llod?k,Fizet?vend\u00e9gl?t?s,Gy?gyf\u00fcrd?k ,sz?ll?sfoglal?s,Ulcinjska Riwiera,SOPOL - Touroperator. Wczasy, oferty last minute, bilety samolotowe,Wielka plaza\" href=\"http:\/\/www.visit-ulcinj.com\/tourism\/\" target=\"_blank\"><img loading=\"lazy\" style=\"float: right;\" src=\"http:\/\/www.visit-ulcinj.com\/blog\/wp-content\/uploads\/2008\/06\/holiday-rental-ulcinj-ulqini_ulqin_logo.gif\" alt=\"Apatin,  Aran?elovac,  ?uprija,  ?a?ak,  ?apljina,  ?itluk,  \u0160abac,  \u0160ipovo,  \u0160iroki Brijeg,  \u017dep?e,  \u017divinice,  Ba?ka Palanka,  Banja Luka,  Banovi?i,  Be?ej,  beograd,  Biha?,  Bijeljina,  Bor,  Bor?a,  Bosanska Gradi\u0161ka,  Bosanska Krupa,  Bosanski \u0160amac,  Bosanski Brod,  Bosanski Novi,  Br?ko,  Bu\u017eim,  Bugojno,  Cazin,  Crna Gora,  Derventa,  Doboj,  Donji Vakuf,  Drvar,  Dubrovnik,  Fo?a,  Fojnica,  Glamo?,  Gora\u017ede,  Gornji Milanovac,  Gornji Vakuf,  gostivar,  Gra?anica,  Grada?ac,  Gradiska,  Grahovo,  Had\u017ei?i,  Ilid\u017ea,  In?ija,  Jablanica,  Jagodina,  Jajce,  Kakanj,  Kalu?erica,  Kikinda,  Klju?,  Konjic,  Kotor Varo\u0161,  Kragujevac,  Kraljevo,  Kru\u0161evac,  Kula,  Kupres,  Lakta\u0161i,  Lazarevac,  Leskovac,  Livno,  Ljubinje,  ljublana,  Ljubu\u0161ki,  Loznica,  Lukavac,  Maglaj,  Mladenovac,  Modri?a,  montenegro erlajnz,  mostar,  Mrkonji? Grad,  Neum,  Ni\u0161,  Novi Pazar,  Novi Sad,  Novi Travnik,  Obrenovac,  Od\u017eak,  ohrid,  Ora\u0161je,  Pale,  Pan?evo,  Para?in,  Pirot,  Po\u017earevac,  Podgorica,  Priboj,  Prijedor,  Prokuplje,  Prozor,  pula,  rijeka,  Ruma,  Sanski Most,  Sarajevo,  Senta,  serbija,  sibenik,  skopje,  Smederevo,  Smederevska Palanka,  Sokolac,  Sombor,  split,  Srebrenica,  Srebrenik,  Sremska Mitrovica,  Stolac,  Struga,  Subotica,  Temerin,  Tesli?,  tetovo,  Travnik,  Trebinje,  tuzla,  U\u017eice,  ulcinj,  Valjevo,  Velika Kladu\u0161a,  Vi\u0161egrad,  Visoko,  Vitez,  Vogo\u0161?a,  vojvodina,  Vranje,  Vr\u0161ac,  Vrbas,  zadar,  Zagreb,  Zaje?ar,  Zavidovi?i,  Zenica,  Zrenjanin,  Zvornik,copacabana ulcinj,  h\u00f4tels,  hotel ulqin,  Kosova,  Mali i Zi,  Maqedonija,  Montenegro,  montenegro tourisme plage,  montenegro ulcinj,  Shpallje Falas,  Shpallje Falas per shitjen e shtepis se juaj,  Shpallje Falas per apartamentet e juaj,  Shpallje Falas Real Estate,  Shpallje Falas turistike,  shqiperija,  tourisme,  Ulci?,  ulcinj,  ulqin,  ulqin hotel,  ulqini,  ulqini 2007,Ada Bojana,  Alba?czyk,  Cita di Dolcino,  Copacabana,  Czarnog\u00f3ra,  Czarnog\u00f3rzec,  Don Kichota,  Ma?a Pla?a,  Mandra,  MIGUEL DE SERVANTES,  p\u00f3?wyspy Marjan,  Pla?a Valdanos,  Rzeka Bojana,  Shas \/ \u0160as \/ Sva?,  Ulci?,  Ulcinjsk? Riwier?,  Wielka Pla?a,  Wyspa Bojana,GORA,??????????,???????,??????????, ?ern\u00e1 Hora,TO ULCINJ \/ ULQIN,MONTENEGRO, Czarnog\u00f3ra, Muntenegru, ????? ????, Montenegr\u00f3,appartement \u00e0 louer \u00e0 ulcinj, location de vacance, location saisonni\u00e8res, louer chambres,location de vacance, Locations vacance, h\u00e9bergements vacances, locations villa, logements de vacances, location maison avec piscine, Location vacance, locations de vacance, h\u00e9bergements de vacances, location, locations entre particulier, logements vacance, vacances \u00e0 Mont\u00e9n\u00e9gro - location \u00e0 Ulcinj ,location  de bigorre.\" width=\"510\" height=\"145\" \/><\/a><\/p>\n","protected":false},"excerpt":{"rendered":"<p><img loading=\"lazy\" class=\"alignleft\" style=\"float: left;\" src=\"http:\/\/photos.igougo.com\/images\/p7093-Yugoslavia-Budva.jpg\" alt=\"Budva_montenegro\" width=\"140\" height=\"140\" \/><\/p>\n","protected":false},"author":1,"featured_media":0,"comment_status":"open","ping_status":"closed","sticky":false,"template":"","format":"standard","meta":{"spay_email":"","jetpack_publicize_message":"","jetpack_is_tweetstorm":false,"jetpack_publicize_feature_enabled":true},"categories":[12,15],"tags":[21,20,19],"jetpack_publicize_connections":[],"yoast_head":"<!-- This site is optimized with the Yoast SEO plugin v19.1 - https:\/\/yoast.com\/wordpress\/plugins\/seo\/ -->\n<title>Budvanski hotelijeri zabrinuto u sezonu - Lajme nga Ulqini<\/title>\n<meta name=\"robots\" content=\"index, follow, max-snippet:-1, max-image-preview:large, max-video-preview:-1\" \/>\n<link rel=\"canonical\" href=\"https:\/\/www.visit-ulcinj.com\/blog\/2008\/07\/07\/budvanski-hotelijeri-zabrinuto-u-sezonu\/\" \/>\n<meta property=\"og:locale\" content=\"en_US\" \/>\n<meta property=\"og:type\" content=\"article\" \/>\n<meta property=\"og:title\" content=\"Budvanski hotelijeri zabrinuto u sezonu - Lajme nga Ulqini\" \/>\n<meta property=\"og:url\" content=\"https:\/\/www.visit-ulcinj.com\/blog\/2008\/07\/07\/budvanski-hotelijeri-zabrinuto-u-sezonu\/\" \/>\n<meta property=\"og:site_name\" content=\"Lajme nga Ulqini\" \/>\n<meta property=\"article:published_time\" content=\"2008-07-07T15:31:32+00:00\" \/>\n<meta property=\"og:image\" content=\"http:\/\/photos.igougo.com\/images\/p7093-Yugoslavia-Budva.jpg\" \/>\n<meta name=\"twitter:label1\" content=\"Written by\" \/>\n\t<meta name=\"twitter:data1\" content=\"ulqini\" \/>\n\t<meta name=\"twitter:label2\" content=\"Est. reading time\" \/>\n\t<meta name=\"twitter:data2\" content=\"4 minutes\" \/>\n<script type=\"application\/ld+json\" class=\"yoast-schema-graph\">{\"@context\":\"https:\/\/schema.org\",\"@graph\":[{\"@type\":\"WebSite\",\"@id\":\"https:\/\/www.visit-ulcinj.com\/blog\/#website\",\"url\":\"https:\/\/www.visit-ulcinj.com\/blog\/\",\"name\":\"Lajme nga Ulqini\",\"description\":\"Lajme,Vijesti,Ulqini,Ulqin,Crna Gora,Mali i Zi\",\"potentialAction\":[{\"@type\":\"SearchAction\",\"target\":{\"@type\":\"EntryPoint\",\"urlTemplate\":\"https:\/\/www.visit-ulcinj.com\/blog\/?s={search_term_string}\"},\"query-input\":\"required name=search_term_string\"}],\"inLanguage\":\"en-US\"},{\"@type\":\"ImageObject\",\"inLanguage\":\"en-US\",\"@id\":\"https:\/\/www.visit-ulcinj.com\/blog\/2008\/07\/07\/budvanski-hotelijeri-zabrinuto-u-sezonu\/#primaryimage\",\"url\":\"http:\/\/photos.igougo.com\/images\/p7093-Yugoslavia-Budva.jpg\",\"contentUrl\":\"http:\/\/photos.igougo.com\/images\/p7093-Yugoslavia-Budva.jpg\"},{\"@type\":\"WebPage\",\"@id\":\"https:\/\/www.visit-ulcinj.com\/blog\/2008\/07\/07\/budvanski-hotelijeri-zabrinuto-u-sezonu\/#webpage\",\"url\":\"https:\/\/www.visit-ulcinj.com\/blog\/2008\/07\/07\/budvanski-hotelijeri-zabrinuto-u-sezonu\/\",\"name\":\"Budvanski hotelijeri zabrinuto u sezonu - Lajme nga Ulqini\",\"isPartOf\":{\"@id\":\"https:\/\/www.visit-ulcinj.com\/blog\/#website\"},\"primaryImageOfPage\":{\"@id\":\"https:\/\/www.visit-ulcinj.com\/blog\/2008\/07\/07\/budvanski-hotelijeri-zabrinuto-u-sezonu\/#primaryimage\"},\"datePublished\":\"2008-07-07T15:31:32+00:00\",\"dateModified\":\"2008-07-07T15:31:32+00:00\",\"author\":{\"@id\":\"https:\/\/www.visit-ulcinj.com\/blog\/#\/schema\/person\/dcab619c614d3038751c63bc2aadc06d\"},\"breadcrumb\":{\"@id\":\"https:\/\/www.visit-ulcinj.com\/blog\/2008\/07\/07\/budvanski-hotelijeri-zabrinuto-u-sezonu\/#breadcrumb\"},\"inLanguage\":\"en-US\",\"potentialAction\":[{\"@type\":\"ReadAction\",\"target\":[\"https:\/\/www.visit-ulcinj.com\/blog\/2008\/07\/07\/budvanski-hotelijeri-zabrinuto-u-sezonu\/\"]}]},{\"@type\":\"BreadcrumbList\",\"@id\":\"https:\/\/www.visit-ulcinj.com\/blog\/2008\/07\/07\/budvanski-hotelijeri-zabrinuto-u-sezonu\/#breadcrumb\",\"itemListElement\":[{\"@type\":\"ListItem\",\"position\":1,\"name\":\"Budvanski hotelijeri zabrinuto u sezonu\"}]},{\"@type\":\"Person\",\"@id\":\"https:\/\/www.visit-ulcinj.com\/blog\/#\/schema\/person\/dcab619c614d3038751c63bc2aadc06d\",\"name\":\"ulqini\",\"sameAs\":[\"http:\/\/www.visit-ulcinj.com\"],\"url\":\"https:\/\/www.visit-ulcinj.com\/blog\/author\/admin\/\"}]}<\/script>\n<!-- \/ Yoast SEO plugin. -->","yoast_head_json":{"title":"Budvanski hotelijeri zabrinuto u sezonu - Lajme nga Ulqini","robots":{"index":"index","follow":"follow","max-snippet":"max-snippet:-1","max-image-preview":"max-image-preview:large","max-video-preview":"max-video-preview:-1"},"canonical":"https:\/\/www.visit-ulcinj.com\/blog\/2008\/07\/07\/budvanski-hotelijeri-zabrinuto-u-sezonu\/","og_locale":"en_US","og_type":"article","og_title":"Budvanski hotelijeri zabrinuto u sezonu - Lajme nga Ulqini","og_url":"https:\/\/www.visit-ulcinj.com\/blog\/2008\/07\/07\/budvanski-hotelijeri-zabrinuto-u-sezonu\/","og_site_name":"Lajme nga Ulqini","article_published_time":"2008-07-07T15:31:32+00:00","og_image":[{"url":"http:\/\/photos.igougo.com\/images\/p7093-Yugoslavia-Budva.jpg"}],"twitter_misc":{"Written by":"ulqini","Est. reading time":"4 minutes"},"schema":{"@context":"https:\/\/schema.org","@graph":[{"@type":"WebSite","@id":"https:\/\/www.visit-ulcinj.com\/blog\/#website","url":"https:\/\/www.visit-ulcinj.com\/blog\/","name":"Lajme nga Ulqini","description":"Lajme,Vijesti,Ulqini,Ulqin,Crna Gora,Mali i Zi","potentialAction":[{"@type":"SearchAction","target":{"@type":"EntryPoint","urlTemplate":"https:\/\/www.visit-ulcinj.com\/blog\/?s={search_term_string}"},"query-input":"required name=search_term_string"}],"inLanguage":"en-US"},{"@type":"ImageObject","inLanguage":"en-US","@id":"https:\/\/www.visit-ulcinj.com\/blog\/2008\/07\/07\/budvanski-hotelijeri-zabrinuto-u-sezonu\/#primaryimage","url":"http:\/\/photos.igougo.com\/images\/p7093-Yugoslavia-Budva.jpg","contentUrl":"http:\/\/photos.igougo.com\/images\/p7093-Yugoslavia-Budva.jpg"},{"@type":"WebPage","@id":"https:\/\/www.visit-ulcinj.com\/blog\/2008\/07\/07\/budvanski-hotelijeri-zabrinuto-u-sezonu\/#webpage","url":"https:\/\/www.visit-ulcinj.com\/blog\/2008\/07\/07\/budvanski-hotelijeri-zabrinuto-u-sezonu\/","name":"Budvanski hotelijeri zabrinuto u sezonu - Lajme nga Ulqini","isPartOf":{"@id":"https:\/\/www.visit-ulcinj.com\/blog\/#website"},"primaryImageOfPage":{"@id":"https:\/\/www.visit-ulcinj.com\/blog\/2008\/07\/07\/budvanski-hotelijeri-zabrinuto-u-sezonu\/#primaryimage"},"datePublished":"2008-07-07T15:31:32+00:00","dateModified":"2008-07-07T15:31:32+00:00","author":{"@id":"https:\/\/www.visit-ulcinj.com\/blog\/#\/schema\/person\/dcab619c614d3038751c63bc2aadc06d"},"breadcrumb":{"@id":"https:\/\/www.visit-ulcinj.com\/blog\/2008\/07\/07\/budvanski-hotelijeri-zabrinuto-u-sezonu\/#breadcrumb"},"inLanguage":"en-US","potentialAction":[{"@type":"ReadAction","target":["https:\/\/www.visit-ulcinj.com\/blog\/2008\/07\/07\/budvanski-hotelijeri-zabrinuto-u-sezonu\/"]}]},{"@type":"BreadcrumbList","@id":"https:\/\/www.visit-ulcinj.com\/blog\/2008\/07\/07\/budvanski-hotelijeri-zabrinuto-u-sezonu\/#breadcrumb","itemListElement":[{"@type":"ListItem","position":1,"name":"Budvanski hotelijeri zabrinuto u sezonu"}]},{"@type":"Person","@id":"https:\/\/www.visit-ulcinj.com\/blog\/#\/schema\/person\/dcab619c614d3038751c63bc2aadc06d","name":"ulqini","sameAs":["http:\/\/www.visit-ulcinj.com"],"url":"https:\/\/www.visit-ulcinj.com\/blog\/author\/admin\/"}]}},"jetpack_featured_media_url":"","jetpack_sharing_enabled":true,"jetpack_shortlink":"https:\/\/wp.me\/pe6lTn-yZ","_links":{"self":[{"href":"https:\/\/www.visit-ulcinj.com\/blog\/wp-json\/wp\/v2\/posts\/2169"}],"collection":[{"href":"https:\/\/www.visit-ulcinj.com\/blog\/wp-json\/wp\/v2\/posts"}],"about":[{"href":"https:\/\/www.visit-ulcinj.com\/blog\/wp-json\/wp\/v2\/types\/post"}],"author":[{"embeddable":true,"href":"https:\/\/www.visit-ulcinj.com\/blog\/wp-json\/wp\/v2\/users\/1"}],"replies":[{"embeddable":true,"href":"https:\/\/www.visit-ulcinj.com\/blog\/wp-json\/wp\/v2\/comments?post=2169"}],"version-history":[{"count":0,"href":"https:\/\/www.visit-ulcinj.com\/blog\/wp-json\/wp\/v2\/posts\/2169\/revisions"}],"wp:attachment":[{"href":"https:\/\/www.visit-ulcinj.com\/blog\/wp-json\/wp\/v2\/media?parent=2169"}],"wp:term":[{"taxonomy":"category","embeddable":true,"href":"https:\/\/www.visit-ulcinj.com\/blog\/wp-json\/wp\/v2\/categories?post=2169"},{"taxonomy":"post_tag","embeddable":true,"href":"https:\/\/www.visit-ulcinj.com\/blog\/wp-json\/wp\/v2\/tags?post=2169"}],"curies":[{"name":"wp","href":"https:\/\/api.w.org\/{rel}","templated":true}]}}