{"id":21699,"date":"2009-05-18T19:55:21","date_gmt":"2009-05-18T17:55:21","guid":{"rendered":"http:\/\/www.visit-ulcinj.com\/blog\/?p=21699"},"modified":"2009-05-18T20:31:47","modified_gmt":"2009-05-18T18:31:47","slug":"gjeloshaj-ra-ky-mort-e-u-pame","status":"publish","type":"post","link":"https:\/\/www.visit-ulcinj.com\/blog\/2009\/05\/18\/gjeloshaj-ra-ky-mort-e-u-pame\/","title":{"rendered":"Gjeloshaj: Ra ky mort e u pam\u00eb"},"content":{"rendered":"<p><a href=\"http:\/\/www.visit-ulcinj.com\/blog\/wp-content\/uploads\/2009\/05\/naser-cobaj.jpg\"><img loading=\"lazy\" class=\"alignleft size-full wp-image-21700\" title=\"naser-cobaj\" src=\"http:\/\/www.visit-ulcinj.com\/blog\/wp-content\/uploads\/2009\/05\/naser-cobaj.jpg\" alt=\"naser-cobaj\" width=\"268\" height=\"262\" \/><\/a>Naser \u00c7obaj n\u00eb krejt k\u00ebt\u00eb loj\u00eb e ky\u00e7 edhe Palok\u00eb Camaj, doktor i t\u00eb drejt\u00ebs nd\u00ebrkomb\u00ebtare nga Mal\u00ebsia me banim n\u00eb SHBA. Emisioni i k\u00ebtyre t\u00eb dyve me nj\u00eb kush\u00ebri t\u00eb af\u00ebrt t\u00eb nj\u00eb funksionari t\u00eb lart\u00eb t\u00eb UDSH-s\u00eb do t\u00eb mbetet si nj\u00eb nga nd\u00ebrhyrjet m\u00eb t\u00eb turpshme n\u00eb ndonj\u00eb fushat\u00eb parazgjedhore t\u00eb nj\u00eb grupi t\u00eb interesit, por si duket me interesa t\u00eb caktuara.<br \/>\n\u201cRa ky mort e u pam\u00eb\u201d titullohej nj\u00eb vep\u00ebr e Ismail Kadares\u00eb, e botuar n\u00eb vitin e par\u00eb t\u00eb \u00e7lirimit t\u00eb Kosov\u00ebs, i cili u promovua me rastin e Panairit t\u00eb Par\u00eb t\u00eb Librit n\u00eb Prishtin\u00eb pas lufte. Kadare pati nderin ta hapi k\u00ebt\u00eb panair.<br \/>\nM\u00eb kujtohet se si student\u00eb n\u00eb at\u00eb koh\u00eb ishim t\u00eb etur p\u00ebr librin shqip dhe n\u00eb Panair blenim libra shqip aq sa edhe nuk kishim mund\u00ebsi. Ishte nj\u00eb ndjenj\u00eb e ve\u00e7ant\u00eb. Ishim nj\u00eb grup i vog\u00ebl nga Mal\u00ebsia, nj\u00eb pjes\u00eb e t\u00eb cil\u00ebve p\u00ebr fat t\u00eb keq nuk jan\u00eb me ne, por ka edhe t\u00eb till\u00eb q\u00eb jan\u00eb t\u00eb gjall\u00eb, por \u201ct\u00eb ndjer\u00eb\u201d.<br \/>\nMir\u00ebpo k\u00ebsaj radhe k\u00ebt\u00eb titull do ta p\u00ebrdori p\u00ebr nj\u00eb tem\u00eb jasht\u00eb librit, p\u00ebr \u00e7\u00ebshtje politike. Zgjedhjet kaluan dhe doli n\u00eb drit\u00eb pse nj\u00eb pjes\u00eb e ASH \u2013s\u00eb, shkoi n\u00eb nj\u00eb list\u00eb tjet\u00ebr dhe pse ai grup nuk deshi t\u00eb pranoj\u00eb ndarjen e mandatit t\u00eb deputetit me an\u00ebtar\u00eb t\u00eb ASH-s\u00eb dhe t\u00eb mos ket\u00eb ndarje t\u00eb ASH-s\u00eb. Kjo \u00ebsht\u00eb e qart\u00eb, ra ky mort e u pam\u00eb, se q\u00ebllimi i tyre ishte p\u00ebr ta shkat\u00ebrruar l\u00ebvizjen politike p\u00ebr komun\u00eb t\u00eb Mal\u00ebsis\u00eb, sepse asnj\u00eb argument tjet\u00ebr nuk vjen n\u00eb shprehje n\u00ebse pranon nj\u00eb marr\u00ebveshje me dik\u00eb jasht\u00eb subjektit ashtu si mund ta kesh nj\u00eb subjekt.<br \/>\nPra, Amir Hollaj \u00ebsht\u00eb deputet dy vitet e para t\u00eb cilit personalisht i uroj dhe i d\u00ebshiroj suksese dhe n\u00ebse mandati zgjat 4 vjet, dy vitet e tjera i ka Vasel Sinishtaj, megjith\u00ebse gjat\u00eb fushat\u00ebs parazgjedhore manipuluan me votues duke th\u00ebn\u00eb nj\u00eb m\u00ebnyr\u00eb tjet\u00ebr t\u00eb ndarjes s\u00eb mandatit e posa\u00e7\u00ebrisht p\u00ebr Mal\u00ebsi e kam fjal\u00ebn, mir\u00ebpo k\u00ebt\u00eb do ta \u00e7mojn\u00eb ata q\u00eb votuan.<br \/>\nAta biseduan aq shum\u00eb p\u00ebr marr\u00ebveshjen famoze e cila si duket ishte vet\u00ebm p\u00ebr t\u00eb mashtruar votuesit.<br \/>\nNuk u desht\u00ebn t\u00eb kalojn\u00eb shum\u00eb dit\u00eb nga zgjedhjet dhe t\u00eb gjith\u00eb ta kuptojm\u00eb pse Naser \u00c7obaj ishte aq shum\u00eb i ky\u00e7ur disa muajt e fundit duke tentuar t\u00eb dizajnoj\u00eb sken\u00ebn politike shqiptare n\u00eb Mal t\u00eb Zi.<br \/>\nE vetmja arsye ishte sepse personi n\u00eb fjal\u00eb \u00ebsht\u00eb nj\u00eb lokalist i madh anamalas dhe ishte n\u00eb gjendje t\u00eb b\u00ebj\u00eb \u00e7mos q\u00eb kjo trev\u00eb t\u00eb ket\u00eb deputetin e vet. Kishte k\u00ebt\u00eb synim dhe ishte n\u00eb gjendje t\u00eb shkat\u00ebrroj\u00eb gjith\u00e7ka para vehtes.<br \/>\nSi synim kryesor p\u00ebr ta shkat\u00ebruar nj\u00ebher\u00eb e mir\u00eb e kishte LD n\u00eb MZ, mir\u00ebpo nuk ishte aq i vrullsh\u00ebm n\u00eb k\u00ebt\u00eb sepse p\u00ebrmes k\u00ebsaj kishte q\u00ebllim tjet\u00ebr, ta shkat\u00ebrroj\u00eb ASH-n\u00eb ku p\u00ebr fat t\u00eb keq ve\u00e7 i kishte gjetur njer\u00ebzit e vet n\u00eb ASH p\u00ebr k\u00ebt\u00eb dhe duke e parap\u00ebrgatitur muaj t\u00eb t\u00ebr\u00eb p\u00ebrpara ndarjen e grupit t\u00eb Vaselit dhe koalicion me Alenc\u00ebn e re q\u00eb ishte e vetmja mund\u00ebsi q\u00eb Naser \u00c7obaj anamalas t\u00eb ushqej\u00eb lokalizmin e vet\u00eb t\u00eb flakt\u00eb dhe n\u00eb tjetr\u00ebn m\u00ebnyr\u00eb me nj\u00eb grup nga ASH ta realizoj\u00eb q\u00ebllimin e pushtetit p\u00ebr t\u00eb tentuar shkat\u00ebrimin e l\u00ebvizjes politike p\u00ebr komun\u00eb t\u00eb Mal\u00ebsis\u00eb q\u00eb ka qen\u00eb subjekti i vet\u00ebm politik q\u00eb i ka marr\u00eb votat pushtetit. K\u00ebt\u00eb ia arriti dhe fal\u00eb naivitetit t\u00eb Vaselit q\u00eb hyri n\u00eb kurthin e tyre, duke b\u00ebr\u00eb nj\u00eb marr\u00ebveshje q\u00eb kinse edhe Naser \u00c7obaj e grupi i tij shkat\u00ebrrues ishte garantues. Dhe t\u00eb gjith\u00eb po e shohim se Vaselin e tradh\u00ebtuan dhe nuk po e rrespektojn\u00eb marr\u00ebveshjen, mir\u00ebpo edhe kjo e ka episodin e vet, sepse n\u00ebse dikush don ta kuptoj\u00eb, un\u00eb publikisht kam th\u00ebn\u00eb se Amir Hollaj nuk do t\u2019ia l\u00ebshoj\u00eb vendin Vaselit edhe n\u00ebse sipas marr\u00ebveshjes i takon. K\u00ebt\u00eb e ka ditur secili q\u00eb di t\u00eb lexoj\u00eb Ligjin p\u00ebr zgjedhjen e k\u00ebshilltar\u00ebve dhe deputet\u00ebve i cili \u00ebsht\u00eb shum\u00eb i qart\u00eb.<br \/>\nMir\u00ebpo p\u00ebr at\u00eb se \u00e7ka i kan\u00eb b\u00ebr\u00eb k\u00ebta Vaselit, e Vaseli Mal\u00ebsis\u00eb dhe n\u00eb krejt k\u00ebt\u00eb si q\u00ebllim kryesor p\u00ebr t\u00eb dob\u00ebsuar ASH-n\u00eb, do t\u00eb merrem nj\u00eb her\u00eb tjet\u00ebr, mir\u00ebpo edhe rolin kryesor t\u00eb Smail \u00c7unmulaj dhe disa t\u00eb tjer\u00ebve n\u00eb krejt k\u00ebt\u00eb do t\u00eb merrem n\u00eb nj\u00eb shkrim n\u00eb nj\u00eb prej numrave n\u00eb vijim, sepse e v\u00ebrteta duhet t\u00eb dal\u00eb n\u00eb drit\u00eb.<br \/>\nNaser \u00c7obaj n\u00eb krejt k\u00ebt\u00eb loj\u00eb e ky\u00e7 edhe Palok\u00eb Camaj, doktor i t\u00eb drejt\u00ebs nd\u00ebrkomb\u00ebtare nga Mal\u00ebsia me banim n\u00eb SHBA. Emisioni i k\u00ebtyre t\u00eb dyve me nj\u00eb kush\u00ebri t\u00eb af\u00ebrt t\u00eb nj\u00eb funksionari t\u00eb lart\u00eb t\u00eb UDSH-s\u00eb do t\u00eb mbetet si nj\u00eb nga nd\u00ebrhyrjet m\u00eb t\u00eb turpshme n\u00eb ndonj\u00eb fushat\u00eb parazgjedhore t\u00eb nj\u00eb grupi t\u00eb interesit, por si duket me interesa t\u00eb caktuara.<br \/>\nTani t\u00eb gjith\u00eb po e shohim, ra ky mort e u pam\u00eb, se q\u00ebllimi i Naser \u00c7obajt ishte q\u00eb ta shkat\u00ebrroj\u00eb ASH-n\u00eb, s\u00eb bashku me disa nga an\u00ebtar\u00ebt e ASH-s\u00eb dhe ta b\u00ebj\u00eb nj\u00eb anamalas deputet. Po Palok Camaj, ku \u00ebsht\u00eb ai n\u00eb krejt k\u00ebt\u00eb loj\u00eb dhe \u00e7far\u00eb ishte q\u00ebllimi i tij dhe ai prezantim i turpsh\u00ebm? Ku jan\u00eb tash dhe \u00e7ka b\u00ebjn\u00eb k\u00ebta persona, pse nuk po u d\u00ebgjohet z\u00ebri, apo ndoshta iu vjen edhe turp p\u00ebr at\u00eb q\u00eb kan\u00eb b\u00ebr\u00eb, por p\u00ebr t\u00eb treguar krejt fytyr\u00ebn e vet k\u00ebta persona e p\u00ebrjashtojn\u00eb nga puna Muhamed Gjokaj, sepse gjendet p\u00ebrkrahasi i ASH-s\u00eb dhe imi. Kjo m\u00eb shum\u00eb tregon p\u00ebr ata vet\u00eb q\u00eb nj\u00eb mal\u00ebsor me familje dhe f\u00ebmij\u00eb n\u00eb zhvillim e l\u00ebn\u00eb n\u00eb rrug\u00eb dhe e largojn\u00eb nga vendi i pun\u00ebs ku fitonte buk\u00ebn p\u00ebr f\u00ebmij\u00ebt e vet dhe punonte me dinjitet dhe profesionaliz\u00ebm p\u00ebr \u00e7\u00ebshtje komb\u00ebtare. Mir\u00ebpo, si duket, sipas tyre kjo nuk mjaftonte. Duhet t\u00eb jesh i d\u00ebgjuesh\u00ebm dhe t\u00eb kesh mentor, mir\u00ebpo k\u00ebto gjeneratat e reja poskomuniste nuk do t\u2019i pranojn\u00eb kurr\u00eb.<br \/>\nPalok\u00eb Camaj ndoshta nj\u00eb dit\u00eb do t\u00eb pendohet dhe do t\u2019i k\u00ebrkoj\u00eb falje Mal\u00ebsis\u00eb p\u00ebr k\u00ebt\u00eb, sepse kontribuoi q\u00eb Mal\u00ebsia t\u00eb tradh\u00ebtohet nga Naser \u00c7obaj dhe p\u00ebr faktin se e motivuan dhe i dhan\u00eb kurajo s\u00eb bashku me disa t\u00eb tjer\u00eb nga ASH q\u00eb Vasel Sinishtaj t\u00eb b\u00ebj\u00eb at\u00eb \u00e7ka b\u00ebri dhe n\u00eb fund t\u00eb tradh\u00ebtojn\u00eb jo ve\u00e7 Vaselin, por 1200 votues mal\u00ebsor\u00eb q\u00eb sot jan\u00eb t\u00eb tradh\u00ebtuar nga Vaseli. Mir\u00ebpo un\u00eb mendoj se Vaseli ve\u00e7 ka mbetur viktim\u00eb e krejt k\u00ebsaj loje, se u ka besuar njer\u00ebzve. Me Nik\u00ebn nuk pranoj\u00eb t\u00eb randitet i dyti kurse me Amirin pranoi ta ndaj\u00eb mandatin si i dyti dhe b\u00ebri marr\u00ebveshje p\u00ebr t\u00eb mashtruar mal\u00ebsor\u00ebt, marr\u00ebveshje kjo q\u00eb dihej se nuk do t\u00eb respektohet dhe k\u00ebshtu mbeti i dyti n\u00eb \u00e7do m\u00ebnyr\u00eb me Amirin. Vall\u00eb, mos do t\u00eb ishte m\u00eb mir\u00eb sikur t\u00eb kishte mbetur n\u00eb ASH e t\u00eb ishte i dyti, por kryelart\u00eb dhe pa gjith\u00eb k\u00ebt\u00eb \u00e7far\u00eb ka ndodhur. Jam i bindur se po, sepse n\u00eb Mal\u00ebsi dhe p\u00ebr mal\u00ebsor\u00ebt kishte qen\u00eb i pari, e pas k\u00ebsaj \u00e7ka ka b\u00ebr\u00eb dhe q\u00eb ia kan\u00eb b\u00ebr\u00eb, s\u2019\u00ebsht\u00eb as i dyti, por p\u00ebr fat t\u00eb keq \u00ebsht\u00eb i fundit n\u00eb Mal\u00ebsi. Normalisht k\u00ebtu nuk mendoj si person, por Mal\u00ebsia si e till\u00eb mbeti e fundit pa deputet, q\u00eb \u00ebsht\u00eb p\u00ebr komun\u00eb t\u00eb plot\u00eb. E di se Vaselit ia kan\u00eb luajtur loj\u00ebn shum\u00ebkush, duke filluar nga k\u00ebta \u201cdashamir\u00ebt\u201d nga diaspora, t\u00eb cil\u00ebt e p\u00ebrkrah\u00ebn, por edhe nga bashk\u00ebpun\u00ebtor\u00ebt m\u00eb t\u00eb af\u00ebrt q\u00eb i ka pasur k\u00ebtu. Prandaj e ftoj t\u00eb kthehet n\u00eb gjirin e vet t\u00eb cilit i takon, t\u00eb jet\u00eb n\u00eb ASH dhe t\u00eb rrim\u00eb e t\u00eb b\u00ebjm\u00eb struktur\u00eb partiake si na ka hije, nj\u00eb nga nj\u00eb t\u00eb afrohemi duke p\u00ebrzgjedhur m\u00eb t\u00eb mir\u00ebt, dhe paraprakisht t\u00eb pranojm\u00eb se t\u00eb gjith\u00eb duam t\u00eb pranojm\u00eb t\u00eb jemi jasht\u00eb dhe t\u2019i zgjedhim m\u00eb t\u00eb mir\u00ebt p\u00ebr hir t\u00eb Mal\u00ebsis\u00eb dhe t\u00eb pushtetit lokal. Gabimet jan\u00eb p\u00ebr njer\u00ebz, p\u00ebr t\u00eb gjith\u00eb ne, por duhet q\u00eb t\u00eb jemi aq t\u00eb ngritur dhe k\u00ebto gabime t\u2019i l\u00ebm\u00eb mbrapa dhe p\u00ebr hir t\u00eb s\u00eb ardhmes dhe asaj p\u00ebr \u00e7ka jemi formuar, t\u00eb rrim\u00eb dhe t\u00eb bashkojm\u00eb subjektin dhe mal\u00ebsor\u00ebt, sepse ai q\u00eb pretendon t\u00eb merret me politik\u00eb, duhet q\u00eb aspektet personale t\u2019i l\u00ebj anash p\u00ebr hir t\u00eb asaj m\u00eb t\u00eb madhes, p\u00ebr hir t\u00eb Mal\u00ebsis\u00eb, n\u00ebse p\u00ebr nj\u00ebmend ky ka qen\u00eb q\u00ebllimi.<\/p>\n<p><strong>Nik<br \/>\nKoha Javore<\/strong><\/p>\n\n\t\t<style type=\"text\/css\">\n\t\t\t#gallery-1 {\n\t\t\t\tmargin: auto;\n\t\t\t}\n\t\t\t#gallery-1 .gallery-item {\n\t\t\t\tfloat: left;\n\t\t\t\tmargin-top: 10px;\n\t\t\t\ttext-align: center;\n\t\t\t\twidth: 33%;\n\t\t\t}\n\t\t\t#gallery-1 img {\n\t\t\t\tborder: 2px solid #cfcfcf;\n\t\t\t}\n\t\t\t#gallery-1 .gallery-caption {\n\t\t\t\tmargin-left: 0;\n\t\t\t}\n\t\t\t\/* see gallery_shortcode() in wp-includes\/media.php *\/\n\t\t<\/style>\n\t\t<div id='gallery-1' class='gallery galleryid-21699 gallery-columns-3 gallery-size-thumbnail'><dl class='gallery-item'>\n\t\t\t<dt class='gallery-icon landscape'>\n\t\t\t\t<a href='https:\/\/www.visit-ulcinj.com\/blog\/2009\/05\/18\/gjeloshaj-ra-ky-mort-e-u-pame\/naser-cobaj-2\/'><img width=\"150\" height=\"150\" src=\"https:\/\/www.visit-ulcinj.com\/blog\/wp-content\/uploads\/2009\/05\/naser-cobaj-150x150.jpg\" class=\"attachment-thumbnail size-thumbnail\" alt=\"\" loading=\"lazy\" \/><\/a>\n\t\t\t<\/dt><\/dl><dl class='gallery-item'>\n\t\t\t<dt class='gallery-icon landscape'>\n\t\t\t\t<a href='https:\/\/www.visit-ulcinj.com\/blog\/2009\/05\/18\/gjeloshaj-ra-ky-mort-e-u-pame\/hollaj_duraku_sinishtaj\/'><img width=\"150\" height=\"150\" src=\"https:\/\/www.visit-ulcinj.com\/blog\/wp-content\/uploads\/2009\/05\/hollaj_duraku_sinishtaj-150x150.jpg\" class=\"attachment-thumbnail size-thumbnail\" alt=\"\" loading=\"lazy\" \/><\/a>\n\t\t\t<\/dt><\/dl><dl class='gallery-item'>\n\t\t\t<dt class='gallery-icon landscape'>\n\t\t\t\t<a href='https:\/\/www.visit-ulcinj.com\/blog\/2009\/05\/18\/gjeloshaj-ra-ky-mort-e-u-pame\/naser-cobaj1\/'><img width=\"150\" height=\"150\" src=\"https:\/\/www.visit-ulcinj.com\/blog\/wp-content\/uploads\/2009\/05\/naser-cobaj1-150x150.jpg\" class=\"attachment-thumbnail size-thumbnail\" alt=\"\" loading=\"lazy\" \/><\/a>\n\t\t\t<\/dt><\/dl><br style=\"clear: both\" \/>\n\t\t<\/div>\n\n<!--YouTube Error: bad URL entered-->\n","protected":false},"excerpt":{"rendered":"<p>Naser \u00c7obaj n\u00eb krejt k\u00ebt\u00eb loj\u00eb e ky\u00e7 edhe Palok\u00eb Camaj, doktor i t\u00eb drejt\u00ebs nd\u00ebrkomb\u00ebtare nga Mal\u00ebsia me banim n\u00eb SHBA. Emisioni i k\u00ebtyre t\u00eb dyve me nj\u00eb kush\u00ebri t\u00eb af\u00ebrt t\u00eb nj\u00eb funksionari t\u00eb lart\u00eb t\u00eb UDSH-s\u00eb do t\u00eb mbetet si nj\u00eb nga nd\u00ebrhyrjet m\u00eb t\u00eb turpshme n\u00eb ndonj\u00eb fushat\u00eb parazgjedhore t\u00eb nj\u00eb [&hellip;]<\/p>\n","protected":false},"author":1,"featured_media":0,"comment_status":"open","ping_status":"closed","sticky":false,"template":"","format":"standard","meta":{"spay_email":"","jetpack_publicize_message":"","jetpack_is_tweetstorm":false,"jetpack_publicize_feature_enabled":true},"categories":[13],"tags":[1303,128,130,1082,5675,10522,10523,743,2393,348],"jetpack_publicize_connections":[],"yoast_head":"<!-- This site is optimized with the Yoast SEO plugin v19.1 - https:\/\/yoast.com\/wordpress\/plugins\/seo\/ -->\n<title>Gjeloshaj: Ra ky mort e u pam\u00eb - Lajme nga Ulqini<\/title>\n<meta name=\"description\" content=\"Naser \u00c7obaj n\u00eb krejt k\u00ebt\u00eb loj\u00eb e ky\u00e7 edhe Palok\u00eb Camaj, doktor i t\u00eb drejt\u00ebs nd\u00ebrkomb\u00ebtare nga Mal\u00ebsia me banim n\u00eb SHBA. Emisioni i k\u00ebtyre t\u00eb dyve me nj\u00eb\" \/>\n<meta name=\"robots\" content=\"index, follow, max-snippet:-1, max-image-preview:large, max-video-preview:-1\" \/>\n<link rel=\"canonical\" href=\"https:\/\/www.visit-ulcinj.com\/blog\/2009\/05\/18\/gjeloshaj-ra-ky-mort-e-u-pame\/\" \/>\n<meta property=\"og:locale\" content=\"en_US\" \/>\n<meta property=\"og:type\" content=\"article\" \/>\n<meta property=\"og:title\" content=\"Gjeloshaj: Ra ky mort e u pam\u00eb - Lajme nga Ulqini\" \/>\n<meta property=\"og:description\" content=\"Naser \u00c7obaj n\u00eb krejt k\u00ebt\u00eb loj\u00eb e ky\u00e7 edhe Palok\u00eb Camaj, doktor i t\u00eb drejt\u00ebs nd\u00ebrkomb\u00ebtare nga Mal\u00ebsia me banim n\u00eb SHBA. Emisioni i k\u00ebtyre t\u00eb dyve me nj\u00eb\" \/>\n<meta property=\"og:url\" content=\"https:\/\/www.visit-ulcinj.com\/blog\/2009\/05\/18\/gjeloshaj-ra-ky-mort-e-u-pame\/\" \/>\n<meta property=\"og:site_name\" content=\"Lajme nga Ulqini\" \/>\n<meta property=\"article:published_time\" content=\"2009-05-18T17:55:21+00:00\" \/>\n<meta property=\"article:modified_time\" content=\"2009-05-18T18:31:47+00:00\" \/>\n<meta property=\"og:image\" content=\"https:\/\/www.visit-ulcinj.com\/blog\/wp-content\/uploads\/2009\/05\/naser-cobaj-150x150.jpg\" \/>\n<meta name=\"twitter:label1\" content=\"Written by\" \/>\n\t<meta name=\"twitter:data1\" content=\"ulqini\" \/>\n\t<meta name=\"twitter:label2\" content=\"Est. reading time\" \/>\n\t<meta name=\"twitter:data2\" content=\"8 minutes\" \/>\n<script type=\"application\/ld+json\" class=\"yoast-schema-graph\">{\"@context\":\"https:\/\/schema.org\",\"@graph\":[{\"@type\":\"WebSite\",\"@id\":\"https:\/\/www.visit-ulcinj.com\/blog\/#website\",\"url\":\"https:\/\/www.visit-ulcinj.com\/blog\/\",\"name\":\"Lajme nga Ulqini\",\"description\":\"Lajme,Vijesti,Ulqini,Ulqin,Crna Gora,Mali i Zi\",\"potentialAction\":[{\"@type\":\"SearchAction\",\"target\":{\"@type\":\"EntryPoint\",\"urlTemplate\":\"https:\/\/www.visit-ulcinj.com\/blog\/?s={search_term_string}\"},\"query-input\":\"required name=search_term_string\"}],\"inLanguage\":\"en-US\"},{\"@type\":\"ImageObject\",\"inLanguage\":\"en-US\",\"@id\":\"https:\/\/www.visit-ulcinj.com\/blog\/2009\/05\/18\/gjeloshaj-ra-ky-mort-e-u-pame\/#primaryimage\",\"url\":\"https:\/\/www.visit-ulcinj.com\/blog\/wp-content\/uploads\/2009\/05\/naser-cobaj.jpg\",\"contentUrl\":\"https:\/\/www.visit-ulcinj.com\/blog\/wp-content\/uploads\/2009\/05\/naser-cobaj.jpg\",\"width\":\"268\",\"height\":\"262\"},{\"@type\":\"WebPage\",\"@id\":\"https:\/\/www.visit-ulcinj.com\/blog\/2009\/05\/18\/gjeloshaj-ra-ky-mort-e-u-pame\/#webpage\",\"url\":\"https:\/\/www.visit-ulcinj.com\/blog\/2009\/05\/18\/gjeloshaj-ra-ky-mort-e-u-pame\/\",\"name\":\"Gjeloshaj: Ra ky mort e u pam\u00eb - Lajme nga Ulqini\",\"isPartOf\":{\"@id\":\"https:\/\/www.visit-ulcinj.com\/blog\/#website\"},\"primaryImageOfPage\":{\"@id\":\"https:\/\/www.visit-ulcinj.com\/blog\/2009\/05\/18\/gjeloshaj-ra-ky-mort-e-u-pame\/#primaryimage\"},\"datePublished\":\"2009-05-18T17:55:21+00:00\",\"dateModified\":\"2009-05-18T18:31:47+00:00\",\"author\":{\"@id\":\"https:\/\/www.visit-ulcinj.com\/blog\/#\/schema\/person\/dcab619c614d3038751c63bc2aadc06d\"},\"description\":\"Naser \u00c7obaj n\u00eb krejt k\u00ebt\u00eb loj\u00eb e ky\u00e7 edhe Palok\u00eb Camaj, doktor i t\u00eb drejt\u00ebs nd\u00ebrkomb\u00ebtare nga Mal\u00ebsia me banim n\u00eb SHBA. Emisioni i k\u00ebtyre t\u00eb dyve me nj\u00eb\",\"breadcrumb\":{\"@id\":\"https:\/\/www.visit-ulcinj.com\/blog\/2009\/05\/18\/gjeloshaj-ra-ky-mort-e-u-pame\/#breadcrumb\"},\"inLanguage\":\"en-US\",\"potentialAction\":[{\"@type\":\"ReadAction\",\"target\":[\"https:\/\/www.visit-ulcinj.com\/blog\/2009\/05\/18\/gjeloshaj-ra-ky-mort-e-u-pame\/\"]}]},{\"@type\":\"BreadcrumbList\",\"@id\":\"https:\/\/www.visit-ulcinj.com\/blog\/2009\/05\/18\/gjeloshaj-ra-ky-mort-e-u-pame\/#breadcrumb\",\"itemListElement\":[{\"@type\":\"ListItem\",\"position\":1,\"name\":\"Gjeloshaj: Ra ky mort e u pam\u00eb\"}]},{\"@type\":\"Person\",\"@id\":\"https:\/\/www.visit-ulcinj.com\/blog\/#\/schema\/person\/dcab619c614d3038751c63bc2aadc06d\",\"name\":\"ulqini\",\"sameAs\":[\"http:\/\/www.visit-ulcinj.com\"],\"url\":\"https:\/\/www.visit-ulcinj.com\/blog\/author\/admin\/\"}]}<\/script>\n<!-- \/ Yoast SEO plugin. -->","yoast_head_json":{"title":"Gjeloshaj: Ra ky mort e u pam\u00eb - Lajme nga Ulqini","description":"Naser \u00c7obaj n\u00eb krejt k\u00ebt\u00eb loj\u00eb e ky\u00e7 edhe Palok\u00eb Camaj, doktor i t\u00eb drejt\u00ebs nd\u00ebrkomb\u00ebtare nga Mal\u00ebsia me banim n\u00eb SHBA. Emisioni i k\u00ebtyre t\u00eb dyve me nj\u00eb","robots":{"index":"index","follow":"follow","max-snippet":"max-snippet:-1","max-image-preview":"max-image-preview:large","max-video-preview":"max-video-preview:-1"},"canonical":"https:\/\/www.visit-ulcinj.com\/blog\/2009\/05\/18\/gjeloshaj-ra-ky-mort-e-u-pame\/","og_locale":"en_US","og_type":"article","og_title":"Gjeloshaj: Ra ky mort e u pam\u00eb - Lajme nga Ulqini","og_description":"Naser \u00c7obaj n\u00eb krejt k\u00ebt\u00eb loj\u00eb e ky\u00e7 edhe Palok\u00eb Camaj, doktor i t\u00eb drejt\u00ebs nd\u00ebrkomb\u00ebtare nga Mal\u00ebsia me banim n\u00eb SHBA. Emisioni i k\u00ebtyre t\u00eb dyve me nj\u00eb","og_url":"https:\/\/www.visit-ulcinj.com\/blog\/2009\/05\/18\/gjeloshaj-ra-ky-mort-e-u-pame\/","og_site_name":"Lajme nga Ulqini","article_published_time":"2009-05-18T17:55:21+00:00","article_modified_time":"2009-05-18T18:31:47+00:00","og_image":[{"url":"https:\/\/www.visit-ulcinj.com\/blog\/wp-content\/uploads\/2009\/05\/naser-cobaj-150x150.jpg"}],"twitter_misc":{"Written by":"ulqini","Est. reading time":"8 minutes"},"schema":{"@context":"https:\/\/schema.org","@graph":[{"@type":"WebSite","@id":"https:\/\/www.visit-ulcinj.com\/blog\/#website","url":"https:\/\/www.visit-ulcinj.com\/blog\/","name":"Lajme nga Ulqini","description":"Lajme,Vijesti,Ulqini,Ulqin,Crna Gora,Mali i Zi","potentialAction":[{"@type":"SearchAction","target":{"@type":"EntryPoint","urlTemplate":"https:\/\/www.visit-ulcinj.com\/blog\/?s={search_term_string}"},"query-input":"required name=search_term_string"}],"inLanguage":"en-US"},{"@type":"ImageObject","inLanguage":"en-US","@id":"https:\/\/www.visit-ulcinj.com\/blog\/2009\/05\/18\/gjeloshaj-ra-ky-mort-e-u-pame\/#primaryimage","url":"https:\/\/www.visit-ulcinj.com\/blog\/wp-content\/uploads\/2009\/05\/naser-cobaj.jpg","contentUrl":"https:\/\/www.visit-ulcinj.com\/blog\/wp-content\/uploads\/2009\/05\/naser-cobaj.jpg","width":"268","height":"262"},{"@type":"WebPage","@id":"https:\/\/www.visit-ulcinj.com\/blog\/2009\/05\/18\/gjeloshaj-ra-ky-mort-e-u-pame\/#webpage","url":"https:\/\/www.visit-ulcinj.com\/blog\/2009\/05\/18\/gjeloshaj-ra-ky-mort-e-u-pame\/","name":"Gjeloshaj: Ra ky mort e u pam\u00eb - Lajme nga Ulqini","isPartOf":{"@id":"https:\/\/www.visit-ulcinj.com\/blog\/#website"},"primaryImageOfPage":{"@id":"https:\/\/www.visit-ulcinj.com\/blog\/2009\/05\/18\/gjeloshaj-ra-ky-mort-e-u-pame\/#primaryimage"},"datePublished":"2009-05-18T17:55:21+00:00","dateModified":"2009-05-18T18:31:47+00:00","author":{"@id":"https:\/\/www.visit-ulcinj.com\/blog\/#\/schema\/person\/dcab619c614d3038751c63bc2aadc06d"},"description":"Naser \u00c7obaj n\u00eb krejt k\u00ebt\u00eb loj\u00eb e ky\u00e7 edhe Palok\u00eb Camaj, doktor i t\u00eb drejt\u00ebs nd\u00ebrkomb\u00ebtare nga Mal\u00ebsia me banim n\u00eb SHBA. Emisioni i k\u00ebtyre t\u00eb dyve me nj\u00eb","breadcrumb":{"@id":"https:\/\/www.visit-ulcinj.com\/blog\/2009\/05\/18\/gjeloshaj-ra-ky-mort-e-u-pame\/#breadcrumb"},"inLanguage":"en-US","potentialAction":[{"@type":"ReadAction","target":["https:\/\/www.visit-ulcinj.com\/blog\/2009\/05\/18\/gjeloshaj-ra-ky-mort-e-u-pame\/"]}]},{"@type":"BreadcrumbList","@id":"https:\/\/www.visit-ulcinj.com\/blog\/2009\/05\/18\/gjeloshaj-ra-ky-mort-e-u-pame\/#breadcrumb","itemListElement":[{"@type":"ListItem","position":1,"name":"Gjeloshaj: Ra ky mort e u pam\u00eb"}]},{"@type":"Person","@id":"https:\/\/www.visit-ulcinj.com\/blog\/#\/schema\/person\/dcab619c614d3038751c63bc2aadc06d","name":"ulqini","sameAs":["http:\/\/www.visit-ulcinj.com"],"url":"https:\/\/www.visit-ulcinj.com\/blog\/author\/admin\/"}]}},"jetpack_featured_media_url":"","jetpack_sharing_enabled":true,"jetpack_shortlink":"https:\/\/wp.me\/pe6lTn-5DZ","_links":{"self":[{"href":"https:\/\/www.visit-ulcinj.com\/blog\/wp-json\/wp\/v2\/posts\/21699"}],"collection":[{"href":"https:\/\/www.visit-ulcinj.com\/blog\/wp-json\/wp\/v2\/posts"}],"about":[{"href":"https:\/\/www.visit-ulcinj.com\/blog\/wp-json\/wp\/v2\/types\/post"}],"author":[{"embeddable":true,"href":"https:\/\/www.visit-ulcinj.com\/blog\/wp-json\/wp\/v2\/users\/1"}],"replies":[{"embeddable":true,"href":"https:\/\/www.visit-ulcinj.com\/blog\/wp-json\/wp\/v2\/comments?post=21699"}],"version-history":[{"count":0,"href":"https:\/\/www.visit-ulcinj.com\/blog\/wp-json\/wp\/v2\/posts\/21699\/revisions"}],"wp:attachment":[{"href":"https:\/\/www.visit-ulcinj.com\/blog\/wp-json\/wp\/v2\/media?parent=21699"}],"wp:term":[{"taxonomy":"category","embeddable":true,"href":"https:\/\/www.visit-ulcinj.com\/blog\/wp-json\/wp\/v2\/categories?post=21699"},{"taxonomy":"post_tag","embeddable":true,"href":"https:\/\/www.visit-ulcinj.com\/blog\/wp-json\/wp\/v2\/tags?post=21699"}],"curies":[{"name":"wp","href":"https:\/\/api.w.org\/{rel}","templated":true}]}}