{"id":217,"date":"2008-01-19T17:48:00","date_gmt":"2008-01-19T22:48:00","guid":{"rendered":"http:\/\/www.visit-ulcinj.com\/blog\/2008\/01\/19\/217\/"},"modified":"2008-02-12T19:12:24","modified_gmt":"2008-02-13T00:12:24","slug":"interesim-per-statusin-e-shqiptareve-ne-kushtetuten-e-re-te-malit-te-zi","status":"publish","type":"post","link":"https:\/\/www.visit-ulcinj.com\/blog\/2008\/01\/19\/interesim-per-statusin-e-shqiptareve-ne-kushtetuten-e-re-te-malit-te-zi\/","title":{"rendered":"Interesim p\u00ebr statusin e shqiptar\u00ebve n\u00eb Kushtetut\u00ebn e re t\u00eb Malit t\u00eb Zi"},"content":{"rendered":"<p><strong> Interesim p\u00ebr statusin e shqiptar\u00ebve n\u00eb Kushtetut\u00ebn e re t\u00eb Malit t\u00eb Zi<\/strong><\/p>\n<p>[googlevideo]http:\/\/video.google.com\/videoplay?docid=3944210067316815892&amp;hl=en[\/googlevideo]<\/p>\n<p>Nj\u00eb delegacion i L\u00ebvizjes &#8220;Atdheu na bashkon&#8221; nga SHBA, i kryesuar nga kryetari Gjon Lulgjuraj, vizitoi nga data 16 &#8211; 18 maj Malin e Zi, ku zhvilloi nj\u00eb s\u00ebr\u00eb takimesh me p\u00ebrfaq\u00ebsues t\u00eb pushtetit republikan, pushtetit ekzekutiv dhe legjislativ n\u00eb Ulqin dhe Tuz, p\u00ebrfaq\u00ebsues t\u00eb subjekteve politike shqiptare dhe atyre joshqiptare n\u00eb k\u00ebt\u00eb vend, si dhe me intelektual\u00eb shqiptar\u00eb dhe p\u00ebrfaq\u00ebsues t\u00eb organizatave joqeveritare n\u00eb Ulqin<!--more--><br \/>\nDelegacioni u takua nd\u00ebr t\u00eb tjera me Presidentin e Malit t\u00eb Zi, Filip Vujanoviq, p\u00ebrfaq\u00ebsuesit e partive politike shqiptare, kryetarin e Komun\u00ebs s\u00eb Ulqinit, G\u00ebzim Hajdinaga, kryetarin e Kuvendit t\u00eb Komun\u00ebs s\u00eb Ulqinit, Xhaudet Cakuli, kryesin\u00eb e Komun\u00ebs Urbane t\u00eb Tuzit, kryetarin e L\u00ebvizjes p\u00ebr Ndryshime, Nebojsha Medojeviq, p\u00ebrfaq\u00ebsues shqiptar\u00eb t\u00eb PDS-s\u00eb dhe PSD-s\u00eb, si dhe me intelektual\u00eb dhe p\u00ebrfaq\u00ebsues t\u00eb OJQ-ve t\u00eb Ulqinit.<br \/>\nQ\u00ebllimi i k\u00ebsaj vizite, sipas p\u00ebrfaq\u00ebsuesve t\u00eb L\u00ebvizjes &#8220;Atdheu na bashkon&#8221;, ishte vazhdimi i nd\u00ebrtimit t\u00eb ur\u00ebs s\u00eb bashk\u00ebpunimit mes diaspor\u00ebs dhe vendlindjes, p\u00ebr t`u njohur nga af\u00ebr me vizionin politik p\u00ebr p\u00ebrcaktimin e statusit t\u00eb shqiptar\u00ebve n\u00eb Kushtetut\u00ebn e re t\u00eb Malit t\u00eb Zi, si dhe vazhdimi i iniciativ\u00ebs s\u00eb marr\u00eb vitin e kaluar p\u00ebr t\u00eb ndihmuar n\u00eb bashk\u00ebpunimin m\u00eb t\u00eb ngusht\u00eb dhe sinkronizimin e veprimtaris\u00eb s\u00eb partive politike shqiptare.<br \/>\nPara vizit\u00ebs n\u00eb Mal t\u00eb Zi, p\u00ebrfaq\u00ebsuesit e L\u00ebvizjes &#8220;Atdheu na bashkon&#8221; zhvilluan bisedime edhe me autoritetet n\u00eb Shqip\u00ebri dhe Kosov\u00eb ku u njoh\u00ebn me situat\u00ebn n\u00eb k\u00ebto vende.<\/p>\n","protected":false},"excerpt":{"rendered":"<p>NOT IMAGE<\/p>\n","protected":false},"author":1,"featured_media":0,"comment_status":"open","ping_status":"closed","sticky":false,"template":"","format":"standard","meta":{"spay_email":"","jetpack_publicize_message":"","jetpack_is_tweetstorm":false,"jetpack_publicize_feature_enabled":true},"categories":[],"tags":[],"jetpack_publicize_connections":[],"yoast_head":"<!-- This site is optimized with the Yoast SEO plugin v19.1 - https:\/\/yoast.com\/wordpress\/plugins\/seo\/ -->\n<title>Interesim p\u00ebr statusin e shqiptar\u00ebve n\u00eb Kushtetut\u00ebn e re t\u00eb Malit t\u00eb Zi - Lajme nga Ulqini<\/title>\n<meta name=\"description\" content=\"NOT IMAGE\" \/>\n<meta name=\"robots\" content=\"index, follow, max-snippet:-1, max-image-preview:large, max-video-preview:-1\" \/>\n<link rel=\"canonical\" href=\"https:\/\/www.visit-ulcinj.com\/blog\/2008\/01\/19\/interesim-per-statusin-e-shqiptareve-ne-kushtetuten-e-re-te-malit-te-zi\/\" \/>\n<meta property=\"og:locale\" content=\"en_US\" \/>\n<meta property=\"og:type\" content=\"article\" \/>\n<meta property=\"og:title\" content=\"Interesim p\u00ebr statusin e shqiptar\u00ebve n\u00eb Kushtetut\u00ebn e re t\u00eb Malit t\u00eb Zi - Lajme nga Ulqini\" \/>\n<meta property=\"og:description\" content=\"NOT IMAGE\" \/>\n<meta property=\"og:url\" content=\"https:\/\/www.visit-ulcinj.com\/blog\/2008\/01\/19\/interesim-per-statusin-e-shqiptareve-ne-kushtetuten-e-re-te-malit-te-zi\/\" \/>\n<meta property=\"og:site_name\" content=\"Lajme nga Ulqini\" \/>\n<meta property=\"article:published_time\" content=\"2008-01-19T22:48:00+00:00\" \/>\n<meta property=\"article:modified_time\" content=\"2008-02-13T00:12:24+00:00\" \/>\n<meta name=\"twitter:label1\" content=\"Written by\" \/>\n\t<meta name=\"twitter:data1\" content=\"ulqini\" \/>\n\t<meta name=\"twitter:label2\" content=\"Est. reading time\" \/>\n\t<meta name=\"twitter:data2\" content=\"2 minutes\" \/>\n<script type=\"application\/ld+json\" class=\"yoast-schema-graph\">{\"@context\":\"https:\/\/schema.org\",\"@graph\":[{\"@type\":\"WebSite\",\"@id\":\"https:\/\/www.visit-ulcinj.com\/blog\/#website\",\"url\":\"https:\/\/www.visit-ulcinj.com\/blog\/\",\"name\":\"Lajme nga Ulqini\",\"description\":\"Lajme,Vijesti,Ulqini,Ulqin,Crna Gora,Mali i Zi\",\"potentialAction\":[{\"@type\":\"SearchAction\",\"target\":{\"@type\":\"EntryPoint\",\"urlTemplate\":\"https:\/\/www.visit-ulcinj.com\/blog\/?s={search_term_string}\"},\"query-input\":\"required name=search_term_string\"}],\"inLanguage\":\"en-US\"},{\"@type\":\"WebPage\",\"@id\":\"https:\/\/www.visit-ulcinj.com\/blog\/2008\/01\/19\/interesim-per-statusin-e-shqiptareve-ne-kushtetuten-e-re-te-malit-te-zi\/#webpage\",\"url\":\"https:\/\/www.visit-ulcinj.com\/blog\/2008\/01\/19\/interesim-per-statusin-e-shqiptareve-ne-kushtetuten-e-re-te-malit-te-zi\/\",\"name\":\"Interesim p\u00ebr statusin e shqiptar\u00ebve n\u00eb Kushtetut\u00ebn e re t\u00eb Malit t\u00eb Zi - Lajme nga Ulqini\",\"isPartOf\":{\"@id\":\"https:\/\/www.visit-ulcinj.com\/blog\/#website\"},\"datePublished\":\"2008-01-19T22:48:00+00:00\",\"dateModified\":\"2008-02-13T00:12:24+00:00\",\"author\":{\"@id\":\"https:\/\/www.visit-ulcinj.com\/blog\/#\/schema\/person\/dcab619c614d3038751c63bc2aadc06d\"},\"description\":\"NOT IMAGE\",\"breadcrumb\":{\"@id\":\"https:\/\/www.visit-ulcinj.com\/blog\/2008\/01\/19\/interesim-per-statusin-e-shqiptareve-ne-kushtetuten-e-re-te-malit-te-zi\/#breadcrumb\"},\"inLanguage\":\"en-US\",\"potentialAction\":[{\"@type\":\"ReadAction\",\"target\":[\"https:\/\/www.visit-ulcinj.com\/blog\/2008\/01\/19\/interesim-per-statusin-e-shqiptareve-ne-kushtetuten-e-re-te-malit-te-zi\/\"]}]},{\"@type\":\"BreadcrumbList\",\"@id\":\"https:\/\/www.visit-ulcinj.com\/blog\/2008\/01\/19\/interesim-per-statusin-e-shqiptareve-ne-kushtetuten-e-re-te-malit-te-zi\/#breadcrumb\",\"itemListElement\":[{\"@type\":\"ListItem\",\"position\":1,\"name\":\"Interesim p\u00ebr statusin e shqiptar\u00ebve n\u00eb Kushtetut\u00ebn e re t\u00eb Malit t\u00eb Zi\"}]},{\"@type\":\"Person\",\"@id\":\"https:\/\/www.visit-ulcinj.com\/blog\/#\/schema\/person\/dcab619c614d3038751c63bc2aadc06d\",\"name\":\"ulqini\",\"sameAs\":[\"http:\/\/www.visit-ulcinj.com\"],\"url\":\"https:\/\/www.visit-ulcinj.com\/blog\/author\/admin\/\"}]}<\/script>\n<!-- \/ Yoast SEO plugin. -->","yoast_head_json":{"title":"Interesim p\u00ebr statusin e shqiptar\u00ebve n\u00eb Kushtetut\u00ebn e re t\u00eb Malit t\u00eb Zi - Lajme nga Ulqini","description":"NOT IMAGE","robots":{"index":"index","follow":"follow","max-snippet":"max-snippet:-1","max-image-preview":"max-image-preview:large","max-video-preview":"max-video-preview:-1"},"canonical":"https:\/\/www.visit-ulcinj.com\/blog\/2008\/01\/19\/interesim-per-statusin-e-shqiptareve-ne-kushtetuten-e-re-te-malit-te-zi\/","og_locale":"en_US","og_type":"article","og_title":"Interesim p\u00ebr statusin e shqiptar\u00ebve n\u00eb Kushtetut\u00ebn e re t\u00eb Malit t\u00eb Zi - Lajme nga Ulqini","og_description":"NOT IMAGE","og_url":"https:\/\/www.visit-ulcinj.com\/blog\/2008\/01\/19\/interesim-per-statusin-e-shqiptareve-ne-kushtetuten-e-re-te-malit-te-zi\/","og_site_name":"Lajme nga Ulqini","article_published_time":"2008-01-19T22:48:00+00:00","article_modified_time":"2008-02-13T00:12:24+00:00","twitter_misc":{"Written by":"ulqini","Est. reading time":"2 minutes"},"schema":{"@context":"https:\/\/schema.org","@graph":[{"@type":"WebSite","@id":"https:\/\/www.visit-ulcinj.com\/blog\/#website","url":"https:\/\/www.visit-ulcinj.com\/blog\/","name":"Lajme nga Ulqini","description":"Lajme,Vijesti,Ulqini,Ulqin,Crna Gora,Mali i Zi","potentialAction":[{"@type":"SearchAction","target":{"@type":"EntryPoint","urlTemplate":"https:\/\/www.visit-ulcinj.com\/blog\/?s={search_term_string}"},"query-input":"required name=search_term_string"}],"inLanguage":"en-US"},{"@type":"WebPage","@id":"https:\/\/www.visit-ulcinj.com\/blog\/2008\/01\/19\/interesim-per-statusin-e-shqiptareve-ne-kushtetuten-e-re-te-malit-te-zi\/#webpage","url":"https:\/\/www.visit-ulcinj.com\/blog\/2008\/01\/19\/interesim-per-statusin-e-shqiptareve-ne-kushtetuten-e-re-te-malit-te-zi\/","name":"Interesim p\u00ebr statusin e shqiptar\u00ebve n\u00eb Kushtetut\u00ebn e re t\u00eb Malit t\u00eb Zi - Lajme nga Ulqini","isPartOf":{"@id":"https:\/\/www.visit-ulcinj.com\/blog\/#website"},"datePublished":"2008-01-19T22:48:00+00:00","dateModified":"2008-02-13T00:12:24+00:00","author":{"@id":"https:\/\/www.visit-ulcinj.com\/blog\/#\/schema\/person\/dcab619c614d3038751c63bc2aadc06d"},"description":"NOT IMAGE","breadcrumb":{"@id":"https:\/\/www.visit-ulcinj.com\/blog\/2008\/01\/19\/interesim-per-statusin-e-shqiptareve-ne-kushtetuten-e-re-te-malit-te-zi\/#breadcrumb"},"inLanguage":"en-US","potentialAction":[{"@type":"ReadAction","target":["https:\/\/www.visit-ulcinj.com\/blog\/2008\/01\/19\/interesim-per-statusin-e-shqiptareve-ne-kushtetuten-e-re-te-malit-te-zi\/"]}]},{"@type":"BreadcrumbList","@id":"https:\/\/www.visit-ulcinj.com\/blog\/2008\/01\/19\/interesim-per-statusin-e-shqiptareve-ne-kushtetuten-e-re-te-malit-te-zi\/#breadcrumb","itemListElement":[{"@type":"ListItem","position":1,"name":"Interesim p\u00ebr statusin e shqiptar\u00ebve n\u00eb Kushtetut\u00ebn e re t\u00eb Malit t\u00eb Zi"}]},{"@type":"Person","@id":"https:\/\/www.visit-ulcinj.com\/blog\/#\/schema\/person\/dcab619c614d3038751c63bc2aadc06d","name":"ulqini","sameAs":["http:\/\/www.visit-ulcinj.com"],"url":"https:\/\/www.visit-ulcinj.com\/blog\/author\/admin\/"}]}},"jetpack_featured_media_url":"","jetpack_sharing_enabled":true,"jetpack_shortlink":"https:\/\/wp.me\/pe6lTn-3v","_links":{"self":[{"href":"https:\/\/www.visit-ulcinj.com\/blog\/wp-json\/wp\/v2\/posts\/217"}],"collection":[{"href":"https:\/\/www.visit-ulcinj.com\/blog\/wp-json\/wp\/v2\/posts"}],"about":[{"href":"https:\/\/www.visit-ulcinj.com\/blog\/wp-json\/wp\/v2\/types\/post"}],"author":[{"embeddable":true,"href":"https:\/\/www.visit-ulcinj.com\/blog\/wp-json\/wp\/v2\/users\/1"}],"replies":[{"embeddable":true,"href":"https:\/\/www.visit-ulcinj.com\/blog\/wp-json\/wp\/v2\/comments?post=217"}],"version-history":[{"count":0,"href":"https:\/\/www.visit-ulcinj.com\/blog\/wp-json\/wp\/v2\/posts\/217\/revisions"}],"wp:attachment":[{"href":"https:\/\/www.visit-ulcinj.com\/blog\/wp-json\/wp\/v2\/media?parent=217"}],"wp:term":[{"taxonomy":"category","embeddable":true,"href":"https:\/\/www.visit-ulcinj.com\/blog\/wp-json\/wp\/v2\/categories?post=217"},{"taxonomy":"post_tag","embeddable":true,"href":"https:\/\/www.visit-ulcinj.com\/blog\/wp-json\/wp\/v2\/tags?post=217"}],"curies":[{"name":"wp","href":"https:\/\/api.w.org\/{rel}","templated":true}]}}