{"id":21711,"date":"2009-05-18T20:29:28","date_gmt":"2009-05-18T18:29:28","guid":{"rendered":"http:\/\/www.visit-ulcinj.com\/blog\/?p=21711"},"modified":"2009-05-18T22:22:00","modified_gmt":"2009-05-18T20:22:00","slug":"peraj-politike-pa-plan-e-vizion","status":"publish","type":"post","link":"https:\/\/www.visit-ulcinj.com\/blog\/2009\/05\/18\/peraj-politike-pa-plan-e-vizion\/","title":{"rendered":"Peraj: Politik\u00eb pa plan e vizion"},"content":{"rendered":"<p><a href=\"http:\/\/www.visit-ulcinj.com\/blog\/wp-content\/uploads\/2009\/05\/politik-pa-vizion.jpg\"><img loading=\"lazy\" class=\"alignleft size-full wp-image-21712\" title=\"politik-pa-vizion\" src=\"http:\/\/www.visit-ulcinj.com\/blog\/wp-content\/uploads\/2009\/05\/politik-pa-vizion.jpg\" alt=\"politik-pa-vizion\" width=\"275\" height=\"341\" srcset=\"https:\/\/www.visit-ulcinj.com\/blog\/wp-content\/uploads\/2009\/05\/politik-pa-vizion.jpg 275w, https:\/\/www.visit-ulcinj.com\/blog\/wp-content\/uploads\/2009\/05\/politik-pa-vizion-241x300.jpg 241w\" sizes=\"(max-width: 275px) 100vw, 275px\" \/><\/a>Lajmotivi p\u00ebr t\u00eb shkruar k\u00ebt\u00eb artikull \u00ebsht\u00eb shkrimi i z.Dinosha, nj\u00eb jav\u00eb m\u00eb par\u00eb n\u00eb gazet\u00ebn- Koha javore, dat\u00eb 7 maj 2009, me titull \u201cMalli m\u00eb i mir\u00eb se mostra\u201d, i cili parap\u00eblqen p\u00ebrcjelljen e ides\u00eb se si duhet t\u00eb formohet Klubi i deputet\u00ebve n\u00eb Parlamentin e Malit t\u00eb Zi dhe mbi cilat baza duhet t\u00eb funksionoj\u00eb K\u00ebshilli Naconal i Shqiptar\u00ebve pas zgjedhjeve t\u00eb 29 marsit.<br \/>\nN\u00eb pamje t\u00eb par\u00eb duket se ideatori i nj\u00eb projekti t\u00eb till\u00eb shpreh\u00eb d\u00ebshir\u00eb t\u00eb sinqert\u00eb p\u00ebr t\u00eb paralajm\u00ebruar politik\u00ebb\u00ebr\u00ebsit e tjer\u00eb shqiptar\u00eb se gjoja forca e argumentit \u00ebsht\u00eb n\u00eb an\u00ebn e tij. Kjo ndodh\u00eb jo p\u00ebr shkaqe t\u00eb argumenteve q\u00eb ofron, por thjesht dhe vet\u00ebm se tani duket sheshazi se nuk i duhet m\u00eb shumic\u00ebs parlamentare pasi ajo mund t\u00eb marr\u00eb vendime e t\u00eb hartoj\u00eb ligje edhe pa p\u00ebrfaq\u00ebsuesit shqiptar\u00eb.Po t\u00eb mos ishte k\u00ebshtu, at\u00ebher\u00eb p\u00ebrse ky projekt k\u00ebrkohet t\u00eb realizohet tani, p\u00ebrse nuk u k\u00ebrkua zgjidhje para zgjedhjeve, p\u00ebrse m\u00eb par\u00eb nuk ekzistoi ky vullnet, p\u00ebrse tani dalin ide dhe teza p\u00ebr krijimin e nj\u00eb debati p\u00ebrmes gazet\u00ebs rreth themelimit t\u00eb Klubit t\u00eb deputet\u00ebve si dhe m\u00ebnyr\u00ebs s\u00eb funksionimit t\u00eb KNSH-s\u00eb? K\u00ebtu duket qart\u00eb se raporti n\u00eb mes politik\u00ebb\u00ebr\u00ebsve shqiptar\u00eb n\u00eb Mal t\u00eb Zi nuk mund t\u00eb mbulohet m\u00eb, duke u b\u00ebr\u00eb t\u00eb \u00e7uditsh\u00ebm dhe t\u00eb ndrysh\u00ebm e duke u paraqitur me kahje ku n\u00eb nj\u00ebr\u00ebn an\u00eb mbizot\u00ebrojn\u00eb emocionet, n\u00eb an\u00ebn tjet\u00ebr mosbesimi i nd\u00ebrsjell\u00eb. Problemet e s\u00eb kaluar\u00ebs jan\u00eb \u00e7\u00ebshtje q\u00eb meritojn\u00eb analiza t\u00eb m\u00ebvet\u00ebsishme, por q\u00eb nj\u00eb politikan t\u00eb k\u00ebrkoj\u00eb p\u00ebrmes shkrimit bashkim me politikan\u00ebt tjer\u00eb t\u00eb t\u00eb nj\u00ebjtit komb p\u00ebrb\u00ebn nj\u00eb problem t\u00eb madh p\u00ebr vet\u00eb at\u00eb dhe p\u00ebr komunitetin ton\u00eb n\u00eb p\u00ebrgjith\u00ebsi. Kjo \u00ebsht\u00eb ajo q\u00eb n\u00eb shkrimet tona edhe m\u00eb heret kemi k\u00ebrkuar toleranc\u00eb, mir\u00ebkuptim, jo p\u00ebr interesa personale, por p\u00ebr at\u00eb q\u00eb \u00ebsht\u00eb n\u00eb interesin e p\u00ebrgithsh\u00ebm t\u00eb komunitetit shqiptar n\u00eb Mal t\u00eb Zi. Megjithat\u00eb, populli e ka nj\u00eb th\u00ebnie: \u201cM\u00eb mir\u00eb von\u00eb se kurr\u00eb\u201d.K\u00ebtu \u00e7do gj\u00eb mir\u00eb. Po sa her\u00eb deri tash \u00ebsht\u00eb vepruar me kute t\u00eb ndryshme, ma hodhe, ta hodha. Jam i pari, kam votat, kam k\u00ebt\u00eb e at\u00eb&#8230;? Sa her\u00eb q\u00eb hidhen ide t\u00eb tilla jemi d\u00ebshmitar\u00eb se asnj\u00ebher\u00eb fjal\u00ebve t\u00eb th\u00ebna nuk u \u00ebsht\u00eb shkuar deri n\u00eb fund, bile n\u00eb t\u00eb shumt\u00ebn e rasteve idet\u00eb e hedhura jan\u00eb b\u00ebr\u00eb p\u00ebr t\u00eb arsyetuar veten para opinionit, n\u00eb nj\u00eb koh\u00eb kur n\u00eb esenc\u00eb \u00ebsht\u00eb vepruar ndryshe. Kjo q\u00eb k\u00ebrkohet t\u00eb formohet Klubi i deputet\u00ebve shqiptar\u00eb nuk \u00ebsht\u00eb ide q\u00eb do ta kund\u00ebrshtonte kush, por t\u00eb hidhet mendimi se kryetari i klubit duhet t\u00eb jet\u00eb nga partia m\u00eb e madhe shqiptare n\u00eb Mal t\u00eb Zi, dhe se pas zgjedhjeve t\u00eb 29 marsit K\u00ebshilli Nacional i Shqiptar\u00ebve duhet t\u00eb determinohet n\u00eb baz\u00eb t\u00eb rezultatit t\u00eb zgjedhjeve t\u00eb p\u00ebrkujton nj\u00eb th\u00ebnie t\u00eb Xhorxh Bajronit: \u201cNjer\u00ebzit e m\u00ebdhenj jan\u00eb krenar\u00eb, kurse t\u00eb vegjlit jan\u00eb t\u00eb zbraz\u00ebt\u201d. Pra, n\u00ebse jeni t\u00eb m\u00ebdhenj, at\u00ebher\u00eb sipas \u201cfes\u00eb e kanunit\u201d l\u00ebshoni pe p\u00ebr nj\u00eb interes m\u00eb t\u00eb madh, p\u00ebr interesin e gjith\u00eb atyre q\u00eb u dhan\u00eb votat subjekteve politike shqiptare.Tashm\u00eb u muar vesh, t\u00eb gjith\u00eb jemi t\u00eb g\u00ebzuar p\u00ebr numrin e deputet\u00ebve q\u00eb do t\u00eb na p\u00ebrfaq\u00ebsojn\u00eb n\u00eb legjislatur\u00ebn e ardhshme parlamentare, dhe kjo fal\u00eb atyre q\u00eb votuan subjektet politike shqiptare e kurr\u00ebsesi jopolitik\u00ebs s\u00eb ndjekur nga ata q\u00eb konkurruan p\u00ebr deputet\u00eb. Tani koha \u00ebsht\u00eb q\u00eb t\u00eb kthehemi me k\u00ebmb\u00eb n\u00eb tok\u00eb p\u00ebr t\u00eb par\u00eb se \u00e7far\u00eb po ndodh\u00eb rreth nesh, ku jemi, kah shkojm\u00eb k\u00ebshtu t\u00eb ndar\u00eb. Nj\u00eb fitore \u00ebsht\u00eb arritur, por kjo s\u2019l\u00eb vend p\u00ebr vet\u00ebk\u00ebnaq\u00ebsi sepse duket se jemi vonuar p\u00ebr t\u00eb koordinuar mendimet duke krijuar platforma p\u00ebr zhvillim demokratik n\u00eb shum\u00eb drejtime.<br \/>\nMegjithat\u00eb, pa i hyr\u00eb n\u00eb detaje shkrimit t\u00eb z. Dinosha le t\u00eb merret e mir\u00ebqen\u00eb iniciativa e hedhur nga ai. Duke qen\u00eb v\u00ebrtet\u00eb i pari nga prij\u00ebsit e partive t\u00eb tjera politike shqiptare n\u00eb Mal t\u00eb Zi (pavar\u00ebsiht se si e ka arritur k\u00ebt\u00eb) m\u00eb n\u00eb fund i dha vet\u00ebs kurajo p\u00ebr t\u00eb ofruar nj\u00eb zgjidhje q\u00eb si duket nuk b\u00ebhet pa kosto n\u00ebse mendon q\u00eb k\u00ebt\u00eb ta zgjidh\u00eb n\u00eb favor t\u00eb vetin.Besoj se edhe ai vet nuk e beson k\u00ebt\u00eb se mund ta arrij\u00eb por i duhet ta pranoj\u00eb dhe ne po e marrim si t\u00eb sinqert\u00eb. Si duket kjo gam\u00eb propozimesh i ka dalur nga dora dhe tani k\u00ebrkon p\u00ebrkrahje nga ata q\u00eb deri dje nuk ekzistonin n\u00eb planet e tij. Problemi \u00ebsht\u00eb m\u00eb i thell\u00eb se formimi i Klubit t\u00eb deputet\u00ebve e i K\u00ebshillit Nacional, jo se kjo nuk ka r\u00ebnd\u00ebsi p\u00ebr t\u00eb, por me k\u00ebto propozime p\u00ebr t\u2019i takuar \u00e7do gj\u00eb, nuk sigurohet p\u00ebr shqiptar\u00ebt n\u00eb Mal t\u00eb Zi nj\u00eb demokraci funksionale tash e 19 vjet, ndaj duket i vonuar. Deklaratat e m\u00ebhershme dhe ata t\u00eb sodit \u00e7ojn\u00eb m\u00eb tep\u00ebr n\u00eb nj\u00eb politik\u00eb oportuniste e cila n\u00eb k\u00ebto momente nuk ka plan e vizion p\u00ebr pozit\u00ebn e shqiptar\u00ebve n\u00eb Mal t\u00eb Zi, prandaj ndjek p\u00ebrshtatjen sipas rrethanave e situatave t\u00eb krijuara pas zgjedhjeve. N\u00eb pamund\u00ebsi p\u00ebr t\u00eb arsyetuar deklaratat e m\u00ebhershme tani fillon t\u2019i interpretoj\u00eb k\u00ebta t\u00eb rejat duke e ditur mir\u00eb se ligjet nuk ndryshohen sa her\u00eb zhvillohen zgjedhje e nd\u00ebrrohen qeveri. P\u00ebr k\u00ebto ligje ka votuar edhe ai vet\u00eb. \u00cbsht\u00eb nj\u00eb e v\u00ebrtet\u00eb se gjendja e krijuar dihet nga t\u00eb gjith\u00eb, kjo \u00ebsht\u00eb e rrezikshme p\u00ebr ne, por jo e rrezikshme p\u00ebr t\u00eb tjer\u00ebt. Mjeshtrit e politik\u00ebs i japin trajt\u00eb asaj me nj\u00eb gjuh\u00eb oratorike, duke e b\u00ebr\u00eb t\u00eb pranueshme p\u00ebr t\u00eb gjitha shtresat shoq\u00ebrore dhe kjo \u00ebsht\u00eb m\u00eb e mira e \u00e7do gj\u00ebje.Secili k\u00ebrkon bindje n\u00eb em\u00ebr t\u00eb frontit t\u00eb vet, megjithat\u00eb, duhet qart\u00ebsuar disa q\u00ebndrime t\u00eb djeshme n\u00eb m\u00ebnyr\u00eb q\u00eb t\u00eb zgjerohet interesi, t\u00eb qart\u00ebsohen kushtet me t\u00eb cilat do t\u00eb pranohej bashk\u00ebpunimi me formatin e ri t\u00eb deputet\u00ebve shqiptar\u00eb n\u00eb Parlamentin e Malit t\u00eb Zi. Nuk duhet lejuar vetes q\u00eb p\u00ebr interesa personale politike t\u00eb shkat\u00ebrrohet \u00e7do norm\u00eb dhe rregull, p\u00ebrkundrazi duhet kijuar nj\u00eb imazh sa m\u00eb t\u00eb mir\u00eb e t\u00eb p\u00eblqyesh\u00ebm personal e shoq\u00ebror.<\/p>\n<p><strong>Shaban Peraj<br \/>\nKoha Javore<\/strong><br \/>\n<strong><!--YouTube Error: bad URL entered--><br \/>\n<\/strong><\/p>\n<p style=\"text-align: center;\"><a class=\"aligncenter\" title=\"???? ????,?????,Ulcinj,Montenegru,??????????,?ernoqoriya,Besplatni internet oglasi,Besplatni oglasi,besplatni mali oglasi,besplatni turisti\u00e8ki oglasi,oglasi, usluge, turizam,Turisti\u00e8ke usluge,Doma?i turizam,Besplatni Oglasnik,Brzi Oglasi Besplatno,Besplatno OglasavanjeTurizam,besplatni oglasi sa slikom,Turisticki informator besplatni,li\u00e8ni-oglasi,BESPLATNI Turisticki OGLASI SA SLIKAMA,BESPLATNI Turisticki Oglasi saVideom,turisticki smestaj oglasi,Turisti\u00e8ki vodi\u00e8 balkana,BESPLATNA REZERVACIJA SMESTAJA,Postavite besplatno Vas oglas,FREE TOURIST GUIDES,Izdavanje-Turizam oglasi,Balkan Turisticki vodic,shpallje turistike falas,Shpallje Falas,Shpallje falas per Komplekse Turistike,Lajmerime,Njoftime,shpallje shqip per shqiptaret ne shqiperi kosova maqedoni,mal te zi,???????????,Montenegiro,?ern? Hora,??????????,Cz\u00f4rnog\u00f3ra,Cz\u00f4rn\u00f4 G\u00f3ra,Carna G\u00f3ra,T?ernogooria,?ernogoriya,Montain\u00e9agr\u00f3,Montenegwo,?orna Hora,Montenegr\u00f3,M?ntenigro,Chernogoriya ,?\u00earnogor\u00ee ,?????????,????????? ,??????? ,Montes Nigrae,Mons Niger,M\u00f4ntenegr\u00f4,Muntenegru,??????????,Czarnog?ra,Muntinigru,Muntenegro,&lt;br &gt;&lt;\/a&gt; Muntenegru,\t?ierna Hora,Cxerngora,????????,?rna gora,Moontineegro,?ornog\u00f9ra,?ernogori\u00fda,Chernogoriya,Mont?negro,????? ???? ,?r?na Gora,?r?nogorije,?ernogorija,?arnahoryja,??????????,???????????????????? ,?ern\u00f4g\u00f4riy\u00e2,M\u00fbnt\u00een\u00ee?r\u00fb,????? ?????? ,????????,??????????,???????????,M\u00e2nten\u00eegro,???? ????? ,????????,M\u00f4ntenegr\u00f4,????????????,???????\u00fd???,???????\u00fd????,????????????,Muntenegru, ????? ????, Montenegr?,chambres ? louer ? ulcinj, location de vacance, location saisonni?res,location de vacance, Locations vacance, h?bergements vacances, logements de vacances, location maison avec piscine, Location vacance, locations de vacance, h?bergements de vacances, locations entre particulier, logements vacance, vacances ? Mont?n?gro - location ? Ulcinj ,location  de bigorre,Urlaub in Ulcinj -Montenegro,Hotelbewertungen Ulcinj,Reisen Ulcinj, Urlaub Ulcinj,Hotel in Serbien und Montenegro von Urlaubern bewertet,Billig Urlaub in Ulcinj,ferienh?user,ferienwohnung,Billige Ferienh?user,Ferienwohnung ULCINJ,Ferien an der Adria,Urlaub im Ferienhaus ulcinjBilligreisen Ulcinj,Pauschalreisen,FKK Strand Ada Bojana ulcinj,Last Minute Angebote ulcinj,Preise f?r Lastminute,Kleinanzeigen gratis,Ausflug nach Ulcinj,FKK-Reisen ada bojana,FKK-Urlaub ulcinj,Privatni smje?taj,rezervacija smje?taja,apartmani,sobe,ku?e,odmor,sobe za odmor ulcinj,Pretra?ivanje privatnog smje?taja,rooms rent accommodation ulcinj, rentail private accommodation ulcinj,?elite rezervirati privatni smje?taj,Private accommodation,Smje?taj ulcinj,Pushime Verore ulqin,pushime t? lira n? ulqin,Pushime ne plazh,Pushime te kendshme,dhoma per pushime ulqin,dhoma me qera ulqin,dhoma te lira ulqin,pushime te lira ulqin,mali i zi,kosova,maqedoni,shqiperi,Pushime ne det te ulqinit,godi?nji odmor u ulcinj,odmor u ulcinj,Ku?a za odmor,kuda na odmor,ljetovanje u ulcinj,slobodne sobe,dhoma te lira,ku?a uz more,turisti?ka ponuda,odmor i zabava,povolne cene,sobe,usluge,Mjesto za Va? odmor , Place for Your holiday,Odmor portal,putovanaja,Iznajmljivanje soba ulcinj,odmor ulcinj info,Va?e mjesto za odmor ulcinj,nudisticka plaza ada bojana,smjestaj ponuda ulcinj,lokacioni i dhomave ulqin,deti,plazhet e bukura,diskoteka,zbavitja,.\" href=\"http:\/\/www.visit-ulcinj.com\/tourism\/\" target=\"_blank\"><img loading=\"lazy\" class=\"aligncenter\" title=\"SHPALLJE TURISTIKE FALAS,FREE TOURIST GUIDES,BESPLATNI TURISTI?KI OGLASI,balkan holiday rentals,ALBANIJA,ALBANIA,SHQIPERIJA,CRNA GORA,HRVATSKA,KROACIA,SLOVENIJA,MAKEDONIJA,MAKEDONIA,SRBIJA,MONTENEGRO,MALI I ZI,\" src=\"http:\/\/www.visit-ulcinj.com\/blog\/wp-content\/uploads\/2008\/09\/balkanholidayrentals.gif\" alt=\"Apatin,  Aran?elovac,  ?uprija,  ?a?ak,  ?apljina,  ?itluk,  ?abac,  ?ipovo,  ?iroki Brijeg,  ?ep?e,  ?ivinice,  Ba?ka Palanka,  Banja Luka,  Banovi?i,  Be?ej,  beograd,  Biha?,  Bijeljina,  Bor,  Bor?a,  Bosanska Gradi?ka,  Bosanska Krupa,  Bosanski ?amac,  Bosanski Brod,  Bosanski Novi,  Br?ko,  Bu?im,  Bugojno,  Cazin,  Crna Gora,  Derventa,  Doboj,  Donji Vakuf,  Drvar,  Dubrovnik,  Fo?a,  Fojnica,  Glamo?,  Gora?de,  Gornji Milanovac,  Gornji Vakuf,  gostivar,  Gra?anica,  Grada?ac,  Gradiska,  Grahovo,  Had?i?i,  Ilid?a,  In?ija,  Jablanica,  Jagodina,  Jajce,  Kakanj,  Kalu?erica,  Kikinda,  Klju?,  Konjic,  Kotor Varo?,  Kragujevac,  Kraljevo,  Kru?evac,  Kula,  Kupres,  Lakta?i,  Lazarevac,  Leskovac,  Livno,  Ljubinje,  ljublana,  Ljubu?ki,  Loznica,  Lukavac,  Maglaj,  Mladenovac,  Modri?a,  montenegro erlajnz,  mostar,  Mrkonji? Grad,  Neum,  Ni?,  Novi Pazar,  Novi Sad,  Novi Travnik,  Obrenovac,  Od?ak,  ohrid,  Ora?je,  Pale,  Pan?evo,  Para?in,  Pirot,  Po?arevac,  Podgorica,  Priboj,  Prijedor,  Prokuplje,  Prozor,  pula,  rijeka,  Ruma,  Sanski Most,  Sarajevo,  Senta,  serbija,  sibenik,  skopje,  Smederevo,  Smederevska Palanka,  Sokolac,  Sombor,  split,  Srebrenica,  Srebrenik,  Sremska Mitrovica,  Stolac,  Struga,  Subotica,  Temerin,  Tesli?,  tetovo,  Travnik,  Trebinje,  tuzla,  U?ice,  ulcinj,  Valjevo,  Velika Kladu?a,  Vi?egrad,  Visoko,  Vitez,  Vogo??a,  vojvodina,  Vranje,  Vr?ac,  Vrbas,  zadar,  Zagreb,  Zaje?ar,  Zavidovi?i,  Zenica,  Zrenjanin,  Zvornik,copacabana ulcinj,  h?tels,  hotel ulqin,  Kosova,  Mali i Zi,  Maqedonija,  Montenegro,  montenegro tourisme plage,  montenegro ulcinj,  Shpallje Falas,  Shpallje Falas per shitjen e shtepis se juaj,  Shpallje Falas per villat e juaj,  Shpallje Falas Real Estate,  Shpallje Falas turistike,  shqiperija,  tourisme,  Ulci?,  ulcinj,  ulqin,  ulqin hotel,  ulqini,  ulqini 2007,Ada Bojana,  Alba?czyk,  Cita di Dolcino,  Copacabana,  Czarnog?ra,  Czarnog?rzec,  Don Kichota,  Ma\u00b3a Pla?a,  Mandra,  MIGUEL DE SERVANTES,  p?\u00b3wyspy Marjan,  Pla?a Valdanos,  Rzeka Bojana,  Shas \/ ?as \/ Sva?,  Ulci?,  Ulcinjsk\u00b9 Riwier?,  Wielka Pla?a,  Wyspa Bojana,GORA,??????????,???????,??????????, ?ern? Hora,TO ULCINJ \/ ULQIN,MONTENEGRO, Czarnog?ra, Muntenegru, ????? ????, Montenegr?,ulcinj, location de vacance, location saisonni?res, louer chambres,location de vacance, Locations vacance, h?bergements vacances, logements de vacances, location maison avec piscine, Location vacance, locations de vacance, h?bergements de vacances, location, locations entre particulier, logements vacance, vacances ? Mont?n?gro - location ? Ulcinj ,location  de bigorre,Albaniku,  Artana,  Bujanoci,  Burimi,  Dardana,  Dardan?,  De?an,  Dibra,  Drenas,  Drenasi,  Ferizaj,  Ferizaji,  Fush? Kosova,Besplatni internet oglasi,Besplatni oglasi,besplatni mali oglasi,besplatni turisti?ki oglasi,oglasi, usluge, turizam,Turisti?ke usluge,Doma?i turizam,Besplatni Oglasnik,Brzi Oglasi Besplatno,Besplatno OglasavanjeTurizam,besplatni oglasi sa slikom,Turisticki informator besplatni,li?ni-oglasi,BESPLATNI Turisticki OGLASI SA SLIKAMA,BESPLATNI Turisticki Oglasi saVideom,turisticki smestaj oglasi,Turisti?ki vodi? balkana,BESPLATNA REZERVACIJA SMESTAJA,Postavite besplatno Vas oglas,FREE TOURIST GUIDES,Izdavanje-Turizam oglasi,Balkan Turisticki vodic,shpallje turistike falas,Shpallje Falas,Shpallje falas per Komplekse Turistike,Lajmerime,Njoftime,shpallje shqip per shqiptaret ne shqiperi kosova maqedoni,mal te zi,Fush? Kosov?,  Gjakova,  Gjakov?,  Gjilan,  Gjilani,  Gostivari,  Istog,  Istog\u2022,  Ka?anik,  Ka?aniku,  Kastrioti,  K?r?ova,  Klina,  Klin?,  Kumanova,  Leposaviq,  Leskovci,  Likova,  Lipjan,  Lipjani,  Malisheva,  Malishev?,  Manastiri,  Medvegja,  Mitrovica,  Mitrovic?,  Novob?rd?,  Obiliq\u2022 Rahovec,  Ohri,  Peja,  Pej?,  Podujeva,  Podujev?,  Presheva,  Prishtina,  Prishtin?,  Prizren,  Prizreni,  Rahoveci,  Sharri,  Sharri (Kosov?),  Shkupi,  Sht?rpca,  Sht?rpc?,  Shtime,  Sk?nderaj,  Struga,  Tetova,  Theranda,  Therand?,  Triumf Riza,  Veleshta,  Viti,  Vitia,  Vushtrri,  Vushtrria,  Zubin Potok,  Zubin Potoku,  Zvecan,  Zve?ani,Struga,Gostivari,Gostivar,Ker?ova,Tirana,Durr?si,Elbasani,Shkodra,Tuzi,Vlora, Kor?a,Fieri,Berati,Lushnja ,Kavaja,Pogradeci,La?i,Gjirokastra,Patosi,Kruja,Ku?ova,Kuk?si,Lezha,Saranda,Peshkopia,Burreli,C?rriku,?orovoda,Shijaku,Librazhdi,Tepelena,Gramshi,Poli?ani,Bulqiza,P?rmeti,Fush?Kruja,Kamza,Rr?sheni,Ballshi,Mamurrasi,BajramCurri,Erseka,Peqini,Divjaka,Selenica,Bilishti,Roskoveci,Puka,Memaliaj,Rrogozhina,Ura Vajgurore,Himara,Delvina,Vora,Kopliku,Maliqi,P?rrenjasi,Kruma, Libohova,Orikumi,Fush?-Arr?za,Sh?ngjini,Rubiku,Miloti, Leskoviku,Konispoli,K?lcyra,Krasta,K?rraba,Manastiri,Hara?ina,Likova,Prilepi,Zajazi,Vrap?ishti,Bogovin?,\" width=\"520\" height=\"120\" \/><\/a><\/p>\n","protected":false},"excerpt":{"rendered":"<p>Lajmotivi p\u00ebr t\u00eb shkruar k\u00ebt\u00eb artikull \u00ebsht\u00eb shkrimi i z.Dinosha, nj\u00eb jav\u00eb m\u00eb par\u00eb n\u00eb gazet\u00ebn- Koha javore, dat\u00eb 7 maj 2009, me titull \u201cMalli m\u00eb i mir\u00eb se mostra\u201d, i cili parap\u00eblqen p\u00ebrcjelljen e ides\u00eb se si duhet t\u00eb formohet Klubi i deputet\u00ebve n\u00eb Parlamentin e Malit t\u00eb Zi dhe mbi cilat baza duhet [&hellip;]<\/p>\n","protected":false},"author":1,"featured_media":0,"comment_status":"open","ping_status":"closed","sticky":false,"template":"","format":"standard","meta":{"spay_email":"","jetpack_publicize_message":"","jetpack_is_tweetstorm":false,"jetpack_publicize_feature_enabled":true},"categories":[12],"tags":[10528,38,3180],"jetpack_publicize_connections":[],"yoast_head":"<!-- This site is optimized with the Yoast SEO plugin v19.1 - https:\/\/yoast.com\/wordpress\/plugins\/seo\/ -->\n<title>Peraj: Politik\u00eb pa plan e vizion - Lajme nga Ulqini<\/title>\n<meta name=\"description\" content=\"Lajmotivi p\u00ebr t\u00eb shkruar k\u00ebt\u00eb artikull \u00ebsht\u00eb shkrimi i z.Dinosha, nj\u00eb jav\u00eb m\u00eb par\u00eb n\u00eb gazet\u00ebn- Koha javore, dat\u00eb 7 maj 2009, me titull \u201cMalli m\u00eb i mir\u00eb se\" \/>\n<meta name=\"robots\" content=\"index, follow, max-snippet:-1, max-image-preview:large, max-video-preview:-1\" \/>\n<link rel=\"canonical\" href=\"https:\/\/www.visit-ulcinj.com\/blog\/2009\/05\/18\/peraj-politike-pa-plan-e-vizion\/\" \/>\n<meta property=\"og:locale\" content=\"en_US\" \/>\n<meta property=\"og:type\" content=\"article\" \/>\n<meta property=\"og:title\" content=\"Peraj: Politik\u00eb pa plan e vizion - Lajme nga Ulqini\" \/>\n<meta property=\"og:description\" content=\"Lajmotivi p\u00ebr t\u00eb shkruar k\u00ebt\u00eb artikull \u00ebsht\u00eb shkrimi i z.Dinosha, nj\u00eb jav\u00eb m\u00eb par\u00eb n\u00eb gazet\u00ebn- Koha javore, dat\u00eb 7 maj 2009, me titull \u201cMalli m\u00eb i mir\u00eb se\" \/>\n<meta property=\"og:url\" content=\"https:\/\/www.visit-ulcinj.com\/blog\/2009\/05\/18\/peraj-politike-pa-plan-e-vizion\/\" \/>\n<meta property=\"og:site_name\" content=\"Lajme nga Ulqini\" \/>\n<meta property=\"article:published_time\" content=\"2009-05-18T18:29:28+00:00\" \/>\n<meta property=\"article:modified_time\" content=\"2009-05-18T20:22:00+00:00\" \/>\n<meta property=\"og:image\" content=\"http:\/\/www.visit-ulcinj.com\/blog\/wp-content\/uploads\/2009\/05\/politik-pa-vizion.jpg\" \/>\n<meta name=\"twitter:label1\" content=\"Written by\" \/>\n\t<meta name=\"twitter:data1\" content=\"ulqini\" \/>\n\t<meta name=\"twitter:label2\" content=\"Est. reading time\" \/>\n\t<meta name=\"twitter:data2\" content=\"6 minutes\" \/>\n<script type=\"application\/ld+json\" class=\"yoast-schema-graph\">{\"@context\":\"https:\/\/schema.org\",\"@graph\":[{\"@type\":\"WebSite\",\"@id\":\"https:\/\/www.visit-ulcinj.com\/blog\/#website\",\"url\":\"https:\/\/www.visit-ulcinj.com\/blog\/\",\"name\":\"Lajme nga Ulqini\",\"description\":\"Lajme,Vijesti,Ulqini,Ulqin,Crna Gora,Mali i Zi\",\"potentialAction\":[{\"@type\":\"SearchAction\",\"target\":{\"@type\":\"EntryPoint\",\"urlTemplate\":\"https:\/\/www.visit-ulcinj.com\/blog\/?s={search_term_string}\"},\"query-input\":\"required name=search_term_string\"}],\"inLanguage\":\"en-US\"},{\"@type\":\"ImageObject\",\"inLanguage\":\"en-US\",\"@id\":\"https:\/\/www.visit-ulcinj.com\/blog\/2009\/05\/18\/peraj-politike-pa-plan-e-vizion\/#primaryimage\",\"url\":\"https:\/\/www.visit-ulcinj.com\/blog\/wp-content\/uploads\/2009\/05\/politik-pa-vizion.jpg\",\"contentUrl\":\"https:\/\/www.visit-ulcinj.com\/blog\/wp-content\/uploads\/2009\/05\/politik-pa-vizion.jpg\",\"width\":\"275\",\"height\":\"341\"},{\"@type\":\"WebPage\",\"@id\":\"https:\/\/www.visit-ulcinj.com\/blog\/2009\/05\/18\/peraj-politike-pa-plan-e-vizion\/#webpage\",\"url\":\"https:\/\/www.visit-ulcinj.com\/blog\/2009\/05\/18\/peraj-politike-pa-plan-e-vizion\/\",\"name\":\"Peraj: Politik\u00eb pa plan e vizion - Lajme nga Ulqini\",\"isPartOf\":{\"@id\":\"https:\/\/www.visit-ulcinj.com\/blog\/#website\"},\"primaryImageOfPage\":{\"@id\":\"https:\/\/www.visit-ulcinj.com\/blog\/2009\/05\/18\/peraj-politike-pa-plan-e-vizion\/#primaryimage\"},\"datePublished\":\"2009-05-18T18:29:28+00:00\",\"dateModified\":\"2009-05-18T20:22:00+00:00\",\"author\":{\"@id\":\"https:\/\/www.visit-ulcinj.com\/blog\/#\/schema\/person\/dcab619c614d3038751c63bc2aadc06d\"},\"description\":\"Lajmotivi p\u00ebr t\u00eb shkruar k\u00ebt\u00eb artikull \u00ebsht\u00eb shkrimi i z.Dinosha, nj\u00eb jav\u00eb m\u00eb par\u00eb n\u00eb gazet\u00ebn- Koha javore, dat\u00eb 7 maj 2009, me titull \u201cMalli m\u00eb i mir\u00eb se\",\"breadcrumb\":{\"@id\":\"https:\/\/www.visit-ulcinj.com\/blog\/2009\/05\/18\/peraj-politike-pa-plan-e-vizion\/#breadcrumb\"},\"inLanguage\":\"en-US\",\"potentialAction\":[{\"@type\":\"ReadAction\",\"target\":[\"https:\/\/www.visit-ulcinj.com\/blog\/2009\/05\/18\/peraj-politike-pa-plan-e-vizion\/\"]}]},{\"@type\":\"BreadcrumbList\",\"@id\":\"https:\/\/www.visit-ulcinj.com\/blog\/2009\/05\/18\/peraj-politike-pa-plan-e-vizion\/#breadcrumb\",\"itemListElement\":[{\"@type\":\"ListItem\",\"position\":1,\"name\":\"Peraj: Politik\u00eb pa plan e vizion\"}]},{\"@type\":\"Person\",\"@id\":\"https:\/\/www.visit-ulcinj.com\/blog\/#\/schema\/person\/dcab619c614d3038751c63bc2aadc06d\",\"name\":\"ulqini\",\"sameAs\":[\"http:\/\/www.visit-ulcinj.com\"],\"url\":\"https:\/\/www.visit-ulcinj.com\/blog\/author\/admin\/\"}]}<\/script>\n<!-- \/ Yoast SEO plugin. -->","yoast_head_json":{"title":"Peraj: Politik\u00eb pa plan e vizion - Lajme nga Ulqini","description":"Lajmotivi p\u00ebr t\u00eb shkruar k\u00ebt\u00eb artikull \u00ebsht\u00eb shkrimi i z.Dinosha, nj\u00eb jav\u00eb m\u00eb par\u00eb n\u00eb gazet\u00ebn- Koha javore, dat\u00eb 7 maj 2009, me titull \u201cMalli m\u00eb i mir\u00eb se","robots":{"index":"index","follow":"follow","max-snippet":"max-snippet:-1","max-image-preview":"max-image-preview:large","max-video-preview":"max-video-preview:-1"},"canonical":"https:\/\/www.visit-ulcinj.com\/blog\/2009\/05\/18\/peraj-politike-pa-plan-e-vizion\/","og_locale":"en_US","og_type":"article","og_title":"Peraj: Politik\u00eb pa plan e vizion - Lajme nga Ulqini","og_description":"Lajmotivi p\u00ebr t\u00eb shkruar k\u00ebt\u00eb artikull \u00ebsht\u00eb shkrimi i z.Dinosha, nj\u00eb jav\u00eb m\u00eb par\u00eb n\u00eb gazet\u00ebn- Koha javore, dat\u00eb 7 maj 2009, me titull \u201cMalli m\u00eb i mir\u00eb se","og_url":"https:\/\/www.visit-ulcinj.com\/blog\/2009\/05\/18\/peraj-politike-pa-plan-e-vizion\/","og_site_name":"Lajme nga Ulqini","article_published_time":"2009-05-18T18:29:28+00:00","article_modified_time":"2009-05-18T20:22:00+00:00","og_image":[{"url":"http:\/\/www.visit-ulcinj.com\/blog\/wp-content\/uploads\/2009\/05\/politik-pa-vizion.jpg"}],"twitter_misc":{"Written by":"ulqini","Est. reading time":"6 minutes"},"schema":{"@context":"https:\/\/schema.org","@graph":[{"@type":"WebSite","@id":"https:\/\/www.visit-ulcinj.com\/blog\/#website","url":"https:\/\/www.visit-ulcinj.com\/blog\/","name":"Lajme nga Ulqini","description":"Lajme,Vijesti,Ulqini,Ulqin,Crna Gora,Mali i Zi","potentialAction":[{"@type":"SearchAction","target":{"@type":"EntryPoint","urlTemplate":"https:\/\/www.visit-ulcinj.com\/blog\/?s={search_term_string}"},"query-input":"required name=search_term_string"}],"inLanguage":"en-US"},{"@type":"ImageObject","inLanguage":"en-US","@id":"https:\/\/www.visit-ulcinj.com\/blog\/2009\/05\/18\/peraj-politike-pa-plan-e-vizion\/#primaryimage","url":"https:\/\/www.visit-ulcinj.com\/blog\/wp-content\/uploads\/2009\/05\/politik-pa-vizion.jpg","contentUrl":"https:\/\/www.visit-ulcinj.com\/blog\/wp-content\/uploads\/2009\/05\/politik-pa-vizion.jpg","width":"275","height":"341"},{"@type":"WebPage","@id":"https:\/\/www.visit-ulcinj.com\/blog\/2009\/05\/18\/peraj-politike-pa-plan-e-vizion\/#webpage","url":"https:\/\/www.visit-ulcinj.com\/blog\/2009\/05\/18\/peraj-politike-pa-plan-e-vizion\/","name":"Peraj: Politik\u00eb pa plan e vizion - Lajme nga Ulqini","isPartOf":{"@id":"https:\/\/www.visit-ulcinj.com\/blog\/#website"},"primaryImageOfPage":{"@id":"https:\/\/www.visit-ulcinj.com\/blog\/2009\/05\/18\/peraj-politike-pa-plan-e-vizion\/#primaryimage"},"datePublished":"2009-05-18T18:29:28+00:00","dateModified":"2009-05-18T20:22:00+00:00","author":{"@id":"https:\/\/www.visit-ulcinj.com\/blog\/#\/schema\/person\/dcab619c614d3038751c63bc2aadc06d"},"description":"Lajmotivi p\u00ebr t\u00eb shkruar k\u00ebt\u00eb artikull \u00ebsht\u00eb shkrimi i z.Dinosha, nj\u00eb jav\u00eb m\u00eb par\u00eb n\u00eb gazet\u00ebn- Koha javore, dat\u00eb 7 maj 2009, me titull \u201cMalli m\u00eb i mir\u00eb se","breadcrumb":{"@id":"https:\/\/www.visit-ulcinj.com\/blog\/2009\/05\/18\/peraj-politike-pa-plan-e-vizion\/#breadcrumb"},"inLanguage":"en-US","potentialAction":[{"@type":"ReadAction","target":["https:\/\/www.visit-ulcinj.com\/blog\/2009\/05\/18\/peraj-politike-pa-plan-e-vizion\/"]}]},{"@type":"BreadcrumbList","@id":"https:\/\/www.visit-ulcinj.com\/blog\/2009\/05\/18\/peraj-politike-pa-plan-e-vizion\/#breadcrumb","itemListElement":[{"@type":"ListItem","position":1,"name":"Peraj: Politik\u00eb pa plan e vizion"}]},{"@type":"Person","@id":"https:\/\/www.visit-ulcinj.com\/blog\/#\/schema\/person\/dcab619c614d3038751c63bc2aadc06d","name":"ulqini","sameAs":["http:\/\/www.visit-ulcinj.com"],"url":"https:\/\/www.visit-ulcinj.com\/blog\/author\/admin\/"}]}},"jetpack_featured_media_url":"","jetpack_sharing_enabled":true,"jetpack_shortlink":"https:\/\/wp.me\/pe6lTn-5Eb","_links":{"self":[{"href":"https:\/\/www.visit-ulcinj.com\/blog\/wp-json\/wp\/v2\/posts\/21711"}],"collection":[{"href":"https:\/\/www.visit-ulcinj.com\/blog\/wp-json\/wp\/v2\/posts"}],"about":[{"href":"https:\/\/www.visit-ulcinj.com\/blog\/wp-json\/wp\/v2\/types\/post"}],"author":[{"embeddable":true,"href":"https:\/\/www.visit-ulcinj.com\/blog\/wp-json\/wp\/v2\/users\/1"}],"replies":[{"embeddable":true,"href":"https:\/\/www.visit-ulcinj.com\/blog\/wp-json\/wp\/v2\/comments?post=21711"}],"version-history":[{"count":0,"href":"https:\/\/www.visit-ulcinj.com\/blog\/wp-json\/wp\/v2\/posts\/21711\/revisions"}],"wp:attachment":[{"href":"https:\/\/www.visit-ulcinj.com\/blog\/wp-json\/wp\/v2\/media?parent=21711"}],"wp:term":[{"taxonomy":"category","embeddable":true,"href":"https:\/\/www.visit-ulcinj.com\/blog\/wp-json\/wp\/v2\/categories?post=21711"},{"taxonomy":"post_tag","embeddable":true,"href":"https:\/\/www.visit-ulcinj.com\/blog\/wp-json\/wp\/v2\/tags?post=21711"}],"curies":[{"name":"wp","href":"https:\/\/api.w.org\/{rel}","templated":true}]}}