{"id":21717,"date":"2009-05-18T20:51:37","date_gmt":"2009-05-18T18:51:37","guid":{"rendered":"http:\/\/www.visit-ulcinj.com\/blog\/?p=21717"},"modified":"2009-05-18T22:20:39","modified_gmt":"2009-05-18T20:20:39","slug":"si-i-shoh-une-marredheniet-ndermjet-malit-te-zi-dhe-nato-s","status":"publish","type":"post","link":"https:\/\/www.visit-ulcinj.com\/blog\/2009\/05\/18\/si-i-shoh-une-marredheniet-ndermjet-malit-te-zi-dhe-nato-s\/","title":{"rendered":"Si i shoh un\u00eb marr\u00ebdh\u00ebniet nd\u00ebrmjet Malit t\u00eb Zi dhe NATO-s"},"content":{"rendered":"<p><strong><a href=\"http:\/\/www.visit-ulcinj.com\/blog\/wp-content\/uploads\/2009\/05\/dritan-abazoviq_ulqin.jpg\"><img loading=\"lazy\" class=\"alignleft size-full wp-image-21718\" title=\"dritan-abazoviq_ulqin\" src=\"http:\/\/www.visit-ulcinj.com\/blog\/wp-content\/uploads\/2009\/05\/dritan-abazoviq_ulqin.jpg\" alt=\"dritan-abazoviq_ulqin\" width=\"580\" height=\"154\" \/><\/a>DUKE PRITUR &#8220;NA (fak\u00ebn) &#8211; TO (n\u00eb)&#8221; <\/strong><br \/>\nNATO, pa dyshim, do t\u00eb thot\u00eb siguri dhe ai p\u00ebr ne \u00ebsht\u00eb gjithmon\u00eb i r\u00ebnd\u00ebsish\u00ebm dhe do t\u00eb thot\u00eb mund\u00ebsi m\u00eb t\u00eb madhe t\u00eb progresit n\u00eb t\u00eb gjitha sferat.<br \/>\nRr\u00ebfimi ka filluar, vet\u00ebm se pritet epilogu i tij! Rr\u00ebfimi ka filluar n\u00eb momentin kur Mali i Zi u p\u00ebrcaktua n\u00eb m\u00ebnyr\u00eb t\u00eb qart\u00eb p\u00ebr integrime euro-atlantike dhe n\u00eb k\u00ebt\u00eb m\u00ebnyr\u00eb i ka caktuar vetvetes objektiv q\u00eb t\u00eb b\u00ebhet an\u00ebtare e Aleanc\u00ebs s\u00eb NATO-s. Mir\u00ebpo, \u00e7do tregim ka versionet e veta t\u00eb cilat, sikurse aroma e kafes\u00eb dhe alkoolit, p\u00ebrhapen n\u00ebp\u00ebr \u00e7arshi dhe t\u00eb cilat interpretohen nga ana e &#8220;analist\u00ebve t\u00eb thjesht\u00eb&#8221; t\u00eb shumt\u00eb t\u00eb ndodhive politike bashk\u00ebkohore n\u00eb vend dhe n\u00eb bot\u00eb.<br \/>\nPo p\u00ebr \u00e7ka, n\u00eb realitet, llomotitet n\u00ebp\u00ebr kafene me buletine dhe gazeta para vetes? A duhet t\u00eb Mali i Zi t\u00eb b\u00ebhet an\u00ebtar i Aleanc\u00ebs? Konfuzion total: Qeveria \u00ebsht\u00eb pro, qytetar\u00ebt jan\u00eb kund\u00ebr, pushteti fiton shumic\u00ebn absolute n\u00eb zgjedhje, NATO-s i bie rejtingu sipas anketave&#8230; Nj\u00eb Mal i Zi tipik &#8211; vend i vog\u00ebl p\u00ebrplot njer\u00ebz t\u00eb men\u00e7ur, me fjal\u00eb shum\u00eb, e me pak pun\u00eb. Rezultati &#8211; as uj\u00eb as ver\u00eb&#8230; N\u00eb kuad\u00ebr t\u00eb gjith\u00eb k\u00ebsaj \u00ebsht\u00eb intriguese se sa pak njer\u00ebz d\u00ebshirojn\u00eb q\u00eb n\u00eb m\u00ebnyr\u00eb serioze, n\u00eb nj\u00eb m\u00ebnyr\u00eb denj\u00ebsisht akademike, t\u00eb absolvojn\u00eb ndonj\u00eb tem\u00eb. Fuqia e argumenteve shpesh\u00ebher\u00eb z\u00ebvend\u00ebsohet me qendrime shprehimisht t\u00eb ngurta dhe me p\u00ebrralla mitologjike nga e kaluara nga t\u00eb cilat, si\u00e7 duket, kemi dalur vet\u00ebm deklarativisht!<br \/>\nPo cili \u00ebsht\u00eb thelbi i tregimit: thelbi \u00ebsht\u00eb q\u00eb t\u00eb paraqiten t\u00eb gjitha argumentet pro dhe kund\u00ebr, me t\u00eb gjitha t\u00eb njihet publiku dhe n\u00eb baz\u00eb t\u00eb informacioneve t\u00eb bollshme t\u00eb vendoset n\u00ebse duhet b\u00ebr\u00eb asociimi n\u00eb Alenac\u00eb apo n\u00ebse me t\u00eb duhet zhvilluar ndonj\u00eb form\u00eb tjet\u00ebr bashk\u00ebpunimi. Ky \u00ebsht\u00eb edhe thelbi p\u00ebrse un\u00eb kam vendosur t\u00eb shkruaj k\u00ebt\u00eb ese.<br \/>\nSikur tani do t\u00eb hynim n\u00eb detajet e nj\u00ebr\u00ebs dhe tjetr\u00ebs pal\u00eb, mendoj se n\u00eb vend t\u00eb eses\u00eb do t\u00eb mund t\u00eb shkruanim lib\u00ebr, prandaj do t\u00eb p\u00ebrqendrohemi vet\u00ebm n\u00eb thelbin e argumentit PRO, KUND\u00cbR dhe i P\u00cbRMBAJTUR, apo m\u00eb mir\u00eb t\u00eb themi NEUTRAL!<br \/>\nDo t\u00eb fillojm\u00eb nga mjedisi, pra nga argumentet kund\u00ebr. Kurdo q\u00eb mendoj p\u00ebr ndonj\u00eb argument kund\u00ebr, nuk mund t\u00eb mos e kujtoj nj\u00eb amerikan i cili gjat\u00eb nj\u00eb seminari p\u00ebr NATO-n, kur e pyet\u00ebn se cila \u00ebsht\u00eb ana negative e Paktit t\u00eb NATO-s, pasi u mendua pak, u p\u00ebrgjegj: &#8220;Nuk mund t\u00eb m\u00eb bie nd\u00ebrmend asgj\u00eb q\u00eb \u00ebsht\u00eb an\u00eb negative e Aleanc\u00ebs&#8221;. Mos ka qen\u00eb amerikani i paguar t\u00eb flas\u00eb k\u00ebsisoji apo me t\u00eb v\u00ebrtet\u00eb ka menduar thjesht\u00eb k\u00ebshtu, un\u00eb nuk e di as q\u00eb m\u00eb intereson. Sikur t\u00eb m\u00eb b\u00ebhej e nj\u00ebjta pyetje, un\u00eb do t\u00eb p\u00ebrgjigjesha ndryshe: &#8220;An\u00ebt negative t\u00eb Paktit t\u00eb NATO-s jan\u00eb dominimi dhe presioni i fuqive t\u00eb m\u00ebdha ushtarake t\u00eb cilave vendi yn\u00eb gjith\u00ebsesi nuk u takon, sh\u00ebrbimi n\u00eb operacionet ushtarake anemban\u00eb bot\u00ebs, si dhe pakt ky i krijuar p\u00ebr sigurimin e hyrjes s\u00eb kapitalit t\u00eb huaj nga vendet e pasura n\u00eb t\u00eb gjitha vendet e tjera mesatarisht t\u00eb zhvilluara dhe vendet e varf\u00ebra t\u00eb cilat shfaqin d\u00ebshir\u00eb q\u00eb t\u00eb aderojn\u00eb n\u00eb Aleanc\u00eb apo q\u00eb me t\u00eb t\u00eb ken\u00eb ndonj\u00eb lloj bashk\u00ebpunimi.<br \/>\nK\u00ebtu shtrohet pyetja: Por, k\u00ebto jan\u00eb vende demokratike? Po, ato jan\u00eb, mir\u00ebpo demokracia gjithashtu \u00ebsht\u00eb parakusht q\u00eb kapitali i huaj t\u00eb dep\u00ebrtoj\u00eb n\u00eb ndonj\u00eb vend, sepse p\u00ebr t\u00eb demokracia \u00ebsht\u00eb garant se do t\u00eb jet\u00eb i sigurt\u00eb dhe gjithashtu \u00ebsht\u00eb garant se prodhuesit m\u00eb t\u00eb m\u00ebdhenj do t\u00eb t`i realizojn\u00eb q\u00ebllimet e veta. Nuk dua t\u00eb hyj\u00eb n\u00eb gjer\u00ebsin\u00eb e sqarimit t\u00eb m\u00ebtutjesh\u00ebm, por mund t\u00eb konstatoj se argumentet e sip\u00ebrp\u00ebrmendura mund t\u00eb sqarohen m\u00eb gjer\u00ebsisht dhe se gjithashtu jan\u00eb arsye e mjaftueshme p\u00ebr shqyrtim. Por, te ne rrall\u00ebher\u00eb d\u00ebgjohen argumente t\u00eb tilla; te ne mjafton vet\u00ebm t\u00eb thuhet viti 1999. Sipas mendimit t\u00eb disave, k\u00ebtu NATO e ka f\u00eblliqur p\u00ebr t\u00eb gjitha koh\u00ebrat, t\u00eb pakt\u00ebn sa i p\u00ebrket vendit ton\u00eb. Por, nuk duhet t\u00eb jemi mendjeshkurt\u00ebr, e para s\u00eb gjithash duhet t\u00eb jemi t\u00eb sinqert\u00eb e t\u00eb themi: ne kemi f\u00eblliqur shum\u00eb m\u00eb p\u00ebrpara se NATO dhe duhet t\u00eb jemi t\u00eb lumtur q\u00eb pas marr\u00ebzive t\u00eb tilla politike q\u00eb i kemi b\u00ebr\u00eb, p\u00ebrs\u00ebri na \u00ebsht\u00eb ofruar dora dhe na \u00ebsht\u00eb ofruar shansi q\u00eb t\u00eb jemi pjes\u00eb e bot\u00ebs bashk\u00ebkohore. Pra, vitit 1999 i paraprin vitet 1992, 1993, 1994, 1995, 1998 etj&#8230; Ne kemi t\u00eb drejt\u00eb t\u00eb hidh\u00ebrohemi ndaj NATO-s, gjith\u00ebsesi, ngase gabimet e tij kan\u00eb qen\u00eb t\u00eb m\u00ebdha dhe jan\u00eb paguar me jet\u00ebra t\u00eb qytetar\u00ebve t\u00eb pafajsh\u00ebm, por duhet t\u00eb hidh\u00ebrohemi edhe ndaj vetvetes, sepse gabimet tona jan\u00eb paguar me mij\u00ebra jet\u00eb t\u00eb qytetar\u00ebve t\u00eb pafajsh\u00ebm. P\u00ebr fat t\u00eb keq, matematika k\u00ebtu \u00ebsht\u00eb tejet e thjesht\u00eb.<br \/>\nDo t\u00eb vazhdojm\u00eb tregimin lidhur me argumentet dhe arrijn\u00eb deri te NEUTRALITETI, shpresoj deri te tregimi i sinqert\u00eb i pacifist\u00ebve malazias p\u00ebr t\u00eb cil\u00ebt mund t\u00eb pohoj se n\u00eb thelb, se nuk jan\u00eb n\u00eb nj\u00eb num\u00ebr t\u00eb madh. Un\u00eb e respektoj nj\u00eb q\u00ebndrim t\u00eb till\u00eb sikurse edhe \u00e7do q\u00ebndrim tjet\u00ebr natyrisht, por nuk e kam krejt\u00ebsisht t\u00eb qart\u00eb deri n\u00eb fund. Neutraliteti n\u00ebnkupton p\u00ebrjashtimin permanent t\u00eb vendit nga t\u00eb gjitha konflitet luftarake potenciale, dhe p\u00ebrjashtimin nga t\u00eb gjitha dhe blloqet ushtarake. Sipas definicionit, por edhe n\u00eb m\u00ebnyr\u00eb deklarative, ky opcion \u00ebsht\u00eb me t\u00eb v\u00ebrtet\u00eb m\u00eb i miri dhe k\u00ebtu nuk ka kurr\u00ebfar\u00eb dyshimi, por gjith\u00ebher\u00eb ekziston ajo &#8220;por&#8221;!<br \/>\nNeutraliteti n\u00eb kontekstin e vendit ton\u00eb ka nj\u00eb kuptim tjet\u00ebr, pik\u00ebs\u00ebpari p\u00ebr shkak t\u00eb mentalitetit ton\u00eb por edhe p\u00ebr shkak t\u00eb hap\u00ebsir\u00ebs gjeografike n\u00eb t\u00eb cil\u00ebn ndodhemi. Ne jetojm\u00eb n\u00eb Ballkanin e furish\u00ebm dhe k\u00ebtu t\u00eb jesh\u00eb neutral do t\u00eb thot\u00eb s\u00eb paku t\u00eb dal\u00ebsh naiv. Nuk do t\u00eb elaboroj m\u00eb lidhur me k\u00ebt\u00eb. Si argument imponohet edhe tregimi p\u00ebr modelet, si\u00e7 jan\u00eb Zvicra dhe Islanda. P\u00ebr Zvicr\u00ebn \u00ebsht\u00eb e tep\u00ebrt t\u00eb flitet, por vet\u00ebm dua t\u00eb theksoj se kjo \u00ebsht\u00eb nj\u00eb vend sigurin\u00eb e t\u00eb cilit e garanton as m\u00eb pak e as m\u00eb shum\u00eb se e gjith\u00eb bota dhe n\u00eb t\u00eb cil\u00ebn ajo i ruan parat\u00eb, e t\u00eb till\u00eb ka sa t\u00eb duash p\u00ebr nj\u00eb jet\u00eb t\u00eb qet\u00eb t\u00eb zvic\u00ebran\u00ebve, t\u00eb pakt\u00ebn derisa t\u00eb ekzistoj\u00eb kapitalizmi. Modeli i Island\u00ebs \u00ebsht\u00eb krejt\u00ebsisht i pap\u00ebrshtatsh\u00ebm pr\u00eb Malin e Zi, ngase ky vend, vet\u00ebm sa p\u00ebr informacion, i jep shuma t\u00eb m\u00ebdha parash\u00eb Norvegjis\u00eb q\u00eb t\u00eb kontrolloj\u00eb sigurin\u00eb e saj n\u00eb det dhe n\u00eb breg. Ne nuk i kemi k\u00ebto para (ndon\u00ebse Islanda bankrotoi para pak kohe), dhe prandaj as nuk mund t\u00eb flasim p\u00ebr k\u00ebt\u00eb model. Megjithat\u00eb, p\u00ebr neutralitet duhet t\u00eb kihet di\u00e7ka e ve\u00e7ant\u00eb, kurse vendi yn\u00eb, tani p\u00ebr tani, nuk b\u00ebn pjes\u00eb n\u00eb k\u00ebt\u00eb film.<br \/>\nArgumentet q\u00eb shkojn\u00eb n\u00eb favor t\u00eb asociimit jan\u00eb m\u00eb t\u00eb shumtit. Ato nisen nga fakti se NATO nuk \u00ebsht\u00eb vet\u00ebm Pak ushtarak, por edhe politik dhe prandaj ai do t\u00eb thot\u00eb edhe forcimin e diplomacis\u00eb son\u00eb si dhe t\u00eb mund\u00ebsis\u00eb t\u00eb vendit ton\u00eb p\u00ebr nj\u00eb bashk\u00ebpunim m\u00eb t\u00eb ngusht\u00eb me vendet an\u00ebtare. NATO, pa dyshim, do t\u00eb thot\u00eb siguri dhe ai p\u00ebr ne \u00ebsht\u00eb gjithmon\u00eb i r\u00ebnd\u00ebsish\u00ebm dhe do t\u00eb thot\u00eb mund\u00ebsi m\u00eb t\u00eb madhe t\u00eb progresit n\u00eb t\u00eb gjitha sferat.<br \/>\nPas an\u00ebtar\u00ebsimit t\u00eb Shqip\u00ebris\u00eb dhe Kroacis\u00eb n\u00eb NATO, manovra e vendit ton\u00eb q\u00eb t\u00eb mbetet jasht\u00eb aleanc\u00ebs u zvog\u00eblua deri n\u00eb maksimum.<br \/>\nMe vendin e vet n\u00eb NATO, Mali i Zi do t\u00eb fitonte mund\u00ebsin\u00eb t\u00eb cil\u00ebn e ka \u00e7do vend an\u00ebtar i Aleanc\u00ebs, e kjo \u00ebsht\u00eb e drejta e vetos. N\u00eb k\u00ebt\u00eb m\u00ebnyr\u00eb, t\u00eb pakt\u00ebn de jure, ai do t\u00eb ishte i barabart\u00eb me sup\u00ebrfuqit\u00eb si\u00e7 jan\u00eb Franca, SHBA-ja, Gjermania&#8230; Spekulimi q\u00eb vendi, pas hyrjes n\u00eb NATO do t\u00eb jet\u00eb n\u00eb sh\u00ebnjest\u00ebr t\u00eb terrorist\u00ebve \u00ebsht\u00eb n\u00eb shp\u00ebrpjes\u00ebtim t\u00eb drejtp\u00ebrdrejt\u00eb me spekulimin se mosan\u00ebtar\u00ebsimi yn\u00eb do t\u00eb thot\u00eb se NATO do t\u00eb na sulmoj\u00eb (p\u00ebrs\u00ebri). Me an\u00ebtar\u00ebsimin e vet vendi do t\u00eb b\u00ebhej pjes\u00eb e nj\u00eb loje t\u00eb madhe, kurse lojtar\u00eb t\u00eb m\u00ebdhenj jan\u00eb vet\u00ebm ata q\u00eb marrin pjes\u00eb n\u00eb gara t\u00eb m\u00ebdha.<br \/>\nDhe sa p\u00ebr fund, t\u00eb gjitha argumentet mund t\u00eb merren si valide, por disa m\u00eb t\u00eb forta, kurse disa m\u00eb t\u00eb dob\u00ebta. Mendimi im subjektiv niset nga fakti se t\u00eb gjitha negativitetet q\u00eb natyrisht i ka NATO, mund t\u00eb menjanohen vet\u00ebm brendap\u00ebrbrenda tij, por kurr\u00ebsesi duke ndenjur m\u00ebnjan\u00eb. Nga ana tjet\u00ebr, neutraliteti \u00ebsht\u00eb i mundsh\u00ebm vet\u00ebm sikur t\u00eb dakordohej n\u00eb shkall\u00eb rajonale i cili q\u00eb tani ve\u00e7 \u00ebsht\u00eb i pamundur, ngase vendet e rajonit tashm\u00eb jan\u00eb b\u00ebr\u00eb an\u00ebtare t\u00eb Aleanc\u00ebs.<br \/>\nN\u00eb t\u00eb ardhmen, Malit t\u00eb Zi do t`i duhej q\u00eb tregimin e vet t\u00eb kafenes\u00eb shum\u00eb m\u00eb tep\u00ebr ta sh\u00ebnd\u00ebrroj\u00eb n\u00eb debat akademik dhe at\u00ebher\u00eb zgjedhjen do ta ken\u00eb shum\u00eb m\u00eb t\u00eb thjesht\u00eb. E si t\u00eb vihet deri te vendimi p\u00ebr hyrje n\u00eb an\u00ebtar\u00ebsi, do t\u00eb shkruajm\u00eb ndonj\u00ebher\u00eb tjet\u00ebr. Dhe derisa presim NA (fak\u00ebn) &#8211; TO (n\u00eb)&#8221;, t\u00eb gjith\u00eb s\u00eb bashku duhet t\u00eb punojm\u00eb n\u00eb drejtim q\u00eb t\u00eb pushojm\u00eb t\u00eb jemi rob\u00ebr t\u00eb miteve dhe t\u00eb asaj q\u00eb n\u00eb psikologji quhet mend\u00ebsi e trash\u00ebguar, por p\u00ebrkundrazi duhet t\u00eb synojm\u00eb n\u00eb \u00e7lirimin dhe n\u00eb t\u00eb gjitha format e liris\u00eb.<br \/>\nAsociacioni i par\u00eb q\u00eb u bie nd\u00ebrmend kur p\u00ebrmdnet NATO \u00ebsht\u00eb siguria. Shpresoj se n\u00eb t\u00eb ardhmen siguria do t\u00eb thot\u00eb di\u00e7 m\u00eb shum\u00eb, si, bie fjala, fjala LIRI!<\/p>\n<p>(Eseu i mr. Dritan Abazoviq mori \u00e7mimin e par\u00eb n\u00eb konkursin q\u00eb e organizuan Qendra Alfa dhe Qendra Nansen Dialog n\u00eb tem\u00ebn &#8220;si i shoh un\u00eb marr\u00ebdh\u00ebniet nd\u00ebrmjet Malit t\u00eb ZI dhe NATO-s&#8221;)<\/p>\n<p><strong>Dritan Abazoviq<br \/>\nKoha Javore<\/strong><br \/>\n<strong><!--YouTube Error: bad URL entered--><br \/>\n<\/strong><\/p>\n<p style=\"text-align: center;\"><a class=\"aligncenter\" title=\"???? ????,?????,Ulcinj,Montenegru,??????????,?ernoqoriya,Besplatni internet oglasi,Besplatni oglasi,besplatni mali oglasi,besplatni turisti\u00e8ki oglasi,oglasi, usluge, turizam,Turisti\u00e8ke usluge,Doma?i turizam,Besplatni Oglasnik,Brzi Oglasi Besplatno,Besplatno OglasavanjeTurizam,besplatni oglasi sa slikom,Turisticki informator besplatni,li\u00e8ni-oglasi,BESPLATNI Turisticki OGLASI SA SLIKAMA,BESPLATNI Turisticki Oglasi saVideom,turisticki smestaj oglasi,Turisti\u00e8ki vodi\u00e8 balkana,BESPLATNA REZERVACIJA SMESTAJA,Postavite besplatno Vas oglas,FREE TOURIST GUIDES,Izdavanje-Turizam oglasi,Balkan Turisticki vodic,shpallje turistike falas,Shpallje Falas,Shpallje falas per Komplekse Turistike,Lajmerime,Njoftime,shpallje shqip per shqiptaret ne shqiperi kosova maqedoni,mal te zi,???????????,Montenegiro,?ern? Hora,??????????,Cz\u00f4rnog\u00f3ra,Cz\u00f4rn\u00f4 G\u00f3ra,Carna G\u00f3ra,T?ernogooria,?ernogoriya,Montain\u00e9agr\u00f3,Montenegwo,?orna Hora,Montenegr\u00f3,M?ntenigro,Chernogoriya ,?\u00earnogor\u00ee ,?????????,????????? ,??????? ,Montes Nigrae,Mons Niger,M\u00f4ntenegr\u00f4,Muntenegru,??????????,Czarnog?ra,Muntinigru,Muntenegro,&lt;br &gt;&lt;\/a&gt; Muntenegru,\t?ierna Hora,Cxerngora,????????,?rna gora,Moontineegro,?ornog\u00f9ra,?ernogori\u00fda,Chernogoriya,Mont?negro,????? ???? ,?r?na Gora,?r?nogorije,?ernogorija,?arnahoryja,??????????,???????????????????? ,?ern\u00f4g\u00f4riy\u00e2,M\u00fbnt\u00een\u00ee?r\u00fb,????? ?????? ,????????,??????????,???????????,M\u00e2nten\u00eegro,???? ????? ,????????,M\u00f4ntenegr\u00f4,????????????,???????\u00fd???,???????\u00fd????,????????????,Muntenegru, ????? ????, Montenegr?,chambres ? louer ? ulcinj, location de vacance, location saisonni?res,location de vacance, Locations vacance, h?bergements vacances, logements de vacances, location maison avec piscine, Location vacance, locations de vacance, h?bergements de vacances, locations entre particulier, logements vacance, vacances ? Mont?n?gro - location ? Ulcinj ,location  de bigorre,Urlaub in Ulcinj -Montenegro,Hotelbewertungen Ulcinj,Reisen Ulcinj, Urlaub Ulcinj,Hotel in Serbien und Montenegro von Urlaubern bewertet,Billig Urlaub in Ulcinj,ferienh?user,ferienwohnung,Billige Ferienh?user,Ferienwohnung ULCINJ,Ferien an der Adria,Urlaub im Ferienhaus ulcinjBilligreisen Ulcinj,Pauschalreisen,FKK Strand Ada Bojana ulcinj,Last Minute Angebote ulcinj,Preise f?r Lastminute,Kleinanzeigen gratis,Ausflug nach Ulcinj,FKK-Reisen ada bojana,FKK-Urlaub ulcinj,Privatni smje?taj,rezervacija smje?taja,apartmani,sobe,ku?e,odmor,sobe za odmor ulcinj,Pretra?ivanje privatnog smje?taja,rooms rent accommodation ulcinj, rentail private accommodation ulcinj,?elite rezervirati privatni smje?taj,Private accommodation,Smje?taj ulcinj,Pushime Verore ulqin,pushime t? lira n? ulqin,Pushime ne plazh,Pushime te kendshme,dhoma per pushime ulqin,dhoma me qera ulqin,dhoma te lira ulqin,pushime te lira ulqin,mali i zi,kosova,maqedoni,shqiperi,Pushime ne det te ulqinit,godi?nji odmor u ulcinj,odmor u ulcinj,Ku?a za odmor,kuda na odmor,ljetovanje u ulcinj,slobodne sobe,dhoma te lira,ku?a uz more,turisti?ka ponuda,odmor i zabava,povolne cene,sobe,usluge,Mjesto za Va? odmor , Place for Your holiday,Odmor portal,putovanaja,Iznajmljivanje soba ulcinj,odmor ulcinj info,Va?e mjesto za odmor ulcinj,nudisticka plaza ada bojana,smjestaj ponuda ulcinj,lokacioni i dhomave ulqin,deti,plazhet e bukura,diskoteka,zbavitja,.\" href=\"http:\/\/www.visit-ulcinj.com\/tourism\/\" target=\"_blank\"><img loading=\"lazy\" class=\"aligncenter\" title=\"SHPALLJE TURISTIKE FALAS,FREE TOURIST GUIDES,BESPLATNI TURISTI?KI OGLASI,balkan holiday rentals,ALBANIJA,ALBANIA,SHQIPERIJA,CRNA GORA,HRVATSKA,KROACIA,SLOVENIJA,MAKEDONIJA,MAKEDONIA,SRBIJA,MONTENEGRO,MALI I ZI,\" src=\"http:\/\/www.visit-ulcinj.com\/blog\/wp-content\/uploads\/2008\/09\/balkanholidayrentals.gif\" alt=\"Apatin,  Aran?elovac,  ?uprija,  ?a?ak,  ?apljina,  ?itluk,  ?abac,  ?ipovo,  ?iroki Brijeg,  ?ep?e,  ?ivinice,  Ba?ka Palanka,  Banja Luka,  Banovi?i,  Be?ej,  beograd,  Biha?,  Bijeljina,  Bor,  Bor?a,  Bosanska Gradi?ka,  Bosanska Krupa,  Bosanski ?amac,  Bosanski Brod,  Bosanski Novi,  Br?ko,  Bu?im,  Bugojno,  Cazin,  Crna Gora,  Derventa,  Doboj,  Donji Vakuf,  Drvar,  Dubrovnik,  Fo?a,  Fojnica,  Glamo?,  Gora?de,  Gornji Milanovac,  Gornji Vakuf,  gostivar,  Gra?anica,  Grada?ac,  Gradiska,  Grahovo,  Had?i?i,  Ilid?a,  In?ija,  Jablanica,  Jagodina,  Jajce,  Kakanj,  Kalu?erica,  Kikinda,  Klju?,  Konjic,  Kotor Varo?,  Kragujevac,  Kraljevo,  Kru?evac,  Kula,  Kupres,  Lakta?i,  Lazarevac,  Leskovac,  Livno,  Ljubinje,  ljublana,  Ljubu?ki,  Loznica,  Lukavac,  Maglaj,  Mladenovac,  Modri?a,  montenegro erlajnz,  mostar,  Mrkonji? Grad,  Neum,  Ni?,  Novi Pazar,  Novi Sad,  Novi Travnik,  Obrenovac,  Od?ak,  ohrid,  Ora?je,  Pale,  Pan?evo,  Para?in,  Pirot,  Po?arevac,  Podgorica,  Priboj,  Prijedor,  Prokuplje,  Prozor,  pula,  rijeka,  Ruma,  Sanski Most,  Sarajevo,  Senta,  serbija,  sibenik,  skopje,  Smederevo,  Smederevska Palanka,  Sokolac,  Sombor,  split,  Srebrenica,  Srebrenik,  Sremska Mitrovica,  Stolac,  Struga,  Subotica,  Temerin,  Tesli?,  tetovo,  Travnik,  Trebinje,  tuzla,  U?ice,  ulcinj,  Valjevo,  Velika Kladu?a,  Vi?egrad,  Visoko,  Vitez,  Vogo??a,  vojvodina,  Vranje,  Vr?ac,  Vrbas,  zadar,  Zagreb,  Zaje?ar,  Zavidovi?i,  Zenica,  Zrenjanin,  Zvornik,copacabana ulcinj,  h?tels,  hotel ulqin,  Kosova,  Mali i Zi,  Maqedonija,  Montenegro,  montenegro tourisme plage,  montenegro ulcinj,  Shpallje Falas,  Shpallje Falas per shitjen e shtepis se juaj,  Shpallje Falas per villat e juaj,  Shpallje Falas Real Estate,  Shpallje Falas turistike,  shqiperija,  tourisme,  Ulci?,  ulcinj,  ulqin,  ulqin hotel,  ulqini,  ulqini 2007,Ada Bojana,  Alba?czyk,  Cita di Dolcino,  Copacabana,  Czarnog?ra,  Czarnog?rzec,  Don Kichota,  Ma\u00b3a Pla?a,  Mandra,  MIGUEL DE SERVANTES,  p?\u00b3wyspy Marjan,  Pla?a Valdanos,  Rzeka Bojana,  Shas \/ ?as \/ Sva?,  Ulci?,  Ulcinjsk\u00b9 Riwier?,  Wielka Pla?a,  Wyspa Bojana,GORA,??????????,???????,??????????, ?ern? Hora,TO ULCINJ \/ ULQIN,MONTENEGRO, Czarnog?ra, Muntenegru, ????? ????, Montenegr?,ulcinj, location de vacance, location saisonni?res, louer chambres,location de vacance, Locations vacance, h?bergements vacances, logements de vacances, location maison avec piscine, Location vacance, locations de vacance, h?bergements de vacances, location, locations entre particulier, logements vacance, vacances ? Mont?n?gro - location ? Ulcinj ,location  de bigorre,Albaniku,  Artana,  Bujanoci,  Burimi,  Dardana,  Dardan?,  De?an,  Dibra,  Drenas,  Drenasi,  Ferizaj,  Ferizaji,  Fush? Kosova,Besplatni internet oglasi,Besplatni oglasi,besplatni mali oglasi,besplatni turisti?ki oglasi,oglasi, usluge, turizam,Turisti?ke usluge,Doma?i turizam,Besplatni Oglasnik,Brzi Oglasi Besplatno,Besplatno OglasavanjeTurizam,besplatni oglasi sa slikom,Turisticki informator besplatni,li?ni-oglasi,BESPLATNI Turisticki OGLASI SA SLIKAMA,BESPLATNI Turisticki Oglasi saVideom,turisticki smestaj oglasi,Turisti?ki vodi? balkana,BESPLATNA REZERVACIJA SMESTAJA,Postavite besplatno Vas oglas,FREE TOURIST GUIDES,Izdavanje-Turizam oglasi,Balkan Turisticki vodic,shpallje turistike falas,Shpallje Falas,Shpallje falas per Komplekse Turistike,Lajmerime,Njoftime,shpallje shqip per shqiptaret ne shqiperi kosova maqedoni,mal te zi,Fush? Kosov?,  Gjakova,  Gjakov?,  Gjilan,  Gjilani,  Gostivari,  Istog,  Istog\u2022,  Ka?anik,  Ka?aniku,  Kastrioti,  K?r?ova,  Klina,  Klin?,  Kumanova,  Leposaviq,  Leskovci,  Likova,  Lipjan,  Lipjani,  Malisheva,  Malishev?,  Manastiri,  Medvegja,  Mitrovica,  Mitrovic?,  Novob?rd?,  Obiliq\u2022 Rahovec,  Ohri,  Peja,  Pej?,  Podujeva,  Podujev?,  Presheva,  Prishtina,  Prishtin?,  Prizren,  Prizreni,  Rahoveci,  Sharri,  Sharri (Kosov?),  Shkupi,  Sht?rpca,  Sht?rpc?,  Shtime,  Sk?nderaj,  Struga,  Tetova,  Theranda,  Therand?,  Triumf Riza,  Veleshta,  Viti,  Vitia,  Vushtrri,  Vushtrria,  Zubin Potok,  Zubin Potoku,  Zvecan,  Zve?ani,Struga,Gostivari,Gostivar,Ker?ova,Tirana,Durr?si,Elbasani,Shkodra,Tuzi,Vlora, Kor?a,Fieri,Berati,Lushnja ,Kavaja,Pogradeci,La?i,Gjirokastra,Patosi,Kruja,Ku?ova,Kuk?si,Lezha,Saranda,Peshkopia,Burreli,C?rriku,?orovoda,Shijaku,Librazhdi,Tepelena,Gramshi,Poli?ani,Bulqiza,P?rmeti,Fush?Kruja,Kamza,Rr?sheni,Ballshi,Mamurrasi,BajramCurri,Erseka,Peqini,Divjaka,Selenica,Bilishti,Roskoveci,Puka,Memaliaj,Rrogozhina,Ura Vajgurore,Himara,Delvina,Vora,Kopliku,Maliqi,P?rrenjasi,Kruma, Libohova,Orikumi,Fush?-Arr?za,Sh?ngjini,Rubiku,Miloti, Leskoviku,Konispoli,K?lcyra,Krasta,K?rraba,Manastiri,Hara?ina,Likova,Prilepi,Zajazi,Vrap?ishti,Bogovin?,\" width=\"520\" height=\"120\" \/><\/a><\/p>\n","protected":false},"excerpt":{"rendered":"<p>DUKE PRITUR &#8220;NA (fak\u00ebn) &#8211; TO (n\u00eb)&#8221; NATO, pa dyshim, do t\u00eb thot\u00eb siguri dhe ai p\u00ebr ne \u00ebsht\u00eb gjithmon\u00eb i r\u00ebnd\u00ebsish\u00ebm dhe do t\u00eb thot\u00eb mund\u00ebsi m\u00eb t\u00eb madhe t\u00eb progresit n\u00eb t\u00eb gjitha sferat. Rr\u00ebfimi ka filluar, vet\u00ebm se pritet epilogu i tij! Rr\u00ebfimi ka filluar n\u00eb momentin kur Mali i Zi u [&hellip;]<\/p>\n","protected":false},"author":1,"featured_media":0,"comment_status":"open","ping_status":"closed","sticky":false,"template":"","format":"standard","meta":{"spay_email":"","jetpack_publicize_message":"","jetpack_is_tweetstorm":false,"jetpack_publicize_feature_enabled":true},"categories":[13],"tags":[10529,95,10530,2765],"jetpack_publicize_connections":[],"yoast_head":"<!-- This site is optimized with the Yoast SEO plugin v19.1 - https:\/\/yoast.com\/wordpress\/plugins\/seo\/ -->\n<title>Si i shoh un\u00eb marr\u00ebdh\u00ebniet nd\u00ebrmjet Malit t\u00eb Zi dhe NATO-s - Lajme nga Ulqini<\/title>\n<meta name=\"description\" content=\"DUKE PRITUR &quot;NA (fak\u00ebn) - TO (n\u00eb)&quot; NATO, pa dyshim, do t\u00eb thot\u00eb siguri dhe ai p\u00ebr ne \u00ebsht\u00eb gjithmon\u00eb i r\u00ebnd\u00ebsish\u00ebm dhe do t\u00eb thot\u00eb mund\u00ebsi m\u00eb t\u00eb madhe t\u00eb\" \/>\n<meta name=\"robots\" content=\"index, follow, max-snippet:-1, max-image-preview:large, max-video-preview:-1\" \/>\n<link rel=\"canonical\" href=\"https:\/\/www.visit-ulcinj.com\/blog\/2009\/05\/18\/si-i-shoh-une-marredheniet-ndermjet-malit-te-zi-dhe-nato-s\/\" \/>\n<meta property=\"og:locale\" content=\"en_US\" \/>\n<meta property=\"og:type\" content=\"article\" \/>\n<meta property=\"og:title\" content=\"Si i shoh un\u00eb marr\u00ebdh\u00ebniet nd\u00ebrmjet Malit t\u00eb Zi dhe NATO-s - Lajme nga Ulqini\" \/>\n<meta property=\"og:description\" content=\"DUKE PRITUR &quot;NA (fak\u00ebn) - TO (n\u00eb)&quot; NATO, pa dyshim, do t\u00eb thot\u00eb siguri dhe ai p\u00ebr ne \u00ebsht\u00eb gjithmon\u00eb i r\u00ebnd\u00ebsish\u00ebm dhe do t\u00eb thot\u00eb mund\u00ebsi m\u00eb t\u00eb madhe t\u00eb\" \/>\n<meta property=\"og:url\" content=\"https:\/\/www.visit-ulcinj.com\/blog\/2009\/05\/18\/si-i-shoh-une-marredheniet-ndermjet-malit-te-zi-dhe-nato-s\/\" \/>\n<meta property=\"og:site_name\" content=\"Lajme nga Ulqini\" \/>\n<meta property=\"article:published_time\" content=\"2009-05-18T18:51:37+00:00\" \/>\n<meta property=\"article:modified_time\" content=\"2009-05-18T20:20:39+00:00\" \/>\n<meta property=\"og:image\" content=\"http:\/\/www.visit-ulcinj.com\/blog\/wp-content\/uploads\/2009\/05\/dritan-abazoviq_ulqin.jpg\" \/>\n<meta name=\"twitter:label1\" content=\"Written by\" \/>\n\t<meta name=\"twitter:data1\" content=\"ulqini\" \/>\n\t<meta name=\"twitter:label2\" content=\"Est. reading time\" \/>\n\t<meta name=\"twitter:data2\" content=\"9 minutes\" \/>\n<script type=\"application\/ld+json\" class=\"yoast-schema-graph\">{\"@context\":\"https:\/\/schema.org\",\"@graph\":[{\"@type\":\"WebSite\",\"@id\":\"https:\/\/www.visit-ulcinj.com\/blog\/#website\",\"url\":\"https:\/\/www.visit-ulcinj.com\/blog\/\",\"name\":\"Lajme nga Ulqini\",\"description\":\"Lajme,Vijesti,Ulqini,Ulqin,Crna Gora,Mali i Zi\",\"potentialAction\":[{\"@type\":\"SearchAction\",\"target\":{\"@type\":\"EntryPoint\",\"urlTemplate\":\"https:\/\/www.visit-ulcinj.com\/blog\/?s={search_term_string}\"},\"query-input\":\"required name=search_term_string\"}],\"inLanguage\":\"en-US\"},{\"@type\":\"ImageObject\",\"inLanguage\":\"en-US\",\"@id\":\"https:\/\/www.visit-ulcinj.com\/blog\/2009\/05\/18\/si-i-shoh-une-marredheniet-ndermjet-malit-te-zi-dhe-nato-s\/#primaryimage\",\"url\":\"https:\/\/www.visit-ulcinj.com\/blog\/wp-content\/uploads\/2009\/05\/dritan-abazoviq_ulqin.jpg\",\"contentUrl\":\"https:\/\/www.visit-ulcinj.com\/blog\/wp-content\/uploads\/2009\/05\/dritan-abazoviq_ulqin.jpg\",\"width\":\"569\",\"height\":\"154\"},{\"@type\":\"WebPage\",\"@id\":\"https:\/\/www.visit-ulcinj.com\/blog\/2009\/05\/18\/si-i-shoh-une-marredheniet-ndermjet-malit-te-zi-dhe-nato-s\/#webpage\",\"url\":\"https:\/\/www.visit-ulcinj.com\/blog\/2009\/05\/18\/si-i-shoh-une-marredheniet-ndermjet-malit-te-zi-dhe-nato-s\/\",\"name\":\"Si i shoh un\u00eb marr\u00ebdh\u00ebniet nd\u00ebrmjet Malit t\u00eb Zi dhe NATO-s - Lajme nga Ulqini\",\"isPartOf\":{\"@id\":\"https:\/\/www.visit-ulcinj.com\/blog\/#website\"},\"primaryImageOfPage\":{\"@id\":\"https:\/\/www.visit-ulcinj.com\/blog\/2009\/05\/18\/si-i-shoh-une-marredheniet-ndermjet-malit-te-zi-dhe-nato-s\/#primaryimage\"},\"datePublished\":\"2009-05-18T18:51:37+00:00\",\"dateModified\":\"2009-05-18T20:20:39+00:00\",\"author\":{\"@id\":\"https:\/\/www.visit-ulcinj.com\/blog\/#\/schema\/person\/dcab619c614d3038751c63bc2aadc06d\"},\"description\":\"DUKE PRITUR \\\"NA (fak\u00ebn) - TO (n\u00eb)\\\" NATO, pa dyshim, do t\u00eb thot\u00eb siguri dhe ai p\u00ebr ne \u00ebsht\u00eb gjithmon\u00eb i r\u00ebnd\u00ebsish\u00ebm dhe do t\u00eb thot\u00eb mund\u00ebsi m\u00eb t\u00eb madhe t\u00eb\",\"breadcrumb\":{\"@id\":\"https:\/\/www.visit-ulcinj.com\/blog\/2009\/05\/18\/si-i-shoh-une-marredheniet-ndermjet-malit-te-zi-dhe-nato-s\/#breadcrumb\"},\"inLanguage\":\"en-US\",\"potentialAction\":[{\"@type\":\"ReadAction\",\"target\":[\"https:\/\/www.visit-ulcinj.com\/blog\/2009\/05\/18\/si-i-shoh-une-marredheniet-ndermjet-malit-te-zi-dhe-nato-s\/\"]}]},{\"@type\":\"BreadcrumbList\",\"@id\":\"https:\/\/www.visit-ulcinj.com\/blog\/2009\/05\/18\/si-i-shoh-une-marredheniet-ndermjet-malit-te-zi-dhe-nato-s\/#breadcrumb\",\"itemListElement\":[{\"@type\":\"ListItem\",\"position\":1,\"name\":\"Si i shoh un\u00eb marr\u00ebdh\u00ebniet nd\u00ebrmjet Malit t\u00eb Zi dhe NATO-s\"}]},{\"@type\":\"Person\",\"@id\":\"https:\/\/www.visit-ulcinj.com\/blog\/#\/schema\/person\/dcab619c614d3038751c63bc2aadc06d\",\"name\":\"ulqini\",\"sameAs\":[\"http:\/\/www.visit-ulcinj.com\"],\"url\":\"https:\/\/www.visit-ulcinj.com\/blog\/author\/admin\/\"}]}<\/script>\n<!-- \/ Yoast SEO plugin. -->","yoast_head_json":{"title":"Si i shoh un\u00eb marr\u00ebdh\u00ebniet nd\u00ebrmjet Malit t\u00eb Zi dhe NATO-s - Lajme nga Ulqini","description":"DUKE PRITUR \"NA (fak\u00ebn) - TO (n\u00eb)\" NATO, pa dyshim, do t\u00eb thot\u00eb siguri dhe ai p\u00ebr ne \u00ebsht\u00eb gjithmon\u00eb i r\u00ebnd\u00ebsish\u00ebm dhe do t\u00eb thot\u00eb mund\u00ebsi m\u00eb t\u00eb madhe t\u00eb","robots":{"index":"index","follow":"follow","max-snippet":"max-snippet:-1","max-image-preview":"max-image-preview:large","max-video-preview":"max-video-preview:-1"},"canonical":"https:\/\/www.visit-ulcinj.com\/blog\/2009\/05\/18\/si-i-shoh-une-marredheniet-ndermjet-malit-te-zi-dhe-nato-s\/","og_locale":"en_US","og_type":"article","og_title":"Si i shoh un\u00eb marr\u00ebdh\u00ebniet nd\u00ebrmjet Malit t\u00eb Zi dhe NATO-s - Lajme nga Ulqini","og_description":"DUKE PRITUR \"NA (fak\u00ebn) - TO (n\u00eb)\" NATO, pa dyshim, do t\u00eb thot\u00eb siguri dhe ai p\u00ebr ne \u00ebsht\u00eb gjithmon\u00eb i r\u00ebnd\u00ebsish\u00ebm dhe do t\u00eb thot\u00eb mund\u00ebsi m\u00eb t\u00eb madhe t\u00eb","og_url":"https:\/\/www.visit-ulcinj.com\/blog\/2009\/05\/18\/si-i-shoh-une-marredheniet-ndermjet-malit-te-zi-dhe-nato-s\/","og_site_name":"Lajme nga Ulqini","article_published_time":"2009-05-18T18:51:37+00:00","article_modified_time":"2009-05-18T20:20:39+00:00","og_image":[{"url":"http:\/\/www.visit-ulcinj.com\/blog\/wp-content\/uploads\/2009\/05\/dritan-abazoviq_ulqin.jpg"}],"twitter_misc":{"Written by":"ulqini","Est. reading time":"9 minutes"},"schema":{"@context":"https:\/\/schema.org","@graph":[{"@type":"WebSite","@id":"https:\/\/www.visit-ulcinj.com\/blog\/#website","url":"https:\/\/www.visit-ulcinj.com\/blog\/","name":"Lajme nga Ulqini","description":"Lajme,Vijesti,Ulqini,Ulqin,Crna Gora,Mali i Zi","potentialAction":[{"@type":"SearchAction","target":{"@type":"EntryPoint","urlTemplate":"https:\/\/www.visit-ulcinj.com\/blog\/?s={search_term_string}"},"query-input":"required name=search_term_string"}],"inLanguage":"en-US"},{"@type":"ImageObject","inLanguage":"en-US","@id":"https:\/\/www.visit-ulcinj.com\/blog\/2009\/05\/18\/si-i-shoh-une-marredheniet-ndermjet-malit-te-zi-dhe-nato-s\/#primaryimage","url":"https:\/\/www.visit-ulcinj.com\/blog\/wp-content\/uploads\/2009\/05\/dritan-abazoviq_ulqin.jpg","contentUrl":"https:\/\/www.visit-ulcinj.com\/blog\/wp-content\/uploads\/2009\/05\/dritan-abazoviq_ulqin.jpg","width":"569","height":"154"},{"@type":"WebPage","@id":"https:\/\/www.visit-ulcinj.com\/blog\/2009\/05\/18\/si-i-shoh-une-marredheniet-ndermjet-malit-te-zi-dhe-nato-s\/#webpage","url":"https:\/\/www.visit-ulcinj.com\/blog\/2009\/05\/18\/si-i-shoh-une-marredheniet-ndermjet-malit-te-zi-dhe-nato-s\/","name":"Si i shoh un\u00eb marr\u00ebdh\u00ebniet nd\u00ebrmjet Malit t\u00eb Zi dhe NATO-s - Lajme nga Ulqini","isPartOf":{"@id":"https:\/\/www.visit-ulcinj.com\/blog\/#website"},"primaryImageOfPage":{"@id":"https:\/\/www.visit-ulcinj.com\/blog\/2009\/05\/18\/si-i-shoh-une-marredheniet-ndermjet-malit-te-zi-dhe-nato-s\/#primaryimage"},"datePublished":"2009-05-18T18:51:37+00:00","dateModified":"2009-05-18T20:20:39+00:00","author":{"@id":"https:\/\/www.visit-ulcinj.com\/blog\/#\/schema\/person\/dcab619c614d3038751c63bc2aadc06d"},"description":"DUKE PRITUR \"NA (fak\u00ebn) - TO (n\u00eb)\" NATO, pa dyshim, do t\u00eb thot\u00eb siguri dhe ai p\u00ebr ne \u00ebsht\u00eb gjithmon\u00eb i r\u00ebnd\u00ebsish\u00ebm dhe do t\u00eb thot\u00eb mund\u00ebsi m\u00eb t\u00eb madhe t\u00eb","breadcrumb":{"@id":"https:\/\/www.visit-ulcinj.com\/blog\/2009\/05\/18\/si-i-shoh-une-marredheniet-ndermjet-malit-te-zi-dhe-nato-s\/#breadcrumb"},"inLanguage":"en-US","potentialAction":[{"@type":"ReadAction","target":["https:\/\/www.visit-ulcinj.com\/blog\/2009\/05\/18\/si-i-shoh-une-marredheniet-ndermjet-malit-te-zi-dhe-nato-s\/"]}]},{"@type":"BreadcrumbList","@id":"https:\/\/www.visit-ulcinj.com\/blog\/2009\/05\/18\/si-i-shoh-une-marredheniet-ndermjet-malit-te-zi-dhe-nato-s\/#breadcrumb","itemListElement":[{"@type":"ListItem","position":1,"name":"Si i shoh un\u00eb marr\u00ebdh\u00ebniet nd\u00ebrmjet Malit t\u00eb Zi dhe NATO-s"}]},{"@type":"Person","@id":"https:\/\/www.visit-ulcinj.com\/blog\/#\/schema\/person\/dcab619c614d3038751c63bc2aadc06d","name":"ulqini","sameAs":["http:\/\/www.visit-ulcinj.com"],"url":"https:\/\/www.visit-ulcinj.com\/blog\/author\/admin\/"}]}},"jetpack_featured_media_url":"","jetpack_sharing_enabled":true,"jetpack_shortlink":"https:\/\/wp.me\/pe6lTn-5Eh","_links":{"self":[{"href":"https:\/\/www.visit-ulcinj.com\/blog\/wp-json\/wp\/v2\/posts\/21717"}],"collection":[{"href":"https:\/\/www.visit-ulcinj.com\/blog\/wp-json\/wp\/v2\/posts"}],"about":[{"href":"https:\/\/www.visit-ulcinj.com\/blog\/wp-json\/wp\/v2\/types\/post"}],"author":[{"embeddable":true,"href":"https:\/\/www.visit-ulcinj.com\/blog\/wp-json\/wp\/v2\/users\/1"}],"replies":[{"embeddable":true,"href":"https:\/\/www.visit-ulcinj.com\/blog\/wp-json\/wp\/v2\/comments?post=21717"}],"version-history":[{"count":0,"href":"https:\/\/www.visit-ulcinj.com\/blog\/wp-json\/wp\/v2\/posts\/21717\/revisions"}],"wp:attachment":[{"href":"https:\/\/www.visit-ulcinj.com\/blog\/wp-json\/wp\/v2\/media?parent=21717"}],"wp:term":[{"taxonomy":"category","embeddable":true,"href":"https:\/\/www.visit-ulcinj.com\/blog\/wp-json\/wp\/v2\/categories?post=21717"},{"taxonomy":"post_tag","embeddable":true,"href":"https:\/\/www.visit-ulcinj.com\/blog\/wp-json\/wp\/v2\/tags?post=21717"}],"curies":[{"name":"wp","href":"https:\/\/api.w.org\/{rel}","templated":true}]}}