{"id":2172,"date":"2008-07-08T12:25:28","date_gmt":"2008-07-08T17:25:28","guid":{"rendered":"http:\/\/www.visit-ulcinj.com\/blog\/?p=2172"},"modified":"2008-07-08T12:25:28","modified_gmt":"2008-07-08T17:25:28","slug":"dukanovic-zelimo-elitni-a-ne-masovni-turizam","status":"publish","type":"post","link":"https:\/\/www.visit-ulcinj.com\/blog\/2008\/07\/08\/dukanovic-zelimo-elitni-a-ne-masovni-turizam\/","title":{"rendered":"?ukanovi?: \u017delimo elitni, a ne masovni turizam"},"content":{"rendered":"<p><a title=\"djukanovic\" href=\"http:\/\/www.seebiz.eu\/files\/img\/2008\/4\/12\/djukanovic-0021.jpg\" target=\"_blank\"><img loading=\"lazy\" class=\"alignleft\" style=\"float: left;\" src=\"http:\/\/www.seebiz.eu\/files\/img\/2008\/4\/12\/djukanovic-0021.jpg\" alt=\"DJUKANOVIC\" width=\"290\" height=\"148\" \/><\/a>PODGORICA &#8211; Crna Gora nema prostora za masovni turizam jer je mala dr\u017eava sa relativno kratkom obalom na kojoj mjesta ima samo za objekte visoke kategorije, ocijenio je danas crnogorski premijer Milo ?ukanovi?.<br \/>\nPrema njegovim rije?ima, prodajne slu\u017ebe hotelskih preduze?a moraju pretendovati da sa elitnih turisti?kih emitivnih tr\u017ei\u0161ta animiraju turiste, kako bi se Crna Gora profilisala kao turisti?ka destinacija.<br \/>\n\u00bbTuristi?ki radnici, tako?e, moraju ubudu?e raditi vi\u0161e da se izbore sa konkurencijom. Ako \u017eelimo da konkuri\u0161emo za vi\u0161u klasu turista onda moramo da vidimo da li smo u svojim objektima pripremili sve \u0161to ?e nas preporu?iti da po istim cjenovnim uslovima mi dobijemo goste, a ne, recimo Dubrova?ka regija ili Azurna obala\u00ab, rekao je ?ukanovi? Radiju Crne Gore.<br \/>\nOn je kazao da mu se ?ini da su se do sada turisti?ki radnici uglavnom zaklanjali iza problema u infrastrukturi, koja je, kako tvrdi, mnogo pobolj\u0161ana u odnosu na prethodne godine.<br \/>\n\u00bbTo nije dovoljno, treba da vidimo da li smo izgradili dovoljno dobrih hotelskih sadr\u017eaja i da li imamo dovoljno hotelskih kapaciteta za zahtjeve sa visokokvalitetnih emitivnih tr\u017ei\u0161ta. Pla\u0161im se da ne\u00ab, saop\u0161tio je ?ukanovi? i dodao da Crna Gora kasni sa hotelskom ponudom.<br \/>\nNjega pla\u0161i i koliko ?e hotelska ponuda biti unaprije?ena naredne sezone.<br \/>\n\u00bbPrema onome \u0161to smo planirali, unaprijedi?emo infrastrukturne pretpostavke za razvoj turizma, ali sad se pla\u0161im da polako ulazimo u ocjenu da razvoj turisti?ke infrastrukture zaostaje za kapitalnom\u00ab, naveo je ?ukanovi?.<br \/>\nKomentari\u0161u?i pisanje \u0161tampe, uglavnom srpske, da je sezona lo\u0161e pripremljena i da je u Crnoj Gori zbog toga manje turista nego pro\u0161le godine, on je kazao da ti mediji, nekim senzacijama iz godine u godinu nastoje da predstavi u lo\u0161em svijetlu pripremljenost Crne Gore za turisti?ke sezone. ?ukanovi? je podsjetio da statisti?ki pokazatelji govore da je u prvih \u0161est mjeseci ove godine, u odnosu na isti pro\u0161logodi\u0161nji period, broj turista pove?an 12 odsto, a no?enja 14,5 odsto.<br \/>\n\u00bbStatisti?ki gledano imamo vi\u0161e turista i ostvarenih no?enja \u0161to sigurno zna?i da imamo i vi\u0161e prihoda\u00ab, naveo je ?ukanovi? i dodao da nema razloga da sumnja da je neko u dr\u017eavnoj statistici sklon da iz nekog politi?kog razloga falsifikuje podatke.<br \/>\nPrema njegovim rije?ima, vjerovatno su ljudi u pravu kada primje?uju da u Budvi i Kotoru i na nekim drugim mjestima ima manje turista neko prethodnih godina.<br \/>\n\u00bbZar to nijesmo \u017eeljeli? Zar ne govorimo godinama da \u017eelimo Crnu Goru da pretvorimo u destinaciju visokokvalitetnog turizma i da \u017eelimo manje turista ali vi\u0161e onih visokoplate\u017enih?\u00ab, pitao je ?ukanovi?.<br \/>\nOn ipak smatra da ?e gu\u017eve biti nakon prve sedmice jula i poru?uje da nakon prvih utisaka ne treba stvarati galamu i \u0161iriti osje?aj beznade\u017enosti. Govore?i o privatizaciji on tvrdi da nema zastoja u tom procesu ve? samo izvjesnog usporavanja koje je rezultat preostalog manjeg dijela dru\u0161tvene svojine koju treba privatizovati.<br \/>\n\u00bbMe?utim, iako je to manji dio, to su vrlo komplikovani i zahtjevni sistemi koji tra\u017ee mnogo ozbiljnije pripremne procedure od nekih drugih manje zahtjevnih preduze?a koje smo privatizovali u ranijim fazama\u00ab, ocijenio je ?ukanovi?.<br \/>\n\u00bbIdemo planiranim tempom, pa ?e Elektroprivreda, \u017deljeznica i Luka Bar i neka druga preduze?a u ve?inskom dr\u017eavnom vlasni\u0161tvu biti privatizovana ove i naredne godine\u00ab.<br \/>\nOn je podsjetio da je za neka od tih preduze?a definisana politika privatizacija.<br \/>\n\u00bbSvaka od tih privatizacija ima svoju specifi?nost, uklju?uju?i i privatizaciju Elektroprivrede\u00ab, ocijenio je ?ukanovi?.<br \/>\nOn je dodao da je postignut politi?ki konsenzus da dr\u017eava zadr\u017ei ve?inski udio u EPCG i sada se priprema dokumentacije za privatizaciju manjinskog udjela \u0161to bi trebalo da se zavr\u0161i prije kraja ove godine.<br \/>\n\u00bbTo je vrlo komplikovan postupak. Politi?ki konsenzus je postignut krajem februara i do objavljivanja tendera ima jako puno posla po?ev od anga\u017eovanja savjetnika koji treba da nam pomogne da ne napravimo neku proceduralnu gre\u0161ku koja eventualnim poni\u0161tavanjem tendera mo\u017ee da nas uspori vi\u0161e godina\u00ab, objasnio je ?ukanovi?.<br \/>\nOn je siguran da ?e procedura biti kvalitetno pripremljena i da ?e do kraja godine tender biti objavljen.<br \/>\n\u00bbImaju?i u vidu tr\u017ei\u0161te energenata u ovih posljednjih nekoliko godina, siguran sam ?emo imati vi\u0161e nego kvalitetne interesente da ostvarimo strate\u0161ko partnerstvo u Elektroprivredi Crne Gore\u00ab, o?ekuje ?ukanovi?.<br \/>\nOn je ponovio da ?e Vlada tra\u017eiti partnera koji ?e donijeti ne samo novac nego i novi kvalitet upravljanja u sistemu.<br \/>\n\u00bbProces oporavka i konsolidacije tog sistema je u toku i nema nikakve senzacije u redovnoj promjeni unutar Borda direktora Elektroprivrede. Kona?no treba primijetiti da je ve?ina od tih ljudi ili na zalasku radne karijere ili su ve? pre\u0161li 65. godinu koja podrazumijeva povla?enje iz radnog procesa\u00ab, kazao je ?ukanovi?.<br \/>\n<strong>Izvor \/ Mina-business <\/strong><\/p>\n<!-- vimeo error: not a vimeo video -->\n<p><a class=\"aligncenter\" title=\"???? ????,?????,Ulcinj,Montenegru,??????????,\u00c7ernoqoriya,???????????,Montenegiro,?ern\u00e1 Hora,??????????,Cz\u00f4rnog\u00f3ra,Cz\u00f4rn\u00f4 G\u00f3ra,Carna G\u00f3ra,T\u0161ernogooria,\u00c7ernogoriya,Montain\u00e9agr\u00f3,Montenegwo,?orna Hora,Montenegr\u00f3,M?ntenigro,Chernogoriya ,\u00c7\u00earnogor\u00ee ,?????????,????????? ,??????? ,Montes Nigrae,Mons Niger,M\u00f4ntenegr\u00f4,Muntenegru,??????????,Czarnog\u00f3ra,Muntinigru,Muntenegro,&lt;br &gt;&lt;\/a&gt;\" href=\"http:\/\/www.visit-ulcinj.com\/tourism\/\" target=\"_blank\"><img loading=\"lazy\" style=\"float: right;\" src=\"http:\/\/www.visit-ulcinj.com\/blog\/wp-content\/uploads\/2008\/06\/holiday-rental-ulcinj-ulqini_ulqin_logo.gif\" alt=\"Apatin,  Aran?elovac,  ?uprija,  ?a?ak,  ?apljina,  ?itluk,  \u0160abac,  \u0160ipovo,  \u0160iroki Brijeg,  \u017dep?e,  \u017divinice,  Ba?ka Palanka,  Banja Luka,  Banovi?i,  Be?ej,  beograd,  Biha?,  Bijeljina,  Bor,  Bor?a,  Bosanska Gradi\u0161ka,  Bosanska Krupa,  Bosanski \u0160amac,  Bosanski Brod,  Bosanski Novi,  Br?ko,  Bu\u017eim,  Bugojno,  Cazin,  Crna Gora,  Derventa,  Doboj,  Donji Vakuf,  Drvar,  Dubrovnik,  Fo?a,  Fojnica,  Glamo?,  Gora\u017ede,  Gornji Milanovac,  Gornji Vakuf,  gostivar,  Gra?anica,  Grada?ac,  Gradiska,  Grahovo,  Had\u017ei?i,  Ilid\u017ea,  In?ija,  Jablanica,  Jagodina,  Jajce,  Kakanj,  Kalu?erica,  Kikinda,  Klju?,  Konjic,  Kotor Varo\u0161,  Kragujevac,  Kraljevo,  Kru\u0161evac,  Kula,  Kupres,  Lakta\u0161i,  Lazarevac,  Leskovac,  Livno,  Ljubinje,  ljublana,  Ljubu\u0161ki,  Loznica,  Lukavac,  Maglaj,  Mladenovac,  Modri?a,  montenegro erlajnz,  mostar,  Mrkonji? Grad,  Neum,  Ni\u0161,  Novi Pazar,  Novi Sad,  Novi Travnik,  Obrenovac,  Od\u017eak,  ohrid,  Ora\u0161je,  Pale,  Pan?evo,  Para?in,  Pirot,  Po\u017earevac,  Podgorica,  Priboj,  Prijedor,  Prokuplje,  Prozor,  pula,  rijeka,  Ruma,  Sanski Most,  Sarajevo,  Senta,  serbija,  sibenik,  skopje,  Smederevo,  Smederevska Palanka,  Sokolac,  Sombor,  split,  Srebrenica,  Srebrenik,  Sremska Mitrovica,  Stolac,  Struga,  Subotica,  Temerin,  Tesli?,  tetovo,  Travnik,  Trebinje,  tuzla,  U\u017eice,  ulcinj,  Valjevo,  Velika Kladu\u0161a,  Vi\u0161egrad,  Visoko,  Vitez,  Vogo\u0161?a,  vojvodina,  Vranje,  Vr\u0161ac,  Vrbas,  zadar,  Zagreb,  Zaje?ar,  Zavidovi?i,  Zenica,  Zrenjanin,  Zvornik,copacabana ulcinj,  h\u00f4tels,  hotel ulqin,  Kosova,  Mali i Zi,  Maqedonija,  Montenegro,  montenegro tourisme plage,  montenegro ulcinj,  Shpallje Falas,  Shpallje Falas per shitjen e shtepis se juaj,  Shpallje Falas per apartamentet e juaj,  Shpallje Falas Real Estate,  Shpallje Falas turistike,  shqiperija,  tourisme,  Ulci?,  ulcinj,  ulqin,  ulqin hotel,  ulqini,  ulqini 2007,Ada Bojana,  Alba?czyk,  Cita di Dolcino,  Copacabana,  Czarnog\u00f3ra,  Czarnog\u00f3rzec,  Don Kichota,  Ma?a Pla?a,  Mandra,  MIGUEL DE SERVANTES,  p\u00f3?wyspy Marjan,  Pla?a Valdanos,  Rzeka Bojana,  Shas \/ \u0160as \/ Sva?,  Ulci?,  Ulcinjsk? Riwier?,  Wielka Pla?a,  Wyspa Bojana,GORA,??????????,???????,??????????, ?ern\u00e1 Hora,TO ULCINJ \/ ULQIN,MONTENEGRO, Czarnog\u00f3ra, Muntenegru, ????? ????, Montenegr\u00f3,appartement \u00e0 louer \u00e0 ulcinj, location de vacance, location saisonni\u00e8res, louer chambres,location de vacance, Locations vacance, h\u00e9bergements vacances, locations villa, logements de vacances, location maison avec piscine, Location vacance, locations de vacance, h\u00e9bergements de vacances, location, locations entre particulier, logements vacance, vacances \u00e0 Mont\u00e9n\u00e9gro - location \u00e0 Ulcinj ,location  de bigorre.\" width=\"510\" height=\"145\" \/><\/a><\/p>\n","protected":false},"excerpt":{"rendered":"<p><img loading=\"lazy\" class=\"alignleft\" style=\"float: left;\" src=\"http:\/\/www.seebiz.eu\/files\/img\/2008\/4\/12\/djukanovic-0021.jpg\" alt=\"DJUKANOVIC\" width=\"140\" height=\"140\" \/><\/p>\n","protected":false},"author":1,"featured_media":0,"comment_status":"open","ping_status":"closed","sticky":false,"template":"","format":"standard","meta":{"spay_email":"","jetpack_publicize_message":"","jetpack_is_tweetstorm":false,"jetpack_publicize_feature_enabled":true},"categories":[6,12,15],"tags":[1964],"jetpack_publicize_connections":[],"yoast_head":"<!-- This site is optimized with the Yoast SEO plugin v19.1 - https:\/\/yoast.com\/wordpress\/plugins\/seo\/ -->\n<title>?ukanovi?: \u017delimo elitni, a ne masovni turizam - Lajme nga Ulqini<\/title>\n<meta name=\"robots\" content=\"index, follow, max-snippet:-1, max-image-preview:large, max-video-preview:-1\" \/>\n<link rel=\"canonical\" href=\"https:\/\/www.visit-ulcinj.com\/blog\/2008\/07\/08\/dukanovic-zelimo-elitni-a-ne-masovni-turizam\/\" \/>\n<meta property=\"og:locale\" content=\"en_US\" \/>\n<meta property=\"og:type\" content=\"article\" \/>\n<meta property=\"og:title\" content=\"?ukanovi?: \u017delimo elitni, a ne masovni turizam - Lajme nga Ulqini\" \/>\n<meta property=\"og:url\" content=\"https:\/\/www.visit-ulcinj.com\/blog\/2008\/07\/08\/dukanovic-zelimo-elitni-a-ne-masovni-turizam\/\" \/>\n<meta property=\"og:site_name\" content=\"Lajme nga Ulqini\" \/>\n<meta property=\"article:published_time\" content=\"2008-07-08T17:25:28+00:00\" \/>\n<meta property=\"og:image\" content=\"http:\/\/www.seebiz.eu\/files\/img\/2008\/4\/12\/djukanovic-0021.jpg\" \/>\n<meta name=\"twitter:label1\" content=\"Written by\" \/>\n\t<meta name=\"twitter:data1\" content=\"ulqini\" \/>\n\t<meta name=\"twitter:label2\" content=\"Est. reading time\" \/>\n\t<meta name=\"twitter:data2\" content=\"4 minutes\" \/>\n<script type=\"application\/ld+json\" class=\"yoast-schema-graph\">{\"@context\":\"https:\/\/schema.org\",\"@graph\":[{\"@type\":\"WebSite\",\"@id\":\"https:\/\/www.visit-ulcinj.com\/blog\/#website\",\"url\":\"https:\/\/www.visit-ulcinj.com\/blog\/\",\"name\":\"Lajme nga Ulqini\",\"description\":\"Lajme,Vijesti,Ulqini,Ulqin,Crna Gora,Mali i Zi\",\"potentialAction\":[{\"@type\":\"SearchAction\",\"target\":{\"@type\":\"EntryPoint\",\"urlTemplate\":\"https:\/\/www.visit-ulcinj.com\/blog\/?s={search_term_string}\"},\"query-input\":\"required name=search_term_string\"}],\"inLanguage\":\"en-US\"},{\"@type\":\"ImageObject\",\"inLanguage\":\"en-US\",\"@id\":\"https:\/\/www.visit-ulcinj.com\/blog\/2008\/07\/08\/dukanovic-zelimo-elitni-a-ne-masovni-turizam\/#primaryimage\",\"url\":\"http:\/\/www.seebiz.eu\/files\/img\/2008\/4\/12\/djukanovic-0021.jpg\",\"contentUrl\":\"http:\/\/www.seebiz.eu\/files\/img\/2008\/4\/12\/djukanovic-0021.jpg\"},{\"@type\":\"WebPage\",\"@id\":\"https:\/\/www.visit-ulcinj.com\/blog\/2008\/07\/08\/dukanovic-zelimo-elitni-a-ne-masovni-turizam\/#webpage\",\"url\":\"https:\/\/www.visit-ulcinj.com\/blog\/2008\/07\/08\/dukanovic-zelimo-elitni-a-ne-masovni-turizam\/\",\"name\":\"?ukanovi?: \u017delimo elitni, a ne masovni turizam - Lajme nga Ulqini\",\"isPartOf\":{\"@id\":\"https:\/\/www.visit-ulcinj.com\/blog\/#website\"},\"primaryImageOfPage\":{\"@id\":\"https:\/\/www.visit-ulcinj.com\/blog\/2008\/07\/08\/dukanovic-zelimo-elitni-a-ne-masovni-turizam\/#primaryimage\"},\"datePublished\":\"2008-07-08T17:25:28+00:00\",\"dateModified\":\"2008-07-08T17:25:28+00:00\",\"author\":{\"@id\":\"https:\/\/www.visit-ulcinj.com\/blog\/#\/schema\/person\/dcab619c614d3038751c63bc2aadc06d\"},\"breadcrumb\":{\"@id\":\"https:\/\/www.visit-ulcinj.com\/blog\/2008\/07\/08\/dukanovic-zelimo-elitni-a-ne-masovni-turizam\/#breadcrumb\"},\"inLanguage\":\"en-US\",\"potentialAction\":[{\"@type\":\"ReadAction\",\"target\":[\"https:\/\/www.visit-ulcinj.com\/blog\/2008\/07\/08\/dukanovic-zelimo-elitni-a-ne-masovni-turizam\/\"]}]},{\"@type\":\"BreadcrumbList\",\"@id\":\"https:\/\/www.visit-ulcinj.com\/blog\/2008\/07\/08\/dukanovic-zelimo-elitni-a-ne-masovni-turizam\/#breadcrumb\",\"itemListElement\":[{\"@type\":\"ListItem\",\"position\":1,\"name\":\"?ukanovi?: \u017delimo elitni, a ne masovni turizam\"}]},{\"@type\":\"Person\",\"@id\":\"https:\/\/www.visit-ulcinj.com\/blog\/#\/schema\/person\/dcab619c614d3038751c63bc2aadc06d\",\"name\":\"ulqini\",\"sameAs\":[\"http:\/\/www.visit-ulcinj.com\"],\"url\":\"https:\/\/www.visit-ulcinj.com\/blog\/author\/admin\/\"}]}<\/script>\n<!-- \/ Yoast SEO plugin. -->","yoast_head_json":{"title":"?ukanovi?: \u017delimo elitni, a ne masovni turizam - Lajme nga Ulqini","robots":{"index":"index","follow":"follow","max-snippet":"max-snippet:-1","max-image-preview":"max-image-preview:large","max-video-preview":"max-video-preview:-1"},"canonical":"https:\/\/www.visit-ulcinj.com\/blog\/2008\/07\/08\/dukanovic-zelimo-elitni-a-ne-masovni-turizam\/","og_locale":"en_US","og_type":"article","og_title":"?ukanovi?: \u017delimo elitni, a ne masovni turizam - Lajme nga Ulqini","og_url":"https:\/\/www.visit-ulcinj.com\/blog\/2008\/07\/08\/dukanovic-zelimo-elitni-a-ne-masovni-turizam\/","og_site_name":"Lajme nga Ulqini","article_published_time":"2008-07-08T17:25:28+00:00","og_image":[{"url":"http:\/\/www.seebiz.eu\/files\/img\/2008\/4\/12\/djukanovic-0021.jpg"}],"twitter_misc":{"Written by":"ulqini","Est. reading time":"4 minutes"},"schema":{"@context":"https:\/\/schema.org","@graph":[{"@type":"WebSite","@id":"https:\/\/www.visit-ulcinj.com\/blog\/#website","url":"https:\/\/www.visit-ulcinj.com\/blog\/","name":"Lajme nga Ulqini","description":"Lajme,Vijesti,Ulqini,Ulqin,Crna Gora,Mali i Zi","potentialAction":[{"@type":"SearchAction","target":{"@type":"EntryPoint","urlTemplate":"https:\/\/www.visit-ulcinj.com\/blog\/?s={search_term_string}"},"query-input":"required name=search_term_string"}],"inLanguage":"en-US"},{"@type":"ImageObject","inLanguage":"en-US","@id":"https:\/\/www.visit-ulcinj.com\/blog\/2008\/07\/08\/dukanovic-zelimo-elitni-a-ne-masovni-turizam\/#primaryimage","url":"http:\/\/www.seebiz.eu\/files\/img\/2008\/4\/12\/djukanovic-0021.jpg","contentUrl":"http:\/\/www.seebiz.eu\/files\/img\/2008\/4\/12\/djukanovic-0021.jpg"},{"@type":"WebPage","@id":"https:\/\/www.visit-ulcinj.com\/blog\/2008\/07\/08\/dukanovic-zelimo-elitni-a-ne-masovni-turizam\/#webpage","url":"https:\/\/www.visit-ulcinj.com\/blog\/2008\/07\/08\/dukanovic-zelimo-elitni-a-ne-masovni-turizam\/","name":"?ukanovi?: \u017delimo elitni, a ne masovni turizam - Lajme nga Ulqini","isPartOf":{"@id":"https:\/\/www.visit-ulcinj.com\/blog\/#website"},"primaryImageOfPage":{"@id":"https:\/\/www.visit-ulcinj.com\/blog\/2008\/07\/08\/dukanovic-zelimo-elitni-a-ne-masovni-turizam\/#primaryimage"},"datePublished":"2008-07-08T17:25:28+00:00","dateModified":"2008-07-08T17:25:28+00:00","author":{"@id":"https:\/\/www.visit-ulcinj.com\/blog\/#\/schema\/person\/dcab619c614d3038751c63bc2aadc06d"},"breadcrumb":{"@id":"https:\/\/www.visit-ulcinj.com\/blog\/2008\/07\/08\/dukanovic-zelimo-elitni-a-ne-masovni-turizam\/#breadcrumb"},"inLanguage":"en-US","potentialAction":[{"@type":"ReadAction","target":["https:\/\/www.visit-ulcinj.com\/blog\/2008\/07\/08\/dukanovic-zelimo-elitni-a-ne-masovni-turizam\/"]}]},{"@type":"BreadcrumbList","@id":"https:\/\/www.visit-ulcinj.com\/blog\/2008\/07\/08\/dukanovic-zelimo-elitni-a-ne-masovni-turizam\/#breadcrumb","itemListElement":[{"@type":"ListItem","position":1,"name":"?ukanovi?: \u017delimo elitni, a ne masovni turizam"}]},{"@type":"Person","@id":"https:\/\/www.visit-ulcinj.com\/blog\/#\/schema\/person\/dcab619c614d3038751c63bc2aadc06d","name":"ulqini","sameAs":["http:\/\/www.visit-ulcinj.com"],"url":"https:\/\/www.visit-ulcinj.com\/blog\/author\/admin\/"}]}},"jetpack_featured_media_url":"","jetpack_sharing_enabled":true,"jetpack_shortlink":"https:\/\/wp.me\/pe6lTn-z2","_links":{"self":[{"href":"https:\/\/www.visit-ulcinj.com\/blog\/wp-json\/wp\/v2\/posts\/2172"}],"collection":[{"href":"https:\/\/www.visit-ulcinj.com\/blog\/wp-json\/wp\/v2\/posts"}],"about":[{"href":"https:\/\/www.visit-ulcinj.com\/blog\/wp-json\/wp\/v2\/types\/post"}],"author":[{"embeddable":true,"href":"https:\/\/www.visit-ulcinj.com\/blog\/wp-json\/wp\/v2\/users\/1"}],"replies":[{"embeddable":true,"href":"https:\/\/www.visit-ulcinj.com\/blog\/wp-json\/wp\/v2\/comments?post=2172"}],"version-history":[{"count":0,"href":"https:\/\/www.visit-ulcinj.com\/blog\/wp-json\/wp\/v2\/posts\/2172\/revisions"}],"wp:attachment":[{"href":"https:\/\/www.visit-ulcinj.com\/blog\/wp-json\/wp\/v2\/media?parent=2172"}],"wp:term":[{"taxonomy":"category","embeddable":true,"href":"https:\/\/www.visit-ulcinj.com\/blog\/wp-json\/wp\/v2\/categories?post=2172"},{"taxonomy":"post_tag","embeddable":true,"href":"https:\/\/www.visit-ulcinj.com\/blog\/wp-json\/wp\/v2\/tags?post=2172"}],"curies":[{"name":"wp","href":"https:\/\/api.w.org\/{rel}","templated":true}]}}