{"id":21721,"date":"2009-05-18T21:29:37","date_gmt":"2009-05-18T19:29:37","guid":{"rendered":"http:\/\/www.visit-ulcinj.com\/blog\/?p=21721"},"modified":"2009-05-18T22:19:10","modified_gmt":"2009-05-18T20:19:10","slug":"dita-e-evropes-u-shenua-edhe-ne-ulqin","status":"publish","type":"post","link":"https:\/\/www.visit-ulcinj.com\/blog\/2009\/05\/18\/dita-e-evropes-u-shenua-edhe-ne-ulqin\/","title":{"rendered":"Dita e evrop\u00ebs u sh\u00ebnua edhe n\u00eb Ulqin"},"content":{"rendered":"<p><strong><a href=\"http:\/\/www.visit-ulcinj.com\/blog\/wp-content\/uploads\/2009\/05\/horizonti-i-ri-feston-diten-e-evropes-ne-ulqin.jpg\"><img loading=\"lazy\" class=\"alignleft size-full wp-image-21723\" title=\"horizonti-i-ri-feston-diten-e-evropes-ne-ulqin\" src=\"http:\/\/www.visit-ulcinj.com\/blog\/wp-content\/uploads\/2009\/05\/horizonti-i-ri-feston-diten-e-evropes-ne-ulqin.jpg\" alt=\"horizonti-i-ri-feston-diten-e-evropes-ne-ulqin\" width=\"580\" height=\"780\" \/><\/a>Performanc\u00eb me simbole evropiane<\/strong><br \/>\nUlqin \u2013 Organizata e Shoq\u00ebris\u00eb Civile \u201cHorizonti i Ri \u201c sh\u00ebnoi t\u00eb shtun\u00ebn me nj\u00eb performanc\u00eb para Bibliotek\u00ebs s\u00eb Qytetit n\u00eb Ulqin 9 Majin &#8211; Dit\u00ebn e Evrop\u00ebs. Sh\u00ebnimi u b\u00eb n\u00eb kuad\u00ebr t\u00eb projektit \u201cEvropa p\u00ebr t\u00eb gjith\u00eb\u201d, t\u00eb cilin e mb\u00ebshtet Instituti p\u00ebr Shoq\u00ebri t\u00eb Hapur &#8211; P\u00ebrfaq\u00ebsia n\u00eb Mal t\u00eb Zi. Ky aktivitet sh\u00ebnoi p\u00ebrfundimin e programit edukativ mbi integrimet evropiane, dedikuar maturant\u00ebve t\u00eb Ulqinit i cili zgjati dy muaj.<br \/>\nN\u00eb performanc\u00eb mor\u00ebn pjes\u00eb qytetar\u00eb t\u00eb shumt\u00eb, p\u00ebrfaq\u00ebsues t\u00eb institucioneve publike, partive politike, administrat\u00ebs vendore, shoq\u00ebris\u00eb civile, etj. Pjes\u00ebmarr\u00ebsve iu nda publikimi me titull \u201cEvropa p\u00ebr t\u00eb gjith\u00eb\u201d si dhe materiale t\u00eb tjera promovuese t\u00eb p\u00ebrgatitura nga \u201cHorizonti i Ri\u201d.<br \/>\nT\u00eb pranishm\u00ebve iu drejtuan koordinatori i Organizat\u00ebs \u201cHorizonti t\u00eb Ri\u201d, Nazif Veliqi dhe Dritan Abazoviqi, t\u00eb cil\u00ebt theksuan se kjo \u00ebsht\u00eb hera e par\u00eb q\u00eb Dita e Evrop\u00ebs sh\u00ebnohet n\u00eb Ulqin. Ata shpreh\u00ebn besimin se sh\u00ebnimi i k\u00ebsaj dite do t\u00eb b\u00ebhet tradicional n\u00eb t\u00eb ardhmen.<br \/>\nN\u00eb njoftimin p\u00ebr media t\u00eb Organizat\u00ebs \u201cHorizonti i Ri\u201d thuhet se projekti \u201cEvropa p\u00ebr t\u00eb gjith\u00eb\u201d zhvillohet p\u00ebr her\u00eb t\u00eb par\u00eb n\u00eb Ulqin.<br \/>\n\u201cKomuniteti lokal pa dyshim ka dh\u00ebn\u00eb nj\u00eb dimension t\u00eb ri nga aspekti i integrimeve evropiane. Nj\u00ebkoh\u00ebsisht, edhe t\u00eb rinjt\u00eb q\u00eb treguan interesim serioz p\u00ebr k\u00ebt\u00eb tem\u00eb, m\u00eb leht\u00eb dhe m\u00eb sigurt do t\u00eb mund t\u00eb kontribuojn\u00eb n\u00eb t\u00eb gjith\u00eb procesin n\u00ebp\u00ebr t\u00eb cilin do t\u00eb kaloj\u00eb shoq\u00ebria jon\u00eb\u201d, thuhet n\u00eb njoftim.<br \/>\n<strong>I.Kallaba<br \/>\nKoha Javore<\/strong><\/p>\n<div><strong><a href=\"http:\/\/www.visit-ulcinj.com\/blog\/wp-content\/uploads\/2009\/05\/horizonti-i-ri-feston-diten-e-evropes-ne-ulqin3.jpg\"><img loading=\"lazy\" class=\"alignleft size-full wp-image-21724\" title=\"horizonti-i-ri-feston-diten-e-evropes-ne-ulqin3\" src=\"http:\/\/www.visit-ulcinj.com\/blog\/wp-content\/uploads\/2009\/05\/horizonti-i-ri-feston-diten-e-evropes-ne-ulqin3.jpg\" alt=\"horizonti-i-ri-feston-diten-e-evropes-ne-ulqin3\" width=\"580\" height=\"400\" \/><\/a><br \/>\n<\/strong><\/div>\n<p><strong> DITA E EVROPES NE ULQIN <\/strong><\/p>\n<p><span style=\"font-size: 10pt;\" lang=\"SQ\"><span style=\"font-family: Arial;\">Organizata e Shoqerise Civile \u201cHorizonti i Ri \u201c ne kuad\u00ebr te projektit EVROPA PER TE GJITHE, te cilin e mb\u00ebshtete Instituti p\u00ebr Shoq\u00ebri te Hapur, organizoi ne Ulqin shenimin e Dit\u00ebs se Evrop\u00ebs \u2013 9 majit.<\/span><\/span><span style=\"font-size: 10pt;\" lang=\"SQ\"><span style=\"font-family: Arial;\"> <\/span><\/span><span style=\"font-size: 10pt;\" lang=\"SQ\"><span style=\"font-family: Arial;\">Ky aktivitet shenoi edhe finalizimin e programit edukativ per integrimet evropiane, dedikuar maturanteve te Ulqniti, i cili zgjati 2 muaj.<\/span><\/span><span style=\"font-size: 10pt; font-family: Arial;\"><span style=\"font-size: 10pt;\">Vlene te theksohet se nje projekt i tille zhvillohet per here te pare ne Ulqin i cili padyshim komunitetit lokal i ka dhene nj\u00eb dimension t\u00eb ri nga aspekti i integrimeve evropiane. Nj\u00ebkoh\u00ebsisht, edhe t\u00eb rinjt\u00eb q\u00eb treguan interesim serioz p\u00ebr k\u00ebt\u00eb tem\u00eb, m\u00eb leht\u00eb dhe m\u00eb te sigurte do t&#8217;mund t\u00eb kontribuojn\u00eb n\u00eb t\u00eb gjith\u00eb procesin neper te cilin do te kaloj\u00eb shoqeria jone.<\/span><\/span><\/p>\n<p>Ne performansin e organizuar per kete dite, moren pjese qytetare te shumte, perfaqesues te institucioneve publike, partive politike, adminsitrates vendore, shoqerise civile, etj. Vlere te posacme ketij aktiviteti publik i dhane edhe botimi i ve\u00e7ante me titull <strong><a href=\"http:\/\/www.ngo-horizonti.org\/images\/download\/evropa%20per%20te%20gjithe.pdf\" target=\"_blank\">&#8220;EVROPA PER TE GJITHE&#8221;<\/a><\/strong> si dhe materialet e shumta promotive qe HORIZONTI i RI ka pergatitur per kete rast.<\/p>\n<p>Duke e konsideruar procesin e Integrimeve evropiane si nj\u00eb proces n\u00eb t\u00eb cilin Mali i Zi tashm\u00eb ka hedhur hapa serioz dhe i cili n\u00eb t\u00eb ardhmen do t\u00eb jet\u00eb prioriteti kryesor n\u00eb zhvillimin e p\u00ebrgjithsh\u00ebm te vendit, konsiderojme se ky projekt ja dhene rezultate te dukshme ne nivel lokal duke dhene edhe nje mesazh te fuqishem se ky mjedis ka qene dhe duhet te jete pjese e familjes se madhe evropiane.<\/p>\n<p><strong><a href=\"http:\/\/www.ngo-horizonti.org\" target=\"_blank\">www.ngo-horizonti.org<\/a><\/strong><\/p>\n<p><strong>\n\t\t<style type=\"text\/css\">\n\t\t\t#gallery-1 {\n\t\t\t\tmargin: auto;\n\t\t\t}\n\t\t\t#gallery-1 .gallery-item {\n\t\t\t\tfloat: left;\n\t\t\t\tmargin-top: 10px;\n\t\t\t\ttext-align: center;\n\t\t\t\twidth: 33%;\n\t\t\t}\n\t\t\t#gallery-1 img {\n\t\t\t\tborder: 2px solid #cfcfcf;\n\t\t\t}\n\t\t\t#gallery-1 .gallery-caption {\n\t\t\t\tmargin-left: 0;\n\t\t\t}\n\t\t\t\/* see gallery_shortcode() in wp-includes\/media.php *\/\n\t\t<\/style>\n\t\t<div id='gallery-1' class='gallery galleryid-21721 gallery-columns-3 gallery-size-thumbnail'><dl class='gallery-item'>\n\t\t\t<dt class='gallery-icon portrait'>\n\t\t\t\t<a href='https:\/\/www.visit-ulcinj.com\/blog\/2009\/05\/18\/dita-e-evropes-u-shenua-edhe-ne-ulqin\/horizonti-i-ri-feston-diten-e-evropes-ne-ulqin\/'><img width=\"150\" height=\"150\" src=\"https:\/\/www.visit-ulcinj.com\/blog\/wp-content\/uploads\/2009\/05\/horizonti-i-ri-feston-diten-e-evropes-ne-ulqin-150x150.jpg\" class=\"attachment-thumbnail size-thumbnail\" alt=\"\" loading=\"lazy\" \/><\/a>\n\t\t\t<\/dt><\/dl><dl class='gallery-item'>\n\t\t\t<dt class='gallery-icon landscape'>\n\t\t\t\t<a href='https:\/\/www.visit-ulcinj.com\/blog\/2009\/05\/18\/dita-e-evropes-u-shenua-edhe-ne-ulqin\/horizonti-i-ri-feston-diten-e-evropes-ne-ulqin3\/'><img width=\"150\" height=\"150\" src=\"https:\/\/www.visit-ulcinj.com\/blog\/wp-content\/uploads\/2009\/05\/horizonti-i-ri-feston-diten-e-evropes-ne-ulqin3-150x150.jpg\" class=\"attachment-thumbnail size-thumbnail\" alt=\"\" loading=\"lazy\" \/><\/a>\n\t\t\t<\/dt><\/dl><dl class='gallery-item'>\n\t\t\t<dt class='gallery-icon landscape'>\n\t\t\t\t<a href='https:\/\/www.visit-ulcinj.com\/blog\/2009\/05\/18\/dita-e-evropes-u-shenua-edhe-ne-ulqin\/horizonti-i-ri-feston-diten-e-evropes-ne-ulqin1\/'><img width=\"150\" height=\"150\" src=\"https:\/\/www.visit-ulcinj.com\/blog\/wp-content\/uploads\/2009\/05\/horizonti-i-ri-feston-diten-e-evropes-ne-ulqin1-150x150.jpg\" class=\"attachment-thumbnail size-thumbnail\" alt=\"\" loading=\"lazy\" \/><\/a>\n\t\t\t<\/dt><\/dl><br style=\"clear: both\" \/><dl class='gallery-item'>\n\t\t\t<dt class='gallery-icon landscape'>\n\t\t\t\t<a href='https:\/\/www.visit-ulcinj.com\/blog\/2009\/05\/18\/dita-e-evropes-u-shenua-edhe-ne-ulqin\/horizonti-i-ri-feston-diten-e-evropes-ne-ulqin2\/'><img width=\"150\" height=\"150\" src=\"https:\/\/www.visit-ulcinj.com\/blog\/wp-content\/uploads\/2009\/05\/horizonti-i-ri-feston-diten-e-evropes-ne-ulqin2-150x150.jpg\" class=\"attachment-thumbnail size-thumbnail\" alt=\"\" loading=\"lazy\" \/><\/a>\n\t\t\t<\/dt><\/dl><dl class='gallery-item'>\n\t\t\t<dt class='gallery-icon landscape'>\n\t\t\t\t<a href='https:\/\/www.visit-ulcinj.com\/blog\/2009\/05\/18\/dita-e-evropes-u-shenua-edhe-ne-ulqin\/horizonti-i-ri-feston-diten-e-evropes-ne-ulqin4\/'><img width=\"150\" height=\"150\" src=\"https:\/\/www.visit-ulcinj.com\/blog\/wp-content\/uploads\/2009\/05\/horizonti-i-ri-feston-diten-e-evropes-ne-ulqin4-150x150.jpg\" class=\"attachment-thumbnail size-thumbnail\" alt=\"\" loading=\"lazy\" \/><\/a>\n\t\t\t<\/dt><\/dl><dl class='gallery-item'>\n\t\t\t<dt class='gallery-icon landscape'>\n\t\t\t\t<a href='https:\/\/www.visit-ulcinj.com\/blog\/2009\/05\/18\/dita-e-evropes-u-shenua-edhe-ne-ulqin\/horizonti-i-ri-feston-diten-e-evropes-ne-ulqin5\/'><img width=\"150\" height=\"150\" src=\"https:\/\/www.visit-ulcinj.com\/blog\/wp-content\/uploads\/2009\/05\/horizonti-i-ri-feston-diten-e-evropes-ne-ulqin5-150x150.jpg\" class=\"attachment-thumbnail size-thumbnail\" alt=\"\" loading=\"lazy\" \/><\/a>\n\t\t\t<\/dt><\/dl><br style=\"clear: both\" \/><dl class='gallery-item'>\n\t\t\t<dt class='gallery-icon landscape'>\n\t\t\t\t<a href='https:\/\/www.visit-ulcinj.com\/blog\/2009\/05\/18\/dita-e-evropes-u-shenua-edhe-ne-ulqin\/horizonti-i-ri-feston-diten-e-evropes-ne-ulqin6\/'><img width=\"150\" height=\"150\" src=\"https:\/\/www.visit-ulcinj.com\/blog\/wp-content\/uploads\/2009\/05\/horizonti-i-ri-feston-diten-e-evropes-ne-ulqin6-150x150.jpg\" class=\"attachment-thumbnail size-thumbnail\" alt=\"\" loading=\"lazy\" \/><\/a>\n\t\t\t<\/dt><\/dl>\n\t\t\t<br style='clear: both' \/>\n\t\t<\/div>\n<br \/>\n<\/strong><br \/>\n<strong><!--YouTube Error: bad URL entered--><br \/>\n<\/strong><\/p>\n<p style=\"text-align: center;\"><a class=\"aligncenter\" title=\"???? ????,?????,Ulcinj,Montenegru,??????????,?ernoqoriya,Besplatni internet oglasi,Besplatni oglasi,besplatni mali oglasi,besplatni turisti\u00e8ki oglasi,oglasi, usluge, turizam,Turisti\u00e8ke usluge,Doma?i turizam,Besplatni Oglasnik,Brzi Oglasi Besplatno,Besplatno OglasavanjeTurizam,besplatni oglasi sa slikom,Turisticki informator besplatni,li\u00e8ni-oglasi,BESPLATNI Turisticki OGLASI SA SLIKAMA,BESPLATNI Turisticki Oglasi saVideom,turisticki smestaj oglasi,Turisti\u00e8ki vodi\u00e8 balkana,BESPLATNA REZERVACIJA SMESTAJA,Postavite besplatno Vas oglas,FREE TOURIST GUIDES,Izdavanje-Turizam oglasi,Balkan Turisticki vodic,shpallje turistike falas,Shpallje Falas,Shpallje falas per Komplekse Turistike,Lajmerime,Njoftime,shpallje shqip per shqiptaret ne shqiperi kosova maqedoni,mal te zi,???????????,Montenegiro,?ern? Hora,??????????,Cz\u00f4rnog\u00f3ra,Cz\u00f4rn\u00f4 G\u00f3ra,Carna G\u00f3ra,T?ernogooria,?ernogoriya,Montain\u00e9agr\u00f3,Montenegwo,?orna Hora,Montenegr\u00f3,M?ntenigro,Chernogoriya ,?\u00earnogor\u00ee ,?????????,????????? ,??????? ,Montes Nigrae,Mons Niger,M\u00f4ntenegr\u00f4,Muntenegru,??????????,Czarnog?ra,Muntinigru,Muntenegro,&lt;br &gt;&lt;\/a&gt; Muntenegru,\t?ierna Hora,Cxerngora,????????,?rna gora,Moontineegro,?ornog\u00f9ra,?ernogori\u00fda,Chernogoriya,Mont?negro,????? ???? ,?r?na Gora,?r?nogorije,?ernogorija,?arnahoryja,??????????,???????????????????? ,?ern\u00f4g\u00f4riy\u00e2,M\u00fbnt\u00een\u00ee?r\u00fb,????? ?????? ,????????,??????????,???????????,M\u00e2nten\u00eegro,???? ????? ,????????,M\u00f4ntenegr\u00f4,????????????,???????\u00fd???,???????\u00fd????,????????????,Muntenegru, ????? ????, Montenegr?,chambres ? louer ? ulcinj, location de vacance, location saisonni?res,location de vacance, Locations vacance, h?bergements vacances, logements de vacances, location maison avec piscine, Location vacance, locations de vacance, h?bergements de vacances, locations entre particulier, logements vacance, vacances ? Mont?n?gro - location ? Ulcinj ,location  de bigorre,Urlaub in Ulcinj -Montenegro,Hotelbewertungen Ulcinj,Reisen Ulcinj, Urlaub Ulcinj,Hotel in Serbien und Montenegro von Urlaubern bewertet,Billig Urlaub in Ulcinj,ferienh?user,ferienwohnung,Billige Ferienh?user,Ferienwohnung ULCINJ,Ferien an der Adria,Urlaub im Ferienhaus ulcinjBilligreisen Ulcinj,Pauschalreisen,FKK Strand Ada Bojana ulcinj,Last Minute Angebote ulcinj,Preise f?r Lastminute,Kleinanzeigen gratis,Ausflug nach Ulcinj,FKK-Reisen ada bojana,FKK-Urlaub ulcinj,Privatni smje?taj,rezervacija smje?taja,apartmani,sobe,ku?e,odmor,sobe za odmor ulcinj,Pretra?ivanje privatnog smje?taja,rooms rent accommodation ulcinj, rentail private accommodation ulcinj,?elite rezervirati privatni smje?taj,Private accommodation,Smje?taj ulcinj,Pushime Verore ulqin,pushime t? lira n? ulqin,Pushime ne plazh,Pushime te kendshme,dhoma per pushime ulqin,dhoma me qera ulqin,dhoma te lira ulqin,pushime te lira ulqin,mali i zi,kosova,maqedoni,shqiperi,Pushime ne det te ulqinit,godi?nji odmor u ulcinj,odmor u ulcinj,Ku?a za odmor,kuda na odmor,ljetovanje u ulcinj,slobodne sobe,dhoma te lira,ku?a uz more,turisti?ka ponuda,odmor i zabava,povolne cene,sobe,usluge,Mjesto za Va? odmor , Place for Your holiday,Odmor portal,putovanaja,Iznajmljivanje soba ulcinj,odmor ulcinj info,Va?e mjesto za odmor ulcinj,nudisticka plaza ada bojana,smjestaj ponuda ulcinj,lokacioni i dhomave ulqin,deti,plazhet e bukura,diskoteka,zbavitja,.\" href=\"http:\/\/www.visit-ulcinj.com\/tourism\/\" target=\"_blank\"><img loading=\"lazy\" class=\"aligncenter\" title=\"SHPALLJE TURISTIKE FALAS,FREE TOURIST GUIDES,BESPLATNI TURISTI?KI OGLASI,balkan holiday rentals,ALBANIJA,ALBANIA,SHQIPERIJA,CRNA GORA,HRVATSKA,KROACIA,SLOVENIJA,MAKEDONIJA,MAKEDONIA,SRBIJA,MONTENEGRO,MALI I ZI,\" src=\"http:\/\/www.visit-ulcinj.com\/blog\/wp-content\/uploads\/2008\/09\/balkanholidayrentals.gif\" alt=\"Apatin,  Aran?elovac,  ?uprija,  ?a?ak,  ?apljina,  ?itluk,  ?abac,  ?ipovo,  ?iroki Brijeg,  ?ep?e,  ?ivinice,  Ba?ka Palanka,  Banja Luka,  Banovi?i,  Be?ej,  beograd,  Biha?,  Bijeljina,  Bor,  Bor?a,  Bosanska Gradi?ka,  Bosanska Krupa,  Bosanski ?amac,  Bosanski Brod,  Bosanski Novi,  Br?ko,  Bu?im,  Bugojno,  Cazin,  Crna Gora,  Derventa,  Doboj,  Donji Vakuf,  Drvar,  Dubrovnik,  Fo?a,  Fojnica,  Glamo?,  Gora?de,  Gornji Milanovac,  Gornji Vakuf,  gostivar,  Gra?anica,  Grada?ac,  Gradiska,  Grahovo,  Had?i?i,  Ilid?a,  In?ija,  Jablanica,  Jagodina,  Jajce,  Kakanj,  Kalu?erica,  Kikinda,  Klju?,  Konjic,  Kotor Varo?,  Kragujevac,  Kraljevo,  Kru?evac,  Kula,  Kupres,  Lakta?i,  Lazarevac,  Leskovac,  Livno,  Ljubinje,  ljublana,  Ljubu?ki,  Loznica,  Lukavac,  Maglaj,  Mladenovac,  Modri?a,  montenegro erlajnz,  mostar,  Mrkonji? Grad,  Neum,  Ni?,  Novi Pazar,  Novi Sad,  Novi Travnik,  Obrenovac,  Od?ak,  ohrid,  Ora?je,  Pale,  Pan?evo,  Para?in,  Pirot,  Po?arevac,  Podgorica,  Priboj,  Prijedor,  Prokuplje,  Prozor,  pula,  rijeka,  Ruma,  Sanski Most,  Sarajevo,  Senta,  serbija,  sibenik,  skopje,  Smederevo,  Smederevska Palanka,  Sokolac,  Sombor,  split,  Srebrenica,  Srebrenik,  Sremska Mitrovica,  Stolac,  Struga,  Subotica,  Temerin,  Tesli?,  tetovo,  Travnik,  Trebinje,  tuzla,  U?ice,  ulcinj,  Valjevo,  Velika Kladu?a,  Vi?egrad,  Visoko,  Vitez,  Vogo??a,  vojvodina,  Vranje,  Vr?ac,  Vrbas,  zadar,  Zagreb,  Zaje?ar,  Zavidovi?i,  Zenica,  Zrenjanin,  Zvornik,copacabana ulcinj,  h?tels,  hotel ulqin,  Kosova,  Mali i Zi,  Maqedonija,  Montenegro,  montenegro tourisme plage,  montenegro ulcinj,  Shpallje Falas,  Shpallje Falas per shitjen e shtepis se juaj,  Shpallje Falas per villat e juaj,  Shpallje Falas Real Estate,  Shpallje Falas turistike,  shqiperija,  tourisme,  Ulci?,  ulcinj,  ulqin,  ulqin hotel,  ulqini,  ulqini 2007,Ada Bojana,  Alba?czyk,  Cita di Dolcino,  Copacabana,  Czarnog?ra,  Czarnog?rzec,  Don Kichota,  Ma\u00b3a Pla?a,  Mandra,  MIGUEL DE SERVANTES,  p?\u00b3wyspy Marjan,  Pla?a Valdanos,  Rzeka Bojana,  Shas \/ ?as \/ Sva?,  Ulci?,  Ulcinjsk\u00b9 Riwier?,  Wielka Pla?a,  Wyspa Bojana,GORA,??????????,???????,??????????, ?ern? Hora,TO ULCINJ \/ ULQIN,MONTENEGRO, Czarnog?ra, Muntenegru, ????? ????, Montenegr?,ulcinj, location de vacance, location saisonni?res, louer chambres,location de vacance, Locations vacance, h?bergements vacances, logements de vacances, location maison avec piscine, Location vacance, locations de vacance, h?bergements de vacances, location, locations entre particulier, logements vacance, vacances ? Mont?n?gro - location ? Ulcinj ,location  de bigorre,Albaniku,  Artana,  Bujanoci,  Burimi,  Dardana,  Dardan?,  De?an,  Dibra,  Drenas,  Drenasi,  Ferizaj,  Ferizaji,  Fush? Kosova,Besplatni internet oglasi,Besplatni oglasi,besplatni mali oglasi,besplatni turisti?ki oglasi,oglasi, usluge, turizam,Turisti?ke usluge,Doma?i turizam,Besplatni Oglasnik,Brzi Oglasi Besplatno,Besplatno OglasavanjeTurizam,besplatni oglasi sa slikom,Turisticki informator besplatni,li?ni-oglasi,BESPLATNI Turisticki OGLASI SA SLIKAMA,BESPLATNI Turisticki Oglasi saVideom,turisticki smestaj oglasi,Turisti?ki vodi? balkana,BESPLATNA REZERVACIJA SMESTAJA,Postavite besplatno Vas oglas,FREE TOURIST GUIDES,Izdavanje-Turizam oglasi,Balkan Turisticki vodic,shpallje turistike falas,Shpallje Falas,Shpallje falas per Komplekse Turistike,Lajmerime,Njoftime,shpallje shqip per shqiptaret ne shqiperi kosova maqedoni,mal te zi,Fush? Kosov?,  Gjakova,  Gjakov?,  Gjilan,  Gjilani,  Gostivari,  Istog,  Istog\u2022,  Ka?anik,  Ka?aniku,  Kastrioti,  K?r?ova,  Klina,  Klin?,  Kumanova,  Leposaviq,  Leskovci,  Likova,  Lipjan,  Lipjani,  Malisheva,  Malishev?,  Manastiri,  Medvegja,  Mitrovica,  Mitrovic?,  Novob?rd?,  Obiliq\u2022 Rahovec,  Ohri,  Peja,  Pej?,  Podujeva,  Podujev?,  Presheva,  Prishtina,  Prishtin?,  Prizren,  Prizreni,  Rahoveci,  Sharri,  Sharri (Kosov?),  Shkupi,  Sht?rpca,  Sht?rpc?,  Shtime,  Sk?nderaj,  Struga,  Tetova,  Theranda,  Therand?,  Triumf Riza,  Veleshta,  Viti,  Vitia,  Vushtrri,  Vushtrria,  Zubin Potok,  Zubin Potoku,  Zvecan,  Zve?ani,Struga,Gostivari,Gostivar,Ker?ova,Tirana,Durr?si,Elbasani,Shkodra,Tuzi,Vlora, Kor?a,Fieri,Berati,Lushnja ,Kavaja,Pogradeci,La?i,Gjirokastra,Patosi,Kruja,Ku?ova,Kuk?si,Lezha,Saranda,Peshkopia,Burreli,C?rriku,?orovoda,Shijaku,Librazhdi,Tepelena,Gramshi,Poli?ani,Bulqiza,P?rmeti,Fush?Kruja,Kamza,Rr?sheni,Ballshi,Mamurrasi,BajramCurri,Erseka,Peqini,Divjaka,Selenica,Bilishti,Roskoveci,Puka,Memaliaj,Rrogozhina,Ura Vajgurore,Himara,Delvina,Vora,Kopliku,Maliqi,P?rrenjasi,Kruma, Libohova,Orikumi,Fush?-Arr?za,Sh?ngjini,Rubiku,Miloti, Leskoviku,Konispoli,K?lcyra,Krasta,K?rraba,Manastiri,Hara?ina,Likova,Prilepi,Zajazi,Vrap?ishti,Bogovin?,\" width=\"520\" height=\"120\" \/><\/a><\/p>\n","protected":false},"excerpt":{"rendered":"<p>Performanc\u00eb me simbole evropiane Ulqin \u2013 Organizata e Shoq\u00ebris\u00eb Civile \u201cHorizonti i Ri \u201c sh\u00ebnoi t\u00eb shtun\u00ebn me nj\u00eb performanc\u00eb para Bibliotek\u00ebs s\u00eb Qytetit n\u00eb Ulqin 9 Majin &#8211; Dit\u00ebn e Evrop\u00ebs. Sh\u00ebnimi u b\u00eb n\u00eb kuad\u00ebr t\u00eb projektit \u201cEvropa p\u00ebr t\u00eb gjith\u00eb\u201d, t\u00eb cilin e mb\u00ebshtet Instituti p\u00ebr Shoq\u00ebri t\u00eb Hapur &#8211; P\u00ebrfaq\u00ebsia n\u00eb [&hellip;]<\/p>\n","protected":false},"author":1,"featured_media":0,"comment_status":"open","ping_status":"closed","sticky":false,"template":"","format":"standard","meta":{"spay_email":"","jetpack_publicize_message":"","jetpack_is_tweetstorm":false,"jetpack_publicize_feature_enabled":true},"categories":[11],"tags":[10531,10532,200,18],"jetpack_publicize_connections":[],"yoast_head":"<!-- This site is optimized with the Yoast SEO plugin v19.1 - https:\/\/yoast.com\/wordpress\/plugins\/seo\/ -->\n<title>Dita e evrop\u00ebs u sh\u00ebnua edhe n\u00eb Ulqin - Lajme nga Ulqini<\/title>\n<meta name=\"description\" content=\"Performanc\u00eb me simbole evropiane Ulqin \u2013 Organizata e Shoq\u00ebris\u00eb Civile \u201cHorizonti i Ri \u201c sh\u00ebnoi t\u00eb shtun\u00ebn me nj\u00eb performanc\u00eb para Bibliotek\u00ebs s\u00eb Qytetit\" \/>\n<meta name=\"robots\" content=\"index, follow, max-snippet:-1, max-image-preview:large, max-video-preview:-1\" \/>\n<link rel=\"canonical\" href=\"https:\/\/www.visit-ulcinj.com\/blog\/2009\/05\/18\/dita-e-evropes-u-shenua-edhe-ne-ulqin\/\" \/>\n<meta property=\"og:locale\" content=\"en_US\" \/>\n<meta property=\"og:type\" content=\"article\" \/>\n<meta property=\"og:title\" content=\"Dita e evrop\u00ebs u sh\u00ebnua edhe n\u00eb Ulqin - Lajme nga Ulqini\" \/>\n<meta property=\"og:description\" content=\"Performanc\u00eb me simbole evropiane Ulqin \u2013 Organizata e Shoq\u00ebris\u00eb Civile \u201cHorizonti i Ri \u201c sh\u00ebnoi t\u00eb shtun\u00ebn me nj\u00eb performanc\u00eb para Bibliotek\u00ebs s\u00eb Qytetit\" \/>\n<meta property=\"og:url\" content=\"https:\/\/www.visit-ulcinj.com\/blog\/2009\/05\/18\/dita-e-evropes-u-shenua-edhe-ne-ulqin\/\" \/>\n<meta property=\"og:site_name\" content=\"Lajme nga Ulqini\" \/>\n<meta property=\"article:published_time\" content=\"2009-05-18T19:29:37+00:00\" \/>\n<meta property=\"article:modified_time\" content=\"2009-05-18T20:19:10+00:00\" \/>\n<meta property=\"og:image\" content=\"https:\/\/www.visit-ulcinj.com\/blog\/wp-content\/uploads\/2009\/05\/horizonti-i-ri-feston-diten-e-evropes-ne-ulqin-150x150.jpg\" \/>\n<meta name=\"twitter:label1\" content=\"Written by\" \/>\n\t<meta name=\"twitter:data1\" content=\"ulqini\" \/>\n\t<meta name=\"twitter:label2\" content=\"Est. reading time\" \/>\n\t<meta name=\"twitter:data2\" content=\"3 minutes\" \/>\n<script type=\"application\/ld+json\" class=\"yoast-schema-graph\">{\"@context\":\"https:\/\/schema.org\",\"@graph\":[{\"@type\":\"WebSite\",\"@id\":\"https:\/\/www.visit-ulcinj.com\/blog\/#website\",\"url\":\"https:\/\/www.visit-ulcinj.com\/blog\/\",\"name\":\"Lajme nga Ulqini\",\"description\":\"Lajme,Vijesti,Ulqini,Ulqin,Crna Gora,Mali i Zi\",\"potentialAction\":[{\"@type\":\"SearchAction\",\"target\":{\"@type\":\"EntryPoint\",\"urlTemplate\":\"https:\/\/www.visit-ulcinj.com\/blog\/?s={search_term_string}\"},\"query-input\":\"required name=search_term_string\"}],\"inLanguage\":\"en-US\"},{\"@type\":\"ImageObject\",\"inLanguage\":\"en-US\",\"@id\":\"https:\/\/www.visit-ulcinj.com\/blog\/2009\/05\/18\/dita-e-evropes-u-shenua-edhe-ne-ulqin\/#primaryimage\",\"url\":\"https:\/\/www.visit-ulcinj.com\/blog\/wp-content\/uploads\/2009\/05\/horizonti-i-ri-feston-diten-e-evropes-ne-ulqin.jpg\",\"contentUrl\":\"https:\/\/www.visit-ulcinj.com\/blog\/wp-content\/uploads\/2009\/05\/horizonti-i-ri-feston-diten-e-evropes-ne-ulqin.jpg\",\"width\":\"808\",\"height\":\"1201\"},{\"@type\":\"WebPage\",\"@id\":\"https:\/\/www.visit-ulcinj.com\/blog\/2009\/05\/18\/dita-e-evropes-u-shenua-edhe-ne-ulqin\/#webpage\",\"url\":\"https:\/\/www.visit-ulcinj.com\/blog\/2009\/05\/18\/dita-e-evropes-u-shenua-edhe-ne-ulqin\/\",\"name\":\"Dita e evrop\u00ebs u sh\u00ebnua edhe n\u00eb Ulqin - Lajme nga Ulqini\",\"isPartOf\":{\"@id\":\"https:\/\/www.visit-ulcinj.com\/blog\/#website\"},\"primaryImageOfPage\":{\"@id\":\"https:\/\/www.visit-ulcinj.com\/blog\/2009\/05\/18\/dita-e-evropes-u-shenua-edhe-ne-ulqin\/#primaryimage\"},\"datePublished\":\"2009-05-18T19:29:37+00:00\",\"dateModified\":\"2009-05-18T20:19:10+00:00\",\"author\":{\"@id\":\"https:\/\/www.visit-ulcinj.com\/blog\/#\/schema\/person\/dcab619c614d3038751c63bc2aadc06d\"},\"description\":\"Performanc\u00eb me simbole evropiane Ulqin \u2013 Organizata e Shoq\u00ebris\u00eb Civile \u201cHorizonti i Ri \u201c sh\u00ebnoi t\u00eb shtun\u00ebn me nj\u00eb performanc\u00eb para Bibliotek\u00ebs s\u00eb Qytetit\",\"breadcrumb\":{\"@id\":\"https:\/\/www.visit-ulcinj.com\/blog\/2009\/05\/18\/dita-e-evropes-u-shenua-edhe-ne-ulqin\/#breadcrumb\"},\"inLanguage\":\"en-US\",\"potentialAction\":[{\"@type\":\"ReadAction\",\"target\":[\"https:\/\/www.visit-ulcinj.com\/blog\/2009\/05\/18\/dita-e-evropes-u-shenua-edhe-ne-ulqin\/\"]}]},{\"@type\":\"BreadcrumbList\",\"@id\":\"https:\/\/www.visit-ulcinj.com\/blog\/2009\/05\/18\/dita-e-evropes-u-shenua-edhe-ne-ulqin\/#breadcrumb\",\"itemListElement\":[{\"@type\":\"ListItem\",\"position\":1,\"name\":\"Dita e evrop\u00ebs u sh\u00ebnua edhe n\u00eb Ulqin\"}]},{\"@type\":\"Person\",\"@id\":\"https:\/\/www.visit-ulcinj.com\/blog\/#\/schema\/person\/dcab619c614d3038751c63bc2aadc06d\",\"name\":\"ulqini\",\"sameAs\":[\"http:\/\/www.visit-ulcinj.com\"],\"url\":\"https:\/\/www.visit-ulcinj.com\/blog\/author\/admin\/\"}]}<\/script>\n<!-- \/ Yoast SEO plugin. -->","yoast_head_json":{"title":"Dita e evrop\u00ebs u sh\u00ebnua edhe n\u00eb Ulqin - Lajme nga Ulqini","description":"Performanc\u00eb me simbole evropiane Ulqin \u2013 Organizata e Shoq\u00ebris\u00eb Civile \u201cHorizonti i Ri \u201c sh\u00ebnoi t\u00eb shtun\u00ebn me nj\u00eb performanc\u00eb para Bibliotek\u00ebs s\u00eb Qytetit","robots":{"index":"index","follow":"follow","max-snippet":"max-snippet:-1","max-image-preview":"max-image-preview:large","max-video-preview":"max-video-preview:-1"},"canonical":"https:\/\/www.visit-ulcinj.com\/blog\/2009\/05\/18\/dita-e-evropes-u-shenua-edhe-ne-ulqin\/","og_locale":"en_US","og_type":"article","og_title":"Dita e evrop\u00ebs u sh\u00ebnua edhe n\u00eb Ulqin - Lajme nga Ulqini","og_description":"Performanc\u00eb me simbole evropiane Ulqin \u2013 Organizata e Shoq\u00ebris\u00eb Civile \u201cHorizonti i Ri \u201c sh\u00ebnoi t\u00eb shtun\u00ebn me nj\u00eb performanc\u00eb para Bibliotek\u00ebs s\u00eb Qytetit","og_url":"https:\/\/www.visit-ulcinj.com\/blog\/2009\/05\/18\/dita-e-evropes-u-shenua-edhe-ne-ulqin\/","og_site_name":"Lajme nga Ulqini","article_published_time":"2009-05-18T19:29:37+00:00","article_modified_time":"2009-05-18T20:19:10+00:00","og_image":[{"url":"https:\/\/www.visit-ulcinj.com\/blog\/wp-content\/uploads\/2009\/05\/horizonti-i-ri-feston-diten-e-evropes-ne-ulqin-150x150.jpg"}],"twitter_misc":{"Written by":"ulqini","Est. reading time":"3 minutes"},"schema":{"@context":"https:\/\/schema.org","@graph":[{"@type":"WebSite","@id":"https:\/\/www.visit-ulcinj.com\/blog\/#website","url":"https:\/\/www.visit-ulcinj.com\/blog\/","name":"Lajme nga Ulqini","description":"Lajme,Vijesti,Ulqini,Ulqin,Crna Gora,Mali i Zi","potentialAction":[{"@type":"SearchAction","target":{"@type":"EntryPoint","urlTemplate":"https:\/\/www.visit-ulcinj.com\/blog\/?s={search_term_string}"},"query-input":"required name=search_term_string"}],"inLanguage":"en-US"},{"@type":"ImageObject","inLanguage":"en-US","@id":"https:\/\/www.visit-ulcinj.com\/blog\/2009\/05\/18\/dita-e-evropes-u-shenua-edhe-ne-ulqin\/#primaryimage","url":"https:\/\/www.visit-ulcinj.com\/blog\/wp-content\/uploads\/2009\/05\/horizonti-i-ri-feston-diten-e-evropes-ne-ulqin.jpg","contentUrl":"https:\/\/www.visit-ulcinj.com\/blog\/wp-content\/uploads\/2009\/05\/horizonti-i-ri-feston-diten-e-evropes-ne-ulqin.jpg","width":"808","height":"1201"},{"@type":"WebPage","@id":"https:\/\/www.visit-ulcinj.com\/blog\/2009\/05\/18\/dita-e-evropes-u-shenua-edhe-ne-ulqin\/#webpage","url":"https:\/\/www.visit-ulcinj.com\/blog\/2009\/05\/18\/dita-e-evropes-u-shenua-edhe-ne-ulqin\/","name":"Dita e evrop\u00ebs u sh\u00ebnua edhe n\u00eb Ulqin - Lajme nga Ulqini","isPartOf":{"@id":"https:\/\/www.visit-ulcinj.com\/blog\/#website"},"primaryImageOfPage":{"@id":"https:\/\/www.visit-ulcinj.com\/blog\/2009\/05\/18\/dita-e-evropes-u-shenua-edhe-ne-ulqin\/#primaryimage"},"datePublished":"2009-05-18T19:29:37+00:00","dateModified":"2009-05-18T20:19:10+00:00","author":{"@id":"https:\/\/www.visit-ulcinj.com\/blog\/#\/schema\/person\/dcab619c614d3038751c63bc2aadc06d"},"description":"Performanc\u00eb me simbole evropiane Ulqin \u2013 Organizata e Shoq\u00ebris\u00eb Civile \u201cHorizonti i Ri \u201c sh\u00ebnoi t\u00eb shtun\u00ebn me nj\u00eb performanc\u00eb para Bibliotek\u00ebs s\u00eb Qytetit","breadcrumb":{"@id":"https:\/\/www.visit-ulcinj.com\/blog\/2009\/05\/18\/dita-e-evropes-u-shenua-edhe-ne-ulqin\/#breadcrumb"},"inLanguage":"en-US","potentialAction":[{"@type":"ReadAction","target":["https:\/\/www.visit-ulcinj.com\/blog\/2009\/05\/18\/dita-e-evropes-u-shenua-edhe-ne-ulqin\/"]}]},{"@type":"BreadcrumbList","@id":"https:\/\/www.visit-ulcinj.com\/blog\/2009\/05\/18\/dita-e-evropes-u-shenua-edhe-ne-ulqin\/#breadcrumb","itemListElement":[{"@type":"ListItem","position":1,"name":"Dita e evrop\u00ebs u sh\u00ebnua edhe n\u00eb Ulqin"}]},{"@type":"Person","@id":"https:\/\/www.visit-ulcinj.com\/blog\/#\/schema\/person\/dcab619c614d3038751c63bc2aadc06d","name":"ulqini","sameAs":["http:\/\/www.visit-ulcinj.com"],"url":"https:\/\/www.visit-ulcinj.com\/blog\/author\/admin\/"}]}},"jetpack_featured_media_url":"","jetpack_sharing_enabled":true,"jetpack_shortlink":"https:\/\/wp.me\/pe6lTn-5El","_links":{"self":[{"href":"https:\/\/www.visit-ulcinj.com\/blog\/wp-json\/wp\/v2\/posts\/21721"}],"collection":[{"href":"https:\/\/www.visit-ulcinj.com\/blog\/wp-json\/wp\/v2\/posts"}],"about":[{"href":"https:\/\/www.visit-ulcinj.com\/blog\/wp-json\/wp\/v2\/types\/post"}],"author":[{"embeddable":true,"href":"https:\/\/www.visit-ulcinj.com\/blog\/wp-json\/wp\/v2\/users\/1"}],"replies":[{"embeddable":true,"href":"https:\/\/www.visit-ulcinj.com\/blog\/wp-json\/wp\/v2\/comments?post=21721"}],"version-history":[{"count":0,"href":"https:\/\/www.visit-ulcinj.com\/blog\/wp-json\/wp\/v2\/posts\/21721\/revisions"}],"wp:attachment":[{"href":"https:\/\/www.visit-ulcinj.com\/blog\/wp-json\/wp\/v2\/media?parent=21721"}],"wp:term":[{"taxonomy":"category","embeddable":true,"href":"https:\/\/www.visit-ulcinj.com\/blog\/wp-json\/wp\/v2\/categories?post=21721"},{"taxonomy":"post_tag","embeddable":true,"href":"https:\/\/www.visit-ulcinj.com\/blog\/wp-json\/wp\/v2\/tags?post=21721"}],"curies":[{"name":"wp","href":"https:\/\/api.w.org\/{rel}","templated":true}]}}