{"id":2173,"date":"2008-07-08T12:42:41","date_gmt":"2008-07-08T17:42:41","guid":{"rendered":"http:\/\/www.visit-ulcinj.com\/blog\/?p=2173"},"modified":"2008-07-08T12:44:13","modified_gmt":"2008-07-08T17:44:13","slug":"s%e2%80%99ka-me-zhurme-naten-ne-ulqin","status":"publish","type":"post","link":"https:\/\/www.visit-ulcinj.com\/blog\/2008\/07\/08\/s%e2%80%99ka-me-zhurme-naten-ne-ulqin\/","title":{"rendered":"S\u2019ka m\u00eb zhurm\u00eb nat\u00ebn n\u00eb Ulqin"},"content":{"rendered":"<p><a title=\"Fama_ulqin\" href=\"http:\/\/www.scandal.co.yu\/zurke\/galerija\/v\/Ulcinj-fama-avgust-2007\/Ulcinj-FAMA-027.JPG.html\" target=\"_blank\"><img loading=\"lazy\" class=\"alignleft\" style=\"float: left;\" src=\"http:\/\/www.scandal.co.yu\/zurke\/galerija\/d\/20815-1\/Ulcinj-FAMA-027.JPG\" alt=\"Fama_ulqin\" width=\"294\" height=\"256\" \/><strong>Ulqin<\/strong>:<\/a>Zbavitja e nat\u00ebs e turist\u00ebve kosovar\u00eb t\u00eb cil\u00ebt kan\u00eb zgjedhur Ulqinin p\u00ebr ti kaluar pushimet e tyre verore duket se k\u00ebt\u00eb vit do t\u00eb jet\u00eb m\u00eb e varf\u00ebr dhe m\u00eb e shkurt\u00ebr sesa viteve t\u00eb kaluara kur deri n\u00eb or\u00ebt e m\u00ebngjesit \u00ebsht\u00eb emetuar muzik\u00eb me z\u00eb t\u00eb lart\u00eb. Net\u00ebt e zhurmshme verore ulqinake n\u00eb zonat e banuara tashm\u00eb kan\u00eb marr\u00eb fund.<br \/>\nVe\u00e7mas \u00e7mimeve relativisht t\u00eb larta riviera e Ulqinit ka edhe disa surpriza jo fort\u00eb t\u00eb k\u00ebndshme p\u00ebr turistin kosovar i cili n\u00eb Ulqin \u00ebsht\u00eb m\u00ebsuar t\u00eb pushoj \u201clir\u00eb dhe mir\u00eb\u201d.<br \/>\nD\u00ebfrimi i nat\u00ebs viteve t\u00eb kaluara ka zgjatur deri von\u00eb nd\u00ebrsa k\u00ebt\u00eb vit muzika me z\u00eb t\u00eb lart\u00eb n\u00eb zonat e banuara t\u00eb Ulqinit do t\u00eb lejohet vet\u00ebm p\u00ebr tre or\u00eb nga ora 21:00 deri n\u00eb 00:00.<br \/>\nK\u00ebt\u00eb vit komuna e Ulqinit \u00ebsht\u00eb e vendosur ti mbroj\u00eb vesh\u00ebt e ulqinak\u00ebve dhe turist\u00ebve nga muzika me z\u00eb t\u00eb lart\u00eb t\u00eb Med\u00ebs, Gjystes, Danit, Xenit. Nuk kan\u00eb mbetur anash as lokalet q\u00eb njihen p\u00ebr l\u00ebshimin e muzik\u00ebs rave, techno dhe rok. K\u00ebsaj vere t\u00eb gjith\u00ebve do u ulet ndjesh\u00ebm z\u00ebri.<br \/>\nPolicia komunale e Ulqinit duket se e ka marr\u00eb seriozisht pun\u00ebn e saj k\u00ebt\u00eb duke mbyllur disa lokale nate t\u00eb cilat e kan\u00eb tejkaluar nivelin e lejuar t\u00eb muzik\u00ebs n\u00eb Ran\u00eb. Fatin e keq p\u00ebr tu mbyllur i pari e ka pasur lokali i nat\u00ebs \u201cFama\u201d pronari i t\u00eb cilit nuk ka pasur leje p\u00ebr l\u00ebshim t\u00eb muzik\u00ebs elektronike, zhurma e s\u00eb cil\u00ebs muzik\u00eb e ka kaluar edhe nivelin e lejuar nga komuna e qytetit bregdetar t\u00eb Ulqinit. <a title=\"Fama_ulqin\" href=\"http:\/\/scandal.co.yu\/zurke\/galerija\/v\/Ulcinj-fama-avgust-2007\/?g2_page=2\" target=\"_blank\"><img loading=\"lazy\" class=\"alignright\" style=\"float: right;\" src=\"http:\/\/www.scandal.co.yu\/zurke\/galerija\/d\/20835-1\/Ulcinj-FAMA-037.JPG\" alt=\"Fama_ulqin\" width=\"198\" height=\"172\" \/><\/a><br \/>\nMbylljen e k\u00ebtij lokali dhe p\u00ebrgatitjen p\u00ebr mbylljen e lokaleve t\u00eb tjera t\u00eb nat\u00ebs e ka konfirmuar p\u00ebr gazet\u00ebn malaziase \u201cVijesti\u201dRifat Hajdinaga koordinator komunal i inspeksionit komunal.<br \/>\nHajdinaga ka theksuar se i nj\u00ebjti fat i zi do i gjej\u00eb edhe lokalet e tjera t\u00eb nat\u00ebs pronar\u00ebt e t\u00eb cil\u00ebve nuk do pajisen me lejet e duhura nga sekretariati komunal.<br \/>\nLokalet t\u00eb cilat ndodhen n\u00eb list\u00ebn e zez\u00eb jan\u00eb: \u201cBelveder\u201d \u201cDivlji nar\u201d \u201cRoyal\u201d, \u201cSebastian\u201d, \u201cMilenium\u201d, \u201cVivi\u201d, \u201cGalera\u201d, \u201cCapitan Hook\u201d, \u201cKruna, \u201cTaverna\u201d dhe \u201cBuddha bar\u201d.<br \/>\n<strong>Burimi \/ Telegrafi<\/strong><\/p>\n<!--YouTube Error: bad URL entered-->\n<p><a class=\"aligncenter\" title=\"???? ????,?????,Ulcinj,Montenegru,??????????,\u00c7ernoqoriya,???????????,Montenegiro,?ern\u00e1 Hora,??????????,Cz\u00f4rnog\u00f3ra,Cz\u00f4rn\u00f4 G\u00f3ra,Carna G\u00f3ra,T\u0161ernogooria,\u00c7ernogoriya,Montain\u00e9agr\u00f3,Montenegwo,?orna Hora,Montenegr\u00f3,M?ntenigro,Chernogoriya ,\u00c7\u00earnogor\u00ee ,?????????,????????? ,??????? ,Montes Nigrae,Mons Niger,M\u00f4ntenegr\u00f4,Muntenegru,??????????,Czarnog\u00f3ra,Muntinigru,Muntenegro,&lt;br &gt;&lt;\/a&gt;\" href=\"http:\/\/www.visit-ulcinj.com\/tourism\/\" target=\"_blank\"><img loading=\"lazy\" style=\"float: right;\" src=\"http:\/\/www.visit-ulcinj.com\/blog\/wp-content\/uploads\/2008\/06\/holiday-rental-ulcinj-ulqini_ulqin_logo.gif\" alt=\"Apatin,  Aran?elovac,  ?uprija,  ?a?ak,  ?apljina,  ?itluk,  \u0160abac,  \u0160ipovo,  \u0160iroki Brijeg,  \u017dep?e,  \u017divinice,  Ba?ka Palanka,  Banja Luka,  Banovi?i,  Be?ej,  beograd,  Biha?,  Bijeljina,  Bor,  Bor?a,  Bosanska Gradi\u0161ka,  Bosanska Krupa,  Bosanski \u0160amac,  Bosanski Brod,  Bosanski Novi,  Br?ko,  Bu\u017eim,  Bugojno,  Cazin,  Crna Gora,  Derventa,  Doboj,  Donji Vakuf,  Drvar,  Dubrovnik,  Fo?a,  Fojnica,  Glamo?,  Gora\u017ede,  Gornji Milanovac,  Gornji Vakuf,  gostivar,  Gra?anica,  Grada?ac,  Gradiska,  Grahovo,  Had\u017ei?i,  Ilid\u017ea,  In?ija,  Jablanica,  Jagodina,  Jajce,  Kakanj,  Kalu?erica,  Kikinda,  Klju?,  Konjic,  Kotor Varo\u0161,  Kragujevac,  Kraljevo,  Kru\u0161evac,  Kula,  Kupres,  Lakta\u0161i,  Lazarevac,  Leskovac,  Livno,  Ljubinje,  ljublana,  Ljubu\u0161ki,  Loznica,  Lukavac,  Maglaj,  Mladenovac,  Modri?a,  montenegro erlajnz,  mostar,  Mrkonji? Grad,  Neum,  Ni\u0161,  Novi Pazar,  Novi Sad,  Novi Travnik,  Obrenovac,  Od\u017eak,  ohrid,  Ora\u0161je,  Pale,  Pan?evo,  Para?in,  Pirot,  Po\u017earevac,  Podgorica,  Priboj,  Prijedor,  Prokuplje,  Prozor,  pula,  rijeka,  Ruma,  Sanski Most,  Sarajevo,  Senta,  serbija,  sibenik,  skopje,  Smederevo,  Smederevska Palanka,  Sokolac,  Sombor,  split,  Srebrenica,  Srebrenik,  Sremska Mitrovica,  Stolac,  Struga,  Subotica,  Temerin,  Tesli?,  tetovo,  Travnik,  Trebinje,  tuzla,  U\u017eice,  ulcinj,  Valjevo,  Velika Kladu\u0161a,  Vi\u0161egrad,  Visoko,  Vitez,  Vogo\u0161?a,  vojvodina,  Vranje,  Vr\u0161ac,  Vrbas,  zadar,  Zagreb,  Zaje?ar,  Zavidovi?i,  Zenica,  Zrenjanin,  Zvornik,copacabana ulcinj,  h\u00f4tels,  hotel ulqin,  Kosova,  Mali i Zi,  Maqedonija,  Montenegro,  montenegro tourisme plage,  montenegro ulcinj,  Shpallje Falas,  Shpallje Falas per shitjen e shtepis se juaj,  Shpallje Falas per apartamentet e juaj,  Shpallje Falas Real Estate,  Shpallje Falas turistike,  shqiperija,  tourisme,  Ulci?,  ulcinj,  ulqin,  ulqin hotel,  ulqini,  ulqini 2007,Ada Bojana,  Alba?czyk,  Cita di Dolcino,  Copacabana,  Czarnog\u00f3ra,  Czarnog\u00f3rzec,  Don Kichota,  Ma?a Pla?a,  Mandra,  MIGUEL DE SERVANTES,  p\u00f3?wyspy Marjan,  Pla?a Valdanos,  Rzeka Bojana,  Shas \/ \u0160as \/ Sva?,  Ulci?,  Ulcinjsk? Riwier?,  Wielka Pla?a,  Wyspa Bojana,GORA,??????????,???????,??????????, ?ern\u00e1 Hora,TO ULCINJ \/ ULQIN,MONTENEGRO, Czarnog\u00f3ra, Muntenegru, ????? ????, Montenegr\u00f3,appartement \u00e0 louer \u00e0 ulcinj, location de vacance, location saisonni\u00e8res, louer chambres,location de vacance, Locations vacance, h\u00e9bergements vacances, locations villa, logements de vacances, location maison avec piscine, Location vacance, locations de vacance, h\u00e9bergements de vacances, location, locations entre particulier, logements vacance, vacances \u00e0 Mont\u00e9n\u00e9gro - location \u00e0 Ulcinj ,location  de bigorre.\" width=\"510\" height=\"145\" \/><\/a><\/p>\n","protected":false},"excerpt":{"rendered":"<p><img loading=\"lazy\" class=\"alignleft\" style=\"float: left;\" src=\"http:\/\/www.scandal.co.yu\/zurke\/galerija\/d\/20815-1\/Ulcinj-FAMA-027.JPG\" alt=\"Fama_ulqin\" width=\"140\" height=\"140\" \/><\/p>\n","protected":false},"author":1,"featured_media":0,"comment_status":"open","ping_status":"closed","sticky":false,"template":"","format":"standard","meta":{"spay_email":"","jetpack_publicize_message":"","jetpack_is_tweetstorm":false,"jetpack_publicize_feature_enabled":true},"categories":[12,15],"tags":[4239,95],"jetpack_publicize_connections":[],"yoast_head":"<!-- This site is optimized with the Yoast SEO plugin v19.1 - https:\/\/yoast.com\/wordpress\/plugins\/seo\/ -->\n<title>S\u2019ka m\u00eb zhurm\u00eb nat\u00ebn n\u00eb Ulqin - Lajme nga Ulqini<\/title>\n<meta name=\"robots\" content=\"index, follow, max-snippet:-1, max-image-preview:large, max-video-preview:-1\" \/>\n<link rel=\"canonical\" href=\"https:\/\/www.visit-ulcinj.com\/blog\/2008\/07\/08\/s\u2019ka-me-zhurme-naten-ne-ulqin\/\" \/>\n<meta property=\"og:locale\" content=\"en_US\" \/>\n<meta property=\"og:type\" content=\"article\" \/>\n<meta property=\"og:title\" content=\"S\u2019ka m\u00eb zhurm\u00eb nat\u00ebn n\u00eb Ulqin - Lajme nga Ulqini\" \/>\n<meta property=\"og:url\" content=\"https:\/\/www.visit-ulcinj.com\/blog\/2008\/07\/08\/s\u2019ka-me-zhurme-naten-ne-ulqin\/\" \/>\n<meta property=\"og:site_name\" content=\"Lajme nga Ulqini\" \/>\n<meta property=\"article:published_time\" content=\"2008-07-08T17:42:41+00:00\" \/>\n<meta property=\"article:modified_time\" content=\"2008-07-08T17:44:13+00:00\" \/>\n<meta property=\"og:image\" content=\"http:\/\/www.scandal.co.yu\/zurke\/galerija\/d\/20815-1\/Ulcinj-FAMA-027.JPG\" \/>\n<meta name=\"twitter:label1\" content=\"Written by\" \/>\n\t<meta name=\"twitter:data1\" content=\"ulqini\" \/>\n\t<meta name=\"twitter:label2\" content=\"Est. reading time\" \/>\n\t<meta name=\"twitter:data2\" content=\"2 minutes\" \/>\n<script type=\"application\/ld+json\" class=\"yoast-schema-graph\">{\"@context\":\"https:\/\/schema.org\",\"@graph\":[{\"@type\":\"WebSite\",\"@id\":\"https:\/\/www.visit-ulcinj.com\/blog\/#website\",\"url\":\"https:\/\/www.visit-ulcinj.com\/blog\/\",\"name\":\"Lajme nga Ulqini\",\"description\":\"Lajme,Vijesti,Ulqini,Ulqin,Crna Gora,Mali i Zi\",\"potentialAction\":[{\"@type\":\"SearchAction\",\"target\":{\"@type\":\"EntryPoint\",\"urlTemplate\":\"https:\/\/www.visit-ulcinj.com\/blog\/?s={search_term_string}\"},\"query-input\":\"required name=search_term_string\"}],\"inLanguage\":\"en-US\"},{\"@type\":\"ImageObject\",\"inLanguage\":\"en-US\",\"@id\":\"https:\/\/www.visit-ulcinj.com\/blog\/2008\/07\/08\/s%e2%80%99ka-me-zhurme-naten-ne-ulqin\/#primaryimage\",\"url\":\"http:\/\/www.scandal.co.yu\/zurke\/galerija\/d\/20815-1\/Ulcinj-FAMA-027.JPG\",\"contentUrl\":\"http:\/\/www.scandal.co.yu\/zurke\/galerija\/d\/20815-1\/Ulcinj-FAMA-027.JPG\"},{\"@type\":\"WebPage\",\"@id\":\"https:\/\/www.visit-ulcinj.com\/blog\/2008\/07\/08\/s%e2%80%99ka-me-zhurme-naten-ne-ulqin\/#webpage\",\"url\":\"https:\/\/www.visit-ulcinj.com\/blog\/2008\/07\/08\/s%e2%80%99ka-me-zhurme-naten-ne-ulqin\/\",\"name\":\"S\u2019ka m\u00eb zhurm\u00eb nat\u00ebn n\u00eb Ulqin - Lajme nga Ulqini\",\"isPartOf\":{\"@id\":\"https:\/\/www.visit-ulcinj.com\/blog\/#website\"},\"primaryImageOfPage\":{\"@id\":\"https:\/\/www.visit-ulcinj.com\/blog\/2008\/07\/08\/s%e2%80%99ka-me-zhurme-naten-ne-ulqin\/#primaryimage\"},\"datePublished\":\"2008-07-08T17:42:41+00:00\",\"dateModified\":\"2008-07-08T17:44:13+00:00\",\"author\":{\"@id\":\"https:\/\/www.visit-ulcinj.com\/blog\/#\/schema\/person\/dcab619c614d3038751c63bc2aadc06d\"},\"breadcrumb\":{\"@id\":\"https:\/\/www.visit-ulcinj.com\/blog\/2008\/07\/08\/s%e2%80%99ka-me-zhurme-naten-ne-ulqin\/#breadcrumb\"},\"inLanguage\":\"en-US\",\"potentialAction\":[{\"@type\":\"ReadAction\",\"target\":[\"https:\/\/www.visit-ulcinj.com\/blog\/2008\/07\/08\/s%e2%80%99ka-me-zhurme-naten-ne-ulqin\/\"]}]},{\"@type\":\"BreadcrumbList\",\"@id\":\"https:\/\/www.visit-ulcinj.com\/blog\/2008\/07\/08\/s%e2%80%99ka-me-zhurme-naten-ne-ulqin\/#breadcrumb\",\"itemListElement\":[{\"@type\":\"ListItem\",\"position\":1,\"name\":\"S\u2019ka m\u00eb zhurm\u00eb nat\u00ebn n\u00eb Ulqin\"}]},{\"@type\":\"Person\",\"@id\":\"https:\/\/www.visit-ulcinj.com\/blog\/#\/schema\/person\/dcab619c614d3038751c63bc2aadc06d\",\"name\":\"ulqini\",\"sameAs\":[\"http:\/\/www.visit-ulcinj.com\"],\"url\":\"https:\/\/www.visit-ulcinj.com\/blog\/author\/admin\/\"}]}<\/script>\n<!-- \/ Yoast SEO plugin. -->","yoast_head_json":{"title":"S\u2019ka m\u00eb zhurm\u00eb nat\u00ebn n\u00eb Ulqin - Lajme nga Ulqini","robots":{"index":"index","follow":"follow","max-snippet":"max-snippet:-1","max-image-preview":"max-image-preview:large","max-video-preview":"max-video-preview:-1"},"canonical":"https:\/\/www.visit-ulcinj.com\/blog\/2008\/07\/08\/s\u2019ka-me-zhurme-naten-ne-ulqin\/","og_locale":"en_US","og_type":"article","og_title":"S\u2019ka m\u00eb zhurm\u00eb nat\u00ebn n\u00eb Ulqin - Lajme nga Ulqini","og_url":"https:\/\/www.visit-ulcinj.com\/blog\/2008\/07\/08\/s\u2019ka-me-zhurme-naten-ne-ulqin\/","og_site_name":"Lajme nga Ulqini","article_published_time":"2008-07-08T17:42:41+00:00","article_modified_time":"2008-07-08T17:44:13+00:00","og_image":[{"url":"http:\/\/www.scandal.co.yu\/zurke\/galerija\/d\/20815-1\/Ulcinj-FAMA-027.JPG"}],"twitter_misc":{"Written by":"ulqini","Est. reading time":"2 minutes"},"schema":{"@context":"https:\/\/schema.org","@graph":[{"@type":"WebSite","@id":"https:\/\/www.visit-ulcinj.com\/blog\/#website","url":"https:\/\/www.visit-ulcinj.com\/blog\/","name":"Lajme nga Ulqini","description":"Lajme,Vijesti,Ulqini,Ulqin,Crna Gora,Mali i Zi","potentialAction":[{"@type":"SearchAction","target":{"@type":"EntryPoint","urlTemplate":"https:\/\/www.visit-ulcinj.com\/blog\/?s={search_term_string}"},"query-input":"required name=search_term_string"}],"inLanguage":"en-US"},{"@type":"ImageObject","inLanguage":"en-US","@id":"https:\/\/www.visit-ulcinj.com\/blog\/2008\/07\/08\/s%e2%80%99ka-me-zhurme-naten-ne-ulqin\/#primaryimage","url":"http:\/\/www.scandal.co.yu\/zurke\/galerija\/d\/20815-1\/Ulcinj-FAMA-027.JPG","contentUrl":"http:\/\/www.scandal.co.yu\/zurke\/galerija\/d\/20815-1\/Ulcinj-FAMA-027.JPG"},{"@type":"WebPage","@id":"https:\/\/www.visit-ulcinj.com\/blog\/2008\/07\/08\/s%e2%80%99ka-me-zhurme-naten-ne-ulqin\/#webpage","url":"https:\/\/www.visit-ulcinj.com\/blog\/2008\/07\/08\/s%e2%80%99ka-me-zhurme-naten-ne-ulqin\/","name":"S\u2019ka m\u00eb zhurm\u00eb nat\u00ebn n\u00eb Ulqin - Lajme nga Ulqini","isPartOf":{"@id":"https:\/\/www.visit-ulcinj.com\/blog\/#website"},"primaryImageOfPage":{"@id":"https:\/\/www.visit-ulcinj.com\/blog\/2008\/07\/08\/s%e2%80%99ka-me-zhurme-naten-ne-ulqin\/#primaryimage"},"datePublished":"2008-07-08T17:42:41+00:00","dateModified":"2008-07-08T17:44:13+00:00","author":{"@id":"https:\/\/www.visit-ulcinj.com\/blog\/#\/schema\/person\/dcab619c614d3038751c63bc2aadc06d"},"breadcrumb":{"@id":"https:\/\/www.visit-ulcinj.com\/blog\/2008\/07\/08\/s%e2%80%99ka-me-zhurme-naten-ne-ulqin\/#breadcrumb"},"inLanguage":"en-US","potentialAction":[{"@type":"ReadAction","target":["https:\/\/www.visit-ulcinj.com\/blog\/2008\/07\/08\/s%e2%80%99ka-me-zhurme-naten-ne-ulqin\/"]}]},{"@type":"BreadcrumbList","@id":"https:\/\/www.visit-ulcinj.com\/blog\/2008\/07\/08\/s%e2%80%99ka-me-zhurme-naten-ne-ulqin\/#breadcrumb","itemListElement":[{"@type":"ListItem","position":1,"name":"S\u2019ka m\u00eb zhurm\u00eb nat\u00ebn n\u00eb Ulqin"}]},{"@type":"Person","@id":"https:\/\/www.visit-ulcinj.com\/blog\/#\/schema\/person\/dcab619c614d3038751c63bc2aadc06d","name":"ulqini","sameAs":["http:\/\/www.visit-ulcinj.com"],"url":"https:\/\/www.visit-ulcinj.com\/blog\/author\/admin\/"}]}},"jetpack_featured_media_url":"","jetpack_sharing_enabled":true,"jetpack_shortlink":"https:\/\/wp.me\/pe6lTn-z3","_links":{"self":[{"href":"https:\/\/www.visit-ulcinj.com\/blog\/wp-json\/wp\/v2\/posts\/2173"}],"collection":[{"href":"https:\/\/www.visit-ulcinj.com\/blog\/wp-json\/wp\/v2\/posts"}],"about":[{"href":"https:\/\/www.visit-ulcinj.com\/blog\/wp-json\/wp\/v2\/types\/post"}],"author":[{"embeddable":true,"href":"https:\/\/www.visit-ulcinj.com\/blog\/wp-json\/wp\/v2\/users\/1"}],"replies":[{"embeddable":true,"href":"https:\/\/www.visit-ulcinj.com\/blog\/wp-json\/wp\/v2\/comments?post=2173"}],"version-history":[{"count":0,"href":"https:\/\/www.visit-ulcinj.com\/blog\/wp-json\/wp\/v2\/posts\/2173\/revisions"}],"wp:attachment":[{"href":"https:\/\/www.visit-ulcinj.com\/blog\/wp-json\/wp\/v2\/media?parent=2173"}],"wp:term":[{"taxonomy":"category","embeddable":true,"href":"https:\/\/www.visit-ulcinj.com\/blog\/wp-json\/wp\/v2\/categories?post=2173"},{"taxonomy":"post_tag","embeddable":true,"href":"https:\/\/www.visit-ulcinj.com\/blog\/wp-json\/wp\/v2\/tags?post=2173"}],"curies":[{"name":"wp","href":"https:\/\/api.w.org\/{rel}","templated":true}]}}