{"id":21759,"date":"2009-05-19T18:42:10","date_gmt":"2009-05-19T16:42:10","guid":{"rendered":"http:\/\/www.visit-ulcinj.com\/blog\/?p=21759"},"modified":"2009-05-19T19:18:31","modified_gmt":"2009-05-19T17:18:31","slug":"hajdinaga-urime-dites-e-pavaresise-se-malit-te-zi","status":"publish","type":"post","link":"https:\/\/www.visit-ulcinj.com\/blog\/2009\/05\/19\/hajdinaga-urime-dites-e-pavaresise-se-malit-te-zi\/","title":{"rendered":"Hajdinaga: Urime &#8220;Dita e Pavar\u00ebsis\u00eb s\u00eb Malit t\u00eb Zi&#8221;"},"content":{"rendered":"<p><a href=\"http:\/\/www.visit-ulcinj.com\/blog\/wp-content\/uploads\/2009\/05\/gezim-hajdinaga_ulqin.jpg\"><img loading=\"lazy\" class=\"alignleft size-full wp-image-21760\" title=\"gezim-hajdinaga_ulqin\" src=\"http:\/\/www.visit-ulcinj.com\/blog\/wp-content\/uploads\/2009\/05\/gezim-hajdinaga_ulqin.jpg\" alt=\"gezim-hajdinaga_ulqin\" width=\"384\" height=\"288\" srcset=\"https:\/\/www.visit-ulcinj.com\/blog\/wp-content\/uploads\/2009\/05\/gezim-hajdinaga_ulqin.jpg 384w, https:\/\/www.visit-ulcinj.com\/blog\/wp-content\/uploads\/2009\/05\/gezim-hajdinaga_ulqin-300x225.jpg 300w\" sizes=\"(max-width: 384px) 100vw, 384px\" \/><\/a>Kryetari i Komun\u00ebs s\u00eb Ulqinit, G\u00ebzim Hajdinaga i ka d\u00ebrguar nj\u00eb mesazh qytetar\u00ebve me rastin e 21 majit &#8211; Dit\u00ebs s\u00eb Pavar\u00ebsis\u00eb s\u00eb Malit t\u00eb Zi n\u00eb t\u00eb cilin p\u00ebrcjell urimet m\u00eb t\u00eb ngrohta p\u00ebr begatin\u00eb dhe lumturin\u00eb e t\u00eb gjith\u00ebve:<br \/>\n\u201cKjo dit\u00eb e ve\u00e7ant\u00eb m\u00eb jep rastin t\u00eb shpreh urimet e mija t\u00eb sinqerta p\u00ebr t\u00eb gjith\u00eb qytetar\u00ebt e Ulqinit, si dhe kam besim t\u00eb thell\u00eb se me angazhimin ton\u00eb t\u00eb p\u00ebrbashk\u00ebt, s\u00ebshpejti do t\u00eb radhitemi n\u00eb familjen e madhe evropiane.<br \/>\nT\u00eb till\u00eb do t\u00eb njohin zhvillime t\u00eb m\u00ebtejshme, n\u00eb t\u00eb mir\u00eb t\u00eb paqes, stabilitetit e p\u00ebrparimit tone.<\/p>\n<p>Sinqerisht i Juaji,<\/p>\n<p><strong>G\u00ebzim Hajdinaga<\/strong><\/p>\n<p><strong>Municipality of Ulcinj \/ Ulqin &#8211; Montenegro<br \/>\nArsllan Hajdinaga<\/strong><\/p>\n","protected":false},"excerpt":{"rendered":"<p>Kryetari i Komun\u00ebs s\u00eb Ulqinit, G\u00ebzim Hajdinaga i ka d\u00ebrguar nj\u00eb mesazh qytetar\u00ebve me rastin e 21 majit &#8211; Dit\u00ebs s\u00eb Pavar\u00ebsis\u00eb s\u00eb Malit t\u00eb Zi n\u00eb t\u00eb cilin p\u00ebrcjell urimet m\u00eb t\u00eb ngrohta p\u00ebr begatin\u00eb dhe lumturin\u00eb e t\u00eb gjith\u00ebve: \u201cKjo dit\u00eb e ve\u00e7ant\u00eb m\u00eb jep rastin t\u00eb shpreh urimet e mija t\u00eb sinqerta [&hellip;]<\/p>\n","protected":false},"author":1,"featured_media":0,"comment_status":"open","ping_status":"closed","sticky":false,"template":"","format":"standard","meta":{"spay_email":"","jetpack_publicize_message":"","jetpack_is_tweetstorm":false,"jetpack_publicize_feature_enabled":true},"categories":[1],"tags":[222,2515,10555],"jetpack_publicize_connections":[],"yoast_head":"<!-- This site is optimized with the Yoast SEO plugin v19.1 - https:\/\/yoast.com\/wordpress\/plugins\/seo\/ -->\n<title>Hajdinaga: Urime &quot;Dita e Pavar\u00ebsis\u00eb s\u00eb Malit t\u00eb Zi&quot; - Lajme nga Ulqini<\/title>\n<meta name=\"description\" content=\"Kryetari i Komun\u00ebs s\u00eb Ulqinit, G\u00ebzim Hajdinaga i ka d\u00ebrguar nj\u00eb mesazh qytetar\u00ebve me rastin e 21 majit - Dit\u00ebs s\u00eb Pavar\u00ebsis\u00eb s\u00eb Malit t\u00eb Zi n\u00eb t\u00eb cilin\" \/>\n<meta name=\"robots\" content=\"index, follow, max-snippet:-1, max-image-preview:large, max-video-preview:-1\" \/>\n<link rel=\"canonical\" href=\"https:\/\/www.visit-ulcinj.com\/blog\/2009\/05\/19\/hajdinaga-urime-dites-e-pavaresise-se-malit-te-zi\/\" \/>\n<meta property=\"og:locale\" content=\"en_US\" \/>\n<meta property=\"og:type\" content=\"article\" \/>\n<meta property=\"og:title\" content=\"Hajdinaga: Urime &quot;Dita e Pavar\u00ebsis\u00eb s\u00eb Malit t\u00eb Zi&quot; - Lajme nga Ulqini\" \/>\n<meta property=\"og:description\" content=\"Kryetari i Komun\u00ebs s\u00eb Ulqinit, G\u00ebzim Hajdinaga i ka d\u00ebrguar nj\u00eb mesazh qytetar\u00ebve me rastin e 21 majit - Dit\u00ebs s\u00eb Pavar\u00ebsis\u00eb s\u00eb Malit t\u00eb Zi n\u00eb t\u00eb cilin\" \/>\n<meta property=\"og:url\" content=\"https:\/\/www.visit-ulcinj.com\/blog\/2009\/05\/19\/hajdinaga-urime-dites-e-pavaresise-se-malit-te-zi\/\" \/>\n<meta property=\"og:site_name\" content=\"Lajme nga Ulqini\" \/>\n<meta property=\"article:published_time\" content=\"2009-05-19T16:42:10+00:00\" \/>\n<meta property=\"article:modified_time\" content=\"2009-05-19T17:18:31+00:00\" \/>\n<meta property=\"og:image\" content=\"http:\/\/www.visit-ulcinj.com\/blog\/wp-content\/uploads\/2009\/05\/gezim-hajdinaga_ulqin.jpg\" \/>\n<meta name=\"twitter:label1\" content=\"Written by\" \/>\n\t<meta name=\"twitter:data1\" content=\"ulqini\" \/>\n\t<meta name=\"twitter:label2\" content=\"Est. reading time\" \/>\n\t<meta name=\"twitter:data2\" content=\"1 minute\" \/>\n<script type=\"application\/ld+json\" class=\"yoast-schema-graph\">{\"@context\":\"https:\/\/schema.org\",\"@graph\":[{\"@type\":\"WebSite\",\"@id\":\"https:\/\/www.visit-ulcinj.com\/blog\/#website\",\"url\":\"https:\/\/www.visit-ulcinj.com\/blog\/\",\"name\":\"Lajme nga Ulqini\",\"description\":\"Lajme,Vijesti,Ulqini,Ulqin,Crna Gora,Mali i Zi\",\"potentialAction\":[{\"@type\":\"SearchAction\",\"target\":{\"@type\":\"EntryPoint\",\"urlTemplate\":\"https:\/\/www.visit-ulcinj.com\/blog\/?s={search_term_string}\"},\"query-input\":\"required name=search_term_string\"}],\"inLanguage\":\"en-US\"},{\"@type\":\"ImageObject\",\"inLanguage\":\"en-US\",\"@id\":\"https:\/\/www.visit-ulcinj.com\/blog\/2009\/05\/19\/hajdinaga-urime-dites-e-pavaresise-se-malit-te-zi\/#primaryimage\",\"url\":\"https:\/\/www.visit-ulcinj.com\/blog\/wp-content\/uploads\/2009\/05\/gezim-hajdinaga_ulqin.jpg\",\"contentUrl\":\"https:\/\/www.visit-ulcinj.com\/blog\/wp-content\/uploads\/2009\/05\/gezim-hajdinaga_ulqin.jpg\",\"width\":\"384\",\"height\":\"288\"},{\"@type\":\"WebPage\",\"@id\":\"https:\/\/www.visit-ulcinj.com\/blog\/2009\/05\/19\/hajdinaga-urime-dites-e-pavaresise-se-malit-te-zi\/#webpage\",\"url\":\"https:\/\/www.visit-ulcinj.com\/blog\/2009\/05\/19\/hajdinaga-urime-dites-e-pavaresise-se-malit-te-zi\/\",\"name\":\"Hajdinaga: Urime \\\"Dita e Pavar\u00ebsis\u00eb s\u00eb Malit t\u00eb Zi\\\" - Lajme nga Ulqini\",\"isPartOf\":{\"@id\":\"https:\/\/www.visit-ulcinj.com\/blog\/#website\"},\"primaryImageOfPage\":{\"@id\":\"https:\/\/www.visit-ulcinj.com\/blog\/2009\/05\/19\/hajdinaga-urime-dites-e-pavaresise-se-malit-te-zi\/#primaryimage\"},\"datePublished\":\"2009-05-19T16:42:10+00:00\",\"dateModified\":\"2009-05-19T17:18:31+00:00\",\"author\":{\"@id\":\"https:\/\/www.visit-ulcinj.com\/blog\/#\/schema\/person\/dcab619c614d3038751c63bc2aadc06d\"},\"description\":\"Kryetari i Komun\u00ebs s\u00eb Ulqinit, G\u00ebzim Hajdinaga i ka d\u00ebrguar nj\u00eb mesazh qytetar\u00ebve me rastin e 21 majit - Dit\u00ebs s\u00eb Pavar\u00ebsis\u00eb s\u00eb Malit t\u00eb Zi n\u00eb t\u00eb cilin\",\"breadcrumb\":{\"@id\":\"https:\/\/www.visit-ulcinj.com\/blog\/2009\/05\/19\/hajdinaga-urime-dites-e-pavaresise-se-malit-te-zi\/#breadcrumb\"},\"inLanguage\":\"en-US\",\"potentialAction\":[{\"@type\":\"ReadAction\",\"target\":[\"https:\/\/www.visit-ulcinj.com\/blog\/2009\/05\/19\/hajdinaga-urime-dites-e-pavaresise-se-malit-te-zi\/\"]}]},{\"@type\":\"BreadcrumbList\",\"@id\":\"https:\/\/www.visit-ulcinj.com\/blog\/2009\/05\/19\/hajdinaga-urime-dites-e-pavaresise-se-malit-te-zi\/#breadcrumb\",\"itemListElement\":[{\"@type\":\"ListItem\",\"position\":1,\"name\":\"Hajdinaga: Urime &#8220;Dita e Pavar\u00ebsis\u00eb s\u00eb Malit t\u00eb Zi&#8221;\"}]},{\"@type\":\"Person\",\"@id\":\"https:\/\/www.visit-ulcinj.com\/blog\/#\/schema\/person\/dcab619c614d3038751c63bc2aadc06d\",\"name\":\"ulqini\",\"sameAs\":[\"http:\/\/www.visit-ulcinj.com\"],\"url\":\"https:\/\/www.visit-ulcinj.com\/blog\/author\/admin\/\"}]}<\/script>\n<!-- \/ Yoast SEO plugin. -->","yoast_head_json":{"title":"Hajdinaga: Urime \"Dita e Pavar\u00ebsis\u00eb s\u00eb Malit t\u00eb Zi\" - Lajme nga Ulqini","description":"Kryetari i Komun\u00ebs s\u00eb Ulqinit, G\u00ebzim Hajdinaga i ka d\u00ebrguar nj\u00eb mesazh qytetar\u00ebve me rastin e 21 majit - Dit\u00ebs s\u00eb Pavar\u00ebsis\u00eb s\u00eb Malit t\u00eb Zi n\u00eb t\u00eb cilin","robots":{"index":"index","follow":"follow","max-snippet":"max-snippet:-1","max-image-preview":"max-image-preview:large","max-video-preview":"max-video-preview:-1"},"canonical":"https:\/\/www.visit-ulcinj.com\/blog\/2009\/05\/19\/hajdinaga-urime-dites-e-pavaresise-se-malit-te-zi\/","og_locale":"en_US","og_type":"article","og_title":"Hajdinaga: Urime \"Dita e Pavar\u00ebsis\u00eb s\u00eb Malit t\u00eb Zi\" - Lajme nga Ulqini","og_description":"Kryetari i Komun\u00ebs s\u00eb Ulqinit, G\u00ebzim Hajdinaga i ka d\u00ebrguar nj\u00eb mesazh qytetar\u00ebve me rastin e 21 majit - Dit\u00ebs s\u00eb Pavar\u00ebsis\u00eb s\u00eb Malit t\u00eb Zi n\u00eb t\u00eb cilin","og_url":"https:\/\/www.visit-ulcinj.com\/blog\/2009\/05\/19\/hajdinaga-urime-dites-e-pavaresise-se-malit-te-zi\/","og_site_name":"Lajme nga Ulqini","article_published_time":"2009-05-19T16:42:10+00:00","article_modified_time":"2009-05-19T17:18:31+00:00","og_image":[{"url":"http:\/\/www.visit-ulcinj.com\/blog\/wp-content\/uploads\/2009\/05\/gezim-hajdinaga_ulqin.jpg"}],"twitter_misc":{"Written by":"ulqini","Est. reading time":"1 minute"},"schema":{"@context":"https:\/\/schema.org","@graph":[{"@type":"WebSite","@id":"https:\/\/www.visit-ulcinj.com\/blog\/#website","url":"https:\/\/www.visit-ulcinj.com\/blog\/","name":"Lajme nga Ulqini","description":"Lajme,Vijesti,Ulqini,Ulqin,Crna Gora,Mali i Zi","potentialAction":[{"@type":"SearchAction","target":{"@type":"EntryPoint","urlTemplate":"https:\/\/www.visit-ulcinj.com\/blog\/?s={search_term_string}"},"query-input":"required name=search_term_string"}],"inLanguage":"en-US"},{"@type":"ImageObject","inLanguage":"en-US","@id":"https:\/\/www.visit-ulcinj.com\/blog\/2009\/05\/19\/hajdinaga-urime-dites-e-pavaresise-se-malit-te-zi\/#primaryimage","url":"https:\/\/www.visit-ulcinj.com\/blog\/wp-content\/uploads\/2009\/05\/gezim-hajdinaga_ulqin.jpg","contentUrl":"https:\/\/www.visit-ulcinj.com\/blog\/wp-content\/uploads\/2009\/05\/gezim-hajdinaga_ulqin.jpg","width":"384","height":"288"},{"@type":"WebPage","@id":"https:\/\/www.visit-ulcinj.com\/blog\/2009\/05\/19\/hajdinaga-urime-dites-e-pavaresise-se-malit-te-zi\/#webpage","url":"https:\/\/www.visit-ulcinj.com\/blog\/2009\/05\/19\/hajdinaga-urime-dites-e-pavaresise-se-malit-te-zi\/","name":"Hajdinaga: Urime \"Dita e Pavar\u00ebsis\u00eb s\u00eb Malit t\u00eb Zi\" - Lajme nga Ulqini","isPartOf":{"@id":"https:\/\/www.visit-ulcinj.com\/blog\/#website"},"primaryImageOfPage":{"@id":"https:\/\/www.visit-ulcinj.com\/blog\/2009\/05\/19\/hajdinaga-urime-dites-e-pavaresise-se-malit-te-zi\/#primaryimage"},"datePublished":"2009-05-19T16:42:10+00:00","dateModified":"2009-05-19T17:18:31+00:00","author":{"@id":"https:\/\/www.visit-ulcinj.com\/blog\/#\/schema\/person\/dcab619c614d3038751c63bc2aadc06d"},"description":"Kryetari i Komun\u00ebs s\u00eb Ulqinit, G\u00ebzim Hajdinaga i ka d\u00ebrguar nj\u00eb mesazh qytetar\u00ebve me rastin e 21 majit - Dit\u00ebs s\u00eb Pavar\u00ebsis\u00eb s\u00eb Malit t\u00eb Zi n\u00eb t\u00eb cilin","breadcrumb":{"@id":"https:\/\/www.visit-ulcinj.com\/blog\/2009\/05\/19\/hajdinaga-urime-dites-e-pavaresise-se-malit-te-zi\/#breadcrumb"},"inLanguage":"en-US","potentialAction":[{"@type":"ReadAction","target":["https:\/\/www.visit-ulcinj.com\/blog\/2009\/05\/19\/hajdinaga-urime-dites-e-pavaresise-se-malit-te-zi\/"]}]},{"@type":"BreadcrumbList","@id":"https:\/\/www.visit-ulcinj.com\/blog\/2009\/05\/19\/hajdinaga-urime-dites-e-pavaresise-se-malit-te-zi\/#breadcrumb","itemListElement":[{"@type":"ListItem","position":1,"name":"Hajdinaga: Urime &#8220;Dita e Pavar\u00ebsis\u00eb s\u00eb Malit t\u00eb Zi&#8221;"}]},{"@type":"Person","@id":"https:\/\/www.visit-ulcinj.com\/blog\/#\/schema\/person\/dcab619c614d3038751c63bc2aadc06d","name":"ulqini","sameAs":["http:\/\/www.visit-ulcinj.com"],"url":"https:\/\/www.visit-ulcinj.com\/blog\/author\/admin\/"}]}},"jetpack_featured_media_url":"","jetpack_sharing_enabled":true,"jetpack_shortlink":"https:\/\/wp.me\/pe6lTn-5EX","_links":{"self":[{"href":"https:\/\/www.visit-ulcinj.com\/blog\/wp-json\/wp\/v2\/posts\/21759"}],"collection":[{"href":"https:\/\/www.visit-ulcinj.com\/blog\/wp-json\/wp\/v2\/posts"}],"about":[{"href":"https:\/\/www.visit-ulcinj.com\/blog\/wp-json\/wp\/v2\/types\/post"}],"author":[{"embeddable":true,"href":"https:\/\/www.visit-ulcinj.com\/blog\/wp-json\/wp\/v2\/users\/1"}],"replies":[{"embeddable":true,"href":"https:\/\/www.visit-ulcinj.com\/blog\/wp-json\/wp\/v2\/comments?post=21759"}],"version-history":[{"count":0,"href":"https:\/\/www.visit-ulcinj.com\/blog\/wp-json\/wp\/v2\/posts\/21759\/revisions"}],"wp:attachment":[{"href":"https:\/\/www.visit-ulcinj.com\/blog\/wp-json\/wp\/v2\/media?parent=21759"}],"wp:term":[{"taxonomy":"category","embeddable":true,"href":"https:\/\/www.visit-ulcinj.com\/blog\/wp-json\/wp\/v2\/categories?post=21759"},{"taxonomy":"post_tag","embeddable":true,"href":"https:\/\/www.visit-ulcinj.com\/blog\/wp-json\/wp\/v2\/tags?post=21759"}],"curies":[{"name":"wp","href":"https:\/\/api.w.org\/{rel}","templated":true}]}}