{"id":21769,"date":"2009-05-19T19:42:10","date_gmt":"2009-05-19T17:42:10","guid":{"rendered":"http:\/\/www.visit-ulcinj.com\/blog\/?p=21769"},"modified":"2009-05-19T19:42:10","modified_gmt":"2009-05-19T17:42:10","slug":"sinavatru-zanima-i-velika-plaza","status":"publish","type":"post","link":"https:\/\/www.visit-ulcinj.com\/blog\/2009\/05\/19\/sinavatru-zanima-i-velika-plaza\/","title":{"rendered":"\u0160inavatru zanima i Velika pla\u017ea"},"content":{"rendered":"<p><a href=\"http:\/\/www.visit-ulcinj.com\/blog\/wp-content\/uploads\/2009\/05\/sinavatra.jpg\"><img loading=\"lazy\" class=\"alignleft size-full wp-image-21770\" title=\"THAILAND THAKSIN\" src=\"http:\/\/www.visit-ulcinj.com\/blog\/wp-content\/uploads\/2009\/05\/sinavatra.jpg\" alt=\"THAILAND THAKSIN\" width=\"580\" height=\"364\" \/><\/a>Korporacija \u0160in biv\u0161eg tajlandskog premijera Taksina \u0160inavatre zainteresovana je da bude ?etvrti mobilni operater na na\u0161em tr\u017ei\u0161tu, samo u kontekstu realizacije zakupa Velike pla\u017ee i drugih pozama\u0161nih ulaganja u Crnoj Gori, kazao je &#8220;Danu &#8221; direktor Agencije za elektronske komunikacije Zoran Sekuli?.<br \/>\n&#8211; Vjerujem da izvan konteksta ovih ulaganja, ta korporacija ne bi bila zainteresovana za mobilnu mre\u017eu u Crnoj Gori &#8211; ocijenio je Sekuli?.<br \/>\nOn tvrdi da je interesovanje korporacije \u0160in ozbiljno, \u0161to su pokazali njihovi predstavnici tokom posjete Agenciji krajem februara ove godine.<br \/>\n&#8211; Sude?i prema zainteresovanosti, prema kvalifikovanosti ekipe koja je bila u Agenciji, pitanjima koja su postavili o svim detaljima, shvatili smo da je rije? o ozbiljnom interesovanju veoma kompetentnih ljudi &#8211; istakao je Sekuli?.<br \/>\nNapomenuo je da je na tom sastanku dogovoreno da \u0160in korp dostavi Agenciji &#8220;pismo o namjerama za investiranje u sektor komunikacija&#8221;, nakon ?ega ?e biti obavljene sve pripreme za raspisivanje tendera za ?etvrtog operatera mobilne telefonije u Crnoj Gori.<br \/>\nZbog prodaje \u0160in korpa svojoj supruzi po znatno ni\u017eoj cijeni od tr\u017ei\u0161ne biv\u0161i tajlandski premijer Taksin \u0160inavatra je osu?en na dvije godine zatvora zbog utaje poreza, a njegova supruga Pojaman na tri godine. \u0160inavatre, ina?e, \u017eive u Engleskoj, a ?injenica da su postali crnogorski dr\u017eavljani otkrivena je na aerodromu u Abu Dabiju, gdje je \u0160inavatra u Ujedinjene Arapske Emirate u\u0161ao sa paso\u0161em Crne Gore. Ranije je koristio putnu ispravu Nikaragve. Li?no bogatstvo \u0160inavatri je oko milijardu i po dolara, a \u0160in korp je jedan od najve?ih telekomunikacionih operatera u Aziji.<br \/>\n<a href=\"http:\/\/www.visit-ulcinj.com\/blog\/wp-content\/uploads\/2009\/05\/velika-plaza_2.jpg\"><img loading=\"lazy\" class=\"alignleft size-full wp-image-21771\" title=\"velika-plaza_2\" src=\"http:\/\/www.visit-ulcinj.com\/blog\/wp-content\/uploads\/2009\/05\/velika-plaza_2.jpg\" alt=\"velika-plaza_2\" width=\"384\" height=\"254\" srcset=\"https:\/\/www.visit-ulcinj.com\/blog\/wp-content\/uploads\/2009\/05\/velika-plaza_2.jpg 640w, https:\/\/www.visit-ulcinj.com\/blog\/wp-content\/uploads\/2009\/05\/velika-plaza_2-300x198.jpg 300w\" sizes=\"(max-width: 384px) 100vw, 384px\" \/><\/a>Kraljevska porodica Al Nahijan iz Abu Dabija je, ina?e, do sada jedina otkupila tendersku dokumentaciju za dugoro?ni najam i izgradnju hotelsko turisti?kih kapaciteta na Velikoj Pla\u017ei. Crnogorska vlada je 29. marta objavila tendere za izgradnju hotelskog kompleksa u zale?u Velike pla\u017ee kod Ulcinja i za iznajmljivanje i izgradnju turisti?kih objekata na Adi Bojani. U zakup je ponu?eno 903 hektara zemlji\u0161ta u zale?u Velike pla\u017ee na 90 godina. Po?etna cijena godi\u0161njeg zakupa je dva miliona eura, a zainteresovani zakupci moraju ponuditi minimalni investicioni program od milijardu eura u prve tri godine, a nakon toga najmanje tri milijarde. Ministar ekonomije Branimir Gvozdenovi? kazao je ranije da je realno da gradnja u zale?u Velike pla\u017ee traje 20 godina, s obzirom na kompleksnost projekta koji obuhvata izgradnju cjelokupne infrastrukture hotelsko-turisti?kih kapaciteta. Pravo da u?estvuju na tenderu imaju kompanije i konzorcijumi koji su u posljednjih osam godina izgradili sli?ne projekte minimalne ukupne povr\u0161ine od 750 hiljada kvadrata i vrijednosti investicija najmanje milijardu eura. Zainteresovani su du\u017eni da uz ponudu dostave milion eura bezuslovne bankarske garancije.<br \/>\nVelika pla\u017ea nalazi se izme?u Ulcinja i prirodnog rezervata Ada Bojana. Zainteresovanim investitorima na 90 godina ponu?eno je i 600 hektara dr\u017eavnog zemlji\u0161ta Ade Bojane, a uslov je o?uvanje prirodnog rezervata ptica. Investitor je za postizanje predvi?enog razvoja du\u017ean da tokom prve tri godine minimalno ulo\u017ei oko 200 miliona eura.<\/p>\n<p><strong>L.S.<br \/>\n<a href=\"http:\/\/www.dan.cg.yu\/index.php?nivo=3&amp;rubrika=Ekonomija&amp;datum=2009-05-14&amp;clanak=187303\" target=\"_blank\">DAN<\/a><\/strong><\/p>\n<p><strong>[flv width=&#8221;580&#8243; height=&#8221;380&#8243;]http:\/\/www.velikaplaza.info\/gallery\/video\/stream.php?f=Velika_Plaza_movie_Jan_2009.flv[\/flv]<br \/>\n<\/strong><\/p>\n","protected":false},"excerpt":{"rendered":"<p>Korporacija \u0160in biv\u0161eg tajlandskog premijera Taksina \u0160inavatre zainteresovana je da bude ?etvrti mobilni operater na na\u0161em tr\u017ei\u0161tu, samo u kontekstu realizacije zakupa Velike pla\u017ee i drugih pozama\u0161nih ulaganja u Crnoj Gori, kazao je &#8220;Danu &#8221; direktor Agencije za elektronske komunikacije Zoran Sekuli?. &#8211; Vjerujem da izvan konteksta ovih ulaganja, ta korporacija ne bi bila zainteresovana [&hellip;]<\/p>\n","protected":false},"author":1,"featured_media":0,"comment_status":"open","ping_status":"closed","sticky":false,"template":"","format":"standard","meta":{"spay_email":"","jetpack_publicize_message":"","jetpack_is_tweetstorm":false,"jetpack_publicize_feature_enabled":true},"categories":[8337],"tags":[10565,138,90,19,265,10566],"jetpack_publicize_connections":[],"yoast_head":"<!-- This site is optimized with the Yoast SEO plugin v19.1 - https:\/\/yoast.com\/wordpress\/plugins\/seo\/ -->\n<title>\u0160inavatru zanima i Velika pla\u017ea - Lajme nga Ulqini<\/title>\n<meta name=\"description\" content=\"Korporacija \u0160in biv\u0161eg tajlandskog premijera Taksina \u0160inavatre zainteresovana je da bude ?etvrti mobilni operater na na\u0161em tr\u017ei\u0161tu, samo u kontekstu\" \/>\n<meta name=\"robots\" content=\"index, follow, max-snippet:-1, max-image-preview:large, max-video-preview:-1\" \/>\n<link rel=\"canonical\" href=\"https:\/\/www.visit-ulcinj.com\/blog\/2009\/05\/19\/sinavatru-zanima-i-velika-plaza\/\" \/>\n<meta property=\"og:locale\" content=\"en_US\" \/>\n<meta property=\"og:type\" content=\"article\" \/>\n<meta property=\"og:title\" content=\"\u0160inavatru zanima i Velika pla\u017ea - Lajme nga Ulqini\" \/>\n<meta property=\"og:description\" content=\"Korporacija \u0160in biv\u0161eg tajlandskog premijera Taksina \u0160inavatre zainteresovana je da bude ?etvrti mobilni operater na na\u0161em tr\u017ei\u0161tu, samo u kontekstu\" \/>\n<meta property=\"og:url\" content=\"https:\/\/www.visit-ulcinj.com\/blog\/2009\/05\/19\/sinavatru-zanima-i-velika-plaza\/\" \/>\n<meta property=\"og:site_name\" content=\"Lajme nga Ulqini\" \/>\n<meta property=\"article:published_time\" content=\"2009-05-19T17:42:10+00:00\" \/>\n<meta property=\"og:image\" content=\"http:\/\/www.visit-ulcinj.com\/blog\/wp-content\/uploads\/2009\/05\/sinavatra.jpg\" \/>\n<meta name=\"twitter:label1\" content=\"Written by\" \/>\n\t<meta name=\"twitter:data1\" content=\"ulqini\" \/>\n\t<meta name=\"twitter:label2\" content=\"Est. reading time\" \/>\n\t<meta name=\"twitter:data2\" content=\"3 minutes\" \/>\n<script type=\"application\/ld+json\" class=\"yoast-schema-graph\">{\"@context\":\"https:\/\/schema.org\",\"@graph\":[{\"@type\":\"WebSite\",\"@id\":\"https:\/\/www.visit-ulcinj.com\/blog\/#website\",\"url\":\"https:\/\/www.visit-ulcinj.com\/blog\/\",\"name\":\"Lajme nga Ulqini\",\"description\":\"Lajme,Vijesti,Ulqini,Ulqin,Crna Gora,Mali i Zi\",\"potentialAction\":[{\"@type\":\"SearchAction\",\"target\":{\"@type\":\"EntryPoint\",\"urlTemplate\":\"https:\/\/www.visit-ulcinj.com\/blog\/?s={search_term_string}\"},\"query-input\":\"required name=search_term_string\"}],\"inLanguage\":\"en-US\"},{\"@type\":\"ImageObject\",\"inLanguage\":\"en-US\",\"@id\":\"https:\/\/www.visit-ulcinj.com\/blog\/2009\/05\/19\/sinavatru-zanima-i-velika-plaza\/#primaryimage\",\"url\":\"http:\/\/www.visit-ulcinj.com\/blog\/wp-content\/uploads\/2009\/05\/sinavatra.jpg\",\"contentUrl\":\"http:\/\/www.visit-ulcinj.com\/blog\/wp-content\/uploads\/2009\/05\/sinavatra.jpg\"},{\"@type\":\"WebPage\",\"@id\":\"https:\/\/www.visit-ulcinj.com\/blog\/2009\/05\/19\/sinavatru-zanima-i-velika-plaza\/#webpage\",\"url\":\"https:\/\/www.visit-ulcinj.com\/blog\/2009\/05\/19\/sinavatru-zanima-i-velika-plaza\/\",\"name\":\"\u0160inavatru zanima i Velika pla\u017ea - Lajme nga Ulqini\",\"isPartOf\":{\"@id\":\"https:\/\/www.visit-ulcinj.com\/blog\/#website\"},\"primaryImageOfPage\":{\"@id\":\"https:\/\/www.visit-ulcinj.com\/blog\/2009\/05\/19\/sinavatru-zanima-i-velika-plaza\/#primaryimage\"},\"datePublished\":\"2009-05-19T17:42:10+00:00\",\"dateModified\":\"2009-05-19T17:42:10+00:00\",\"author\":{\"@id\":\"https:\/\/www.visit-ulcinj.com\/blog\/#\/schema\/person\/dcab619c614d3038751c63bc2aadc06d\"},\"description\":\"Korporacija \u0160in biv\u0161eg tajlandskog premijera Taksina \u0160inavatre zainteresovana je da bude ?etvrti mobilni operater na na\u0161em tr\u017ei\u0161tu, samo u kontekstu\",\"breadcrumb\":{\"@id\":\"https:\/\/www.visit-ulcinj.com\/blog\/2009\/05\/19\/sinavatru-zanima-i-velika-plaza\/#breadcrumb\"},\"inLanguage\":\"en-US\",\"potentialAction\":[{\"@type\":\"ReadAction\",\"target\":[\"https:\/\/www.visit-ulcinj.com\/blog\/2009\/05\/19\/sinavatru-zanima-i-velika-plaza\/\"]}]},{\"@type\":\"BreadcrumbList\",\"@id\":\"https:\/\/www.visit-ulcinj.com\/blog\/2009\/05\/19\/sinavatru-zanima-i-velika-plaza\/#breadcrumb\",\"itemListElement\":[{\"@type\":\"ListItem\",\"position\":1,\"name\":\"\u0160inavatru zanima i Velika pla\u017ea\"}]},{\"@type\":\"Person\",\"@id\":\"https:\/\/www.visit-ulcinj.com\/blog\/#\/schema\/person\/dcab619c614d3038751c63bc2aadc06d\",\"name\":\"ulqini\",\"sameAs\":[\"http:\/\/www.visit-ulcinj.com\"],\"url\":\"https:\/\/www.visit-ulcinj.com\/blog\/author\/admin\/\"}]}<\/script>\n<!-- \/ Yoast SEO plugin. -->","yoast_head_json":{"title":"\u0160inavatru zanima i Velika pla\u017ea - Lajme nga Ulqini","description":"Korporacija \u0160in biv\u0161eg tajlandskog premijera Taksina \u0160inavatre zainteresovana je da bude ?etvrti mobilni operater na na\u0161em tr\u017ei\u0161tu, samo u kontekstu","robots":{"index":"index","follow":"follow","max-snippet":"max-snippet:-1","max-image-preview":"max-image-preview:large","max-video-preview":"max-video-preview:-1"},"canonical":"https:\/\/www.visit-ulcinj.com\/blog\/2009\/05\/19\/sinavatru-zanima-i-velika-plaza\/","og_locale":"en_US","og_type":"article","og_title":"\u0160inavatru zanima i Velika pla\u017ea - Lajme nga Ulqini","og_description":"Korporacija \u0160in biv\u0161eg tajlandskog premijera Taksina \u0160inavatre zainteresovana je da bude ?etvrti mobilni operater na na\u0161em tr\u017ei\u0161tu, samo u kontekstu","og_url":"https:\/\/www.visit-ulcinj.com\/blog\/2009\/05\/19\/sinavatru-zanima-i-velika-plaza\/","og_site_name":"Lajme nga Ulqini","article_published_time":"2009-05-19T17:42:10+00:00","og_image":[{"url":"http:\/\/www.visit-ulcinj.com\/blog\/wp-content\/uploads\/2009\/05\/sinavatra.jpg"}],"twitter_misc":{"Written by":"ulqini","Est. reading time":"3 minutes"},"schema":{"@context":"https:\/\/schema.org","@graph":[{"@type":"WebSite","@id":"https:\/\/www.visit-ulcinj.com\/blog\/#website","url":"https:\/\/www.visit-ulcinj.com\/blog\/","name":"Lajme nga Ulqini","description":"Lajme,Vijesti,Ulqini,Ulqin,Crna Gora,Mali i Zi","potentialAction":[{"@type":"SearchAction","target":{"@type":"EntryPoint","urlTemplate":"https:\/\/www.visit-ulcinj.com\/blog\/?s={search_term_string}"},"query-input":"required name=search_term_string"}],"inLanguage":"en-US"},{"@type":"ImageObject","inLanguage":"en-US","@id":"https:\/\/www.visit-ulcinj.com\/blog\/2009\/05\/19\/sinavatru-zanima-i-velika-plaza\/#primaryimage","url":"http:\/\/www.visit-ulcinj.com\/blog\/wp-content\/uploads\/2009\/05\/sinavatra.jpg","contentUrl":"http:\/\/www.visit-ulcinj.com\/blog\/wp-content\/uploads\/2009\/05\/sinavatra.jpg"},{"@type":"WebPage","@id":"https:\/\/www.visit-ulcinj.com\/blog\/2009\/05\/19\/sinavatru-zanima-i-velika-plaza\/#webpage","url":"https:\/\/www.visit-ulcinj.com\/blog\/2009\/05\/19\/sinavatru-zanima-i-velika-plaza\/","name":"\u0160inavatru zanima i Velika pla\u017ea - Lajme nga Ulqini","isPartOf":{"@id":"https:\/\/www.visit-ulcinj.com\/blog\/#website"},"primaryImageOfPage":{"@id":"https:\/\/www.visit-ulcinj.com\/blog\/2009\/05\/19\/sinavatru-zanima-i-velika-plaza\/#primaryimage"},"datePublished":"2009-05-19T17:42:10+00:00","dateModified":"2009-05-19T17:42:10+00:00","author":{"@id":"https:\/\/www.visit-ulcinj.com\/blog\/#\/schema\/person\/dcab619c614d3038751c63bc2aadc06d"},"description":"Korporacija \u0160in biv\u0161eg tajlandskog premijera Taksina \u0160inavatre zainteresovana je da bude ?etvrti mobilni operater na na\u0161em tr\u017ei\u0161tu, samo u kontekstu","breadcrumb":{"@id":"https:\/\/www.visit-ulcinj.com\/blog\/2009\/05\/19\/sinavatru-zanima-i-velika-plaza\/#breadcrumb"},"inLanguage":"en-US","potentialAction":[{"@type":"ReadAction","target":["https:\/\/www.visit-ulcinj.com\/blog\/2009\/05\/19\/sinavatru-zanima-i-velika-plaza\/"]}]},{"@type":"BreadcrumbList","@id":"https:\/\/www.visit-ulcinj.com\/blog\/2009\/05\/19\/sinavatru-zanima-i-velika-plaza\/#breadcrumb","itemListElement":[{"@type":"ListItem","position":1,"name":"\u0160inavatru zanima i Velika pla\u017ea"}]},{"@type":"Person","@id":"https:\/\/www.visit-ulcinj.com\/blog\/#\/schema\/person\/dcab619c614d3038751c63bc2aadc06d","name":"ulqini","sameAs":["http:\/\/www.visit-ulcinj.com"],"url":"https:\/\/www.visit-ulcinj.com\/blog\/author\/admin\/"}]}},"jetpack_featured_media_url":"","jetpack_sharing_enabled":true,"jetpack_shortlink":"https:\/\/wp.me\/pe6lTn-5F7","_links":{"self":[{"href":"https:\/\/www.visit-ulcinj.com\/blog\/wp-json\/wp\/v2\/posts\/21769"}],"collection":[{"href":"https:\/\/www.visit-ulcinj.com\/blog\/wp-json\/wp\/v2\/posts"}],"about":[{"href":"https:\/\/www.visit-ulcinj.com\/blog\/wp-json\/wp\/v2\/types\/post"}],"author":[{"embeddable":true,"href":"https:\/\/www.visit-ulcinj.com\/blog\/wp-json\/wp\/v2\/users\/1"}],"replies":[{"embeddable":true,"href":"https:\/\/www.visit-ulcinj.com\/blog\/wp-json\/wp\/v2\/comments?post=21769"}],"version-history":[{"count":0,"href":"https:\/\/www.visit-ulcinj.com\/blog\/wp-json\/wp\/v2\/posts\/21769\/revisions"}],"wp:attachment":[{"href":"https:\/\/www.visit-ulcinj.com\/blog\/wp-json\/wp\/v2\/media?parent=21769"}],"wp:term":[{"taxonomy":"category","embeddable":true,"href":"https:\/\/www.visit-ulcinj.com\/blog\/wp-json\/wp\/v2\/categories?post=21769"},{"taxonomy":"post_tag","embeddable":true,"href":"https:\/\/www.visit-ulcinj.com\/blog\/wp-json\/wp\/v2\/tags?post=21769"}],"curies":[{"name":"wp","href":"https:\/\/api.w.org\/{rel}","templated":true}]}}